{"id":99555,"date":"2024-03-15T07:52:44","date_gmt":"2024-03-15T07:52:44","guid":{"rendered":"https:\/\/www.primor.eu\/blog\/?p=99555"},"modified":"2026-04-30T16:11:21","modified_gmt":"2026-04-30T16:11:21","slug":"mejores-protectores-solares-estacion","status":"publish","type":"post","link":"https:\/\/www.primor.eu\/blog\/mejores-protectores-solares-estacion\/","title":{"rendered":"Los mejores protectores solares seg\u00fan la estaci\u00f3n en la que estemos"},"content":{"rendered":"\n<p>Lo hemos dicho por activa y por pasiva <strong>aplicar <a href=\"https:\/\/www.primor.eu\/blog\/mejores-marcas-protectores-solares-dermatologos\/\" data-type=\"link\" data-id=\"https:\/\/www.primor.eu\/blog\/mejores-marcas-protectores-solares-dermatologos\/\">protecci\u00f3n solar <\/a>a diario es importante<\/strong>. Sin embargo, dentro de los factores que m\u00e1s influyen en aplicarse cosm\u00e9tico de forma correcta, est\u00e1 la <strong>estaci\u00f3n<\/strong> en la que te encuentres. Porque no son las mismas necesidades de tu piel en verano, que en invierno, oto\u00f1o o primavera. Por ese motivo, le hemos preguntado a los expertos, y esto es lo que nos han dicho.<\/p>\n\n\n\n<h2 class=\"wp-block-heading\">Qu\u00e9 protector me aplico seg\u00fan la estaci\u00f3n del a\u00f1o<\/h2>\n\n\n\n<ul class=\"wp-block-list\">\n<li><strong>Verano<\/strong>. Durante los meses de verano, cuando el sol es m\u00e1s intenso y pasamos m\u00e1s tiempo al aire libre, es importante optar por un protector solar con un factor de protecci\u00f3n solar (FPS) alto (SPF 30 o superior). Adem\u00e1s, es recomendable elegir un protector solar resistente al agua si planeas nadar o sudar mucho.<\/li>\n\n\n\n<li><strong>Invierno<\/strong>. Aunque la exposici\u00f3n al sol puede ser menor durante el invierno, la radiaci\u00f3n ultravioleta (UV) a\u00fan puede da\u00f1ar la piel, especialmente en \u00e1reas con nieve que pueden reflejar la luz solar. Por lo tanto, sigue siendo importante aplicar protector solar durante el invierno, especialmente en la cara y otras \u00e1reas expuestas. Puedes optar por un protector solar con un FPS algo menor que en verano, pero a\u00fan as\u00ed, es recomendable elegir uno con un SPF de al menos 30.<\/li>\n\n\n\n<li><strong>Primavera y oto\u00f1o.<\/strong> Durante estas estaciones de transici\u00f3n, es posible que la intensidad del sol var\u00ede seg\u00fan la ubicaci\u00f3n geogr\u00e1fica y las condiciones clim\u00e1ticas locales. Es importante seguir aplicando protector solar durante la primavera y el oto\u00f1o, especialmente si pasas tiempo al aire libre. Un SPF de 30 o m\u00e1s sigue siendo una buena opci\u00f3n.<\/li>\n<\/ul>\n\n\n\n<p>Adem\u00e1s del <strong>FPS<\/strong>, tambi\u00e9n es importante considerar otras <strong>caracter\u00edsticas del protector solar<\/strong>, como su <strong>resistencia al agua, <\/strong>su textura (gel, crema, loci\u00f3n) y si es adecuado para tu tipo de piel (por ejemplo, si tienes piel sensible, busca protectores solares formulados espec\u00edficamente para pieles sensibles). Recuerda que la aplicaci\u00f3n adecuada y frecuente del protector solar es fundamental independientemente de la estaci\u00f3n del a\u00f1o. Se recomienda aplicar el protector solar al menos <strong>15 minutos antes de salir al sol <\/strong>y volver a aplicarlo cada dos horas, o con m\u00e1s frecuencia si est\u00e1s nadando o sudando.<\/p>\n\n\n\n<h2 class=\"wp-block-heading\">Protectores solares buenos que recomiendan expertos<\/h2>\n\n\n        <product-table class=\"pr-slider\">\r\n            <product-headers class=\"grid-table-rows\">\r\n                <div>Foto<\/div>\r\n                <div>Producto<\/div>\r\n                <div>Marca<\/div>\r\n                <div>Valoraciones<\/div>\r\n                <div>Precio<\/div>\r\n            <\/product-headers>\r\n\r\n            <product-list>\r\n                                    <a href=\"https:\/\/www.primor.eu\/es_es\/isdin-protector-solar-facial-fotoultra-fusion-water-age-repair-color-spf50-113046.html?#863=67139\" class=\"product-item grid-table-rows\" target=\"_blank\">\r\n                        <div>\r\n                            <img decoding=\"async\" class=\"product-img\" width=\"80px\" height=\"80px\" src=\"https:\/\/cdn2.primor.eu\/media\/catalog\/product\/cache\/8d3aba296f7a18b5251ee30fa5db42b2\/8\/4\/8429420281622_Gisdin_b0b2.jpg\" alt=\"Protector Solar Facial FotoUltra Fusion Water Age Repair Color SPF50\">\r\n                        <\/div>\r\n\r\n                        <!-- Contenido de producto  -->\r\n                        <div>\r\n                            <div class=\"product-position\">\r\n                                #1 Top Ventas                            <\/div>\r\n\r\n                            <h2>\r\n                                Protector Solar Facial FotoUltra Fusion Water Age Repair Color SPF50                            <\/h2>\r\n                        <\/div>\r\n\r\n                        <!-- Imagen y\/o nombre de la marca -->\r\n                        <div>\r\n                                                            <img decoding=\"async\" width=\"70\" src=\"https:\/\/www.primor.eu\/media\/catalog\/category\/isdin.png\" alt=\"Isdin\">\r\n                                                    <\/div>\r\n\r\n                        <!-- Puntuaci\u00f3n del producto  -->\r\n                        <div class=\"rating\">\r\n                                                            <div class=\"rate\" style=\"--p:98;\"><\/div>\r\n                                <b>4.9\/5<\/b>\r\n                                <div class=\"rate-stars\">\r\n                                                                            <div\r\n                                            class=\"rate-star  \">\r\n                                        <\/div>\r\n                                                                            <div\r\n                                            class=\"rate-star  \">\r\n                                        <\/div>\r\n                                                                            <div\r\n                                            class=\"rate-star  \">\r\n                                        <\/div>\r\n                                                                            <div\r\n                                            class=\"rate-star  \">\r\n                                        <\/div>\r\n                                                                            <div\r\n                                            class=\"rate-star  \">\r\n                                        <\/div>\r\n                                                                    <\/div>\r\n                                                    <\/div>\r\n\r\n                        <!-- Bot\u00f3n de producto  -->\r\n                        <div>\r\n                            <span class=\"price-claim\">\r\n                                VER PRECIO                            <\/span>\r\n                        <\/div>\r\n                    <\/a>\r\n                                    <a href=\"https:\/\/www.primor.eu\/es_es\/cantabria-labs-heliocare-360-gel-fotoprotector-water-spf-50-54913.html\" class=\"product-item grid-table-rows\" target=\"_blank\">\r\n                        <div>\r\n                            <img decoding=\"async\" class=\"product-img\" width=\"80px\" height=\"80px\" src=\"https:\/\/cdn2.primor.eu\/media\/catalog\/product\/cache\/8d3aba296f7a18b5251ee30fa5db42b2\/8\/4\/8470001930156__1__85ac.jpg\" alt=\"Heliocare 360\u00ba Gel Fotoprotector Water SPF 50+\">\r\n                        <\/div>\r\n\r\n                        <!-- Contenido de producto  -->\r\n                        <div>\r\n                            <div class=\"product-position\">\r\n                                #2                            <\/div>\r\n\r\n                            <h2>\r\n                                Heliocare 360\u00ba Gel Fotoprotector Water SPF 50+                            <\/h2>\r\n                        <\/div>\r\n\r\n                        <!-- Imagen y\/o nombre de la marca -->\r\n                        <div>\r\n                                                            <img decoding=\"async\" width=\"70\" src=\"https:\/\/www.primor.eu\/media\/catalog\/category\/cantabria-labs-brand-logo.png\" alt=\"\">\r\n                                                    <\/div>\r\n\r\n                        <!-- Puntuaci\u00f3n del producto  -->\r\n                        <div class=\"rating\">\r\n                                                            <div class=\"rate\" style=\"--p:98;\"><\/div>\r\n                                <b>4.9\/5<\/b>\r\n                                <div class=\"rate-stars\">\r\n                                                                            <div\r\n                                            class=\"rate-star  \">\r\n                                        <\/div>\r\n                                                                            <div\r\n                                            class=\"rate-star  \">\r\n                                        <\/div>\r\n                                                                            <div\r\n                                            class=\"rate-star  \">\r\n                                        <\/div>\r\n                                                                            <div\r\n                                            class=\"rate-star  \">\r\n                                        <\/div>\r\n                                                                            <div\r\n                                            class=\"rate-star  \">\r\n                                        <\/div>\r\n                                                                    <\/div>\r\n                                                    <\/div>\r\n\r\n                        <!-- Bot\u00f3n de producto  -->\r\n                        <div>\r\n                            <span class=\"price-claim\">\r\n                                VER PRECIO                            <\/span>\r\n                        <\/div>\r\n                    <\/a>\r\n                                    <a href=\"https:\/\/www.primor.eu\/es_es\/eucerin-sun-face-oil-control-dry-touch-gel-crema-fps30-54925.html\" class=\"product-item grid-table-rows\" target=\"_blank\">\r\n                        <div>\r\n                            <img decoding=\"async\" class=\"product-img\" width=\"80px\" height=\"80px\" src=\"https:\/\/cdn2.primor.eu\/media\/catalog\/product\/cache\/8d3aba296f7a18b5251ee30fa5db42b2\/5\/1\/51839960833_284afcc9c2_o_0e98.jpg\" alt=\"Sun Face Oil Control Dry Touch Gel Crema FPS30\">\r\n                        <\/div>\r\n\r\n                        <!-- Contenido de producto  -->\r\n                        <div>\r\n                            <div class=\"product-position\">\r\n                                #3                            <\/div>\r\n\r\n                            <h2>\r\n                                Sun Face Oil Control Dry Touch Gel Crema FPS30                            <\/h2>\r\n                        <\/div>\r\n\r\n                        <!-- Imagen y\/o nombre de la marca -->\r\n                        <div>\r\n                                                            <img decoding=\"async\" width=\"70\" src=\"https:\/\/www.primor.eu\/media\/catalog\/category\/Eucerin_Logo_RGB-eCom515x515_72dpi.jpg\" alt=\"\">\r\n                                                    <\/div>\r\n\r\n                        <!-- Puntuaci\u00f3n del producto  -->\r\n                        <div class=\"rating\">\r\n                                                            <div class=\"rate\" style=\"--p:96;\"><\/div>\r\n                                <b>4.8\/5<\/b>\r\n                                <div class=\"rate-stars\">\r\n                                                                            <div\r\n                                            class=\"rate-star  \">\r\n                                        <\/div>\r\n                                                                            <div\r\n                                            class=\"rate-star  \">\r\n                                        <\/div>\r\n                                                                            <div\r\n                                            class=\"rate-star  \">\r\n                                        <\/div>\r\n                                                                            <div\r\n                                            class=\"rate-star  \">\r\n                                        <\/div>\r\n                                                                            <div\r\n                                            class=\"rate-star  \">\r\n                                        <\/div>\r\n                                                                    <\/div>\r\n                                                    <\/div>\r\n\r\n                        <!-- Bot\u00f3n de producto  -->\r\n                        <div>\r\n                            <span class=\"price-claim\">\r\n                                VER PRECIO                            <\/span>\r\n                        <\/div>\r\n                    <\/a>\r\n                                    <a href=\"https:\/\/www.primor.eu\/es_es\/bioderma-photoderm-max-crema-color-54904.html\" class=\"product-item grid-table-rows\" target=\"_blank\">\r\n                        <div>\r\n                            <img decoding=\"async\" class=\"product-img\" width=\"80px\" height=\"80px\" src=\"https:\/\/cdn2.primor.eu\/media\/catalog\/product\/cache\/8d3aba296f7a18b5251ee30fa5db42b2\/6\/X\/6XS05020_1_f06e.jpg\" alt=\"Photoderm Max Crema Color\">\r\n                        <\/div>\r\n\r\n                        <!-- Contenido de producto  -->\r\n                        <div>\r\n                            <div class=\"product-position\">\r\n                                #4                            <\/div>\r\n\r\n                            <h2>\r\n                                Photoderm Max Crema Color                            <\/h2>\r\n                        <\/div>\r\n\r\n                        <!-- Imagen y\/o nombre de la marca -->\r\n                        <div>\r\n                                                            <img decoding=\"async\" width=\"70\" src=\"https:\/\/www.primor.eu\/media\/catalog\/category\/Logo-Bioderma-1.png\" alt=\"\">\r\n                                                    <\/div>\r\n\r\n                        <!-- Puntuaci\u00f3n del producto  -->\r\n                        <div class=\"rating\">\r\n                                                            <div class=\"rate\" style=\"--p:96;\"><\/div>\r\n                                <b>4.8\/5<\/b>\r\n                                <div class=\"rate-stars\">\r\n                                                                            <div\r\n                                            class=\"rate-star  \">\r\n                                        <\/div>\r\n                                                                            <div\r\n                                            class=\"rate-star  \">\r\n                                        <\/div>\r\n                                                                            <div\r\n                                            class=\"rate-star  \">\r\n                                        <\/div>\r\n                                                                            <div\r\n                                            class=\"rate-star  \">\r\n                                        <\/div>\r\n                                                                            <div\r\n                                            class=\"rate-star  \">\r\n                                        <\/div>\r\n                                                                    <\/div>\r\n                                                    <\/div>\r\n\r\n                        <!-- Bot\u00f3n de producto  -->\r\n                        <div>\r\n                            <span class=\"price-claim\">\r\n                                VER PRECIO                            <\/span>\r\n                        <\/div>\r\n                    <\/a>\r\n                                    <a href=\"https:\/\/www.primor.eu\/es_es\/skin-1004-madagascar-centella-serum-hyalu-cica-spf50-88633.html\" class=\"product-item grid-table-rows\" target=\"_blank\">\r\n                        <div>\r\n                            <img decoding=\"async\" class=\"product-img\" width=\"80px\" height=\"80px\" src=\"https:\/\/cdn2.primor.eu\/media\/catalog\/product\/cache\/8d3aba296f7a18b5251ee30fa5db42b2\/8\/8\/8809576261592_SKIN1004_MADAGASCAR_CENTELLA_HYALU_CICA_SERUM_50ML_2af1.png\" alt=\"Madagascar Centella S\u00e9rum Hyalu-Cica SPF50+\">\r\n                        <\/div>\r\n\r\n                        <!-- Contenido de producto  -->\r\n                        <div>\r\n                            <div class=\"product-position\">\r\n                                #5                            <\/div>\r\n\r\n                            <h2>\r\n                                Madagascar Centella S\u00e9rum Hyalu-Cica SPF50+                            <\/h2>\r\n                        <\/div>\r\n\r\n                        <!-- Imagen y\/o nombre de la marca -->\r\n                        <div>\r\n                                                            <img decoding=\"async\" width=\"70\" src=\"https:\/\/www.primor.eu\/media\/catalog\/category\/skin_1004.jpg\" alt=\"\">\r\n                                                    <\/div>\r\n\r\n                        <!-- Puntuaci\u00f3n del producto  -->\r\n                        <div class=\"rating\">\r\n                                                            <div class=\"rate\" style=\"--p:98;\"><\/div>\r\n                                <b>4.9\/5<\/b>\r\n                                <div class=\"rate-stars\">\r\n                                                                            <div\r\n                                            class=\"rate-star  \">\r\n                                        <\/div>\r\n                                                                            <div\r\n                                            class=\"rate-star  \">\r\n                                        <\/div>\r\n                                                                            <div\r\n                                            class=\"rate-star  \">\r\n                                        <\/div>\r\n                                                                            <div\r\n                                            class=\"rate-star  \">\r\n                                        <\/div>\r\n                                                                            <div\r\n                                            class=\"rate-star  \">\r\n                                        <\/div>\r\n                                                                    <\/div>\r\n                                                    <\/div>\r\n\r\n                        <!-- Bot\u00f3n de producto  -->\r\n                        <div>\r\n                            <span class=\"price-claim\">\r\n                                VER PRECIO                            <\/span>\r\n                        <\/div>\r\n                    <\/a>\r\n                            <\/product-list>\r\n        <\/product-table>\r\n\r\n        \n\n\n\n<h3 class=\"wp-block-heading\">Protector Solar Facial FotoUltra Fusion Water Age Repair Color SPF50 de Isdin<\/h3>\n\n\n\n<p>La f\u00f3rmula no comedog\u00e9nica y oil-free de ISDIN FotoUltra Fusion Water Age Repair Color SPF50 lo hace adecuado para todo tipo de pieles, incluso las m\u00e1s sensibles. Su factor de protecci\u00f3n alto ayuda a prevenir el da\u00f1o solar, y su capacidad para proteger contra la poluci\u00f3n urbana es esencial en la vida moderna.<\/p>\n\n\n    <a class='product' target='_blank' href='https:\/\/www.primor.eu\/es_es\/isdin-protector-solar-facial-fotoultra-fusion-water-age-repair-color-spf50-113046.html?#863=67139'>\r\n        <img loading='async' src='https:\/\/cdn2.primor.eu\/media\/catalog\/product\/cache\/8d3aba296f7a18b5251ee30fa5db42b2\/8\/4\/8429420281622_Gisdin_b0b2.jpg' alt='COMPRAR AHORA'>\r\n            <div class=\"claim\">\r\n                COMPRAR AHORA            <\/div>\r\n        <\/a>\r\n    \n\n\n\n<h3 class=\"wp-block-heading\">Heliocare 360\u00ba Gel Fotoprotector Water SPF50+ de Cantabria Labs<\/h3>\n\n\n\n<p>Con Fernblock\u00ae+, filtros espec\u00edficos y activos reparadores y antioxidantes, este fotoprotector protege frente a las 4 radiaciones (UVB, UVA, Visible e Infrarrojo), neutraliza y repara el da\u00f1o solar. Su f\u00f3rmula acuosa, ultraligera y no comedog\u00e9nica se absorbe r\u00e1pidamente dejando la piel hidratada y manteniendo su confort durante la exposici\u00f3n solar. Adem\u00e1s, tambi\u00e9n cuenta con un sistema hidratante de liberaci\u00f3n prolongada que permite mantener la piel hidratada desde la aplicaci\u00f3n y a lo largo del tiempo.<\/p>\n\n\n    <a class='product' target='_blank' href='https:\/\/www.primor.eu\/es_es\/cantabria-labs-heliocare-360-gel-fotoprotector-water-spf-50-54913.html'>\r\n        <img loading='async' src='https:\/\/cdn2.primor.eu\/media\/catalog\/product\/cache\/8d3aba296f7a18b5251ee30fa5db42b2\/8\/4\/8470001930156__1__85ac.jpg' alt='COMPRAR AHORA'>\r\n            <div class=\"claim\">\r\n                COMPRAR AHORA            <\/div>\r\n        <\/a>\r\n    \n\n\n\n<h3 class=\"wp-block-heading\">Sun Protection Oil Control Toque seco SPF30+ de Eucerin<\/h3>\n\n\n\n<p>Es el producto ideal de protecci\u00f3n diaria para pieles grasas y\/o tendencia acn\u00e9ica. Protecci\u00f3n muy alta UVA\/UVB, seg\u00fan normativa UE. Con acabado mate seco de larga duraci\u00f3n, este protector deja un efecto anti-brillos. Es un producto no comedog\u00e9nico y sin perfumes.<\/p>\n\n\n    <a class='product' target='_blank' href='https:\/\/www.primor.eu\/es_es\/eucerin-sun-face-oil-control-dry-touch-gel-crema-fps30-54925.html'>\r\n        <img loading='async' src='https:\/\/cdn2.primor.eu\/media\/catalog\/product\/cache\/8d3aba296f7a18b5251ee30fa5db42b2\/5\/1\/51839960833_284afcc9c2_o_0e98.jpg' alt='COMPRAR AHORA'>\r\n            <div class=\"claim\">\r\n                COMPRAR AHORA            <\/div>\r\n        <\/a>\r\n    \n\n\n\n<h3 class=\"wp-block-heading\">Photoderm Max Crema Color de Bioderma\u00a0<\/h3>\n\n\n\n<p>Indicada especialmente para pieles hiperdelicadas o para pieles que deben permanecer mucho tiempo expuestas al sol. Ayuda a unificar el tono y cubrir las imperfecciones del rostro.<\/p>\n\n\n    <a class='product' target='_blank' href='https:\/\/www.primor.eu\/es_es\/bioderma-photoderm-max-crema-color-54904.html'>\r\n        <img loading='async' src='https:\/\/cdn2.primor.eu\/media\/catalog\/product\/cache\/8d3aba296f7a18b5251ee30fa5db42b2\/6\/X\/6XS05020_1_f06e.jpg' alt='COMPRAR AHORA'>\r\n            <div class=\"claim\">\r\n                COMPRAR AHORA            <\/div>\r\n        <\/a>\r\n    \n\n\n\n<h3 class=\"wp-block-heading\">Madagascar Centella S\u00e9rum Hyalu-Cica SPF50+ de Skin 1004<\/h3>\n\n\n\n<p>Es un protector solar que bloquea los rayos UV, al mismo tiempo que hidrata la piel, y deja la piel con un acabado humectado y h\u00famedo. A diferencia de otros productos, este protector solar tiene una textura de crema similar a un suero que se absorbe r\u00e1pidamente en la piel para que no quede con un tono blanco grasiento. Adem\u00e1s, contiene extracto de centella asi\u00e1tica y \u00e1cido hialur\u00f3nico que ayuda a curar, hidratar y proteger la piel de los rayos fuertes \u00a1La combinaci\u00f3n perfecta de hidrataci\u00f3n y protecci\u00f3n UV!<\/p>\n\n\n    <a class='product' target='_blank' href='https:\/\/www.primor.eu\/es_es\/skin-1004-madagascar-centella-serum-hyalu-cica-spf50-88633.html'>\r\n        <img loading='async' src='https:\/\/cdn2.primor.eu\/media\/catalog\/product\/cache\/8d3aba296f7a18b5251ee30fa5db42b2\/8\/8\/8809576261592_SKIN1004_MADAGASCAR_CENTELLA_HYALU_CICA_SERUM_50ML_2af1.png' alt='COMPRAR AHORA'>\r\n            <div class=\"claim\">\r\n                COMPRAR AHORA            <\/div>\r\n        <\/a>\r\n    \n\n\n\n<h3 class=\"wp-block-heading\">Anthelios Age Correct Cuidado Diario de La Roche-Posay<\/h3>\n\n\n\n<p>Ideal para pieles maduras y sensibles, la f\u00f3rmula ayuda a mejorar la apariencia de arrugas, manchas oscuras y elasticidad de la piel. El \u00e1cido hialur\u00f3nico proporciona una r\u00e1faga de humedad, mientras que la niacinamida act\u00faa para tratar las \u00e1reas de hiperpigmentaci\u00f3n. PHE-Resorcinol cuenta con propiedades rejuvenecedoras para un cutis m\u00e1s brillante y suave.<\/p>\n\n\n    <a class='product' target='_blank' href='https:\/\/www.primor.eu\/es_es\/la-roche-posay-anthelios-age-correct-cuidado-diario-55175.html'>\r\n        <img loading='async' src='https:\/\/cdn2.primor.eu\/media\/catalog\/product\/cache\/8d3aba296f7a18b5251ee30fa5db42b2\/3\/3\/3337875761031_eb44.jpg' alt='COMPRAR AHORA'>\r\n            <div class=\"claim\">\r\n                COMPRAR AHORA            <\/div>\r\n        <\/a>\r\n    \n\n\n\n<h3 class=\"wp-block-heading\">Protector Solar Anti-manchas SPF50 Piel Mixta-Grasa de Bella Aurora<\/h3>\n\n\n\n<p>Presenta una textura en gel que facilita una absorci\u00f3n r\u00e1pida y un acabado sin sensaci\u00f3n grasa. La f\u00f3rmula del BELLA AURORA Protector Solar Anti-manchas SPF50 est\u00e1 desarrollada con un sistema de doble esfera orientado a mejorar la aplicaci\u00f3n uniforme sobre la piel. Su uso continuado contribuye al cuidado de la piel expuesta al sol y a la prevenci\u00f3n de marcas asociadas a la exposici\u00f3n solar.<\/p>\n\n\n    <a class='product' target='_blank' href='https:\/\/www.primor.eu\/es_es\/bella-aurora-gel-solar-anti-manchas-spf50-54977.html'>\r\n        <img loading='async' src='https:\/\/cdn2.primor.eu\/media\/catalog\/product\/cache\/8d3aba296f7a18b5251ee30fa5db42b2\/0\/T\/0TS02386_1_9294.jpg' alt='COMPRAR AHORA'>\r\n            <div class=\"claim\">\r\n                COMPRAR AHORA            <\/div>\r\n        <\/a>\r\n    \n\n\n<div class=\"kk-star-ratings kksr-auto kksr-align-center kksr-valign-bottom\"\n    data-payload='{&quot;align&quot;:&quot;center&quot;,&quot;id&quot;:&quot;99555&quot;,&quot;slug&quot;:&quot;default&quot;,&quot;valign&quot;:&quot;bottom&quot;,&quot;ignore&quot;:&quot;&quot;,&quot;reference&quot;:&quot;auto&quot;,&quot;class&quot;:&quot;&quot;,&quot;count&quot;:&quot;0&quot;,&quot;legendonly&quot;:&quot;&quot;,&quot;readonly&quot;:&quot;&quot;,&quot;score&quot;:&quot;0&quot;,&quot;starsonly&quot;:&quot;&quot;,&quot;best&quot;:&quot;5&quot;,&quot;gap&quot;:&quot;5&quot;,&quot;greet&quot;:&quot;Valora este art\u00edculo&quot;,&quot;legend&quot;:&quot;0\\\/5 - (0 votos)&quot;,&quot;size&quot;:&quot;24&quot;,&quot;title&quot;:&quot;Los mejores protectores solares seg\u00fan la estaci\u00f3n en la que estemos&quot;,&quot;width&quot;:&quot;0&quot;,&quot;_legend&quot;:&quot;{score}\\\/{best} - ({count} {votes})&quot;,&quot;font_factor&quot;:&quot;1.25&quot;}'>\n            \n<div class=\"kksr-stars\">\n    \n<div class=\"kksr-stars-inactive\">\n            <div class=\"kksr-star\" data-star=\"1\" style=\"padding-right: 5px\">\n            \n\n<div class=\"kksr-icon\" style=\"width: 24px; height: 24px;\"><\/div>\n        <\/div>\n            <div class=\"kksr-star\" data-star=\"2\" style=\"padding-right: 5px\">\n            \n\n<div class=\"kksr-icon\" style=\"width: 24px; height: 24px;\"><\/div>\n        <\/div>\n            <div class=\"kksr-star\" data-star=\"3\" style=\"padding-right: 5px\">\n            \n\n<div class=\"kksr-icon\" style=\"width: 24px; height: 24px;\"><\/div>\n        <\/div>\n            <div class=\"kksr-star\" data-star=\"4\" style=\"padding-right: 5px\">\n            \n\n<div class=\"kksr-icon\" style=\"width: 24px; height: 24px;\"><\/div>\n        <\/div>\n            <div class=\"kksr-star\" data-star=\"5\" style=\"padding-right: 5px\">\n            \n\n<div class=\"kksr-icon\" style=\"width: 24px; height: 24px;\"><\/div>\n        <\/div>\n    <\/div>\n    \n<div class=\"kksr-stars-active\" style=\"width: 0px;\">\n            <div class=\"kksr-star\" style=\"padding-right: 5px\">\n            \n\n<div class=\"kksr-icon\" style=\"width: 24px; height: 24px;\"><\/div>\n        <\/div>\n            <div class=\"kksr-star\" style=\"padding-right: 5px\">\n            \n\n<div class=\"kksr-icon\" style=\"width: 24px; height: 24px;\"><\/div>\n        <\/div>\n            <div class=\"kksr-star\" style=\"padding-right: 5px\">\n            \n\n<div class=\"kksr-icon\" style=\"width: 24px; height: 24px;\"><\/div>\n        <\/div>\n            <div class=\"kksr-star\" style=\"padding-right: 5px\">\n            \n\n<div class=\"kksr-icon\" style=\"width: 24px; height: 24px;\"><\/div>\n        <\/div>\n            <div class=\"kksr-star\" style=\"padding-right: 5px\">\n            \n\n<div class=\"kksr-icon\" style=\"width: 24px; height: 24px;\"><\/div>\n        <\/div>\n    <\/div>\n<\/div>\n                \n\n<div class=\"kksr-legend\" style=\"font-size: 19.2px;\">\n            <span class=\"kksr-muted\">Valora este art\u00edculo<\/span>\n    <\/div>\n    <\/div>\n","protected":false},"excerpt":{"rendered":"<p>Lo hemos dicho por activa y por pasiva aplicar protecci\u00f3n solar a diario es importante. Sin embargo, dentro de los factores que m\u00e1s influyen en aplicarse cosm\u00e9tico de forma correcta, est\u00e1 la estaci\u00f3n en la que te encuentres. Porque no son las mismas necesidades de tu piel en verano, que en invierno, oto\u00f1o o primavera. [&hellip;]<\/p>\n","protected":false},"author":14,"featured_media":99601,"comment_status":"closed","ping_status":"closed","sticky":false,"template":"","format":"standard","meta":{"jnews-multi-image_gallery":[],"jnews_single_post":{"subtitle":"","format":"standard","video":"","gallery":"","source_name":"","source_url":"","via_name":"","via_url":"","override_template":"0","override":[{"template":"1","single_blog_custom":"","parallax":"1","fullscreen":"1","layout":"right-sidebar","sidebar":"home-2","second_sidebar":"default-sidebar","sticky_sidebar":"0","share_position":"float","share_float_style":"share-monocrhome","show_share_counter":"0","show_view_counter":"0","show_featured":"1","show_post_meta":"1","show_post_author":"0","show_post_author_image":"1","show_post_date":"1","post_date_format":"default","post_date_format_custom":"Y\/m\/d","show_post_category":"1","show_post_reading_time":"0","post_reading_time_wpm":"300","show_zoom_button":"0","zoom_button_out_step":"2","zoom_button_in_step":"3","show_post_tag":"0","show_prev_next_post":"0","show_popup_post":"0","number_popup_post":"2","show_author_box":"0","show_post_related":"0","show_inline_post_related":"1"}],"override_image_size":"0","image_override":[{"single_post_thumbnail_size":"no-crop","single_post_gallery_size":"crop-500"}],"trending_post":"0","trending_post_position":"meta","trending_post_label":"Trending","sponsored_post":"0","sponsored_post_label":"Sponsored by","sponsored_post_name":"","sponsored_post_url":"","sponsored_post_logo_enable":"0","sponsored_post_logo":"","sponsored_post_desc":"","disable_ad":"0"},"jnews_primary_category":{"id":"","hide":""},"jnews_social_meta":{"fb_title":"","fb_description":"","fb_image":"","twitter_title":"","twitter_description":"","twitter_image":""},"jnews_override_counter":{"override_view_counter":"0","view_counter_number":"0","override_share_counter":"0","share_counter_number":"0","override_like_counter":"0","like_counter_number":"0","override_dislike_counter":"0","dislike_counter_number":"0"},"footnotes":""},"categories":[6302],"tags":[],"class_list":["post-99555","post","type-post","status-publish","format-standard","has-post-thumbnail","hentry","category-solares"],"_links":{"self":[{"href":"https:\/\/www.primor.eu\/blog\/wp-json\/wp\/v2\/posts\/99555","targetHints":{"allow":["GET"]}}],"collection":[{"href":"https:\/\/www.primor.eu\/blog\/wp-json\/wp\/v2\/posts"}],"about":[{"href":"https:\/\/www.primor.eu\/blog\/wp-json\/wp\/v2\/types\/post"}],"author":[{"embeddable":true,"href":"https:\/\/www.primor.eu\/blog\/wp-json\/wp\/v2\/users\/14"}],"replies":[{"embeddable":true,"href":"https:\/\/www.primor.eu\/blog\/wp-json\/wp\/v2\/comments?post=99555"}],"version-history":[{"count":4,"href":"https:\/\/www.primor.eu\/blog\/wp-json\/wp\/v2\/posts\/99555\/revisions"}],"predecessor-version":[{"id":142058,"href":"https:\/\/www.primor.eu\/blog\/wp-json\/wp\/v2\/posts\/99555\/revisions\/142058"}],"wp:featuredmedia":[{"embeddable":true,"href":"https:\/\/www.primor.eu\/blog\/wp-json\/wp\/v2\/media\/99601"}],"wp:attachment":[{"href":"https:\/\/www.primor.eu\/blog\/wp-json\/wp\/v2\/media?parent=99555"}],"wp:term":[{"taxonomy":"category","embeddable":true,"href":"https:\/\/www.primor.eu\/blog\/wp-json\/wp\/v2\/categories?post=99555"},{"taxonomy":"post_tag","embeddable":true,"href":"https:\/\/www.primor.eu\/blog\/wp-json\/wp\/v2\/tags?post=99555"}],"curies":[{"name":"wp","href":"https:\/\/api.w.org\/{rel}","templated":true}]}}