{"id":99450,"date":"2024-03-13T07:46:26","date_gmt":"2024-03-13T07:46:26","guid":{"rendered":"https:\/\/www.primor.eu\/blog\/?p=99450"},"modified":"2026-03-11T09:38:05","modified_gmt":"2026-03-11T09:38:05","slug":"mejores-kits-afeitado-dia-del-padre","status":"publish","type":"post","link":"https:\/\/www.primor.eu\/blog\/mejores-kits-afeitado-dia-del-padre\/","title":{"rendered":"Regala uno de estos kits de afeitado por el D\u00eda del Padre"},"content":{"rendered":"\n<p>A tu padre nadie le gana, y a ti tampoco. Porque si todav\u00eda no tienes el regalo perfecto para el <a href=\"https:\/\/www.primor.eu\/blog\/mejores-cofres-regalo-dia-del-padre\/\">D\u00eda del Padre<\/a>, atento, porque hemos hecho una wishlist con los <strong>mejores kits de afeitado para el <a href=\"https:\/\/www.primor.eu\/es_es\/regalos-originales-dia-del-padre\" data-type=\"link\" data-id=\"https:\/\/www.primor.eu\/es_es\/regalos-originales-dia-del-padre\">D\u00eda del Padre<\/a><\/strong> que encantan a todos.&nbsp;<\/p>\n\n\n\n<h2 class=\"wp-block-heading\">C\u00f3mo encontrar el regalo perfecto para el D\u00eda del Padre<\/h2>\n\n\n\n<p>A veces nos encontramos en la situaci\u00f3n de que nuestro padre ya tiene de todo, ya sea porque se lo regalan o porque se lo compra todo \u00e9l mismo. \u00bfY qu\u00e9 le regalas a alguien que ya tiene de todo? Desde Primor queremos darte una serie de consejos infalibles que facilitar\u00e1n la elecci\u00f3n del regalo perfecto para este d\u00eda tan especial. \u00a1Acertar\u00e1s seguro!<\/p>\n\n\n\n<ul class=\"wp-block-list\">\n<li><strong>Conoce sus gustos. <\/strong>\u00bfLe gusta el f\u00fatbol? \u00bfTiene alg\u00fan hobbie especial? \u00bfNecesita algo en concreto? Hay cientos de preguntas que puedes hacerte, y si no sabes por d\u00f3nde empezar, preg\u00fantale a una persona cercana, como tu madre.<\/li>\n\n\n\n<li><strong>\u00bfYa lo tienes? <\/strong>\u00a1Perfecto! Ahora haz una lista con lo que le podr\u00eda gustar m\u00e1s a tu pap\u00e1 (marcas, precios, tiendas d\u00f3nde lo puedas encontrar\u2026) Ord\u00e9nalos prioritariamente, eso te ayudar\u00e1 mucho.<\/li>\n\n\n\n<li><strong>Investiga las opciones <\/strong>favoritas de la lista.<\/li>\n\n\n\n<li><strong>Toma la decisi\u00f3n <\/strong>y hazte con el regalo perfecto.<\/li>\n<\/ul>\n\n\n\n<h2 class=\"wp-block-heading\">Mejores kits de afeitado para el D\u00eda del Padre<\/h2>\n\n\n        <product-table class=\"pr-slider\">\r\n            <product-headers class=\"grid-table-rows\">\r\n                <div>Foto<\/div>\r\n                <div>Producto<\/div>\r\n                <div>Marca<\/div>\r\n                <div>Valoraciones<\/div>\r\n                <div>Precio<\/div>\r\n            <\/product-headers>\r\n\r\n            <product-list>\r\n                                    <a href=\"https:\/\/www.primor.eu\/es_es\/gillette-labs-maquina-con-barra-exfoliante-86704.html\" class=\"product-item grid-table-rows\" target=\"_blank\">\r\n                        <div>\r\n                            <img decoding=\"async\" class=\"product-img\" width=\"80px\" height=\"80px\" src=\"https:\/\/cdn2.primor.eu\/media\/catalog\/product\/cache\/8d3aba296f7a18b5251ee30fa5db42b2\/0\/8\/08001090834218_80713024_ECOMMERCE_CONTENT_ECOMMERCE_POWER_IMAGE_FRONT_CENTER_30_1eb6.PNG\" alt=\"Labs Maquina con Barra Exfoliante\">\r\n                        <\/div>\r\n\r\n                        <!-- Contenido de producto  -->\r\n                        <div>\r\n                            <div class=\"product-position\">\r\n                                #1 Top Ventas                            <\/div>\r\n\r\n                            <h2>\r\n                                Labs Maquina con Barra Exfoliante                            <\/h2>\r\n                        <\/div>\r\n\r\n                        <!-- Imagen y\/o nombre de la marca -->\r\n                        <div>\r\n                                                            <img decoding=\"async\" width=\"70\" src=\"https:\/\/www.primor.eu\/media\/catalog\/category\/Gillette.jpg\" alt=\"\">\r\n                                                    <\/div>\r\n\r\n                        <!-- Puntuaci\u00f3n del producto  -->\r\n                        <div class=\"rating\">\r\n                                                            <div class=\"rate\" style=\"--p:100;\"><\/div>\r\n                                <b>5\/5<\/b>\r\n                                <div class=\"rate-stars\">\r\n                                                                            <div\r\n                                            class=\"rate-star  \">\r\n                                        <\/div>\r\n                                                                            <div\r\n                                            class=\"rate-star  \">\r\n                                        <\/div>\r\n                                                                            <div\r\n                                            class=\"rate-star  \">\r\n                                        <\/div>\r\n                                                                            <div\r\n                                            class=\"rate-star  \">\r\n                                        <\/div>\r\n                                                                            <div\r\n                                            class=\"rate-star  \">\r\n                                        <\/div>\r\n                                                                    <\/div>\r\n                                                    <\/div>\r\n\r\n                        <!-- Bot\u00f3n de producto  -->\r\n                        <div>\r\n                            <span class=\"price-claim\">\r\n                                VER PRECIO                            <\/span>\r\n                        <\/div>\r\n                    <\/a>\r\n                                    <a href=\"https:\/\/www.primor.eu\/es_es\/dr-jackson-kit-barbas-maletin-119879.html\" class=\"product-item grid-table-rows\" target=\"_blank\">\r\n                        <div>\r\n                            <img decoding=\"async\" class=\"product-img\" width=\"80px\" height=\"80px\" src=\"https:\/\/cdn2.primor.eu\/media\/catalog\/product\/cache\/8d3aba296f7a18b5251ee30fa5db42b2\/K\/I\/KITDRJ03_8422037030621_06_943c.jpg\" alt=\"Kit Barbas\">\r\n                        <\/div>\r\n\r\n                        <!-- Contenido de producto  -->\r\n                        <div>\r\n                            <div class=\"product-position\">\r\n                                #2                            <\/div>\r\n\r\n                            <h2>\r\n                                Kit Barbas                            <\/h2>\r\n                        <\/div>\r\n\r\n                        <!-- Imagen y\/o nombre de la marca -->\r\n                        <div>\r\n                                                            <img decoding=\"async\" width=\"70\" src=\"https:\/\/www.primor.eu\/media\/catalog\/category\/Dr._Jackson.png\" alt=\"\">\r\n                                                    <\/div>\r\n\r\n                        <!-- Puntuaci\u00f3n del producto  -->\r\n                        <div class=\"rating\">\r\n                                                            <div class=\"rate\" style=\"--p:100;\"><\/div>\r\n                                <b>5\/5<\/b>\r\n                                <div class=\"rate-stars\">\r\n                                                                            <div\r\n                                            class=\"rate-star  \">\r\n                                        <\/div>\r\n                                                                            <div\r\n                                            class=\"rate-star  \">\r\n                                        <\/div>\r\n                                                                            <div\r\n                                            class=\"rate-star  \">\r\n                                        <\/div>\r\n                                                                            <div\r\n                                            class=\"rate-star  \">\r\n                                        <\/div>\r\n                                                                            <div\r\n                                            class=\"rate-star  \">\r\n                                        <\/div>\r\n                                                                    <\/div>\r\n                                                    <\/div>\r\n\r\n                        <!-- Bot\u00f3n de producto  -->\r\n                        <div>\r\n                            <span class=\"price-claim\">\r\n                                VER PRECIO                            <\/span>\r\n                        <\/div>\r\n                    <\/a>\r\n                                    <a href=\"https:\/\/www.primor.eu\/es_es\/dior-sauvage-kit-ritual-de-tratamiento-122105.html\" class=\"product-item grid-table-rows\" target=\"_blank\">\r\n                        <div>\r\n                            <img decoding=\"async\" class=\"product-img\" width=\"80px\" height=\"80px\" src=\"https:\/\/cdn2.primor.eu\/media\/catalog\/product\/cache\/8d3aba296f7a18b5251ee30fa5db42b2\/3\/3\/3348901749244_c7f8.jpg\" alt=\"Sauvage Kit Ritual de Tratamiento\">\r\n                        <\/div>\r\n\r\n                        <!-- Contenido de producto  -->\r\n                        <div>\r\n                            <div class=\"product-position\">\r\n                                #3                            <\/div>\r\n\r\n                            <h2>\r\n                                Sauvage Kit Ritual de Tratamiento                            <\/h2>\r\n                        <\/div>\r\n\r\n                        <!-- Imagen y\/o nombre de la marca -->\r\n                        <div>\r\n                                                            <p class=\"brand-name\"><b><\/b><\/p>\r\n                                                    <\/div>\r\n\r\n                        <!-- Puntuaci\u00f3n del producto  -->\r\n                        <div class=\"rating\">\r\n                                                            <div class=\"rate\" style=\"--p:80;\"><\/div>\r\n                                <b>4\/5<\/b>\r\n                                <div class=\"rate-stars\">\r\n                                                                            <div\r\n                                            class=\"rate-star  \">\r\n                                        <\/div>\r\n                                                                            <div\r\n                                            class=\"rate-star  \">\r\n                                        <\/div>\r\n                                                                            <div\r\n                                            class=\"rate-star  \">\r\n                                        <\/div>\r\n                                                                            <div\r\n                                            class=\"rate-star  \">\r\n                                        <\/div>\r\n                                                                            <div\r\n                                            class=\"rate-star disable \">\r\n                                        <\/div>\r\n                                                                    <\/div>\r\n                                                    <\/div>\r\n\r\n                        <!-- Bot\u00f3n de producto  -->\r\n                        <div>\r\n                            <span class=\"price-claim\">\r\n                                VER PRECIO                            <\/span>\r\n                        <\/div>\r\n                    <\/a>\r\n                            <\/product-list>\r\n        <\/product-table>\r\n\r\n        \n\n\n\n<h3 class=\"wp-block-heading\">Pack Maquinilla con Barra Exfoliante + Gel de Afeitar + Neceser de Gillette <\/h3>\n\n\n\n<p>GilletteLabs con barra exfoliante de Gillette es la primera maquinilla de afeitar del mundo con tecnolog\u00eda exfoliante integrada en el mango, para que afeitarte sea tan r\u00e1pido y f\u00e1cil como lavarte la cara. La barra elimina la suciedad e impurezas antes de que pasen las hojas. Incluye tambi\u00e9n un soporte magn\u00e9tico. \u00dasala con los recambios de la maquinilla de afeitar GilletteLabs, tambi\u00e9n compatibles con Gillette Heated Razor. El mango de la m\u00e1quina est\u00e1 protegido con garant\u00eda para toda la vida (visita gillette.es\/garantiavida para m\u00e1s informaci\u00f3n).<\/p>\n\n\n    <a class='product' target='_blank' href='https:\/\/www.primor.eu\/es_es\/gillette-labs-maquina-con-barra-exfoliante-86704.html'>\r\n        <img loading='async' src='https:\/\/cdn2.primor.eu\/media\/catalog\/product\/cache\/8d3aba296f7a18b5251ee30fa5db42b2\/0\/8\/08001090834218_80713024_ECOMMERCE_CONTENT_ECOMMERCE_POWER_IMAGE_FRONT_CENTER_30_1eb6.PNG' alt='COMPRAR AHORA'>\r\n            <div class=\"claim\">\r\n                COMPRAR AHORA            <\/div>\r\n        <\/a>\r\n    \n\n\n<h3 class=\"wp-block-heading\">Kit Barbas de Dr Jackson<\/h3>\n\n\n\n<p><strong>Dr. Jackson<\/strong> lanza un kit completo para <strong>barba y bigote<\/strong>, en el que aprender\u00e1s a cuidar tu barba para tener un resultado profesional. Una edici\u00f3n \u00fanica y especial en el que te ense\u00f1amos los mejores tips de cuidado y reconocimiento de tu barba.<\/p>\n\n\n    <a class='product' target='_blank' href='https:\/\/www.primor.eu\/es_es\/dr-jackson-kit-barbas-maletin-119879.html'>\r\n        <img loading='async' src='https:\/\/cdn2.primor.eu\/media\/catalog\/product\/cache\/8d3aba296f7a18b5251ee30fa5db42b2\/K\/I\/KITDRJ03_8422037030621_06_943c.jpg' alt='COMPRAR AHORA'>\r\n            <div class=\"claim\">\r\n                COMPRAR AHORA            <\/div>\r\n        <\/a>\r\n    \n\n\n<h3 class=\"wp-block-heading\">Sauvage Kit Ritual de Tratamiento de Dior<\/h3>\n\n\n\n<p>Descubra el primer cofre de tratamiento para hombre Sauvage, pensado para la piel masculina, compuesto por un limpiador, una loci\u00f3n y un s\u00e9rum para un ritual completo en 3 pasos:<\/p>\n\n\n\n<p>PASO 1, PURIFICAR CON EL LIMPIADOR.&nbsp;<\/p>\n\n\n\n<p>Enriquecido con carb\u00f3n negro de origen natural, el limpiador facial para hombre Sauvage purifica sin resecar y reduce visiblemente el exceso de sebo.&nbsp;<\/p>\n\n\n\n<p>PASO 2, ENERGIZAR CON LA LOCI\u00d3N.&nbsp;<\/p>\n\n\n\n<p>La loci\u00f3n Sauvage reduce visiblemente los signos de fatiga, calma las sensaci\u00f3n de incomodidad despu\u00e9s del afeitado y deja la piel sensiblemente m\u00e1s fresca gracias a una f\u00f3rmula enriquecida con extracto acuoso de cactus.&nbsp;<\/p>\n\n\n\n<p>PASO 3, HIDRATAR CON EL S\u00c9RUM.&nbsp;<\/p>\n\n\n\n<p>El s\u00e9rum para hombre hidrata la piel durante 100 horas y reduce visiblemente los primeros signos de la edad. Una f\u00f3rmula enriquecida con aceite de cactus, reconocido por reforzar la barrera cut\u00e1nea. Las f\u00f3rmulas de este ritual incorporan un extracto de pulpa de cactus procedente del jard\u00edn Dior de Lanzarote, conocido por sus propiedades calmantes e hidratantes.&nbsp;<\/p>\n\n\n    <a class='product' target='_blank' href='https:\/\/www.primor.eu\/es_es\/dior-sauvage-kit-ritual-de-tratamiento-122105.html'>\r\n        <img loading='async' src='https:\/\/cdn2.primor.eu\/media\/catalog\/product\/cache\/8d3aba296f7a18b5251ee30fa5db42b2\/3\/3\/3348901749244_c7f8.jpg' alt='COMPRAR AHORA'>\r\n            <div class=\"claim\">\r\n                COMPRAR AHORA            <\/div>\r\n        <\/a>\r\n    \n\n\n<h3 class=\"wp-block-heading\">Force Supreme Reshaper Set de Biotherm<\/h3>\n\n\n\n<p>Este cofre cuidadosamente seleccionado combina f\u00f3rmulas de alto rendimiento que act\u00faan en sinergia para suavizar la apariencia de l\u00edneas de expresi\u00f3n y arrugas, mejorar la firmeza de la piel y redefinir los contornos del rostro, logrando un aspecto m\u00e1s joven y revitalizado.<\/p>\n\n\n\n<p>En el n\u00facleo de la rutina se encuentra la crema anti-edad reafirmante de 50ml, que hidrata intensamente la piel mientras ayuda a reforzarla y reafirmarla, dejando el rostro m\u00e1s liso, revitalizado y visiblemente m\u00e1s resistente d\u00eda tras d\u00eda.<\/p>\n\n\n    <a class='product' target='_blank' href='https:\/\/www.primor.eu\/es_es\/biotherm-force-supreme-reshaper-set-141336.html'>\r\n        <img loading='async' src='https:\/\/cdn2.primor.eu\/media\/catalog\/product\/cache\/8d3aba296f7a18b5251ee30fa5db42b2\/3\/6\/3614274831245_1_c390.jpg' alt='COMPRAR AHORA'>\r\n            <div class=\"claim\">\r\n                COMPRAR AHORA            <\/div>\r\n        <\/a>\r\n    \n\n<div class=\"kk-star-ratings kksr-auto kksr-align-center kksr-valign-bottom\"\n    data-payload='{&quot;align&quot;:&quot;center&quot;,&quot;id&quot;:&quot;99450&quot;,&quot;slug&quot;:&quot;default&quot;,&quot;valign&quot;:&quot;bottom&quot;,&quot;ignore&quot;:&quot;&quot;,&quot;reference&quot;:&quot;auto&quot;,&quot;class&quot;:&quot;&quot;,&quot;count&quot;:&quot;0&quot;,&quot;legendonly&quot;:&quot;&quot;,&quot;readonly&quot;:&quot;&quot;,&quot;score&quot;:&quot;0&quot;,&quot;starsonly&quot;:&quot;&quot;,&quot;best&quot;:&quot;5&quot;,&quot;gap&quot;:&quot;5&quot;,&quot;greet&quot;:&quot;Valora este art\u00edculo&quot;,&quot;legend&quot;:&quot;0\\\/5 - (0 votos)&quot;,&quot;size&quot;:&quot;24&quot;,&quot;title&quot;:&quot;Regala uno de estos kits de afeitado por el D\u00eda del Padre&quot;,&quot;width&quot;:&quot;0&quot;,&quot;_legend&quot;:&quot;{score}\\\/{best} - ({count} {votes})&quot;,&quot;font_factor&quot;:&quot;1.25&quot;}'>\n            \n<div class=\"kksr-stars\">\n    \n<div class=\"kksr-stars-inactive\">\n            <div class=\"kksr-star\" data-star=\"1\" style=\"padding-right: 5px\">\n            \n\n<div class=\"kksr-icon\" style=\"width: 24px; height: 24px;\"><\/div>\n        <\/div>\n            <div class=\"kksr-star\" data-star=\"2\" style=\"padding-right: 5px\">\n            \n\n<div class=\"kksr-icon\" style=\"width: 24px; height: 24px;\"><\/div>\n        <\/div>\n            <div class=\"kksr-star\" data-star=\"3\" style=\"padding-right: 5px\">\n            \n\n<div class=\"kksr-icon\" style=\"width: 24px; height: 24px;\"><\/div>\n        <\/div>\n            <div class=\"kksr-star\" data-star=\"4\" style=\"padding-right: 5px\">\n            \n\n<div class=\"kksr-icon\" style=\"width: 24px; height: 24px;\"><\/div>\n        <\/div>\n            <div class=\"kksr-star\" data-star=\"5\" style=\"padding-right: 5px\">\n            \n\n<div class=\"kksr-icon\" style=\"width: 24px; height: 24px;\"><\/div>\n        <\/div>\n    <\/div>\n    \n<div class=\"kksr-stars-active\" style=\"width: 0px;\">\n            <div class=\"kksr-star\" style=\"padding-right: 5px\">\n            \n\n<div class=\"kksr-icon\" style=\"width: 24px; height: 24px;\"><\/div>\n        <\/div>\n            <div class=\"kksr-star\" style=\"padding-right: 5px\">\n            \n\n<div class=\"kksr-icon\" style=\"width: 24px; height: 24px;\"><\/div>\n        <\/div>\n            <div class=\"kksr-star\" style=\"padding-right: 5px\">\n            \n\n<div class=\"kksr-icon\" style=\"width: 24px; height: 24px;\"><\/div>\n        <\/div>\n            <div class=\"kksr-star\" style=\"padding-right: 5px\">\n            \n\n<div class=\"kksr-icon\" style=\"width: 24px; height: 24px;\"><\/div>\n        <\/div>\n            <div class=\"kksr-star\" style=\"padding-right: 5px\">\n            \n\n<div class=\"kksr-icon\" style=\"width: 24px; height: 24px;\"><\/div>\n        <\/div>\n    <\/div>\n<\/div>\n                \n\n<div class=\"kksr-legend\" style=\"font-size: 19.2px;\">\n            <span class=\"kksr-muted\">Valora este art\u00edculo<\/span>\n    <\/div>\n    <\/div>\n","protected":false},"excerpt":{"rendered":"<p>A tu padre nadie le gana, y a ti tampoco. Porque si todav\u00eda no tienes el regalo perfecto para el D\u00eda del Padre, atento, porque hemos hecho una wishlist con los mejores kits de afeitado para el D\u00eda del Padre que encantan a todos.&nbsp; C\u00f3mo encontrar el regalo perfecto para el D\u00eda del Padre A [&hellip;]<\/p>\n","protected":false},"author":14,"featured_media":99453,"comment_status":"closed","ping_status":"closed","sticky":false,"template":"","format":"standard","meta":{"jnews-multi-image_gallery":[],"jnews_single_post":{"subtitle":"","format":"standard","video":"","gallery":"","source_name":"","source_url":"","via_name":"","via_url":"","override_template":"0","override":[{"template":"1","single_blog_custom":"","parallax":"1","fullscreen":"1","layout":"right-sidebar","sidebar":"home-2","second_sidebar":"default-sidebar","sticky_sidebar":"0","share_position":"float","share_float_style":"share-monocrhome","show_share_counter":"0","show_view_counter":"0","show_featured":"1","show_post_meta":"1","show_post_author":"0","show_post_author_image":"1","show_post_date":"1","post_date_format":"default","post_date_format_custom":"Y\/m\/d","show_post_category":"1","show_post_reading_time":"0","post_reading_time_wpm":"300","show_zoom_button":"0","zoom_button_out_step":"2","zoom_button_in_step":"3","show_post_tag":"0","show_prev_next_post":"0","show_popup_post":"0","number_popup_post":"2","show_author_box":"0","show_post_related":"0","show_inline_post_related":"1"}],"override_image_size":"0","image_override":[{"single_post_thumbnail_size":"no-crop","single_post_gallery_size":"crop-500"}],"trending_post":"0","trending_post_position":"meta","trending_post_label":"Trending","sponsored_post":"0","sponsored_post_label":"Sponsored by","sponsored_post_name":"","sponsored_post_url":"","sponsored_post_logo_enable":"0","sponsored_post_logo":"","sponsored_post_desc":"","disable_ad":"0"},"jnews_primary_category":{"id":"","hide":""},"jnews_social_meta":{"fb_title":"","fb_description":"","fb_image":"","twitter_title":"","twitter_description":"","twitter_image":""},"jnews_override_counter":{"override_view_counter":"0","view_counter_number":"0","override_share_counter":"0","share_counter_number":"0","override_like_counter":"0","like_counter_number":"0","override_dislike_counter":"0","dislike_counter_number":"0"},"footnotes":""},"categories":[6308],"tags":[],"class_list":["post-99450","post","type-post","status-publish","format-standard","has-post-thumbnail","hentry","category-dia-del-padre"],"_links":{"self":[{"href":"https:\/\/www.primor.eu\/blog\/wp-json\/wp\/v2\/posts\/99450","targetHints":{"allow":["GET"]}}],"collection":[{"href":"https:\/\/www.primor.eu\/blog\/wp-json\/wp\/v2\/posts"}],"about":[{"href":"https:\/\/www.primor.eu\/blog\/wp-json\/wp\/v2\/types\/post"}],"author":[{"embeddable":true,"href":"https:\/\/www.primor.eu\/blog\/wp-json\/wp\/v2\/users\/14"}],"replies":[{"embeddable":true,"href":"https:\/\/www.primor.eu\/blog\/wp-json\/wp\/v2\/comments?post=99450"}],"version-history":[{"count":7,"href":"https:\/\/www.primor.eu\/blog\/wp-json\/wp\/v2\/posts\/99450\/revisions"}],"predecessor-version":[{"id":140160,"href":"https:\/\/www.primor.eu\/blog\/wp-json\/wp\/v2\/posts\/99450\/revisions\/140160"}],"wp:featuredmedia":[{"embeddable":true,"href":"https:\/\/www.primor.eu\/blog\/wp-json\/wp\/v2\/media\/99453"}],"wp:attachment":[{"href":"https:\/\/www.primor.eu\/blog\/wp-json\/wp\/v2\/media?parent=99450"}],"wp:term":[{"taxonomy":"category","embeddable":true,"href":"https:\/\/www.primor.eu\/blog\/wp-json\/wp\/v2\/categories?post=99450"},{"taxonomy":"post_tag","embeddable":true,"href":"https:\/\/www.primor.eu\/blog\/wp-json\/wp\/v2\/tags?post=99450"}],"curies":[{"name":"wp","href":"https:\/\/api.w.org\/{rel}","templated":true}]}}