{"id":99079,"date":"2024-03-07T07:14:40","date_gmt":"2024-03-07T07:14:40","guid":{"rendered":"https:\/\/www.primor.eu\/blog\/?p=99079"},"modified":"2024-03-09T13:33:30","modified_gmt":"2024-03-09T13:33:30","slug":"mejores-tintes-rojo-caoba-pelo","status":"publish","type":"post","link":"https:\/\/www.primor.eu\/blog\/mejores-tintes-rojo-caoba-pelo\/","title":{"rendered":"Los 3 mejores tintes rojo caoba para el pelo"},"content":{"rendered":"\n<p>Si est\u00e1s pensando en cambiar tu look, hay un tono que arrasa entre las estrellas: el <strong>tinte rojo caoba<\/strong>. Es un tono intenso y llamativo que puede agregar profundidad y dimensi\u00f3n al cabello. Su <strong>combinaci\u00f3n de rojos<\/strong> y <strong>marrones<\/strong> crea un color \u00fanico que puede destacar entre la multitud. Adem\u00e1s, es un color vers\u00e1til que se adapta a una amplia gama de tonos de piel, desde los m\u00e1s claros hasta los m\u00e1s oscuros, resaltando y complementando los rasgos faciales, al mismo tiempo que crea un aspecto favorecedor y radiante.<\/p>\n\n\n\n<p>Por otro lado, tiene una <strong>cualidad c\u00e1lida <\/strong>y <strong>acogedora<\/strong> que puede a\u00f1adir calidez y vitalidad al cabello, al mismo tiempo que ilumina el rostro y agrega un toque de energ\u00eda positiva a tu apariencia general. Veamos algunos de los mejores tintes que te ayudar\u00e1n a conseguirlo.&nbsp;<\/p>\n\n\n\n<h2 class=\"wp-block-heading\">Mejores tintes rojos caoba&nbsp;<\/h2>\n\n\n        <product-table class=\"pr-slider\">\r\n            <product-headers class=\"grid-table-rows\">\r\n                <div>Foto<\/div>\r\n                <div>Producto<\/div>\r\n                <div>Marca<\/div>\r\n                <div>Valoraciones<\/div>\r\n                <div>Precio<\/div>\r\n            <\/product-headers>\r\n\r\n            <product-list>\r\n                                    <a href=\"https:\/\/www.primor.eu\/es_es\/llongueras-color-advance-56266.html\" class=\"product-item grid-table-rows\" target=\"_blank\">\r\n                        <div>\r\n                            <img decoding=\"async\" class=\"product-img\" width=\"80px\" height=\"80px\" src=\"https:\/\/www.primor.eu\/blog\/wp-content\/uploads\/2024\/03\/M_2CT00260_1_8d96.jpg\" alt=\"Llongueras    \n        Color Advance\">\r\n                        <\/div>\r\n\r\n                        <!-- Contenido de producto  -->\r\n                        <div>\r\n                            <div class=\"product-position\">\r\n                                #1 Top Ventas                            <\/div>\r\n\r\n                            <h2>\r\n                                Llongueras    \n        Color Advance                            <\/h2>\r\n                        <\/div>\r\n\r\n                        <!-- Imagen y\/o nombre de la marca -->\r\n                        <div>\r\n                                                            <img decoding=\"async\" width=\"70\" src=\"https:\/\/www.primor.eu\/blog\/wp-content\/uploads\/2023\/08\/367.jpg\" alt=\"84630\">\r\n                                                    <\/div>\r\n\r\n                        <!-- Puntuaci\u00f3n del producto  -->\r\n                        <div class=\"rating\">\r\n                                                            <div class=\"rate\" style=\"--p:100;\"><\/div>\r\n                                <b>5\/5<\/b>\r\n                                <div class=\"rate-stars\">\r\n                                                                            <div\r\n                                            class=\"rate-star  \">\r\n                                        <\/div>\r\n                                                                            <div\r\n                                            class=\"rate-star  \">\r\n                                        <\/div>\r\n                                                                            <div\r\n                                            class=\"rate-star  \">\r\n                                        <\/div>\r\n                                                                            <div\r\n                                            class=\"rate-star  \">\r\n                                        <\/div>\r\n                                                                            <div\r\n                                            class=\"rate-star  \">\r\n                                        <\/div>\r\n                                                                    <\/div>\r\n                                                    <\/div>\r\n\r\n                        <!-- Bot\u00f3n de producto  -->\r\n                        <div>\r\n                            <span class=\"price-claim\">\r\n                                VER PRECIO                            <\/span>\r\n                        <\/div>\r\n                    <\/a>\r\n                                    <a href=\"https:\/\/www.primor.eu\/es_es\/l-oreal-paris-casting-creme-gloss-tintes-56252.html\" class=\"product-item grid-table-rows\" target=\"_blank\">\r\n                        <div>\r\n                            <img decoding=\"async\" class=\"product-img\" width=\"80px\" height=\"80px\" src=\"https:\/\/www.primor.eu\/blog\/wp-content\/uploads\/2024\/03\/M_2CT00296_1_6d74.jpg\" alt=\"L'Or\u00e9al Par\u00eds    \n        Casting Creme Gloss Tintes\">\r\n                        <\/div>\r\n\r\n                        <!-- Contenido de producto  -->\r\n                        <div>\r\n                            <div class=\"product-position\">\r\n                                #2                            <\/div>\r\n\r\n                            <h2>\r\n                                L'Or\u00e9al Par\u00eds    \n        Casting Creme Gloss Tintes                            <\/h2>\r\n                        <\/div>\r\n\r\n                        <!-- Imagen y\/o nombre de la marca -->\r\n                        <div>\r\n                                                            <img decoding=\"async\" width=\"70\" src=\"https:\/\/www.primor.eu\/blog\/wp-content\/uploads\/2023\/08\/loreal-paris.png\" alt=\"84251\">\r\n                                                    <\/div>\r\n\r\n                        <!-- Puntuaci\u00f3n del producto  -->\r\n                        <div class=\"rating\">\r\n                                                            <div class=\"rate\" style=\"--p:100;\"><\/div>\r\n                                <b>5\/5<\/b>\r\n                                <div class=\"rate-stars\">\r\n                                                                            <div\r\n                                            class=\"rate-star  \">\r\n                                        <\/div>\r\n                                                                            <div\r\n                                            class=\"rate-star  \">\r\n                                        <\/div>\r\n                                                                            <div\r\n                                            class=\"rate-star  \">\r\n                                        <\/div>\r\n                                                                            <div\r\n                                            class=\"rate-star  \">\r\n                                        <\/div>\r\n                                                                            <div\r\n                                            class=\"rate-star  \">\r\n                                        <\/div>\r\n                                                                    <\/div>\r\n                                                    <\/div>\r\n\r\n                        <!-- Bot\u00f3n de producto  -->\r\n                        <div>\r\n                            <span class=\"price-claim\">\r\n                                VER PRECIO                            <\/span>\r\n                        <\/div>\r\n                    <\/a>\r\n                                    <a href=\"https:\/\/www.primor.eu\/es_es\/garnier-olia-coloracion-permanente-sin-amoniaco-56253.html\" class=\"product-item grid-table-rows\" target=\"_blank\">\r\n                        <div>\r\n                            <img decoding=\"async\" class=\"product-img\" width=\"80px\" height=\"80px\" src=\"https:\/\/www.primor.eu\/blog\/wp-content\/uploads\/2024\/03\/M_2CT00514_1_1b47.jpg\" alt=\"Garnier    \n        Olia Tinte Sin Amoniaco\">\r\n                        <\/div>\r\n\r\n                        <!-- Contenido de producto  -->\r\n                        <div>\r\n                            <div class=\"product-position\">\r\n                                #3                            <\/div>\r\n\r\n                            <h2>\r\n                                Garnier    \n        Olia Tinte Sin Amoniaco                            <\/h2>\r\n                        <\/div>\r\n\r\n                        <!-- Imagen y\/o nombre de la marca -->\r\n                        <div>\r\n                                                            <img decoding=\"async\" width=\"70\" src=\"https:\/\/www.primor.eu\/blog\/wp-content\/uploads\/2023\/08\/Garnier.jpg\" alt=\"84305\">\r\n                                                    <\/div>\r\n\r\n                        <!-- Puntuaci\u00f3n del producto  -->\r\n                        <div class=\"rating\">\r\n                                                            <div class=\"rate\" style=\"--p:100;\"><\/div>\r\n                                <b>5\/5<\/b>\r\n                                <div class=\"rate-stars\">\r\n                                                                            <div\r\n                                            class=\"rate-star  \">\r\n                                        <\/div>\r\n                                                                            <div\r\n                                            class=\"rate-star  \">\r\n                                        <\/div>\r\n                                                                            <div\r\n                                            class=\"rate-star  \">\r\n                                        <\/div>\r\n                                                                            <div\r\n                                            class=\"rate-star  \">\r\n                                        <\/div>\r\n                                                                            <div\r\n                                            class=\"rate-star  \">\r\n                                        <\/div>\r\n                                                                    <\/div>\r\n                                                    <\/div>\r\n\r\n                        <!-- Bot\u00f3n de producto  -->\r\n                        <div>\r\n                            <span class=\"price-claim\">\r\n                                VER PRECIO                            <\/span>\r\n                        <\/div>\r\n                    <\/a>\r\n                            <\/product-list>\r\n        <\/product-table>\r\n\r\n        \n\n\n\n<h3 class=\"wp-block-heading\">Color Advance Profesional de Llongueras<\/h3>\n\n\n\n<p><strong>Color Advance Profesional de Llongueras<\/strong> es un imprescindible en esta lista de tintes rojos caobas, destacando por su capacidad para ofrecer un color intenso y reparador, con resultados de calidad profesional y una<strong> cobertura del 100% de las canas<\/strong>. Este tinte promete una duraci\u00f3n prolongada de hasta 5 semanas, durante las cuales el color se mantendr\u00e1 radiante, brindando un cabello suave y brillante mientras fortalece con cada aplicaci\u00f3n.<\/p>\n\n\n\n<p>Su f\u00f3rmula innovadora, enriquecida con aceite de semilla de uva, conocido por su contenido de <strong>vitamina E <\/strong>y \u00e1cidos grasos esenciales <strong>Omega 3 y Omega 6<\/strong>, as\u00ed como <strong>provitamina B5,<\/strong> act\u00faa como un hidratante efectivo para el cabello, aportando brillo y promoviendo una apariencia m\u00e1s juvenil y saludable. Con el tono rojo caoba identificado como<strong> 5.6,<\/strong> Color Advance Profesional de Llongueras ofrece una opci\u00f3n vers\u00e1til y de alta calidad para aquellos que buscan una transformaci\u00f3n capilar vibrante y duradera.<\/p>\n\n\n    <a class='product' target='_blank' href='https:\/\/www.primor.eu\/es_es\/llongueras-color-advance-color-repair-coloracion-permanente-113067.html?#755=39855'>\r\n        <img loading='async' src='https:\/\/cdn2.primor.eu\/media\/catalog\/product\/cache\/8d3aba296f7a18b5251ee30fa5db42b2\/2\/C\/2CT00260_1_8cf0.jpg' alt='COMPRAR AHORA'>\r\n            <div class=\"claim\">\r\n                COMPRAR AHORA            <\/div>\r\n        <\/a>\r\n    \n\n\n\n<h3 class=\"wp-block-heading\">Casting Creme Gloss de L\u2019Oreal<\/h3>\n\n\n\n<p><strong>Casting Creme Gloss de L\u2019Oreal <\/strong>se destaca como otro de los tintes rojos caoba m\u00e1s prominentes, ofreciendo una alternativa sin amoniaco que es adecuada para todo tipo de cabellos. Este producto no solo brinda una coloraci\u00f3n profesional espectacular, sino que tambi\u00e9n protege y cuida el cabello durante el proceso.<\/p>\n\n\n\n<p>Perfecto para renovar el color del cabello desde la comodidad del hogar, su aplicaci\u00f3n f\u00e1cil y r\u00e1pida lo convierte en una elecci\u00f3n conveniente. Con la ventaja de desaparecer progresivamente, es ideal para cubrir las primeras canas y para cambiar el color seg\u00fan el estado de \u00e1nimo sin preocupaciones por las ra\u00edces. Adem\u00e1s, su complejo de cuidado patentado y su f\u00f3rmula enriquecida con extracto de goji, miel y aceite de coco ofrecen una experiencia de coloraci\u00f3n placentera y eficaz, con una <strong>cobertura m\u00e1xima del 70%<\/strong>.<\/p>\n\n\n\n<p>Con el tono rojo caoba identificado como <strong>550<\/strong>, Casting Creme Gloss de L\u2019Oreal presenta una opci\u00f3n vibrante y de calidad para aquellos que buscan una transformaci\u00f3n capilar impactante y duradera.<\/p>\n\n\n    <a class='product' target='_blank' href='https:\/\/www.primor.eu\/es_es\/l-oreal-paris-casting-creme-gloss-tintes-113068.html?#755=40031'>\r\n        <img loading='async' src='https:\/\/cdn2.primor.eu\/media\/catalog\/product\/cache\/8d3aba296f7a18b5251ee30fa5db42b2\/2\/C\/2CT00362_1_d53b.jpg' alt='COMPRAR AHORA'>\r\n            <div class=\"claim\">\r\n                COMPRAR AHORA            <\/div>\r\n        <\/a>\r\n    \n\n\n\n<h3 class=\"wp-block-heading\">Olia Ultra Agradable de Garnier<\/h3>\n\n\n\n<p>Es una <strong>coloraci\u00f3n permanente<\/strong> que utiliza aceites florales de origen natural para brindar un cuidado excepcional al cabello. Libre de amoniaco y adecuado para todo tipo de cabellos, este tinte no solo proporciona un color vibrante y duradero, sino que tambi\u00e9n respeta el cuero cabelludo.<\/p>\n\n\n\n<p>Gracias a su f\u00f3rmula enriquecida con <strong>aceites florales, <\/strong>este tinte no solo embellece el cabello con un tono rojo caoba cautivador, sino que tambi\u00e9n mejora su calidad con cada aplicaci\u00f3n, dej\u00e1ndolo suave, sedoso y delicadamente perfumado. Con el tono identificado como<strong> 5.6<\/strong>, Olia Ultra Agradable de Garnier ofrece una opci\u00f3n indulgente y de alta calidad para aquellos que buscan una coloraci\u00f3n que cuide y embellezca su cabello.<\/p>\n\n\n    <a class='product' target='_blank' href='https:\/\/www.primor.eu\/es_es\/garnier-olia-tinte-sin-amoniaco-113071.html?#755=39781'>\r\n        <img loading='async' src='https:\/\/cdn2.primor.eu\/media\/catalog\/product\/cache\/8d3aba296f7a18b5251ee30fa5db42b2\/2\/C\/2CT02249_1_68a2.jpg' alt='COMPRAR AHORA'>\r\n            <div class=\"claim\">\r\n                COMPRAR AHORA            <\/div>\r\n        <\/a>\r\n    \n\n\n<div class=\"kk-star-ratings kksr-auto kksr-align-center kksr-valign-bottom\"\n    data-payload='{&quot;align&quot;:&quot;center&quot;,&quot;id&quot;:&quot;99079&quot;,&quot;slug&quot;:&quot;default&quot;,&quot;valign&quot;:&quot;bottom&quot;,&quot;ignore&quot;:&quot;&quot;,&quot;reference&quot;:&quot;auto&quot;,&quot;class&quot;:&quot;&quot;,&quot;count&quot;:&quot;0&quot;,&quot;legendonly&quot;:&quot;&quot;,&quot;readonly&quot;:&quot;&quot;,&quot;score&quot;:&quot;0&quot;,&quot;starsonly&quot;:&quot;&quot;,&quot;best&quot;:&quot;5&quot;,&quot;gap&quot;:&quot;5&quot;,&quot;greet&quot;:&quot;Valora este art\u00edculo&quot;,&quot;legend&quot;:&quot;0\\\/5 - (0 votos)&quot;,&quot;size&quot;:&quot;24&quot;,&quot;title&quot;:&quot;Los 3 mejores tintes rojo caoba para el pelo&quot;,&quot;width&quot;:&quot;0&quot;,&quot;_legend&quot;:&quot;{score}\\\/{best} - ({count} {votes})&quot;,&quot;font_factor&quot;:&quot;1.25&quot;}'>\n            \n<div class=\"kksr-stars\">\n    \n<div class=\"kksr-stars-inactive\">\n            <div class=\"kksr-star\" data-star=\"1\" style=\"padding-right: 5px\">\n            \n\n<div class=\"kksr-icon\" style=\"width: 24px; height: 24px;\"><\/div>\n        <\/div>\n            <div class=\"kksr-star\" data-star=\"2\" style=\"padding-right: 5px\">\n            \n\n<div class=\"kksr-icon\" style=\"width: 24px; height: 24px;\"><\/div>\n        <\/div>\n            <div class=\"kksr-star\" data-star=\"3\" style=\"padding-right: 5px\">\n            \n\n<div class=\"kksr-icon\" style=\"width: 24px; height: 24px;\"><\/div>\n        <\/div>\n            <div class=\"kksr-star\" data-star=\"4\" style=\"padding-right: 5px\">\n            \n\n<div class=\"kksr-icon\" style=\"width: 24px; height: 24px;\"><\/div>\n        <\/div>\n            <div class=\"kksr-star\" data-star=\"5\" style=\"padding-right: 5px\">\n            \n\n<div class=\"kksr-icon\" style=\"width: 24px; height: 24px;\"><\/div>\n        <\/div>\n    <\/div>\n    \n<div class=\"kksr-stars-active\" style=\"width: 0px;\">\n            <div class=\"kksr-star\" style=\"padding-right: 5px\">\n            \n\n<div class=\"kksr-icon\" style=\"width: 24px; height: 24px;\"><\/div>\n        <\/div>\n            <div class=\"kksr-star\" style=\"padding-right: 5px\">\n            \n\n<div class=\"kksr-icon\" style=\"width: 24px; height: 24px;\"><\/div>\n        <\/div>\n            <div class=\"kksr-star\" style=\"padding-right: 5px\">\n            \n\n<div class=\"kksr-icon\" style=\"width: 24px; height: 24px;\"><\/div>\n        <\/div>\n            <div class=\"kksr-star\" style=\"padding-right: 5px\">\n            \n\n<div class=\"kksr-icon\" style=\"width: 24px; height: 24px;\"><\/div>\n        <\/div>\n            <div class=\"kksr-star\" style=\"padding-right: 5px\">\n            \n\n<div class=\"kksr-icon\" style=\"width: 24px; height: 24px;\"><\/div>\n        <\/div>\n    <\/div>\n<\/div>\n                \n\n<div class=\"kksr-legend\" style=\"font-size: 19.2px;\">\n            <span class=\"kksr-muted\">Valora este art\u00edculo<\/span>\n    <\/div>\n    <\/div>\n","protected":false},"excerpt":{"rendered":"<p>Si est\u00e1s pensando en cambiar tu look, hay un tono que arrasa entre las estrellas: el tinte rojo caoba. Es un tono intenso y llamativo que puede agregar profundidad y dimensi\u00f3n al cabello. Su combinaci\u00f3n de rojos y marrones crea un color \u00fanico que puede destacar entre la multitud. Adem\u00e1s, es un color vers\u00e1til que [&hellip;]<\/p>\n","protected":false},"author":14,"featured_media":99143,"comment_status":"closed","ping_status":"closed","sticky":false,"template":"","format":"standard","meta":{"jnews-multi-image_gallery":[],"jnews_single_post":{"subtitle":"","format":"standard","video":"","gallery":"","source_name":"","source_url":"","via_name":"","via_url":"","override_template":"0","override":[{"template":"1","single_blog_custom":"","parallax":"1","fullscreen":"1","layout":"right-sidebar","sidebar":"home-2","second_sidebar":"default-sidebar","sticky_sidebar":"0","share_position":"float","share_float_style":"share-monocrhome","show_share_counter":"0","show_view_counter":"0","show_featured":"1","show_post_meta":"1","show_post_author":"0","show_post_author_image":"1","show_post_date":"1","post_date_format":"default","post_date_format_custom":"Y\/m\/d","show_post_category":"1","show_post_reading_time":"0","post_reading_time_wpm":"300","show_zoom_button":"0","zoom_button_out_step":"2","zoom_button_in_step":"3","show_post_tag":"0","show_prev_next_post":"0","show_popup_post":"0","number_popup_post":"2","show_author_box":"0","show_post_related":"0","show_inline_post_related":"1"}],"override_image_size":"0","image_override":[{"single_post_thumbnail_size":"no-crop","single_post_gallery_size":"crop-500"}],"trending_post":"0","trending_post_position":"meta","trending_post_label":"Trending","sponsored_post":"0","sponsored_post_label":"Sponsored by","sponsored_post_name":"","sponsored_post_url":"","sponsored_post_logo_enable":"0","sponsored_post_logo":"","sponsored_post_desc":"","disable_ad":"0"},"jnews_primary_category":{"id":"","hide":""},"jnews_social_meta":{"fb_title":"","fb_description":"","fb_image":"","twitter_title":"","twitter_description":"","twitter_image":""},"jnews_override_counter":{"override_view_counter":"0","view_counter_number":"0","override_share_counter":"0","share_counter_number":"0","override_like_counter":"0","like_counter_number":"0","override_dislike_counter":"0","dislike_counter_number":"0"},"footnotes":""},"categories":[35],"tags":[],"class_list":["post-99079","post","type-post","status-publish","format-standard","has-post-thumbnail","hentry","category-cabello"],"_links":{"self":[{"href":"https:\/\/www.primor.eu\/blog\/wp-json\/wp\/v2\/posts\/99079","targetHints":{"allow":["GET"]}}],"collection":[{"href":"https:\/\/www.primor.eu\/blog\/wp-json\/wp\/v2\/posts"}],"about":[{"href":"https:\/\/www.primor.eu\/blog\/wp-json\/wp\/v2\/types\/post"}],"author":[{"embeddable":true,"href":"https:\/\/www.primor.eu\/blog\/wp-json\/wp\/v2\/users\/14"}],"replies":[{"embeddable":true,"href":"https:\/\/www.primor.eu\/blog\/wp-json\/wp\/v2\/comments?post=99079"}],"version-history":[{"count":3,"href":"https:\/\/www.primor.eu\/blog\/wp-json\/wp\/v2\/posts\/99079\/revisions"}],"predecessor-version":[{"id":99285,"href":"https:\/\/www.primor.eu\/blog\/wp-json\/wp\/v2\/posts\/99079\/revisions\/99285"}],"wp:featuredmedia":[{"embeddable":true,"href":"https:\/\/www.primor.eu\/blog\/wp-json\/wp\/v2\/media\/99143"}],"wp:attachment":[{"href":"https:\/\/www.primor.eu\/blog\/wp-json\/wp\/v2\/media?parent=99079"}],"wp:term":[{"taxonomy":"category","embeddable":true,"href":"https:\/\/www.primor.eu\/blog\/wp-json\/wp\/v2\/categories?post=99079"},{"taxonomy":"post_tag","embeddable":true,"href":"https:\/\/www.primor.eu\/blog\/wp-json\/wp\/v2\/tags?post=99079"}],"curies":[{"name":"wp","href":"https:\/\/api.w.org\/{rel}","templated":true}]}}