{"id":99062,"date":"2024-03-06T07:45:00","date_gmt":"2024-03-06T07:45:00","guid":{"rendered":"https:\/\/www.primor.eu\/blog\/?p=99062"},"modified":"2025-11-28T12:10:00","modified_gmt":"2025-11-28T12:10:00","slug":"ideas-peinados-trenzas-pelo-suelto","status":"publish","type":"post","link":"https:\/\/www.primor.eu\/blog\/ideas-peinados-trenzas-pelo-suelto\/","title":{"rendered":"Las 7 mejores ideas de peinados con trenzas y pelo suelto"},"content":{"rendered":"\n<p>No s\u00e9 si lo habr\u00e1s pensado, pero si todav\u00eda dudas sobre llevar una <strong>trenza con el pelo suelto <\/strong>o<strong> <\/strong>no, has de saber que es una de las <strong>opciones favoritas de las m\u00e1s rom\u00e1nticas<\/strong> (y a nosotras nos encanta). Llevar una trenza con el pelo suelto es un <a href=\"https:\/\/www.primor.eu\/blog\/peinados-primavera\/\">peinado vers\u00e1til<\/a> y <strong>ponible<\/strong> que resulta elegante pero informal. Es <strong>perfecto<\/strong> para ocasiones que requieren un aspecto cuidado pero no excesivamente formal, como reuniones sociales, salidas informales o eventos diurnos.<\/p>\n\n\n\n<p>Adem\u00e1s, se <strong>adapta a una amplia gama de estilos<\/strong> y <strong>ocasiones<\/strong>. Puede ser adecuado para ir al trabajo, la escuela, para eventos sociales, fiestas, e incluso bodas dependiendo de c\u00f3mo se haga y de c\u00f3mo se complemente con accesorios. Por otro lado, a muchas personas les gusta la sensaci\u00f3n de tener el <strong>cabello parcialmente recogido<\/strong> pero con la <strong>libertad<\/strong> de que el resto del cabello est\u00e9 suelto. Este estilo permite mantener el cabello fuera del rostro y del cuello, lo que puede resultar especialmente c\u00f3modo en d\u00edas calurosos o cuando se est\u00e1 realizando alguna actividad f\u00edsica.<\/p>\n\n\n\n<p>Finalmente, ten presente que la trenza ayuda a <strong>mantener el cabello<\/strong> en su lugar y a evitar que se enrede o se descontrole f\u00e1cilmente, lo que puede hacer que el peinado dure m\u00e1s tiempo sin necesidad de retoques constantes. Dicho esto, veamos algunas de nuestros peinados con trenzas con el pelo suelto favoritos.<\/p>\n\n\n\n<h2 class=\"wp-block-heading\">Ideas con trenzas con el pelo suelto&nbsp;<\/h2>\n\n\n\n<figure class=\"wp-block-image alignwide size-full\"><img decoding=\"async\" width=\"720\" height=\"900\" src=\"https:\/\/www.primor.eu\/blog\/wp-content\/uploads\/2024\/03\/TRENZA-PELO-SUELTO-1.jpg\" alt=\"Estos peinados con trenzas son los mejores\" class=\"wp-image-99107\" srcset=\"https:\/\/www.primor.eu\/blog\/wp-content\/uploads\/2024\/03\/TRENZA-PELO-SUELTO-1.jpg 720w, https:\/\/www.primor.eu\/blog\/wp-content\/uploads\/2024\/03\/TRENZA-PELO-SUELTO-1-240x300.jpg 240w\" sizes=\"(max-width: 720px) 100vw, 720px\" \/><\/figure>\n\n\n\n<h3 class=\"wp-block-heading\">Trenza lateral con ondas sueltas<\/h3>\n\n\n\n<p>Crea una trenza lateral desde la parte superior de tu cabeza hacia abajo, luego suelta algunas secciones de cabello alrededor de tu rostro para enmarcarlo. Deja el resto del cabello suelto con ondas naturales o con ayuda de un rizador.<\/p>\n\n\n\n<figure class=\"wp-block-image alignwide size-large\"><img decoding=\"async\" width=\"576\" height=\"1024\" src=\"https:\/\/www.primor.eu\/blog\/wp-content\/uploads\/2024\/03\/TRENZA-PELO-SUELTO-2-576x1024.jpg\" alt=\"Estos peinados con trenzas son los mejores\" class=\"wp-image-99106\" srcset=\"https:\/\/www.primor.eu\/blog\/wp-content\/uploads\/2024\/03\/TRENZA-PELO-SUELTO-2-576x1024.jpg 576w, https:\/\/www.primor.eu\/blog\/wp-content\/uploads\/2024\/03\/TRENZA-PELO-SUELTO-2-169x300.jpg 169w, https:\/\/www.primor.eu\/blog\/wp-content\/uploads\/2024\/03\/TRENZA-PELO-SUELTO-2.jpg 736w\" sizes=\"(max-width: 576px) 100vw, 576px\" \/><\/figure>\n\n\n\n<h3 class=\"wp-block-heading\">Trenza corona con cabello suelto<\/h3>\n\n\n\n<p>Haz una trenza corona alrededor de tu cabeza y aseg\u00farala con horquillas. Deja el resto del cabello suelto y con movimiento.<\/p>\n\n\n\n<figure class=\"wp-block-image alignwide size-full\"><img decoding=\"async\" width=\"736\" height=\"981\" src=\"https:\/\/www.primor.eu\/blog\/wp-content\/uploads\/2024\/03\/TRENZA-PELO-SUELTO-3.jpg\" alt=\"Estos peinados con trenzas son los mejores\" class=\"wp-image-99105\" srcset=\"https:\/\/www.primor.eu\/blog\/wp-content\/uploads\/2024\/03\/TRENZA-PELO-SUELTO-3.jpg 736w, https:\/\/www.primor.eu\/blog\/wp-content\/uploads\/2024\/03\/TRENZA-PELO-SUELTO-3-225x300.jpg 225w\" sizes=\"(max-width: 736px) 100vw, 736px\" \/><\/figure>\n\n\n\n<h3 class=\"wp-block-heading\">Trenza de espiga con ondas naturales<\/h3>\n\n\n\n<p>Realiza una trenza de espiga a lo largo de uno de los lados de tu cabeza y suelta algunos mechones para un aspecto m\u00e1s desenfadado. Deja el resto del cabello suelto con ondas naturales.<\/p>\n\n\n\n<figure class=\"wp-block-image alignwide size-large\"><img decoding=\"async\" width=\"474\" height=\"1024\" src=\"https:\/\/www.primor.eu\/blog\/wp-content\/uploads\/2024\/03\/TRENZA-PELO-SUELTO-4-474x1024.jpg\" alt=\"Estos peinados con trenzas son los mejores\" class=\"wp-image-99104\" srcset=\"https:\/\/www.primor.eu\/blog\/wp-content\/uploads\/2024\/03\/TRENZA-PELO-SUELTO-4-474x1024.jpg 474w, https:\/\/www.primor.eu\/blog\/wp-content\/uploads\/2024\/03\/TRENZA-PELO-SUELTO-4-139x300.jpg 139w, https:\/\/www.primor.eu\/blog\/wp-content\/uploads\/2024\/03\/TRENZA-PELO-SUELTO-4.jpg 555w\" sizes=\"(max-width: 474px) 100vw, 474px\" \/><figcaption class=\"wp-element-caption\">@agusirtor120<\/figcaption><\/figure>\n\n\n\n<h3 class=\"wp-block-heading\">Trenza cascada con cabello suelto<\/h3>\n\n\n\n<p>Crea una trenza cascada a un lado de tu cabeza, dejando que caigan suavemente algunas hebras de cabello. El resto del cabello puede dejarse suelto con un estilo ondulado o liso.<\/p>\n\n\n\n<figure class=\"wp-block-image alignwide size-full\"><img decoding=\"async\" width=\"576\" height=\"720\" src=\"https:\/\/www.primor.eu\/blog\/wp-content\/uploads\/2024\/03\/TRENZA-PELO-SUELTO-5.jpeg\" alt=\"Estos peinados con trenzas son los mejores\" class=\"wp-image-99103\" srcset=\"https:\/\/www.primor.eu\/blog\/wp-content\/uploads\/2024\/03\/TRENZA-PELO-SUELTO-5.jpeg 576w, https:\/\/www.primor.eu\/blog\/wp-content\/uploads\/2024\/03\/TRENZA-PELO-SUELTO-5-240x300.jpeg 240w\" sizes=\"(max-width: 576px) 100vw, 576px\" \/><figcaption class=\"wp-element-caption\">@wattpad<\/figcaption><\/figure>\n\n\n\n<h3 class=\"wp-block-heading\">Trenza holandesa con cabello suelto<\/h3>\n\n\n\n<p>Haz una trenza holandesa desde la parte superior de tu cabeza y hacia abajo, asegur\u00e1ndola con una banda el\u00e1stica. Suelta algunas secciones para darle un aspecto m\u00e1s relajado y deja el resto del cabello suelto.<\/p>\n\n\n\n<figure class=\"wp-block-image alignwide size-full\"><img decoding=\"async\" width=\"500\" height=\"752\" src=\"https:\/\/www.primor.eu\/blog\/wp-content\/uploads\/2024\/03\/TRENZA-PELO-SUELTO-6.jpg\" alt=\"Estos peinados con trenzas son los mejores\" class=\"wp-image-99102\" srcset=\"https:\/\/www.primor.eu\/blog\/wp-content\/uploads\/2024\/03\/TRENZA-PELO-SUELTO-6.jpg 500w, https:\/\/www.primor.eu\/blog\/wp-content\/uploads\/2024\/03\/TRENZA-PELO-SUELTO-6-199x300.jpg 199w\" sizes=\"(max-width: 500px) 100vw, 500px\" \/><figcaption class=\"wp-element-caption\">@s0rrywh0<\/figcaption><\/figure>\n\n\n\n<h3 class=\"wp-block-heading\">Trenza de sirena con flequillo lateral y cabello suelto<\/h3>\n\n\n\n<p>Realiza una trenza de sirena, tambi\u00e9n conocida como trenza cola de pez, a lo largo de uno de los lados de tu cabeza. Deja algunos mechones sueltos en la parte delantera para crear un flequillo lateral y suelta el resto del cabello para un estilo desenfadado y elegante. Este peinado es ideal para eventos formales o para lucir un look sofisticado con un toque moderno.<\/p>\n\n\n\n<figure class=\"wp-block-image alignwide size-full\"><img decoding=\"async\" width=\"736\" height=\"738\" src=\"https:\/\/www.primor.eu\/blog\/wp-content\/uploads\/2024\/03\/TRENZA-PELO-SUELTO-7.jpg\" alt=\"Estos peinados con trenzas son los mejores\" class=\"wp-image-99101\" srcset=\"https:\/\/www.primor.eu\/blog\/wp-content\/uploads\/2024\/03\/TRENZA-PELO-SUELTO-7.jpg 736w, https:\/\/www.primor.eu\/blog\/wp-content\/uploads\/2024\/03\/TRENZA-PELO-SUELTO-7-300x300.jpg 300w, https:\/\/www.primor.eu\/blog\/wp-content\/uploads\/2024\/03\/TRENZA-PELO-SUELTO-7-150x150.jpg 150w, https:\/\/www.primor.eu\/blog\/wp-content\/uploads\/2024\/03\/TRENZA-PELO-SUELTO-7-75x75.jpg 75w, https:\/\/www.primor.eu\/blog\/wp-content\/uploads\/2024\/03\/TRENZA-PELO-SUELTO-7-350x350.jpg 350w\" sizes=\"(max-width: 736px) 100vw, 736px\" \/><\/figure>\n\n\n\n<h3 class=\"wp-block-heading\">Trenza lateral con mechones sueltos y coleta baja<\/h3>\n\n\n\n<p>Si buscas un aspecto m\u00e1s repeinado, comienza haciendo una trenza lateral en uno de los lados de tu cabeza, dejando algunos mechones sueltos alrededor de tu rostro para un aspecto suave y rom\u00e1ntico. Luego, une todo el cabello en una coleta baja en la nuca. Esto a\u00f1adir\u00e1 un toque elegante y moderno a tu look.<\/p>\n\n\n\n<h2 class=\"wp-block-heading\">Un buen producto para cuidar tus trenzas<\/h2>\n\n\n\n<h3 class=\"wp-block-heading\">Plot Twist Elixir Revitalizador Guava de Lola Cosmetics<\/h3>\n\n\n\n<p>Es ideal para todo tipo de cabello, especialmente para rizos, tirabuzones, rastas y trenzas. Este elixir revitalizador del cuero cabelludo contribuye a mejorar la microbiota del cuero cabelludo, favoreciendo un entorno saludable para el crecimiento del cabello.<\/p>\n\n\n    <a class='product' target='_blank' href='https:\/\/www.primor.eu\/es_es\/lola-cosmetics-elixir-revitalizador-guava-120481.html'>\r\n        <img loading='async' src='https:\/\/cdn2.primor.eu\/media\/catalog\/product\/cache\/8d3aba296f7a18b5251ee30fa5db42b2\/e\/l\/elixir_revitalizador_cuero_cabelludo_plot_twist_guava_de_lola_cosmetics_200ml_0_281e.jpg' alt='COMPRAR AHORA'>\r\n            <div class=\"claim\">\r\n                COMPRAR AHORA            <\/div>\r\n        <\/a>\r\n    \n\n<div class=\"kk-star-ratings kksr-auto kksr-align-center kksr-valign-bottom\"\n    data-payload='{&quot;align&quot;:&quot;center&quot;,&quot;id&quot;:&quot;99062&quot;,&quot;slug&quot;:&quot;default&quot;,&quot;valign&quot;:&quot;bottom&quot;,&quot;ignore&quot;:&quot;&quot;,&quot;reference&quot;:&quot;auto&quot;,&quot;class&quot;:&quot;&quot;,&quot;count&quot;:&quot;1&quot;,&quot;legendonly&quot;:&quot;&quot;,&quot;readonly&quot;:&quot;&quot;,&quot;score&quot;:&quot;5&quot;,&quot;starsonly&quot;:&quot;&quot;,&quot;best&quot;:&quot;5&quot;,&quot;gap&quot;:&quot;5&quot;,&quot;greet&quot;:&quot;Valora este art\u00edculo&quot;,&quot;legend&quot;:&quot;5\\\/5 - (1 voto)&quot;,&quot;size&quot;:&quot;24&quot;,&quot;title&quot;:&quot;Las 7 mejores ideas de peinados con trenzas y pelo suelto&quot;,&quot;width&quot;:&quot;142.5&quot;,&quot;_legend&quot;:&quot;{score}\\\/{best} - ({count} {votes})&quot;,&quot;font_factor&quot;:&quot;1.25&quot;}'>\n            \n<div class=\"kksr-stars\">\n    \n<div class=\"kksr-stars-inactive\">\n            <div class=\"kksr-star\" data-star=\"1\" style=\"padding-right: 5px\">\n            \n\n<div class=\"kksr-icon\" style=\"width: 24px; height: 24px;\"><\/div>\n        <\/div>\n            <div class=\"kksr-star\" data-star=\"2\" style=\"padding-right: 5px\">\n            \n\n<div class=\"kksr-icon\" style=\"width: 24px; height: 24px;\"><\/div>\n        <\/div>\n            <div class=\"kksr-star\" data-star=\"3\" style=\"padding-right: 5px\">\n            \n\n<div class=\"kksr-icon\" style=\"width: 24px; height: 24px;\"><\/div>\n        <\/div>\n            <div class=\"kksr-star\" data-star=\"4\" style=\"padding-right: 5px\">\n            \n\n<div class=\"kksr-icon\" style=\"width: 24px; height: 24px;\"><\/div>\n        <\/div>\n            <div class=\"kksr-star\" data-star=\"5\" style=\"padding-right: 5px\">\n            \n\n<div class=\"kksr-icon\" style=\"width: 24px; height: 24px;\"><\/div>\n        <\/div>\n    <\/div>\n    \n<div class=\"kksr-stars-active\" style=\"width: 142.5px;\">\n            <div class=\"kksr-star\" style=\"padding-right: 5px\">\n            \n\n<div class=\"kksr-icon\" style=\"width: 24px; height: 24px;\"><\/div>\n        <\/div>\n            <div class=\"kksr-star\" style=\"padding-right: 5px\">\n            \n\n<div class=\"kksr-icon\" style=\"width: 24px; height: 24px;\"><\/div>\n        <\/div>\n            <div class=\"kksr-star\" style=\"padding-right: 5px\">\n            \n\n<div class=\"kksr-icon\" style=\"width: 24px; height: 24px;\"><\/div>\n        <\/div>\n            <div class=\"kksr-star\" style=\"padding-right: 5px\">\n            \n\n<div class=\"kksr-icon\" style=\"width: 24px; height: 24px;\"><\/div>\n        <\/div>\n            <div class=\"kksr-star\" style=\"padding-right: 5px\">\n            \n\n<div class=\"kksr-icon\" style=\"width: 24px; height: 24px;\"><\/div>\n        <\/div>\n    <\/div>\n<\/div>\n                \n\n<div class=\"kksr-legend\" style=\"font-size: 19.2px;\">\n            5\/5 - (1 voto)    <\/div>\n    <\/div>\n","protected":false},"excerpt":{"rendered":"<p>No s\u00e9 si lo habr\u00e1s pensado, pero si todav\u00eda dudas sobre llevar una trenza con el pelo suelto o no, has de saber que es una de las opciones favoritas de las m\u00e1s rom\u00e1nticas (y a nosotras nos encanta). Llevar una trenza con el pelo suelto es un peinado vers\u00e1til y ponible que resulta elegante [&hellip;]<\/p>\n","protected":false},"author":14,"featured_media":99100,"comment_status":"closed","ping_status":"closed","sticky":false,"template":"","format":"standard","meta":{"jnews-multi-image_gallery":[],"jnews_single_post":{"subtitle":"","format":"standard","video":"","gallery":"","source_name":"","source_url":"","via_name":"","via_url":"","override_template":"0","override":[{"template":"1","single_blog_custom":"","parallax":"1","fullscreen":"1","layout":"right-sidebar","sidebar":"home-2","second_sidebar":"default-sidebar","sticky_sidebar":"0","share_position":"float","share_float_style":"share-monocrhome","show_share_counter":"0","show_view_counter":"0","show_featured":"1","show_post_meta":"1","show_post_author":"0","show_post_author_image":"1","show_post_date":"1","post_date_format":"default","post_date_format_custom":"Y\/m\/d","show_post_category":"1","show_post_reading_time":"0","post_reading_time_wpm":"300","show_zoom_button":"0","zoom_button_out_step":"2","zoom_button_in_step":"3","show_post_tag":"0","show_prev_next_post":"0","show_popup_post":"0","number_popup_post":"2","show_author_box":"0","show_post_related":"0","show_inline_post_related":"1"}],"override_image_size":"0","image_override":[{"single_post_thumbnail_size":"no-crop","single_post_gallery_size":"crop-500"}],"trending_post":"0","trending_post_position":"meta","trending_post_label":"Trending","sponsored_post":"0","sponsored_post_label":"Sponsored by","sponsored_post_name":"","sponsored_post_url":"","sponsored_post_logo_enable":"0","sponsored_post_logo":"","sponsored_post_desc":"","disable_ad":"0"},"jnews_primary_category":{"id":"","hide":""},"jnews_social_meta":{"fb_title":"","fb_description":"","fb_image":"","twitter_title":"","twitter_description":"","twitter_image":""},"jnews_override_counter":{"override_view_counter":"0","view_counter_number":"0","override_share_counter":"0","share_counter_number":"0","override_like_counter":"0","like_counter_number":"0","override_dislike_counter":"0","dislike_counter_number":"0"},"footnotes":""},"categories":[35],"tags":[],"class_list":["post-99062","post","type-post","status-publish","format-standard","has-post-thumbnail","hentry","category-cabello"],"_links":{"self":[{"href":"https:\/\/www.primor.eu\/blog\/wp-json\/wp\/v2\/posts\/99062","targetHints":{"allow":["GET"]}}],"collection":[{"href":"https:\/\/www.primor.eu\/blog\/wp-json\/wp\/v2\/posts"}],"about":[{"href":"https:\/\/www.primor.eu\/blog\/wp-json\/wp\/v2\/types\/post"}],"author":[{"embeddable":true,"href":"https:\/\/www.primor.eu\/blog\/wp-json\/wp\/v2\/users\/14"}],"replies":[{"embeddable":true,"href":"https:\/\/www.primor.eu\/blog\/wp-json\/wp\/v2\/comments?post=99062"}],"version-history":[{"count":4,"href":"https:\/\/www.primor.eu\/blog\/wp-json\/wp\/v2\/posts\/99062\/revisions"}],"predecessor-version":[{"id":135290,"href":"https:\/\/www.primor.eu\/blog\/wp-json\/wp\/v2\/posts\/99062\/revisions\/135290"}],"wp:featuredmedia":[{"embeddable":true,"href":"https:\/\/www.primor.eu\/blog\/wp-json\/wp\/v2\/media\/99100"}],"wp:attachment":[{"href":"https:\/\/www.primor.eu\/blog\/wp-json\/wp\/v2\/media?parent=99062"}],"wp:term":[{"taxonomy":"category","embeddable":true,"href":"https:\/\/www.primor.eu\/blog\/wp-json\/wp\/v2\/categories?post=99062"},{"taxonomy":"post_tag","embeddable":true,"href":"https:\/\/www.primor.eu\/blog\/wp-json\/wp\/v2\/tags?post=99062"}],"curies":[{"name":"wp","href":"https:\/\/api.w.org\/{rel}","templated":true}]}}