{"id":99018,"date":"2024-03-06T07:12:44","date_gmt":"2024-03-06T07:12:44","guid":{"rendered":"https:\/\/www.primor.eu\/blog\/?p=99018"},"modified":"2024-03-09T13:38:58","modified_gmt":"2024-03-09T13:38:58","slug":"maskne-que-es-como-evitarlo","status":"publish","type":"post","link":"https:\/\/www.primor.eu\/blog\/maskne-que-es-como-evitarlo\/","title":{"rendered":"Maskn\u00e9: qu\u00e9 es, c\u00f3mo evitarlo y prevenirlo"},"content":{"rendered":"\n<p>El <a href=\"https:\/\/www.primor.eu\/blog\/acne-vulgar-por-que-aparece-como-tratar\/\">acn\u00e9<\/a> molesta, es algo de lo que somos muy conscientes. Sin embargo, hay un tipo de granitos que detestamos: el <strong>maskn\u00e9<\/strong>. Aunque este t\u00e9rmino puede sonarnos un poco anticuado, lo cierto es que sigue muy presente en nuestras vidas. M\u00e1s a\u00fan con las alergias y la necesidad de llevar mascarillas. Te contamos qu\u00e9 es y c\u00f3mo puedes prevenirlo (y eliminarlo).<\/p>\n\n\n\n<h2 class=\"wp-block-heading\">Qu\u00e9 es el maskn\u00e9<\/h2>\n\n\n\n<p>\"<strong>Maskn\u00e9<\/strong>\" es un t\u00e9rmino que se utiliza para describir el acn\u00e9 que se desarrolla como resultado del uso prolongado de <strong>mascarillas faciales<\/strong>, especialmente durante la pandemia de COVID-19, cuando el uso de mascarillas se ha vuelto m\u00e1s com\u00fan para prevenir la propagaci\u00f3n del virus.<\/p>\n\n\n\n<p>El uso continuado de mascarillas puede crear un <strong>ambiente c\u00e1lido y h\u00famedo en la piel,<\/strong> lo que <strong>favorece la obstrucci\u00f3n de los poros<\/strong> y el crecimiento de bacterias. Esto puede provocar la aparici\u00f3n de <strong>acn\u00e9<\/strong>, especialmente en \u00e1reas donde la mascarilla entra en contacto directo con la piel, como la <strong>barbilla<\/strong>, la <strong>nariz<\/strong> y las <strong>mejillas<\/strong>.<\/p>\n\n\n\n<h3 class=\"wp-block-heading\">Tipos de granos que pueden salir<\/h3>\n\n\n\n<ul class=\"wp-block-list\">\n<li><strong>Acn\u00e9 mec\u00e1nico<\/strong>. Resulta de la fricci\u00f3n y la presi\u00f3n de la mascarilla sobre la piel, lo que puede obstruir los poros y causar irritaci\u00f3n.<\/li>\n\n\n\n<li><strong>Acn\u00e9 por contacto. <\/strong>Puede ser causado por materiales irritantes o al\u00e9rgenos presentes en la mascarilla, como detergentes o fragancias, que entran en contacto con la piel y provocan una reacci\u00f3n.<\/li>\n\n\n\n<li><strong>Acn\u00e9 bacteriano.<\/strong> El ambiente c\u00e1lido y h\u00famedo bajo la mascarilla puede favorecer el crecimiento bacteriano en la piel, lo que puede conducir a la aparici\u00f3n de espinillas y granos.<\/li>\n<\/ul>\n\n\n\n<h2 class=\"wp-block-heading\">C\u00f3mo prevenir el maskn\u00e9<\/h2>\n\n\n\n<ul class=\"wp-block-list\">\n<li><strong>Lavar y humectar la piel.<\/strong> Lava tu rostro con un limpiador suave y sin fragancia antes y despu\u00e9s de usar una mascarilla. Aplica una crema hidratante no comedog\u00e9nica para mantener la piel bien hidratada.<\/li>\n\n\n\n<li><strong>Usar mascarillas limpias<\/strong>. Usa mascarillas limpias y de tela suave que no irriten la piel. Lava las mascarillas regularmente con agua caliente y detergente suave.<\/li>\n\n\n\n<li><strong>Evitar maquillaje pesado.<\/strong> Evita el uso de maquillaje pesado debajo de la mascarilla, ya que puede obstruir los poros y empeorar el acn\u00e9. Si usas maquillaje, elige productos no comedog\u00e9nicos y ligeros.<\/li>\n\n\n\n<li><strong>Limitar el uso de productos para el cuidado de la piel.<\/strong> Usa productos suaves y sin fragancia en tu rutina de cuidado de la piel para evitar la irritaci\u00f3n. Evita el uso excesivo de productos exfoliantes o astringentes, ya que pueden irritar la piel y empeorar el acn\u00e9.<\/li>\n\n\n\n<li><strong>Descansar de la mascarilla. <\/strong>Si es posible, toma descansos peri\u00f3dicos de usar mascarillas para permitir que la piel respire y se recupere.<\/li>\n<\/ul>\n\n\n\n<h2 class=\"wp-block-heading\">C\u00f3mo eliminar el maskn\u00e9<\/h2>\n\n\n\n<ul class=\"wp-block-list\">\n<li><strong>Limpieza adecuada<\/strong>. Lava tu rostro suavemente dos veces al d\u00eda con un limpiador suave y sin fragancia. Esto ayudar\u00e1 a eliminar el exceso de grasa, suciedad y bacterias que pueden contribuir al acn\u00e9. Evita frotar la piel con demasiada fuerza, ya que esto puede irritarla a\u00fan m\u00e1s.<\/li>\n\n\n\n<li><strong>Hidrataci\u00f3n<\/strong>. Utiliza una crema hidratante ligera y no comedog\u00e9nica para mantener la piel bien hidratada. Aunque pueda parecer contradictorio, la hidrataci\u00f3n adecuada es esencial para equilibrar la piel y prevenir la producci\u00f3n excesiva de sebo que puede obstruir los poros.<\/li>\n\n\n\n<li><strong>Evita el maquillaje pesado.<\/strong> Durante el tratamiento del maskn\u00e9, es recomendable evitar el uso de maquillaje pesado, especialmente en \u00e1reas propensas al acn\u00e9. Si decides usar maquillaje, elige productos no comedog\u00e9nicos y ret\u00edralo completamente al final del d\u00eda.<\/li>\n\n\n\n<li><strong>Productos con ingredientes activos. <\/strong>Busca productos para el cuidado de la piel que contengan ingredientes activos conocidos por combatir el acn\u00e9, como el <a href=\"https:\/\/www.primor.eu\/blog\/acido-salicilico-acne\/\">\u00e1cido salic\u00edlico<\/a>, el per\u00f3xido de benzoilo, el \u00e1cido glic\u00f3lico o el \u00e1cido l\u00e1ctico. Estos ingredientes pueden ayudar a exfoliar la piel, desbloquear los poros y reducir la inflamaci\u00f3n.<\/li>\n\n\n\n<li><strong>Tratamientos t\u00f3picos. <\/strong>Aplica tratamientos t\u00f3picos espec\u00edficos para el acn\u00e9 en las \u00e1reas afectadas, como geles o cremas con per\u00f3xido de benzoilo, \u00e1cido salic\u00edlico o retinoides. Estos tratamientos pueden ayudar a reducir la inflamaci\u00f3n, destapar los poros y prevenir la formaci\u00f3n de nuevas lesiones de acn\u00e9.<\/li>\n\n\n\n<li><strong>Evita tocar la cara. <\/strong>Evita tocar o frotar la piel afectada por el maskn\u00e9, ya que esto puede propagar bacterias y empeorar el acn\u00e9. Tambi\u00e9n evita exprimir o manipular las lesiones de acn\u00e9, ya que esto puede causar cicatrices y da\u00f1o adicional a la piel.<\/li>\n\n\n\n<li><strong>Consulta a un dermat\u00f3logo<\/strong>. Si el maskn\u00e9 persiste o empeora a pesar de seguir una rutina de cuidado de la piel adecuada, considera consultar a un dermat\u00f3logo. Un dermat\u00f3logo puede evaluar tu piel, proporcionar un diagn\u00f3stico preciso y recomendar tratamientos adicionales, como medicamentos t\u00f3picos m\u00e1s fuertes o medicamentos orales, seg\u00fan sea necesario.<\/li>\n<\/ul>\n\n\n<div class=\"kk-star-ratings kksr-auto kksr-align-center kksr-valign-bottom\"\n    data-payload='{&quot;align&quot;:&quot;center&quot;,&quot;id&quot;:&quot;99018&quot;,&quot;slug&quot;:&quot;default&quot;,&quot;valign&quot;:&quot;bottom&quot;,&quot;ignore&quot;:&quot;&quot;,&quot;reference&quot;:&quot;auto&quot;,&quot;class&quot;:&quot;&quot;,&quot;count&quot;:&quot;0&quot;,&quot;legendonly&quot;:&quot;&quot;,&quot;readonly&quot;:&quot;&quot;,&quot;score&quot;:&quot;0&quot;,&quot;starsonly&quot;:&quot;&quot;,&quot;best&quot;:&quot;5&quot;,&quot;gap&quot;:&quot;5&quot;,&quot;greet&quot;:&quot;Valora este art\u00edculo&quot;,&quot;legend&quot;:&quot;0\\\/5 - (0 votos)&quot;,&quot;size&quot;:&quot;24&quot;,&quot;title&quot;:&quot;Maskn\u00e9: qu\u00e9 es, c\u00f3mo evitarlo y prevenirlo&quot;,&quot;width&quot;:&quot;0&quot;,&quot;_legend&quot;:&quot;{score}\\\/{best} - ({count} {votes})&quot;,&quot;font_factor&quot;:&quot;1.25&quot;}'>\n            \n<div class=\"kksr-stars\">\n    \n<div class=\"kksr-stars-inactive\">\n            <div class=\"kksr-star\" data-star=\"1\" style=\"padding-right: 5px\">\n            \n\n<div class=\"kksr-icon\" style=\"width: 24px; height: 24px;\"><\/div>\n        <\/div>\n            <div class=\"kksr-star\" data-star=\"2\" style=\"padding-right: 5px\">\n            \n\n<div class=\"kksr-icon\" style=\"width: 24px; height: 24px;\"><\/div>\n        <\/div>\n            <div class=\"kksr-star\" data-star=\"3\" style=\"padding-right: 5px\">\n            \n\n<div class=\"kksr-icon\" style=\"width: 24px; height: 24px;\"><\/div>\n        <\/div>\n            <div class=\"kksr-star\" data-star=\"4\" style=\"padding-right: 5px\">\n            \n\n<div class=\"kksr-icon\" style=\"width: 24px; height: 24px;\"><\/div>\n        <\/div>\n            <div class=\"kksr-star\" data-star=\"5\" style=\"padding-right: 5px\">\n            \n\n<div class=\"kksr-icon\" style=\"width: 24px; height: 24px;\"><\/div>\n        <\/div>\n    <\/div>\n    \n<div class=\"kksr-stars-active\" style=\"width: 0px;\">\n            <div class=\"kksr-star\" style=\"padding-right: 5px\">\n            \n\n<div class=\"kksr-icon\" style=\"width: 24px; height: 24px;\"><\/div>\n        <\/div>\n            <div class=\"kksr-star\" style=\"padding-right: 5px\">\n            \n\n<div class=\"kksr-icon\" style=\"width: 24px; height: 24px;\"><\/div>\n        <\/div>\n            <div class=\"kksr-star\" style=\"padding-right: 5px\">\n            \n\n<div class=\"kksr-icon\" style=\"width: 24px; height: 24px;\"><\/div>\n        <\/div>\n            <div class=\"kksr-star\" style=\"padding-right: 5px\">\n            \n\n<div class=\"kksr-icon\" style=\"width: 24px; height: 24px;\"><\/div>\n        <\/div>\n            <div class=\"kksr-star\" style=\"padding-right: 5px\">\n            \n\n<div class=\"kksr-icon\" style=\"width: 24px; height: 24px;\"><\/div>\n        <\/div>\n    <\/div>\n<\/div>\n                \n\n<div class=\"kksr-legend\" style=\"font-size: 19.2px;\">\n            <span class=\"kksr-muted\">Valora este art\u00edculo<\/span>\n    <\/div>\n    <\/div>\n","protected":false},"excerpt":{"rendered":"<p>El acn\u00e9 molesta, es algo de lo que somos muy conscientes. Sin embargo, hay un tipo de granitos que detestamos: el maskn\u00e9. Aunque este t\u00e9rmino puede sonarnos un poco anticuado, lo cierto es que sigue muy presente en nuestras vidas. M\u00e1s a\u00fan con las alergias y la necesidad de llevar mascarillas. Te contamos qu\u00e9 es [&hellip;]<\/p>\n","protected":false},"author":14,"featured_media":99019,"comment_status":"closed","ping_status":"closed","sticky":false,"template":"","format":"standard","meta":{"jnews-multi-image_gallery":[],"jnews_single_post":{"subtitle":"","format":"standard","video":"","gallery":"","source_name":"","source_url":"","via_name":"","via_url":"","override_template":"0","override":[{"template":"1","single_blog_custom":"","parallax":"1","fullscreen":"1","layout":"right-sidebar","sidebar":"home-2","second_sidebar":"default-sidebar","sticky_sidebar":"0","share_position":"float","share_float_style":"share-monocrhome","show_share_counter":"0","show_view_counter":"0","show_featured":"1","show_post_meta":"1","show_post_author":"0","show_post_author_image":"1","show_post_date":"1","post_date_format":"default","post_date_format_custom":"Y\/m\/d","show_post_category":"1","show_post_reading_time":"0","post_reading_time_wpm":"300","show_zoom_button":"0","zoom_button_out_step":"2","zoom_button_in_step":"3","show_post_tag":"0","show_prev_next_post":"0","show_popup_post":"0","number_popup_post":"2","show_author_box":"0","show_post_related":"0","show_inline_post_related":"1"}],"override_image_size":"0","image_override":[{"single_post_thumbnail_size":"no-crop","single_post_gallery_size":"crop-500"}],"trending_post":"0","trending_post_position":"meta","trending_post_label":"Trending","sponsored_post":"0","sponsored_post_label":"Sponsored by","sponsored_post_name":"","sponsored_post_url":"","sponsored_post_logo_enable":"0","sponsored_post_logo":"","sponsored_post_desc":"","disable_ad":"0"},"jnews_primary_category":{"id":"","hide":""},"jnews_social_meta":{"fb_title":"","fb_description":"","fb_image":"","twitter_title":"","twitter_description":"","twitter_image":""},"jnews_override_counter":{"override_view_counter":"0","view_counter_number":"0","override_share_counter":"0","share_counter_number":"0","override_like_counter":"0","like_counter_number":"0","override_dislike_counter":"0","dislike_counter_number":"0"},"footnotes":""},"categories":[6303],"tags":[],"class_list":["post-99018","post","type-post","status-publish","format-standard","has-post-thumbnail","hentry","category-trucos-de-belleza"],"_links":{"self":[{"href":"https:\/\/www.primor.eu\/blog\/wp-json\/wp\/v2\/posts\/99018","targetHints":{"allow":["GET"]}}],"collection":[{"href":"https:\/\/www.primor.eu\/blog\/wp-json\/wp\/v2\/posts"}],"about":[{"href":"https:\/\/www.primor.eu\/blog\/wp-json\/wp\/v2\/types\/post"}],"author":[{"embeddable":true,"href":"https:\/\/www.primor.eu\/blog\/wp-json\/wp\/v2\/users\/14"}],"replies":[{"embeddable":true,"href":"https:\/\/www.primor.eu\/blog\/wp-json\/wp\/v2\/comments?post=99018"}],"version-history":[{"count":2,"href":"https:\/\/www.primor.eu\/blog\/wp-json\/wp\/v2\/posts\/99018\/revisions"}],"predecessor-version":[{"id":99288,"href":"https:\/\/www.primor.eu\/blog\/wp-json\/wp\/v2\/posts\/99018\/revisions\/99288"}],"wp:featuredmedia":[{"embeddable":true,"href":"https:\/\/www.primor.eu\/blog\/wp-json\/wp\/v2\/media\/99019"}],"wp:attachment":[{"href":"https:\/\/www.primor.eu\/blog\/wp-json\/wp\/v2\/media?parent=99018"}],"wp:term":[{"taxonomy":"category","embeddable":true,"href":"https:\/\/www.primor.eu\/blog\/wp-json\/wp\/v2\/categories?post=99018"},{"taxonomy":"post_tag","embeddable":true,"href":"https:\/\/www.primor.eu\/blog\/wp-json\/wp\/v2\/tags?post=99018"}],"curies":[{"name":"wp","href":"https:\/\/api.w.org\/{rel}","templated":true}]}}