{"id":98821,"date":"2024-02-28T05:02:10","date_gmt":"2024-02-28T05:02:10","guid":{"rendered":"https:\/\/www.primor.eu\/blog\/?p=98821"},"modified":"2026-03-17T20:43:52","modified_gmt":"2026-03-17T20:43:52","slug":"serum-ceramidas","status":"publish","type":"post","link":"https:\/\/www.primor.eu\/blog\/serum-ceramidas\/","title":{"rendered":"Los 8 mejores serum con ceramidas para una piel joven y sin imperfecciones"},"content":{"rendered":"\n<p>Ya hemos o\u00eddo hablar de las maravillas de las <strong>ceramidas<\/strong>, sobre todo, a la hora de hablar de las <a href=\"https:\/\/www.primor.eu\/blog\/piel-sensibles\/\">pieles sensibles.<\/a> Por eso, conviene tener muy presente la posibilidad de incluir en tu rutina de belleza alguno de los <strong>mejores s\u00e9rums con ceramidas<\/strong> del mercado. Porque no, no todos son iguales.&nbsp;<\/p>\n\n\n\n<h2 class=\"wp-block-heading\">Beneficios de las ceramidas en la piel<\/h2>\n\n\n\n<ul class=\"wp-block-list\">\n<li><strong>Hidrata<\/strong>. Las ceramidas forman una barrera protectora en la capa m\u00e1s externa de la piel, lo que ayuda a evitar la p\u00e9rdida de humedad. Esto mantiene la piel hidratada y ayuda a prevenir la sequedad y la descamaci\u00f3n.<\/li>\n\n\n\n<li><strong>Fortalece la barrera cut\u00e1nea.<\/strong> Las ceramidas ayudan a fortalecer la barrera lip\u00eddica de la piel, que es esencial para protegerla de los irritantes ambientales, los al\u00e9rgenos y las bacterias. Una barrera cut\u00e1nea saludable puede ayudar a prevenir la inflamaci\u00f3n y la irritaci\u00f3n de la piel.<\/li>\n\n\n\n<li><strong>Protege contra los signos del envejecimiento.<\/strong> Una funci\u00f3n barrera d\u00e9bil puede contribuir al desarrollo de signos prematuros de envejecimiento, como arrugas y p\u00e9rdida de firmeza. Las ceramidas ayudan a mantener la piel fuerte y resistente, lo que puede ayudar a prevenir la aparici\u00f3n de estos signos.<\/li>\n\n\n\n<li><strong>Alivia la piel sensible e irritada<\/strong>. Las ceramidas pueden ser beneficiosas para las personas con piel sensible o propensa a la irritaci\u00f3n, ya que ayudan a calmar y fortalecer la piel, reduciendo as\u00ed la sensibilidad y la inflamaci\u00f3n.<\/li>\n\n\n\n<li><strong>Ayuda en la reparaci\u00f3n de la piel da\u00f1ada<\/strong>. Las ceramidas son importantes para la regeneraci\u00f3n celular y la reparaci\u00f3n de la piel da\u00f1ada. Ayudan a restaurar la funci\u00f3n barrera de la piel y promueven la cicatrizaci\u00f3n de heridas, lo que puede acelerar el proceso de recuperaci\u00f3n de la piel.<\/li>\n\n\n\n<li><strong>Suporta a las pieles con condiciones como la dermatitis at\u00f3pica<\/strong>. Las personas con condiciones de la piel como la dermatitis at\u00f3pica a menudo tienen deficiencias en las ceramidas de su piel. El uso t\u00f3pico de ceramidas puede ayudar a reponer estos l\u00edpidos esenciales y mejorar la funci\u00f3n barrera de la piel en personas con esta afecci\u00f3n.<\/li>\n<\/ul>\n\n\n\n<h2 class=\"wp-block-heading\">Los mejores s\u00e9rums con ceramidas en la piel<\/h2>\n\n\n        <product-table class=\"pr-slider\">\r\n            <product-headers class=\"grid-table-rows\">\r\n                <div>Foto<\/div>\r\n                <div>Producto<\/div>\r\n                <div>Marca<\/div>\r\n                <div>Valoraciones<\/div>\r\n                <div>Precio<\/div>\r\n            <\/product-headers>\r\n\r\n            <product-list>\r\n                                    <a href=\"https:\/\/www.primor.eu\/es_es\/nacomi-second-skin-serum-ceramidas-5-16354.html\" class=\"product-item grid-table-rows\" target=\"_blank\">\r\n                        <div>\r\n                            <img decoding=\"async\" class=\"product-img\" width=\"80px\" height=\"80px\" src=\"https:\/\/cdn2.primor.eu\/media\/catalog\/product\/cache\/8d3aba296f7a18b5251ee30fa5db42b2\/C\/e\/Ceramidy_5__30ml_5902539716023_5229.png\" alt=\"Second Skin S\u00e9rum Ceramidas 5%\">\r\n                        <\/div>\r\n\r\n                        <!-- Contenido de producto  -->\r\n                        <div>\r\n                            <div class=\"product-position\">\r\n                                #1 Top Ventas                            <\/div>\r\n\r\n                            <h2>\r\n                                Second Skin S\u00e9rum Ceramidas 5%                            <\/h2>\r\n                        <\/div>\r\n\r\n                        <!-- Imagen y\/o nombre de la marca -->\r\n                        <div>\r\n                                                            <img decoding=\"async\" width=\"70\" src=\"https:\/\/www.primor.eu\/media\/catalog\/category\/nacomi.jpg\" alt=\"\">\r\n                                                    <\/div>\r\n\r\n                        <!-- Puntuaci\u00f3n del producto  -->\r\n                        <div class=\"rating\">\r\n                                                            <div class=\"rate\" style=\"--p:98;\"><\/div>\r\n                                <b>4.9\/5<\/b>\r\n                                <div class=\"rate-stars\">\r\n                                                                            <div\r\n                                            class=\"rate-star  \">\r\n                                        <\/div>\r\n                                                                            <div\r\n                                            class=\"rate-star  \">\r\n                                        <\/div>\r\n                                                                            <div\r\n                                            class=\"rate-star  \">\r\n                                        <\/div>\r\n                                                                            <div\r\n                                            class=\"rate-star  \">\r\n                                        <\/div>\r\n                                                                            <div\r\n                                            class=\"rate-star  \">\r\n                                        <\/div>\r\n                                                                    <\/div>\r\n                                                    <\/div>\r\n\r\n                        <!-- Bot\u00f3n de producto  -->\r\n                        <div>\r\n                            <span class=\"price-claim\">\r\n                                VER PRECIO                            <\/span>\r\n                        <\/div>\r\n                    <\/a>\r\n                                    <a href=\"https:\/\/www.primor.eu\/es_es\/kiehl-s-micro-dose-anti-aging-retinol-serum-with-ceramides-and-peptide-serum-antiedad-106328.html?#854=66334\" class=\"product-item grid-table-rows\" target=\"_blank\">\r\n                        <div>\r\n                            <img decoding=\"async\" class=\"product-img\" width=\"80px\" height=\"80px\" src=\"https:\/\/cdn2.primor.eu\/media\/catalog\/product\/cache\/8d3aba296f7a18b5251ee30fa5db42b2\/0\/T\/0TF21314_1_0514.jpg\" alt=\"Micro-Dose Anti-Aging Retinol Serum with Ceramides and Peptide Serum Antiedad\">\r\n                        <\/div>\r\n\r\n                        <!-- Contenido de producto  -->\r\n                        <div>\r\n                            <div class=\"product-position\">\r\n                                #2                            <\/div>\r\n\r\n                            <h2>\r\n                                Micro-Dose Anti-Aging Retinol Serum with Ceramides and Peptide Serum Antiedad                            <\/h2>\r\n                        <\/div>\r\n\r\n                        <!-- Imagen y\/o nombre de la marca -->\r\n                        <div>\r\n                                                            <img decoding=\"async\" width=\"70\" src=\"https:\/\/www.primor.eu\/media\/catalog\/category\/Kiehls.png\" alt=\"Kiehl s\">\r\n                                                    <\/div>\r\n\r\n                        <!-- Puntuaci\u00f3n del producto  -->\r\n                        <div class=\"rating\">\r\n                                                            <div class=\"rate\" style=\"--p:96;\"><\/div>\r\n                                <b>4.8\/5<\/b>\r\n                                <div class=\"rate-stars\">\r\n                                                                            <div\r\n                                            class=\"rate-star  \">\r\n                                        <\/div>\r\n                                                                            <div\r\n                                            class=\"rate-star  \">\r\n                                        <\/div>\r\n                                                                            <div\r\n                                            class=\"rate-star  \">\r\n                                        <\/div>\r\n                                                                            <div\r\n                                            class=\"rate-star  \">\r\n                                        <\/div>\r\n                                                                            <div\r\n                                            class=\"rate-star  \">\r\n                                        <\/div>\r\n                                                                    <\/div>\r\n                                                    <\/div>\r\n\r\n                        <!-- Bot\u00f3n de producto  -->\r\n                        <div>\r\n                            <span class=\"price-claim\">\r\n                                VER PRECIO                            <\/span>\r\n                        <\/div>\r\n                    <\/a>\r\n                                    <a href=\"https:\/\/www.primor.eu\/es_es\/mario-badescu-serum-hidratante-con-hierbas-67647.html\" class=\"product-item grid-table-rows\" target=\"_blank\">\r\n                        <div>\r\n                            <img decoding=\"async\" class=\"product-img\" width=\"80px\" height=\"80px\" src=\"https:\/\/cdn2.primor.eu\/media\/catalog\/product\/cache\/8d3aba296f7a18b5251ee30fa5db42b2\/0\/T\/0TF22637_1_8d93.jpg\" alt=\"S\u00e9rum Hidratante con Hierbas\">\r\n                        <\/div>\r\n\r\n                        <!-- Contenido de producto  -->\r\n                        <div>\r\n                            <div class=\"product-position\">\r\n                                #3                            <\/div>\r\n\r\n                            <h2>\r\n                                S\u00e9rum Hidratante con Hierbas                            <\/h2>\r\n                        <\/div>\r\n\r\n                        <!-- Imagen y\/o nombre de la marca -->\r\n                        <div>\r\n                                                            <img decoding=\"async\" width=\"70\" src=\"https:\/\/www.primor.eu\/media\/catalog\/category\/Mario-Badescu.jpg\" alt=\"\">\r\n                                                    <\/div>\r\n\r\n                        <!-- Puntuaci\u00f3n del producto  -->\r\n                        <div class=\"rating\">\r\n                                                            <p>No hay valoraciones disponibles<\/p>\r\n                                                    <\/div>\r\n\r\n                        <!-- Bot\u00f3n de producto  -->\r\n                        <div>\r\n                            <span class=\"price-claim\">\r\n                                VER PRECIO                            <\/span>\r\n                        <\/div>\r\n                    <\/a>\r\n                                    <a href=\"https:\/\/www.primor.eu\/es_es\/vichy-liftactiv-supreme-h-a-epidermic-filler-16094.html\" class=\"product-item grid-table-rows\" target=\"_blank\">\r\n                        <div>\r\n                            <img decoding=\"async\" class=\"product-img\" width=\"80px\" height=\"80px\" src=\"https:\/\/cdn2.primor.eu\/media\/catalog\/product\/cache\/8d3aba296f7a18b5251ee30fa5db42b2\/3\/3\/3337875719209_15b8.jpg\" alt=\"Liftactiv Supreme H.A Epidermic Filler\">\r\n                        <\/div>\r\n\r\n                        <!-- Contenido de producto  -->\r\n                        <div>\r\n                            <div class=\"product-position\">\r\n                                #4                            <\/div>\r\n\r\n                            <h2>\r\n                                Liftactiv Supreme H.A Epidermic Filler                            <\/h2>\r\n                        <\/div>\r\n\r\n                        <!-- Imagen y\/o nombre de la marca -->\r\n                        <div>\r\n                                                            <img decoding=\"async\" width=\"70\" src=\"https:\/\/www.primor.eu\/media\/catalog\/category\/vichy.png\" alt=\"\">\r\n                                                    <\/div>\r\n\r\n                        <!-- Puntuaci\u00f3n del producto  -->\r\n                        <div class=\"rating\">\r\n                                                            <div class=\"rate\" style=\"--p:94;\"><\/div>\r\n                                <b>4.7\/5<\/b>\r\n                                <div class=\"rate-stars\">\r\n                                                                            <div\r\n                                            class=\"rate-star  \">\r\n                                        <\/div>\r\n                                                                            <div\r\n                                            class=\"rate-star  \">\r\n                                        <\/div>\r\n                                                                            <div\r\n                                            class=\"rate-star  \">\r\n                                        <\/div>\r\n                                                                            <div\r\n                                            class=\"rate-star  \">\r\n                                        <\/div>\r\n                                                                            <div\r\n                                            class=\"rate-star  \">\r\n                                        <\/div>\r\n                                                                    <\/div>\r\n                                                    <\/div>\r\n\r\n                        <!-- Bot\u00f3n de producto  -->\r\n                        <div>\r\n                            <span class=\"price-claim\">\r\n                                VER PRECIO                            <\/span>\r\n                        <\/div>\r\n                    <\/a>\r\n                                    <a href=\"https:\/\/www.primor.eu\/es_es\/glow-skin-glow-serum-de-ojos-vitamina-c-ceramidas-128823.html\" class=\"product-item grid-table-rows\" target=\"_blank\">\r\n                        <div>\r\n                            <img decoding=\"async\" class=\"product-img\" width=\"80px\" height=\"80px\" src=\"https:\/\/cdn2.primor.eu\/media\/catalog\/product\/cache\/8d3aba296f7a18b5251ee30fa5db42b2\/8\/f\/8f4be52d14daff2d142282d755811ef7cf3c287d.png_9d90.jpeg\" alt=\"Skin Glow Serum de Ojos Vitamina C - Ceramidas\">\r\n                        <\/div>\r\n\r\n                        <!-- Contenido de producto  -->\r\n                        <div>\r\n                            <div class=\"product-position\">\r\n                                #5                            <\/div>\r\n\r\n                            <h2>\r\n                                Skin Glow Serum de Ojos Vitamina C - Ceramidas                            <\/h2>\r\n                        <\/div>\r\n\r\n                        <!-- Imagen y\/o nombre de la marca -->\r\n                        <div>\r\n                                                            <img decoding=\"async\" width=\"70\" src=\"https:\/\/www.primor.eu\/media\/catalog\/category\/glow.jpeg\" alt=\"\">\r\n                                                    <\/div>\r\n\r\n                        <!-- Puntuaci\u00f3n del producto  -->\r\n                        <div class=\"rating\">\r\n                                                            <div class=\"rate\" style=\"--p:20;\"><\/div>\r\n                                <b>1\/5<\/b>\r\n                                <div class=\"rate-stars\">\r\n                                                                            <div\r\n                                            class=\"rate-star  \">\r\n                                        <\/div>\r\n                                                                            <div\r\n                                            class=\"rate-star disable \">\r\n                                        <\/div>\r\n                                                                            <div\r\n                                            class=\"rate-star disable \">\r\n                                        <\/div>\r\n                                                                            <div\r\n                                            class=\"rate-star disable \">\r\n                                        <\/div>\r\n                                                                            <div\r\n                                            class=\"rate-star disable \">\r\n                                        <\/div>\r\n                                                                    <\/div>\r\n                                                    <\/div>\r\n\r\n                        <!-- Bot\u00f3n de producto  -->\r\n                        <div>\r\n                            <span class=\"price-claim\">\r\n                                VER PRECIO                            <\/span>\r\n                        <\/div>\r\n                    <\/a>\r\n                            <\/product-list>\r\n        <\/product-table>\r\n\r\n        \n\n\n\n<h3 class=\"wp-block-heading\">Second Skin S\u00e9rum Ceramidas 5%\u00a0 de Nacomi<\/h3>\n\n\n\n<p>Suero facial que contiene hasta 4 tipos de ceramidas, es decir, sustancias que apoyan y refuerzan perfectamente la barrera hidrolip\u00eddica de la piel, adem\u00e1s de reconstruir, suavizar y calmar.<\/p>\n\n\n\n<p>La composici\u00f3n se ha enriquecido con aceites de maracuy\u00e1 y semillas de Sacha Inchi, as\u00ed como con un complejo pept\u00eddico antiarrugas.<\/p>\n\n\n    <a class='product' target='_blank' href='https:\/\/www.primor.eu\/es_es\/nacomi-second-skin-serum-ceramidas-5-16354.html'>\r\n        <img loading='async' src='https:\/\/cdn2.primor.eu\/media\/catalog\/product\/cache\/8d3aba296f7a18b5251ee30fa5db42b2\/C\/e\/Ceramidy_5__30ml_5902539716023_5229.png' alt='COMPRAR AHORA'>\r\n            <div class=\"claim\">\r\n                COMPRAR AHORA            <\/div>\r\n        <\/a>\r\n    \n\n\n<h3 class=\"wp-block-heading\">Serum Antiedad de Retinol, Ceramidas y P\u00e9ptidos de Kiehl's&nbsp;<\/h3>\n\n\n\n<p>Est\u00e1 formulado con retinol puro en una micro dosis diaria, junto con ceramidas y p\u00e9ptidos, para promover la renovaci\u00f3n suave de la superficie de la piel para una piel de aspecto juvenil. La formulaci\u00f3n precisa de microdosis de este tratamiento ofrece resultados visibles con un m\u00ednimo de enrojecimiento, sequedad o descamaci\u00f3n visibles. Las arrugas se reducen visiblemente, la piel est\u00e1 m\u00e1s firme, los poros aparecen minimizados y el tono y la textura de la piel son m\u00e1s uniformes.<\/p>\n\n\n    <a class='product' target='_blank' href='https:\/\/www.primor.eu\/es_es\/kiehl-s-micro-dose-anti-aging-retinol-serum-with-ceramides-and-peptide-serum-antiedad-106328.html?#854=66334'>\r\n        <img loading='async' src='https:\/\/cdn2.primor.eu\/media\/catalog\/product\/cache\/8d3aba296f7a18b5251ee30fa5db42b2\/0\/T\/0TF21314_1_0514.jpg' alt='COMPRAR AHORA'>\r\n            <div class=\"claim\">\r\n                COMPRAR AHORA            <\/div>\r\n        <\/a>\r\n    \n\n\n<h3 class=\"wp-block-heading\">S\u00e9rum Hidratante con Hierbas de Mario Badescu<\/h3>\n\n\n\n<p>Es ideal para refrescar la piel y contrarestar la p\u00e9rdida de hidrataci\u00f3n. Gracias a su f\u00f3rmula rica en ingredientes como las ceramidas, ginkgo y ginseng que ayudan a suavizar, hidratar y reavivar para un acabado radiante.<\/p>\n\n\n    <a class='product' target='_blank' href='https:\/\/www.primor.eu\/es_es\/mario-badescu-serum-hidratante-con-hierbas-67647.html'>\r\n        <img loading='async' src='https:\/\/cdn2.primor.eu\/media\/catalog\/product\/cache\/8d3aba296f7a18b5251ee30fa5db42b2\/0\/T\/0TF22637_1_8d93.jpg' alt='COMPRAR AHORA'>\r\n            <div class=\"claim\">\r\n                COMPRAR AHORA            <\/div>\r\n        <\/a>\r\n    \n\n\n<h3 class=\"wp-block-heading\">Liftactiv Supreme H.A Epidermic Filler S\u00e9rum Antiarrugas de Vichy<\/h3>\n\n\n\n<p>Cuenta con una f\u00f3rmula hipoalerg\u00e9nica, sin perfume y testada dermatol\u00f3gicamente, lo que lo convierte en un tratamiento adecuado tanto para la prevenci\u00f3n como para la correcci\u00f3n de los signos del envejecimiento. Gracias a la experiencia de VICHY, este s\u00e9rum antiarrugas ofrece un cuidado integral para mejorar la apariencia del rostro y el contorno de los ojos.<\/p>\n\n\n    <a class='product' target='_blank' href='https:\/\/www.primor.eu\/es_es\/vichy-liftactiv-supreme-h-a-epidermic-filler-16094.html'>\r\n        <img loading='async' src='https:\/\/cdn2.primor.eu\/media\/catalog\/product\/cache\/8d3aba296f7a18b5251ee30fa5db42b2\/3\/3\/3337875719209_15b8.jpg' alt='COMPRAR AHORA'>\r\n            <div class=\"claim\">\r\n                COMPRAR AHORA            <\/div>\r\n        <\/a>\r\n    \n\n\n<h3 class=\"wp-block-heading\">Skin Glow Serum de Ojos Vitamina C &amp; Ceramidas de Glow<\/h3>\n\n\n\n<p>\u00a1Prep\u00e1rate para brillar con el Suero Glow Skin Glow Eye! Enriquecido con vitamina C y ceramidas, este suero iluminador te har\u00e1 brillar por dentro y por fuera. \u00a1Es hora de expresarte y disfrutar de tu resplandor!<\/p>\n\n\n    <a class='product' target='_blank' href='https:\/\/www.primor.eu\/es_es\/glow-skin-glow-serum-de-ojos-vitamina-c-ceramidas-128823.html'>\r\n        <img loading='async' src='https:\/\/cdn2.primor.eu\/media\/catalog\/product\/cache\/8d3aba296f7a18b5251ee30fa5db42b2\/8\/f\/8f4be52d14daff2d142282d755811ef7cf3c287d.png_9d90.jpeg' alt='COMPRAR AHORA'>\r\n            <div class=\"claim\">\r\n                COMPRAR AHORA            <\/div>\r\n        <\/a>\r\n    \n\n\n<h3 class=\"wp-block-heading\">Teen Again S\u00e9rum de Noche Retinol y Ceramidas de Look at me<\/h3>\n\n\n\n<p>Est\u00e1 formulado para el cuidado nocturno del rostro y para actuar mientras la piel descansa. Este s\u00e9rum de noche de LOOK AT ME combina retinol, ceramidas y niacinamida, ayudando a mejorar el estado general de la piel de forma progresiva. LOOK AT ME Teen Again S\u00e9rum de Noche Retinol y Ceramidas se integra f\u00e1cilmente en la rutina nocturna como un paso clave de tratamiento.<\/p>\n\n\n    <a class='product' target='_blank' href='https:\/\/www.primor.eu\/es_es\/look-at-me-teen-again-serum-de-noche-retinol-y-ceramidas-137996.html'>\r\n        <img loading='async' src='https:\/\/cdn2.primor.eu\/media\/catalog\/product\/cache\/8d3aba296f7a18b5251ee30fa5db42b2\/l\/o\/look_at_me_teen_again_serum_de_noche_con_retinol_y_ceramidas_1_86732_528d.jpeg' alt='COMPRAR AHORA'>\r\n            <div class=\"claim\">\r\n                COMPRAR AHORA            <\/div>\r\n        <\/a>\r\n    \n\n\n<h3 class=\"wp-block-heading\">Estuche Advanced Ceramide Lift &amp; Firm Crema de D\u00eda SPF15 de Elizabeth Arden<\/h3>\n\n\n\n<p>Este exclusivo cofre ofrece la perfecta rutina de cuidado facial, combinando la potencia de las ceramidas con ingredientes restauradores que transforman tu piel.&nbsp;<\/p>\n\n\n\n<ul class=\"wp-block-list\">\n<li><strong>Crema de D\u00eda Advanced Ceramide Lift and Firm SPF 15 50ml:<\/strong>\u00a0Esta f\u00f3rmula hidratante y concentrada est\u00e1 repleta de ingredientes que restauran la piel, dej\u00e1ndola m\u00e1s firme y suave. Con ceramidas, p\u00e9ptidos, alga roja y extracto de edelweiss, esta crema no solo alisa l\u00edneas de expresi\u00f3n y arrugas, sino que tambi\u00e9n reafirma y remodela el contorno facial.<\/li>\n\n\n\n<li><strong>Crema de Noche Advanced Ceramide Lift and Firm 15 ml:\u00a0<\/strong>Esta crema rica en ceramidas y p\u00e9ptidos trabaja mientras duermes, reforzando la barrera cut\u00e1nea y proporcionando una hidrataci\u00f3n profunda. Despierta con una piel m\u00e1s firme, lisa y rejuvenecida, lista para enfrentar un nuevo d\u00eda.<\/li>\n\n\n\n<li><strong>S\u00e9rum Advanced Ceramide Daily Youth 14 caps:<\/strong>\u00a0Con una potente combinaci\u00f3n de ceramidas, colesterol y \u00e1cidos grasos, ayudan a restaurar la barrera cut\u00e1nea y a mantener la hidrataci\u00f3n. Con su uso regular, notar\u00e1s una piel visiblemente m\u00e1s suave, firme y saludable.<\/li>\n<\/ul>\n\n\n    <a class='product' target='_blank' href='https:\/\/www.primor.eu\/es_es\/elizabeth-arden-estuche-advanced-ceramide-lift-firm-crema-de-dia-spf15-135036.html'>\r\n        <img loading='async' src='https:\/\/cdn2.primor.eu\/media\/catalog\/product\/cache\/8d3aba296f7a18b5251ee30fa5db42b2\/s\/e\/set_a4fd.JPG' alt='COMPRAR AHORA'>\r\n            <div class=\"claim\">\r\n                COMPRAR AHORA            <\/div>\r\n        <\/a>\r\n    \n\n\n<h3 class=\"wp-block-heading\">Serum Facial Reparador Encapsulated Ceramides de Beauty Drops<\/h3>\n\n\n\n<p>Contribuye a reducir imperfecciones visibles, ayudar a regular el exceso de sebo y apoyar la apariencia de poros m\u00e1s definidos. El uso continuado del Serum Facial Reparador Encapsulated Ceramides de BEAUTY DROPS ayuda a mantener la piel con un aspecto equilibrado y uniforme, evitando brillos no deseados.<\/p>\n\n\n    <a class='product' target='_blank' href='https:\/\/www.primor.eu\/es_es\/beauty-drops-serum-facial-reparador-encapsulated-ceramides-138037.html'>\r\n        <img loading='async' src='https:\/\/cdn2.primor.eu\/media\/catalog\/product\/cache\/8d3aba296f7a18b5251ee30fa5db42b2\/B\/D\/BD_MOLECULES_CERAMIDES_1d04.jpg' alt='COMPRAR AHORA'>\r\n            <div class=\"claim\">\r\n                COMPRAR AHORA            <\/div>\r\n        <\/a>\r\n    \n\n<div class=\"kk-star-ratings kksr-auto kksr-align-center kksr-valign-bottom\"\n    data-payload='{&quot;align&quot;:&quot;center&quot;,&quot;id&quot;:&quot;98821&quot;,&quot;slug&quot;:&quot;default&quot;,&quot;valign&quot;:&quot;bottom&quot;,&quot;ignore&quot;:&quot;&quot;,&quot;reference&quot;:&quot;auto&quot;,&quot;class&quot;:&quot;&quot;,&quot;count&quot;:&quot;0&quot;,&quot;legendonly&quot;:&quot;&quot;,&quot;readonly&quot;:&quot;&quot;,&quot;score&quot;:&quot;0&quot;,&quot;starsonly&quot;:&quot;&quot;,&quot;best&quot;:&quot;5&quot;,&quot;gap&quot;:&quot;5&quot;,&quot;greet&quot;:&quot;Valora este art\u00edculo&quot;,&quot;legend&quot;:&quot;0\\\/5 - (0 votos)&quot;,&quot;size&quot;:&quot;24&quot;,&quot;title&quot;:&quot;Los 8 mejores serum con ceramidas para una piel joven y sin imperfecciones&quot;,&quot;width&quot;:&quot;0&quot;,&quot;_legend&quot;:&quot;{score}\\\/{best} - ({count} {votes})&quot;,&quot;font_factor&quot;:&quot;1.25&quot;}'>\n            \n<div class=\"kksr-stars\">\n    \n<div class=\"kksr-stars-inactive\">\n            <div class=\"kksr-star\" data-star=\"1\" style=\"padding-right: 5px\">\n            \n\n<div class=\"kksr-icon\" style=\"width: 24px; height: 24px;\"><\/div>\n        <\/div>\n            <div class=\"kksr-star\" data-star=\"2\" style=\"padding-right: 5px\">\n            \n\n<div class=\"kksr-icon\" style=\"width: 24px; height: 24px;\"><\/div>\n        <\/div>\n            <div class=\"kksr-star\" data-star=\"3\" style=\"padding-right: 5px\">\n            \n\n<div class=\"kksr-icon\" style=\"width: 24px; height: 24px;\"><\/div>\n        <\/div>\n            <div class=\"kksr-star\" data-star=\"4\" style=\"padding-right: 5px\">\n            \n\n<div class=\"kksr-icon\" style=\"width: 24px; height: 24px;\"><\/div>\n        <\/div>\n            <div class=\"kksr-star\" data-star=\"5\" style=\"padding-right: 5px\">\n            \n\n<div class=\"kksr-icon\" style=\"width: 24px; height: 24px;\"><\/div>\n        <\/div>\n    <\/div>\n    \n<div class=\"kksr-stars-active\" style=\"width: 0px;\">\n            <div class=\"kksr-star\" style=\"padding-right: 5px\">\n            \n\n<div class=\"kksr-icon\" style=\"width: 24px; height: 24px;\"><\/div>\n        <\/div>\n            <div class=\"kksr-star\" style=\"padding-right: 5px\">\n            \n\n<div class=\"kksr-icon\" style=\"width: 24px; height: 24px;\"><\/div>\n        <\/div>\n            <div class=\"kksr-star\" style=\"padding-right: 5px\">\n            \n\n<div class=\"kksr-icon\" style=\"width: 24px; height: 24px;\"><\/div>\n        <\/div>\n            <div class=\"kksr-star\" style=\"padding-right: 5px\">\n            \n\n<div class=\"kksr-icon\" style=\"width: 24px; height: 24px;\"><\/div>\n        <\/div>\n            <div class=\"kksr-star\" style=\"padding-right: 5px\">\n            \n\n<div class=\"kksr-icon\" style=\"width: 24px; height: 24px;\"><\/div>\n        <\/div>\n    <\/div>\n<\/div>\n                \n\n<div class=\"kksr-legend\" style=\"font-size: 19.2px;\">\n            <span class=\"kksr-muted\">Valora este art\u00edculo<\/span>\n    <\/div>\n    <\/div>\n","protected":false},"excerpt":{"rendered":"<p>Ya hemos o\u00eddo hablar de las maravillas de las ceramidas, sobre todo, a la hora de hablar de las pieles sensibles. Por eso, conviene tener muy presente la posibilidad de incluir en tu rutina de belleza alguno de los mejores s\u00e9rums con ceramidas del mercado. Porque no, no todos son iguales.&nbsp; Beneficios de las ceramidas [&hellip;]<\/p>\n","protected":false},"author":14,"featured_media":98822,"comment_status":"closed","ping_status":"closed","sticky":false,"template":"","format":"standard","meta":{"jnews-multi-image_gallery":[],"jnews_single_post":{"subtitle":"","format":"standard","video":"","gallery":"","source_name":"","source_url":"","via_name":"","via_url":"","override_template":"0","override":[{"template":"1","single_blog_custom":"","parallax":"1","fullscreen":"1","layout":"right-sidebar","sidebar":"home-2","second_sidebar":"default-sidebar","sticky_sidebar":"0","share_position":"float","share_float_style":"share-monocrhome","show_share_counter":"0","show_view_counter":"0","show_featured":"1","show_post_meta":"1","show_post_author":"0","show_post_author_image":"1","show_post_date":"1","post_date_format":"default","post_date_format_custom":"Y\/m\/d","show_post_category":"1","show_post_reading_time":"0","post_reading_time_wpm":"300","show_zoom_button":"0","zoom_button_out_step":"2","zoom_button_in_step":"3","show_post_tag":"0","show_prev_next_post":"0","show_popup_post":"0","number_popup_post":"2","show_author_box":"0","show_post_related":"0","show_inline_post_related":"1"}],"override_image_size":"0","image_override":[{"single_post_thumbnail_size":"no-crop","single_post_gallery_size":"crop-500"}],"trending_post":"0","trending_post_position":"meta","trending_post_label":"Trending","sponsored_post":"0","sponsored_post_label":"Sponsored by","sponsored_post_name":"","sponsored_post_url":"","sponsored_post_logo_enable":"0","sponsored_post_logo":"","sponsored_post_desc":"","disable_ad":"0"},"jnews_primary_category":{"id":"","hide":""},"jnews_social_meta":{"fb_title":"","fb_description":"","fb_image":"","twitter_title":"","twitter_description":"","twitter_image":""},"jnews_override_counter":{"override_view_counter":"0","view_counter_number":"0","override_share_counter":"0","share_counter_number":"0","override_like_counter":"0","like_counter_number":"0","override_dislike_counter":"0","dislike_counter_number":"0"},"footnotes":""},"categories":[29],"tags":[],"class_list":["post-98821","post","type-post","status-publish","format-standard","has-post-thumbnail","hentry","category-cosmetica"],"_links":{"self":[{"href":"https:\/\/www.primor.eu\/blog\/wp-json\/wp\/v2\/posts\/98821","targetHints":{"allow":["GET"]}}],"collection":[{"href":"https:\/\/www.primor.eu\/blog\/wp-json\/wp\/v2\/posts"}],"about":[{"href":"https:\/\/www.primor.eu\/blog\/wp-json\/wp\/v2\/types\/post"}],"author":[{"embeddable":true,"href":"https:\/\/www.primor.eu\/blog\/wp-json\/wp\/v2\/users\/14"}],"replies":[{"embeddable":true,"href":"https:\/\/www.primor.eu\/blog\/wp-json\/wp\/v2\/comments?post=98821"}],"version-history":[{"count":4,"href":"https:\/\/www.primor.eu\/blog\/wp-json\/wp\/v2\/posts\/98821\/revisions"}],"predecessor-version":[{"id":140362,"href":"https:\/\/www.primor.eu\/blog\/wp-json\/wp\/v2\/posts\/98821\/revisions\/140362"}],"wp:featuredmedia":[{"embeddable":true,"href":"https:\/\/www.primor.eu\/blog\/wp-json\/wp\/v2\/media\/98822"}],"wp:attachment":[{"href":"https:\/\/www.primor.eu\/blog\/wp-json\/wp\/v2\/media?parent=98821"}],"wp:term":[{"taxonomy":"category","embeddable":true,"href":"https:\/\/www.primor.eu\/blog\/wp-json\/wp\/v2\/categories?post=98821"},{"taxonomy":"post_tag","embeddable":true,"href":"https:\/\/www.primor.eu\/blog\/wp-json\/wp\/v2\/tags?post=98821"}],"curies":[{"name":"wp","href":"https:\/\/api.w.org\/{rel}","templated":true}]}}