{"id":98103,"date":"2025-05-30T13:56:31","date_gmt":"2025-05-30T13:56:31","guid":{"rendered":"https:\/\/www.primor.eu\/blog\/?p=98103"},"modified":"2025-10-27T11:42:07","modified_gmt":"2025-10-27T11:42:07","slug":"mejores-cremas-cosmetica-coreana","status":"publish","type":"post","link":"https:\/\/www.primor.eu\/blog\/mejores-cremas-cosmetica-coreana\/","title":{"rendered":"El secreto de la juventud coreana con las 3 mejores cremas de su cosm\u00e9tica"},"content":{"rendered":"\n<p>A la hora de cuidar nuestra piel, los productos con los que lo hagas son primordiales. Por ese motivo, te recomendamos utilizar las<a href=\"https:\/\/www.primor.eu\/es_es\/cosmetica-coreana\" data-type=\"link\" data-id=\"https:\/\/www.primor.eu\/es_es\/cosmetica-coreana\"> <strong>mejores cremas coreanas<\/strong><\/a>. A lo largo del d\u00eda nuestra piel se enfrenta a muchos factores que debilitan su aspecto, desde la <strong>exposici\u00f3n solar<\/strong> hasta <strong>cambios de temperatura, poluci\u00f3n, la radiaci\u00f3n de las pantallas<\/strong>, entre otros. Estos mismos agentes apagan tu rostro y lo envejecen, haciendo que se deshidrate y favoreciendo se\u00f1ales del paso del tiempo como <strong>arrugas, manchas o l\u00edneas de expresi\u00f3n<\/strong>. Las cremas faciales est\u00e1n dise\u00f1adas para ayudar a tu piel a combatir los efectos del paso del tiempo, eliminando imperfecciones, previniendo su futura aparici\u00f3n y fortaleciendo la barrera cut\u00e1nea.<\/p>\n\n\n\n<p>Pero \u00bfpor qu\u00e9 usar una coreana? Es sencillo, porque nos llevan siglos de ventajas a las occidentales. Las <strong>pieles coreanas<\/strong> siempre han sido sin\u00f3nimo de cuidado, presumiendo de una piel uniforme y sin imperfecciones. \u00bfC\u00f3mo? <strong>Gracias a sus rutinas de belleza<\/strong>. La <a href=\"https:\/\/www.primor.eu\/blog\/cosmetica-coreana\/\">cosm\u00e9tica coreana <\/a>integra todas las tradiciones milenarias del cuidado de la piel, aunando la innovaci\u00f3n en la ciencia de belleza con los procesos de la antig\u00fcedad. Son <strong>tratamientos con f\u00f3rmulas sencillas<\/strong>, pero muy eficaces que proporcionan una piel lisa, radiante y mucho m\u00e1s joven. Veamos algunas de las favoritas que enamoran a los expertos.&nbsp;<\/p>\n\n\n\n<h2 class=\"wp-block-heading\">Las mejores cremas faciales coreanas&nbsp;<\/h2>\n\n\n        <product-table class=\"pr-slider\">\r\n            <product-headers class=\"grid-table-rows\">\r\n                <div>Foto<\/div>\r\n                <div>Producto<\/div>\r\n                <div>Marca<\/div>\r\n                <div>Valoraciones<\/div>\r\n                <div>Precio<\/div>\r\n            <\/product-headers>\r\n\r\n            <product-list>\r\n                                    <a href=\"https:\/\/www.primor.eu\/es_es\/hada-labo-tokyo-protector-solar-facial-crema-spf50-112983.html?#863=78866\" class=\"product-item grid-table-rows\" target=\"_blank\">\r\n                        <div>\r\n                            <img decoding=\"async\" class=\"product-img\" width=\"80px\" height=\"80px\" src=\"https:\/\/cdn2.primor.eu\/media\/catalog\/product\/cache\/8d3aba296f7a18b5251ee30fa5db42b2\/5\/9\/5900525062802_5d94.jpg\" alt=\"Protector Solar Facial Crema SPF50\">\r\n                        <\/div>\r\n\r\n                        <!-- Contenido de producto  -->\r\n                        <div>\r\n                            <div class=\"product-position\">\r\n                                #1 Top Ventas                            <\/div>\r\n\r\n                            <h2>\r\n                                Protector Solar Facial Crema SPF50                            <\/h2>\r\n                        <\/div>\r\n\r\n                        <!-- Imagen y\/o nombre de la marca -->\r\n                        <div>\r\n                                                            <img decoding=\"async\" width=\"70\" src=\"https:\/\/www.primor.eu\/media\/catalog\/category\/Hada_Labo.jpg\" alt=\"Hada Labo Tokyo\">\r\n                                                    <\/div>\r\n\r\n                        <!-- Puntuaci\u00f3n del producto  -->\r\n                        <div class=\"rating\">\r\n                                                            <div class=\"rate\" style=\"--p:100;\"><\/div>\r\n                                <b>5\/5<\/b>\r\n                                <div class=\"rate-stars\">\r\n                                                                            <div\r\n                                            class=\"rate-star  \">\r\n                                        <\/div>\r\n                                                                            <div\r\n                                            class=\"rate-star  \">\r\n                                        <\/div>\r\n                                                                            <div\r\n                                            class=\"rate-star  \">\r\n                                        <\/div>\r\n                                                                            <div\r\n                                            class=\"rate-star  \">\r\n                                        <\/div>\r\n                                                                            <div\r\n                                            class=\"rate-star  \">\r\n                                        <\/div>\r\n                                                                    <\/div>\r\n                                                    <\/div>\r\n\r\n                        <!-- Bot\u00f3n de producto  -->\r\n                        <div>\r\n                            <span class=\"price-claim\">\r\n                                VER PRECIO                            <\/span>\r\n                        <\/div>\r\n                    <\/a>\r\n                                    <a href=\"https:\/\/www.primor.eu\/es_es\/frudia-gel-solar-control-sebo-green-grape-66534.html\" class=\"product-item grid-table-rows\" target=\"_blank\">\r\n                        <div>\r\n                            <img decoding=\"async\" class=\"product-img\" width=\"80px\" height=\"80px\" src=\"https:\/\/cdn2.primor.eu\/media\/catalog\/product\/cache\/8d3aba296f7a18b5251ee30fa5db42b2\/0\/T\/0TF22906_1_24ae.jpg\" alt=\"Gel Solar Control Sebo Green Grape\">\r\n                        <\/div>\r\n\r\n                        <!-- Contenido de producto  -->\r\n                        <div>\r\n                            <div class=\"product-position\">\r\n                                #2                            <\/div>\r\n\r\n                            <h2>\r\n                                Gel Solar Control Sebo Green Grape                            <\/h2>\r\n                        <\/div>\r\n\r\n                        <!-- Imagen y\/o nombre de la marca -->\r\n                        <div>\r\n                                                            <img decoding=\"async\" width=\"70\" src=\"https:\/\/www.primor.eu\/media\/catalog\/category\/frudia.png\" alt=\"\">\r\n                                                    <\/div>\r\n\r\n                        <!-- Puntuaci\u00f3n del producto  -->\r\n                        <div class=\"rating\">\r\n                                                            <div class=\"rate\" style=\"--p:94;\"><\/div>\r\n                                <b>4.7\/5<\/b>\r\n                                <div class=\"rate-stars\">\r\n                                                                            <div\r\n                                            class=\"rate-star  \">\r\n                                        <\/div>\r\n                                                                            <div\r\n                                            class=\"rate-star  \">\r\n                                        <\/div>\r\n                                                                            <div\r\n                                            class=\"rate-star  \">\r\n                                        <\/div>\r\n                                                                            <div\r\n                                            class=\"rate-star  \">\r\n                                        <\/div>\r\n                                                                            <div\r\n                                            class=\"rate-star  \">\r\n                                        <\/div>\r\n                                                                    <\/div>\r\n                                                    <\/div>\r\n\r\n                        <!-- Bot\u00f3n de producto  -->\r\n                        <div>\r\n                            <span class=\"price-claim\">\r\n                                VER PRECIO                            <\/span>\r\n                        <\/div>\r\n                    <\/a>\r\n                                    <a href=\"https:\/\/www.primor.eu\/es_es\/skin-1004-madagascar-centella-ampolla-iluminadora-de-tono-106422.html?#854=66334\" class=\"product-item grid-table-rows\" target=\"_blank\">\r\n                        <div>\r\n                            <img decoding=\"async\" class=\"product-img\" width=\"80px\" height=\"80px\" src=\"https:\/\/cdn2.primor.eu\/media\/catalog\/product\/cache\/8d3aba296f7a18b5251ee30fa5db42b2\/8\/8\/8809576261417_SKIN1004_MADAGASCAR_CENTELLA_TONE_AMPOULE_30ML_ceef.png\" alt=\"Madagascar Centella Ampolla Iluminadora de Tono\">\r\n                        <\/div>\r\n\r\n                        <!-- Contenido de producto  -->\r\n                        <div>\r\n                            <div class=\"product-position\">\r\n                                #3                            <\/div>\r\n\r\n                            <h2>\r\n                                Madagascar Centella Ampolla Iluminadora de Tono                            <\/h2>\r\n                        <\/div>\r\n\r\n                        <!-- Imagen y\/o nombre de la marca -->\r\n                        <div>\r\n                                                            <img decoding=\"async\" width=\"70\" src=\"https:\/\/www.primor.eu\/media\/catalog\/category\/skin_1004.jpg\" alt=\"Skin 1004\">\r\n                                                    <\/div>\r\n\r\n                        <!-- Puntuaci\u00f3n del producto  -->\r\n                        <div class=\"rating\">\r\n                                                            <div class=\"rate\" style=\"--p:98;\"><\/div>\r\n                                <b>4.9\/5<\/b>\r\n                                <div class=\"rate-stars\">\r\n                                                                            <div\r\n                                            class=\"rate-star  \">\r\n                                        <\/div>\r\n                                                                            <div\r\n                                            class=\"rate-star  \">\r\n                                        <\/div>\r\n                                                                            <div\r\n                                            class=\"rate-star  \">\r\n                                        <\/div>\r\n                                                                            <div\r\n                                            class=\"rate-star  \">\r\n                                        <\/div>\r\n                                                                            <div\r\n                                            class=\"rate-star  \">\r\n                                        <\/div>\r\n                                                                    <\/div>\r\n                                                    <\/div>\r\n\r\n                        <!-- Bot\u00f3n de producto  -->\r\n                        <div>\r\n                            <span class=\"price-claim\">\r\n                                VER PRECIO                            <\/span>\r\n                        <\/div>\r\n                    <\/a>\r\n                            <\/product-list>\r\n        <\/product-table>\r\n\r\n        \n\n\n\n<h3 class=\"wp-block-heading\">Protector Solar Facial Crema SPF50 de Hada Labo Tokyo<\/h3>\n\n\n\n<p>Una crema ligera desarrollada en laboratorios japoneses que proporciona una alta protecci\u00f3n contra los rayos solares. Esta crema facial utiliza filtros fotoestables de primera calidad para proteger la piel de las da\u00f1inas radiaciones UVA y UVB, principales causantes de manchas o decoloraciones cut\u00e1neas.<\/p>\n\n\n    <a class='product' target='_blank' href='https:\/\/www.primor.eu\/es_es\/hada-labo-tokyo-protector-solar-facial-crema-spf50-112983.html?#863=78866'>\r\n        <img loading='async' src='https:\/\/cdn2.primor.eu\/media\/catalog\/product\/cache\/8d3aba296f7a18b5251ee30fa5db42b2\/5\/9\/5900525062802_5d94.jpg' alt='COMPRAR AHORA'>\r\n            <div class=\"claim\">\r\n                COMPRAR AHORA            <\/div>\r\n        <\/a>\r\n    \n\n\n\n<h3 class=\"wp-block-heading\">Gel Solar Control Sebo Green Grape de Frudia<\/h3>\n\n\n\n<p>Protector solar sebo controladora SPF 50+<\/p>\n\n\n\n<p>Aplicar una cantidad adecuada de manera uniforme como \u00faltimo paso del cuidado de la piel.<\/p>\n\n\n    <a class='product' target='_blank' href='https:\/\/www.primor.eu\/es_es\/frudia-gel-solar-control-sebo-green-grape-66534.html'>\r\n        <img loading='async' src='https:\/\/cdn2.primor.eu\/media\/catalog\/product\/cache\/8d3aba296f7a18b5251ee30fa5db42b2\/0\/T\/0TF22906_1_24ae.jpg' alt='COMPRAR AHORA'>\r\n            <div class=\"claim\">\r\n                COMPRAR AHORA            <\/div>\r\n        <\/a>\r\n    \n\n\n\n<h3 class=\"wp-block-heading\">Madagascar Centella Ampolla Iluminadora de Tono de Skin 1004<\/h3>\n\n\n\n<p>Un t\u00f3nico de doble funci\u00f3n que proporciona una hidrataci\u00f3n profunda y mejora el tono de la piel.<\/p>\n\n\n\n<p>Contiene el ingrediente patentado MadeWhite\u2122, que consiste en extracto de centella asi\u00e1tica de Madagascar adem\u00e1s de niacinamida para brindar beneficios calmantes e iluminadores para la piel.<\/p>\n\n\n\n<p>Contiene extractos de papaya y manzana para eliminar suavemente las c\u00e9lulas muertas de la piel.<\/p>\n\n\n\n<p>Deja tu piel flexible, equilibrada e iluminada.<\/p>\n\n\n    <a class='product' target='_blank' href='https:\/\/www.primor.eu\/es_es\/skin-1004-madagascar-centella-ampolla-iluminadora-de-tono-106422.html?#854=66334'>\r\n        <img loading='async' src='https:\/\/cdn2.primor.eu\/media\/catalog\/product\/cache\/8d3aba296f7a18b5251ee30fa5db42b2\/8\/8\/8809576261417_SKIN1004_MADAGASCAR_CENTELLA_TONE_AMPOULE_30ML_ceef.png' alt='COMPRAR AHORA'>\r\n            <div class=\"claim\">\r\n                COMPRAR AHORA            <\/div>\r\n        <\/a>\r\n    \n\n\n<div class=\"kk-star-ratings kksr-auto kksr-align-center kksr-valign-bottom\"\n    data-payload='{&quot;align&quot;:&quot;center&quot;,&quot;id&quot;:&quot;98103&quot;,&quot;slug&quot;:&quot;default&quot;,&quot;valign&quot;:&quot;bottom&quot;,&quot;ignore&quot;:&quot;&quot;,&quot;reference&quot;:&quot;auto&quot;,&quot;class&quot;:&quot;&quot;,&quot;count&quot;:&quot;57&quot;,&quot;legendonly&quot;:&quot;&quot;,&quot;readonly&quot;:&quot;&quot;,&quot;score&quot;:&quot;1.8&quot;,&quot;starsonly&quot;:&quot;&quot;,&quot;best&quot;:&quot;5&quot;,&quot;gap&quot;:&quot;5&quot;,&quot;greet&quot;:&quot;Valora este art\u00edculo&quot;,&quot;legend&quot;:&quot;1.8\\\/5 - (57 votos)&quot;,&quot;size&quot;:&quot;24&quot;,&quot;title&quot;:&quot;El secreto de la juventud coreana con las 3 mejores cremas de su cosm\u00e9tica&quot;,&quot;width&quot;:&quot;49.7&quot;,&quot;_legend&quot;:&quot;{score}\\\/{best} - ({count} {votes})&quot;,&quot;font_factor&quot;:&quot;1.25&quot;}'>\n            \n<div class=\"kksr-stars\">\n    \n<div class=\"kksr-stars-inactive\">\n            <div class=\"kksr-star\" data-star=\"1\" style=\"padding-right: 5px\">\n            \n\n<div class=\"kksr-icon\" style=\"width: 24px; height: 24px;\"><\/div>\n        <\/div>\n            <div class=\"kksr-star\" data-star=\"2\" style=\"padding-right: 5px\">\n            \n\n<div class=\"kksr-icon\" style=\"width: 24px; height: 24px;\"><\/div>\n        <\/div>\n            <div class=\"kksr-star\" data-star=\"3\" style=\"padding-right: 5px\">\n            \n\n<div class=\"kksr-icon\" style=\"width: 24px; height: 24px;\"><\/div>\n        <\/div>\n            <div class=\"kksr-star\" data-star=\"4\" style=\"padding-right: 5px\">\n            \n\n<div class=\"kksr-icon\" style=\"width: 24px; height: 24px;\"><\/div>\n        <\/div>\n            <div class=\"kksr-star\" data-star=\"5\" style=\"padding-right: 5px\">\n            \n\n<div class=\"kksr-icon\" style=\"width: 24px; height: 24px;\"><\/div>\n        <\/div>\n    <\/div>\n    \n<div class=\"kksr-stars-active\" style=\"width: 49.7px;\">\n            <div class=\"kksr-star\" style=\"padding-right: 5px\">\n            \n\n<div class=\"kksr-icon\" style=\"width: 24px; height: 24px;\"><\/div>\n        <\/div>\n            <div class=\"kksr-star\" style=\"padding-right: 5px\">\n            \n\n<div class=\"kksr-icon\" style=\"width: 24px; height: 24px;\"><\/div>\n        <\/div>\n            <div class=\"kksr-star\" style=\"padding-right: 5px\">\n            \n\n<div class=\"kksr-icon\" style=\"width: 24px; height: 24px;\"><\/div>\n        <\/div>\n            <div class=\"kksr-star\" style=\"padding-right: 5px\">\n            \n\n<div class=\"kksr-icon\" style=\"width: 24px; height: 24px;\"><\/div>\n        <\/div>\n            <div class=\"kksr-star\" style=\"padding-right: 5px\">\n            \n\n<div class=\"kksr-icon\" style=\"width: 24px; height: 24px;\"><\/div>\n        <\/div>\n    <\/div>\n<\/div>\n                \n\n<div class=\"kksr-legend\" style=\"font-size: 19.2px;\">\n            1.8\/5 - (57 votos)    <\/div>\n    <\/div>\n","protected":false},"excerpt":{"rendered":"<p>A la hora de cuidar nuestra piel, los productos con los que lo hagas son primordiales. Por ese motivo, te recomendamos utilizar las mejores cremas coreanas. A lo largo del d\u00eda nuestra piel se enfrenta a muchos factores que debilitan su aspecto, desde la exposici\u00f3n solar hasta cambios de temperatura, poluci\u00f3n, la radiaci\u00f3n de las [&hellip;]<\/p>\n","protected":false},"author":14,"featured_media":98104,"comment_status":"closed","ping_status":"closed","sticky":false,"template":"","format":"standard","meta":{"jnews-multi-image_gallery":[],"jnews_single_post":{"subtitle":"","format":"standard","video":"","gallery":"","source_name":"","source_url":"","via_name":"","via_url":"","override_template":"0","override":[{"template":"1","single_blog_custom":"","parallax":"1","fullscreen":"1","layout":"right-sidebar","sidebar":"home-2","second_sidebar":"default-sidebar","sticky_sidebar":"0","share_position":"float","share_float_style":"share-monocrhome","show_share_counter":"0","show_view_counter":"0","show_featured":"1","show_post_meta":"1","show_post_author":"0","show_post_author_image":"1","show_post_date":"1","post_date_format":"default","post_date_format_custom":"Y\/m\/d","show_post_category":"1","show_post_reading_time":"0","post_reading_time_wpm":"300","show_zoom_button":"0","zoom_button_out_step":"2","zoom_button_in_step":"3","show_post_tag":"0","show_prev_next_post":"0","show_popup_post":"0","number_popup_post":"2","show_author_box":"0","show_post_related":"0","show_inline_post_related":"1"}],"override_image_size":"0","image_override":[{"single_post_thumbnail_size":"no-crop","single_post_gallery_size":"crop-500"}],"trending_post":"0","trending_post_position":"meta","trending_post_label":"Trending","sponsored_post":"0","sponsored_post_label":"Sponsored by","sponsored_post_name":"","sponsored_post_url":"","sponsored_post_logo_enable":"0","sponsored_post_logo":"","sponsored_post_desc":"","disable_ad":"0"},"jnews_primary_category":{"id":"","hide":""},"jnews_social_meta":{"fb_title":"","fb_description":"","fb_image":"","twitter_title":"","twitter_description":"","twitter_image":""},"jnews_override_counter":{"override_view_counter":"0","view_counter_number":"0","override_share_counter":"0","share_counter_number":"0","override_like_counter":"0","like_counter_number":"0","override_dislike_counter":"0","dislike_counter_number":"0"},"footnotes":""},"categories":[44],"tags":[],"class_list":["post-98103","post","type-post","status-publish","format-standard","has-post-thumbnail","hentry","category-cosmetica-coreana"],"_links":{"self":[{"href":"https:\/\/www.primor.eu\/blog\/wp-json\/wp\/v2\/posts\/98103","targetHints":{"allow":["GET"]}}],"collection":[{"href":"https:\/\/www.primor.eu\/blog\/wp-json\/wp\/v2\/posts"}],"about":[{"href":"https:\/\/www.primor.eu\/blog\/wp-json\/wp\/v2\/types\/post"}],"author":[{"embeddable":true,"href":"https:\/\/www.primor.eu\/blog\/wp-json\/wp\/v2\/users\/14"}],"replies":[{"embeddable":true,"href":"https:\/\/www.primor.eu\/blog\/wp-json\/wp\/v2\/comments?post=98103"}],"version-history":[{"count":8,"href":"https:\/\/www.primor.eu\/blog\/wp-json\/wp\/v2\/posts\/98103\/revisions"}],"predecessor-version":[{"id":133894,"href":"https:\/\/www.primor.eu\/blog\/wp-json\/wp\/v2\/posts\/98103\/revisions\/133894"}],"wp:featuredmedia":[{"embeddable":true,"href":"https:\/\/www.primor.eu\/blog\/wp-json\/wp\/v2\/media\/98104"}],"wp:attachment":[{"href":"https:\/\/www.primor.eu\/blog\/wp-json\/wp\/v2\/media?parent=98103"}],"wp:term":[{"taxonomy":"category","embeddable":true,"href":"https:\/\/www.primor.eu\/blog\/wp-json\/wp\/v2\/categories?post=98103"},{"taxonomy":"post_tag","embeddable":true,"href":"https:\/\/www.primor.eu\/blog\/wp-json\/wp\/v2\/tags?post=98103"}],"curies":[{"name":"wp","href":"https:\/\/api.w.org\/{rel}","templated":true}]}}