{"id":96550,"date":"2025-06-25T15:37:31","date_gmt":"2025-06-25T15:37:31","guid":{"rendered":"https:\/\/www.primor.eu\/blog\/?p=96550"},"modified":"2025-06-25T15:37:32","modified_gmt":"2025-06-25T15:37:32","slug":"corte-pelo-shaggy","status":"publish","type":"post","link":"https:\/\/www.primor.eu\/blog\/corte-pelo-shaggy\/","title":{"rendered":"C\u00f3mo es el corte shaggy y por qu\u00e9 es perfecto para todo tipo de cabellos seg\u00fan los expertos"},"content":{"rendered":"\n<p>Has o\u00eddo hablar de \u00e9l porque es uno de los m\u00e1s populares. Es el favorito de celebridades como Alexa Chung o <strong>Jennifer Aniston<\/strong>, y una de sus mayores cualidades es que nunca pasa de moda y que se puede adaptar a todo tipo de cabellos. Hablamos del<strong> corte de pelo shaggy.&nbsp;<\/strong><\/p>\n\n\n\n<p>El <strong>corte shaggy<\/strong> es un estilo de corte de pelo que se caracteriza por <strong>capas desiguales <\/strong>y textura despeinada. Este estilo a menudo tiene un aspecto desenfadado y moderno, y es popular tanto para cabellos largos como para cortos.<\/p>\n\n\n\n<h2 class=\"wp-block-heading\">C\u00f3mo es el corte de pelo shaggy y qu\u00e9 lo hace tan especial<\/h2>\n\n\n\n<p>Realmente lo que ya te anticip\u00e1bamos: es un corte de pelo que favorece a todas y que nunca pasa de moda. Sin embargo, se diferencia de otros por ciertas caracter\u00edsticas:<\/p>\n\n\n\n<ul class=\"wp-block-list\">\n<li><strong>Capas desiguales <\/strong>que proporcionan textura y movimiento al cabello. Las capas suelen ser m\u00e1s cortas en la parte superior y m\u00e1s largas hacia las puntas.<\/li>\n\n\n\n<li><strong>Textura despeinada. <\/strong>El objetivo es lograr una apariencia despeinada y natural. Las capas desiguales contribuyen a este efecto, creando un aspecto desestructurado y moderno.<\/li>\n\n\n\n<li><strong>Flequillo largo<\/strong> que se mezcla con las capas circundantes. El flequillo puede ser recto o despeinado, dependiendo del estilo personal.<\/li>\n\n\n\n<li><strong>Volumen y movimiento<\/strong>. El corte shaggy est\u00e1 dise\u00f1ado para agregar volumen y movimiento al cabello. Las capas texturizadas permiten que el cabello se vea m\u00e1s lleno y din\u00e1mico.<\/li>\n\n\n\n<li><strong>Ideal para diferentes longitudes<\/strong>, desde corto hasta largo. En cabellos cortos, las capas son m\u00e1s pronunciadas, mientras que en cabellos largos, las capas pueden ser m\u00e1s sutiles pero igualmente efectivas.<\/li>\n\n\n\n<li>Se adapta a <strong>diferentes texturas de cabello<\/strong>, incluyendo cabello liso, ondulado o rizado. La versatilidad del corte permite personalizarlo seg\u00fan las preferencias y caracter\u00edsticas individuales del cabello.<\/li>\n\n\n\n<li><strong>Estilo desenfadado<\/strong>. Puede ser una opci\u00f3n de corte f\u00e1cil de mantener y estilizar, ya que no requiere una apariencia pulida y perfecta.<\/li>\n\n\n\n<li><strong>Es muy vers\u00e1til <\/strong>y f\u00e1cil de mantener. Dependiendo de la longitud y la textura del cabello, el mantenimiento puede variar. En general, este corte a menudo es f\u00e1cil de mantener y estilizar.<\/li>\n\n\n\n<li><strong>Inspiraci\u00f3n retro<\/strong>. El corte shaggy tuvo su auge en la d\u00e9cada de 1970 y ha experimentado resurgimientos a lo largo de los a\u00f1os, manteniendo su encanto y estilo retro.<\/li>\n<\/ul>\n\n\n\n<h2 class=\"wp-block-heading\">A qui\u00e9n queda bien el corte shaggy<\/h2>\n\n\n\n<p>A todas, ya que es un <strong>corte 100% personalizable<\/strong>. Sin embargo, el cl\u00e1sico corte shaggy se ve especialmente bien si tienes en cuenta ciertas caracter\u00edsticas, como:<\/p>\n\n\n\n<h3 class=\"wp-block-heading\">Tipo de rostro<\/h3>\n\n\n\n<ul class=\"wp-block-list\">\n<li>El corte shaggy puede adaptarse a diferentes tipos de rostros. Por ejemplo, puede ayudar a suavizar caracter\u00edsticas angulares y resaltar la estructura facial.<\/li>\n\n\n\n<li>Puede ser especialmente favorecedor en rostros ovalados, pero tambi\u00e9n puede adaptarse a rostros redondos o cuadrados, dependiendo de c\u00f3mo se adapte y complemente el estilo.<\/li>\n<\/ul>\n\n\n\n<h3 class=\"wp-block-heading\">Textura del cabello<\/h3>\n\n\n\n<ul class=\"wp-block-list\">\n<li>El corte shaggy funciona bien con una variedad de texturas de cabello, desde liso hasta ondulado y rizado.<\/li>\n\n\n\n<li>En cabellos ondulados o rizados, las capas pueden resaltar la textura natural del cabello, mientras que en cabellos lisos, pueden agregar volumen y movimiento.<\/li>\n<\/ul>\n\n\n\n<h3 class=\"wp-block-heading\">Estilo de vida y personalidad<\/h3>\n\n\n\n<ul class=\"wp-block-list\">\n<li>El corte shaggy es una elecci\u00f3n popular para aquellos que buscan un estilo relajado, moderno y de f\u00e1cil mantenimiento.<\/li>\n\n\n\n<li>Si prefieres un estilo despreocupado y no te importa una apariencia m\u00e1s despeinada, el corte shaggy podr\u00eda ser adecuado para ti.<\/li>\n<\/ul>\n\n\n\n<h3 class=\"wp-block-heading\">Adaptabilidad a diferentes longitudes<\/h3>\n\n\n\n<ul class=\"wp-block-list\">\n<li>El corte shaggy es vers\u00e1til y puede adaptarse a diferentes longitudes de cabello, desde corto hasta largo.<\/li>\n\n\n\n<li>Las personas con cabellos m\u00e1s cortos pueden experimentar con capas m\u00e1s pronunciadas, mientras que aquellos con cabellos m\u00e1s largos pueden optar por capas m\u00e1s sutiles.<\/li>\n<\/ul>\n\n\n\n<h3 class=\"wp-block-heading\">Si el estilo desenfadado te gusta<\/h3>\n\n\n\n<p>Si prefieres estilos de peinado m\u00e1s relajados y desenfadados, el corte shaggy podr\u00eda ser una excelente opci\u00f3n. Este corte a menudo se asocia con una est\u00e9tica despreocupada y moderna.<\/p>\n\n\n<div class=\"kk-star-ratings kksr-auto kksr-align-center kksr-valign-bottom\"\n    data-payload='{&quot;align&quot;:&quot;center&quot;,&quot;id&quot;:&quot;96550&quot;,&quot;slug&quot;:&quot;default&quot;,&quot;valign&quot;:&quot;bottom&quot;,&quot;ignore&quot;:&quot;&quot;,&quot;reference&quot;:&quot;auto&quot;,&quot;class&quot;:&quot;&quot;,&quot;count&quot;:&quot;5&quot;,&quot;legendonly&quot;:&quot;&quot;,&quot;readonly&quot;:&quot;&quot;,&quot;score&quot;:&quot;4&quot;,&quot;starsonly&quot;:&quot;&quot;,&quot;best&quot;:&quot;5&quot;,&quot;gap&quot;:&quot;5&quot;,&quot;greet&quot;:&quot;Valora este art\u00edculo&quot;,&quot;legend&quot;:&quot;4\\\/5 - (5 votos)&quot;,&quot;size&quot;:&quot;24&quot;,&quot;title&quot;:&quot;C\u00f3mo es el corte shaggy y por qu\u00e9 es perfecto para todo tipo de cabellos seg\u00fan los expertos&quot;,&quot;width&quot;:&quot;113.5&quot;,&quot;_legend&quot;:&quot;{score}\\\/{best} - ({count} {votes})&quot;,&quot;font_factor&quot;:&quot;1.25&quot;}'>\n            \n<div class=\"kksr-stars\">\n    \n<div class=\"kksr-stars-inactive\">\n            <div class=\"kksr-star\" data-star=\"1\" style=\"padding-right: 5px\">\n            \n\n<div class=\"kksr-icon\" style=\"width: 24px; height: 24px;\"><\/div>\n        <\/div>\n            <div class=\"kksr-star\" data-star=\"2\" style=\"padding-right: 5px\">\n            \n\n<div class=\"kksr-icon\" style=\"width: 24px; height: 24px;\"><\/div>\n        <\/div>\n            <div class=\"kksr-star\" data-star=\"3\" style=\"padding-right: 5px\">\n            \n\n<div class=\"kksr-icon\" style=\"width: 24px; height: 24px;\"><\/div>\n        <\/div>\n            <div class=\"kksr-star\" data-star=\"4\" style=\"padding-right: 5px\">\n            \n\n<div class=\"kksr-icon\" style=\"width: 24px; height: 24px;\"><\/div>\n        <\/div>\n            <div class=\"kksr-star\" data-star=\"5\" style=\"padding-right: 5px\">\n            \n\n<div class=\"kksr-icon\" style=\"width: 24px; height: 24px;\"><\/div>\n        <\/div>\n    <\/div>\n    \n<div class=\"kksr-stars-active\" style=\"width: 113.5px;\">\n            <div class=\"kksr-star\" style=\"padding-right: 5px\">\n            \n\n<div class=\"kksr-icon\" style=\"width: 24px; height: 24px;\"><\/div>\n        <\/div>\n            <div class=\"kksr-star\" style=\"padding-right: 5px\">\n            \n\n<div class=\"kksr-icon\" style=\"width: 24px; height: 24px;\"><\/div>\n        <\/div>\n            <div class=\"kksr-star\" style=\"padding-right: 5px\">\n            \n\n<div class=\"kksr-icon\" style=\"width: 24px; height: 24px;\"><\/div>\n        <\/div>\n            <div class=\"kksr-star\" style=\"padding-right: 5px\">\n            \n\n<div class=\"kksr-icon\" style=\"width: 24px; height: 24px;\"><\/div>\n        <\/div>\n            <div class=\"kksr-star\" style=\"padding-right: 5px\">\n            \n\n<div class=\"kksr-icon\" style=\"width: 24px; height: 24px;\"><\/div>\n        <\/div>\n    <\/div>\n<\/div>\n                \n\n<div class=\"kksr-legend\" style=\"font-size: 19.2px;\">\n            4\/5 - (5 votos)    <\/div>\n    <\/div>\n","protected":false},"excerpt":{"rendered":"<p>Has o\u00eddo hablar de \u00e9l porque es uno de los m\u00e1s populares. Es el favorito de celebridades como Alexa Chung o Jennifer Aniston, y una de sus mayores cualidades es que nunca pasa de moda y que se puede adaptar a todo tipo de cabellos. Hablamos del corte de pelo shaggy.&nbsp; El corte shaggy es [&hellip;]<\/p>\n","protected":false},"author":14,"featured_media":96551,"comment_status":"closed","ping_status":"closed","sticky":false,"template":"","format":"standard","meta":{"jnews-multi-image_gallery":[],"jnews_single_post":{"subtitle":"","format":"standard","video":"","gallery":"","source_name":"","source_url":"","via_name":"","via_url":"","override_template":"0","override":[{"template":"1","single_blog_custom":"","parallax":"1","fullscreen":"1","layout":"right-sidebar","sidebar":"home-2","second_sidebar":"default-sidebar","sticky_sidebar":"0","share_position":"float","share_float_style":"share-monocrhome","show_share_counter":"0","show_view_counter":"0","show_featured":"1","show_post_meta":"1","show_post_author":"0","show_post_author_image":"1","show_post_date":"1","post_date_format":"default","post_date_format_custom":"Y\/m\/d","show_post_category":"1","show_post_reading_time":"0","post_reading_time_wpm":"300","show_zoom_button":"0","zoom_button_out_step":"2","zoom_button_in_step":"3","show_post_tag":"0","show_prev_next_post":"0","show_popup_post":"0","number_popup_post":"2","show_author_box":"0","show_post_related":"0","show_inline_post_related":"1"}],"override_image_size":"0","image_override":[{"single_post_thumbnail_size":"no-crop","single_post_gallery_size":"crop-500"}],"trending_post":"0","trending_post_position":"meta","trending_post_label":"Trending","sponsored_post":"0","sponsored_post_label":"Sponsored by","sponsored_post_name":"","sponsored_post_url":"","sponsored_post_logo_enable":"0","sponsored_post_logo":"","sponsored_post_desc":"","disable_ad":"0"},"jnews_primary_category":{"id":"","hide":""},"jnews_social_meta":{"fb_title":"","fb_description":"","fb_image":"","twitter_title":"","twitter_description":"","twitter_image":""},"jnews_override_counter":{"override_view_counter":"0","view_counter_number":"0","override_share_counter":"0","share_counter_number":"0","override_like_counter":"0","like_counter_number":"0","override_dislike_counter":"0","dislike_counter_number":"0"},"footnotes":""},"categories":[35],"tags":[],"class_list":["post-96550","post","type-post","status-publish","format-standard","has-post-thumbnail","hentry","category-cabello"],"_links":{"self":[{"href":"https:\/\/www.primor.eu\/blog\/wp-json\/wp\/v2\/posts\/96550","targetHints":{"allow":["GET"]}}],"collection":[{"href":"https:\/\/www.primor.eu\/blog\/wp-json\/wp\/v2\/posts"}],"about":[{"href":"https:\/\/www.primor.eu\/blog\/wp-json\/wp\/v2\/types\/post"}],"author":[{"embeddable":true,"href":"https:\/\/www.primor.eu\/blog\/wp-json\/wp\/v2\/users\/14"}],"replies":[{"embeddable":true,"href":"https:\/\/www.primor.eu\/blog\/wp-json\/wp\/v2\/comments?post=96550"}],"version-history":[{"count":2,"href":"https:\/\/www.primor.eu\/blog\/wp-json\/wp\/v2\/posts\/96550\/revisions"}],"predecessor-version":[{"id":127981,"href":"https:\/\/www.primor.eu\/blog\/wp-json\/wp\/v2\/posts\/96550\/revisions\/127981"}],"wp:featuredmedia":[{"embeddable":true,"href":"https:\/\/www.primor.eu\/blog\/wp-json\/wp\/v2\/media\/96551"}],"wp:attachment":[{"href":"https:\/\/www.primor.eu\/blog\/wp-json\/wp\/v2\/media?parent=96550"}],"wp:term":[{"taxonomy":"category","embeddable":true,"href":"https:\/\/www.primor.eu\/blog\/wp-json\/wp\/v2\/categories?post=96550"},{"taxonomy":"post_tag","embeddable":true,"href":"https:\/\/www.primor.eu\/blog\/wp-json\/wp\/v2\/tags?post=96550"}],"curies":[{"name":"wp","href":"https:\/\/api.w.org\/{rel}","templated":true}]}}