{"id":96486,"date":"2025-12-18T15:58:51","date_gmt":"2025-12-18T15:58:51","guid":{"rendered":"https:\/\/www.primor.eu\/blog\/?p=96486"},"modified":"2025-12-18T15:58:53","modified_gmt":"2025-12-18T15:58:53","slug":"mechas-rubias-pelo-oscuro","status":"publish","type":"post","link":"https:\/\/www.primor.eu\/blog\/mechas-rubias-pelo-oscuro\/","title":{"rendered":"Tengo el pelo oscuro y quiero mechas rubias: las mejores 8 ideas"},"content":{"rendered":"\n<p>Esto no es ninguna novedad. Cada vez con m\u00e1s frecuencia las melenas buscan tridimensionalidad, un aspecto natural, con volumen y mucho movimiento que aporten un aire diferente a su look. Y eso no se consigue con otra cosa que no sea con <a href=\"https:\/\/www.primor.eu\/blog\/tipos-de-mechas\/\">mechas<\/a>, pero \u00bfes posible en melenas morenas? S\u00ed. Ten en cuenta que agregar <strong>mechas rubias a un cabello oscuro<\/strong> a\u00f1ade luminosidad y vida.&nbsp;<\/p>\n\n\n\n<p>Aunque tienes que escoger muy bien aquellas que mejor te sienten y para ello, la mejor opci\u00f3n siempre es <strong>confiar en un buen estilista<\/strong> que te aconseje cu\u00e1l es la mejor opci\u00f3n en tu caso. No obstante, si lo que buscas es inspiraci\u00f3n, aqu\u00ed te dejamos algunas de las m\u00e1s demandadas en los salones de peluquer\u00eda.<\/p>\n\n\n\n<h2 class=\"wp-block-heading\">Tipos de mechas en cabello moreno que sientan bien<\/h2>\n\n\n\n<figure class=\"wp-block-image alignwide size-full\"><img decoding=\"async\" width=\"736\" height=\"896\" src=\"https:\/\/www.primor.eu\/blog\/wp-content\/uploads\/2024\/01\/MECHAS-RUBIAS-1.jpg\" alt=\"Tenemos las mejores cremas para el cabello hidratado\" class=\"wp-image-96504\" srcset=\"https:\/\/www.primor.eu\/blog\/wp-content\/uploads\/2024\/01\/MECHAS-RUBIAS-1.jpg 736w, https:\/\/www.primor.eu\/blog\/wp-content\/uploads\/2024\/01\/MECHAS-RUBIAS-1-246x300.jpg 246w\" sizes=\"(max-width: 736px) 100vw, 736px\" \/><\/figure>\n\n\n\n<h3 class=\"wp-block-heading\">Mechas Balayage<\/h3>\n\n\n\n<p>Las<a href=\"https:\/\/www.primor.eu\/blog\/balayages-para-morenas\/\"> mechas <em>balayage para morenas<\/em> <\/a>fueron creadas en Francia ya en la d\u00e9cada de los a\u00f1os 70. Se trata de una t\u00e9cnica que, tal como indica su nombre en franc\u00e9s, consiste en \u201cbarrer\u201d el tinte a lo largo del pelo y a mano alzada, de esta forma se consigue <strong>aclarar los mechones <\/strong>hasta llegar a las puntas. Este tipo de mechas comienza m\u00e1s bien a la mitad del cr\u00e1neo, pero nunca en la ra\u00edz ya que esto es lo que har\u00e1 que queden integrados en el resto de la melena con un <strong>resultado natural<\/strong>.<\/p>\n\n\n\n<p>Este tipo de mechas le aporta tanto volumen como movimiento al pelo, de hecho, podr\u00edamos decir que es una especie de <em>contouring<\/em> para el pelo ya que se trata de jugar con el contraste de tonos para conseguir<strong> iluminar ciertos puntos<\/strong>. Adem\u00e1s, no necesitan mucho mantenimiento por dos motivos: la decoloraci\u00f3n no es muy fuerte por lo que el pelo no se quema en exceso y no parten de la ra\u00edz por lo que se puede aguantar bastante hasta volver a hac\u00e9rselas.<\/p>\n\n\n\n<figure class=\"wp-block-image alignwide size-full\"><img decoding=\"async\" width=\"622\" height=\"777\" src=\"https:\/\/www.primor.eu\/blog\/wp-content\/uploads\/2024\/01\/MECHAS-RUBIAS-2.jpg\" alt=\"Tenemos las mejores cremas para el cabello hidratado\" class=\"wp-image-96503\" srcset=\"https:\/\/www.primor.eu\/blog\/wp-content\/uploads\/2024\/01\/MECHAS-RUBIAS-2.jpg 622w, https:\/\/www.primor.eu\/blog\/wp-content\/uploads\/2024\/01\/MECHAS-RUBIAS-2-240x300.jpg 240w\" sizes=\"(max-width: 622px) 100vw, 622px\" \/><figcaption class=\"wp-element-caption\">@hadviser_com<\/figcaption><\/figure>\n\n\n\n<h3 class=\"wp-block-heading\">Mechas Babylights<\/h3>\n\n\n\n<p>Las Babylights son mechas finas y sutiles que imitan el aspecto de las mechas naturales de un ni\u00f1o. A\u00f1aden brillo y luminosidad sin crear un contraste muy fuerte t son ideales para quienes buscan un cambio suave.<\/p>\n\n\n\n<figure class=\"wp-block-image alignwide size-full\"><img decoding=\"async\" width=\"736\" height=\"981\" src=\"https:\/\/www.primor.eu\/blog\/wp-content\/uploads\/2024\/01\/MECHAS-RUBIAS-3.jpg\" alt=\"Tenemos las mejores cremas para el cabello hidratado\" class=\"wp-image-96502\" srcset=\"https:\/\/www.primor.eu\/blog\/wp-content\/uploads\/2024\/01\/MECHAS-RUBIAS-3.jpg 736w, https:\/\/www.primor.eu\/blog\/wp-content\/uploads\/2024\/01\/MECHAS-RUBIAS-3-225x300.jpg 225w\" sizes=\"(max-width: 736px) 100vw, 736px\" \/><figcaption class=\"wp-element-caption\">@prissyhippie<\/figcaption><\/figure>\n\n\n\n<h3 class=\"wp-block-heading\">Mechas en contraste<\/h3>\n\n\n\n<p>Para un contraste m\u00e1s marcado, considera mechas m\u00e1s anchas y definidas. Puedes jugar con tonos rubios m\u00e1s claros para un efecto llamativo. Ten en cuenta que esta opci\u00f3n es perfecta para quienes buscan un cambio m\u00e1s dram\u00e1tico.<\/p>\n\n\n\n<figure class=\"wp-block-image alignwide size-full\"><img decoding=\"async\" width=\"735\" height=\"852\" src=\"https:\/\/www.primor.eu\/blog\/wp-content\/uploads\/2024\/01\/MECHAS-RUBIAS-4.jpg\" alt=\"Tenemos las mejores cremas para el cabello hidratado\" class=\"wp-image-96500\" srcset=\"https:\/\/www.primor.eu\/blog\/wp-content\/uploads\/2024\/01\/MECHAS-RUBIAS-4.jpg 735w, https:\/\/www.primor.eu\/blog\/wp-content\/uploads\/2024\/01\/MECHAS-RUBIAS-4-259x300.jpg 259w\" sizes=\"(max-width: 735px) 100vw, 735px\" \/><figcaption class=\"wp-element-caption\">@mercedesanise<\/figcaption><\/figure>\n\n\n\n<h3 class=\"wp-block-heading\">Mechas Sombre<\/h3>\n\n\n\n<p>Son similares al balayage, pero con un contraste m\u00e1s suave. Las mechas se aplican principalmente en las capas inferiores del cabello, creando un efecto sutil de iluminaci\u00f3n. Son ideales para quienes prefieren un aspecto m\u00e1s discreto.<\/p>\n\n\n\n<figure class=\"wp-block-image alignwide size-full\"><img decoding=\"async\" width=\"736\" height=\"978\" src=\"https:\/\/www.primor.eu\/blog\/wp-content\/uploads\/2024\/01\/MECHAS-RUBIAS-5.jpg\" alt=\"Tenemos las mejores cremas para el cabello hidratado\" class=\"wp-image-96499\" srcset=\"https:\/\/www.primor.eu\/blog\/wp-content\/uploads\/2024\/01\/MECHAS-RUBIAS-5.jpg 736w, https:\/\/www.primor.eu\/blog\/wp-content\/uploads\/2024\/01\/MECHAS-RUBIAS-5-226x300.jpg 226w\" sizes=\"(max-width: 736px) 100vw, 736px\" \/><figcaption class=\"wp-element-caption\">@righthairstyles<\/figcaption><\/figure>\n\n\n\n<h3 class=\"wp-block-heading\">Mechas en tono caramelo<\/h3>\n\n\n\n<p>Opta por tonos rubios caramelo para un toque de calidez. Estos tonos complementan bien los cabellos oscuros sin crear un contraste demasiado fuerte.<\/p>\n\n\n\n<figure class=\"wp-block-image alignwide size-full\"><img decoding=\"async\" width=\"500\" height=\"556\" src=\"https:\/\/www.primor.eu\/blog\/wp-content\/uploads\/2024\/01\/MECHAS-RUBIAS-6.jpg\" alt=\"Tenemos las mejores cremas para el cabello hidratado\" class=\"wp-image-96498\" srcset=\"https:\/\/www.primor.eu\/blog\/wp-content\/uploads\/2024\/01\/MECHAS-RUBIAS-6.jpg 500w, https:\/\/www.primor.eu\/blog\/wp-content\/uploads\/2024\/01\/MECHAS-RUBIAS-6-270x300.jpg 270w\" sizes=\"(max-width: 500px) 100vw, 500px\" \/><figcaption class=\"wp-element-caption\">@righthairstyles<\/figcaption><\/figure>\n\n\n\n<h3 class=\"wp-block-heading\">Mechas Peek-a-Boo<\/h3>\n\n\n\n<p>Coloca mechas rubias estrat\u00e9gicamente para que se vean al peinar o mover el cabello. Puedes elegir mechas en la parte delantera para enmarcar el rostro o en la parte posterior para un efecto sorpresa.<\/p>\n\n\n\n<figure class=\"wp-block-image alignwide size-full\"><img decoding=\"async\" width=\"620\" height=\"886\" src=\"https:\/\/www.primor.eu\/blog\/wp-content\/uploads\/2024\/01\/MECHAS-RUBIAS-7.jpg\" alt=\"Tenemos las mejores cremas para el cabello hidratado\" class=\"wp-image-96505\" srcset=\"https:\/\/www.primor.eu\/blog\/wp-content\/uploads\/2024\/01\/MECHAS-RUBIAS-7.jpg 620w, https:\/\/www.primor.eu\/blog\/wp-content\/uploads\/2024\/01\/MECHAS-RUBIAS-7-210x300.jpg 210w\" sizes=\"(max-width: 620px) 100vw, 620px\" \/><figcaption class=\"wp-element-caption\">@glamourmex<\/figcaption><\/figure>\n\n\n\n<h3 class=\"wp-block-heading\">Mechas en capas<\/h3>\n\n\n\n<p>Distribuye las mechas en capas para crear dimensi\u00f3n y textura. Esta t\u00e9cnica funciona especialmente bien en cortes de cabello en capas.<\/p>\n\n\n\n<figure class=\"wp-block-image alignwide size-full\"><img decoding=\"async\" width=\"564\" height=\"564\" src=\"https:\/\/www.primor.eu\/blog\/wp-content\/uploads\/2024\/01\/MECHAS-RUBIAS-8.jpg\" alt=\"Tenemos las mejores cremas para el cabello hidratado\" class=\"wp-image-96497\" srcset=\"https:\/\/www.primor.eu\/blog\/wp-content\/uploads\/2024\/01\/MECHAS-RUBIAS-8.jpg 564w, https:\/\/www.primor.eu\/blog\/wp-content\/uploads\/2024\/01\/MECHAS-RUBIAS-8-300x300.jpg 300w, https:\/\/www.primor.eu\/blog\/wp-content\/uploads\/2024\/01\/MECHAS-RUBIAS-8-150x150.jpg 150w, https:\/\/www.primor.eu\/blog\/wp-content\/uploads\/2024\/01\/MECHAS-RUBIAS-8-75x75.jpg 75w, https:\/\/www.primor.eu\/blog\/wp-content\/uploads\/2024\/01\/MECHAS-RUBIAS-8-350x350.jpg 350w\" sizes=\"(max-width: 564px) 100vw, 564px\" \/><figcaption class=\"wp-element-caption\">@mujerde10<\/figcaption><\/figure>\n\n\n\n<h3 class=\"wp-block-heading\">Mechas Platinadas<\/h3>\n\n\n\n<p>Si buscas un cambio audaz, considera mechas rubias platino en cabello oscuro. Este estilo crea un contraste fuerte y aporta un toque moderno.<\/p>\n\n\n<div class=\"kk-star-ratings kksr-auto kksr-align-center kksr-valign-bottom\"\n    data-payload='{&quot;align&quot;:&quot;center&quot;,&quot;id&quot;:&quot;96486&quot;,&quot;slug&quot;:&quot;default&quot;,&quot;valign&quot;:&quot;bottom&quot;,&quot;ignore&quot;:&quot;&quot;,&quot;reference&quot;:&quot;auto&quot;,&quot;class&quot;:&quot;&quot;,&quot;count&quot;:&quot;7&quot;,&quot;legendonly&quot;:&quot;&quot;,&quot;readonly&quot;:&quot;&quot;,&quot;score&quot;:&quot;4&quot;,&quot;starsonly&quot;:&quot;&quot;,&quot;best&quot;:&quot;5&quot;,&quot;gap&quot;:&quot;5&quot;,&quot;greet&quot;:&quot;Valora este art\u00edculo&quot;,&quot;legend&quot;:&quot;4\\\/5 - (7 votos)&quot;,&quot;size&quot;:&quot;24&quot;,&quot;title&quot;:&quot;Tengo el pelo oscuro y quiero mechas rubias: las mejores 8 ideas&quot;,&quot;width&quot;:&quot;113.5&quot;,&quot;_legend&quot;:&quot;{score}\\\/{best} - ({count} {votes})&quot;,&quot;font_factor&quot;:&quot;1.25&quot;}'>\n            \n<div class=\"kksr-stars\">\n    \n<div class=\"kksr-stars-inactive\">\n            <div class=\"kksr-star\" data-star=\"1\" style=\"padding-right: 5px\">\n            \n\n<div class=\"kksr-icon\" style=\"width: 24px; height: 24px;\"><\/div>\n        <\/div>\n            <div class=\"kksr-star\" data-star=\"2\" style=\"padding-right: 5px\">\n            \n\n<div class=\"kksr-icon\" style=\"width: 24px; height: 24px;\"><\/div>\n        <\/div>\n            <div class=\"kksr-star\" data-star=\"3\" style=\"padding-right: 5px\">\n            \n\n<div class=\"kksr-icon\" style=\"width: 24px; height: 24px;\"><\/div>\n        <\/div>\n            <div class=\"kksr-star\" data-star=\"4\" style=\"padding-right: 5px\">\n            \n\n<div class=\"kksr-icon\" style=\"width: 24px; height: 24px;\"><\/div>\n        <\/div>\n            <div class=\"kksr-star\" data-star=\"5\" style=\"padding-right: 5px\">\n            \n\n<div class=\"kksr-icon\" style=\"width: 24px; height: 24px;\"><\/div>\n        <\/div>\n    <\/div>\n    \n<div class=\"kksr-stars-active\" style=\"width: 113.5px;\">\n            <div class=\"kksr-star\" style=\"padding-right: 5px\">\n            \n\n<div class=\"kksr-icon\" style=\"width: 24px; height: 24px;\"><\/div>\n        <\/div>\n            <div class=\"kksr-star\" style=\"padding-right: 5px\">\n            \n\n<div class=\"kksr-icon\" style=\"width: 24px; height: 24px;\"><\/div>\n        <\/div>\n            <div class=\"kksr-star\" style=\"padding-right: 5px\">\n            \n\n<div class=\"kksr-icon\" style=\"width: 24px; height: 24px;\"><\/div>\n        <\/div>\n            <div class=\"kksr-star\" style=\"padding-right: 5px\">\n            \n\n<div class=\"kksr-icon\" style=\"width: 24px; height: 24px;\"><\/div>\n        <\/div>\n            <div class=\"kksr-star\" style=\"padding-right: 5px\">\n            \n\n<div class=\"kksr-icon\" style=\"width: 24px; height: 24px;\"><\/div>\n        <\/div>\n    <\/div>\n<\/div>\n                \n\n<div class=\"kksr-legend\" style=\"font-size: 19.2px;\">\n            4\/5 - (7 votos)    <\/div>\n    <\/div>\n","protected":false},"excerpt":{"rendered":"<p>Esto no es ninguna novedad. Cada vez con m\u00e1s frecuencia las melenas buscan tridimensionalidad, un aspecto natural, con volumen y mucho movimiento que aporten un aire diferente a su look. Y eso no se consigue con otra cosa que no sea con mechas, pero \u00bfes posible en melenas morenas? S\u00ed. Ten en cuenta que agregar [&hellip;]<\/p>\n","protected":false},"author":14,"featured_media":96496,"comment_status":"closed","ping_status":"closed","sticky":false,"template":"","format":"standard","meta":{"jnews-multi-image_gallery":[],"jnews_single_post":{"subtitle":"","format":"standard","video":"","gallery":"","source_name":"","source_url":"","via_name":"","via_url":"","override_template":"0","override":[{"template":"1","single_blog_custom":"","parallax":"1","fullscreen":"1","layout":"right-sidebar","sidebar":"home-2","second_sidebar":"default-sidebar","sticky_sidebar":"0","share_position":"float","share_float_style":"share-monocrhome","show_share_counter":"0","show_view_counter":"0","show_featured":"1","show_post_meta":"1","show_post_author":"0","show_post_author_image":"1","show_post_date":"1","post_date_format":"default","post_date_format_custom":"Y\/m\/d","show_post_category":"1","show_post_reading_time":"0","post_reading_time_wpm":"300","show_zoom_button":"0","zoom_button_out_step":"2","zoom_button_in_step":"3","show_post_tag":"0","show_prev_next_post":"0","show_popup_post":"0","number_popup_post":"2","show_author_box":"0","show_post_related":"0","show_inline_post_related":"1"}],"override_image_size":"0","image_override":[{"single_post_thumbnail_size":"no-crop","single_post_gallery_size":"crop-500"}],"trending_post":"0","trending_post_position":"meta","trending_post_label":"Trending","sponsored_post":"0","sponsored_post_label":"Sponsored by","sponsored_post_name":"","sponsored_post_url":"","sponsored_post_logo_enable":"0","sponsored_post_logo":"","sponsored_post_desc":"","disable_ad":"0"},"jnews_primary_category":{"id":"","hide":""},"jnews_social_meta":{"fb_title":"","fb_description":"","fb_image":"","twitter_title":"","twitter_description":"","twitter_image":""},"jnews_override_counter":{"override_view_counter":"0","view_counter_number":"0","override_share_counter":"0","share_counter_number":"0","override_like_counter":"0","like_counter_number":"0","override_dislike_counter":"0","dislike_counter_number":"0"},"footnotes":""},"categories":[35],"tags":[],"class_list":["post-96486","post","type-post","status-publish","format-standard","has-post-thumbnail","hentry","category-cabello"],"_links":{"self":[{"href":"https:\/\/www.primor.eu\/blog\/wp-json\/wp\/v2\/posts\/96486","targetHints":{"allow":["GET"]}}],"collection":[{"href":"https:\/\/www.primor.eu\/blog\/wp-json\/wp\/v2\/posts"}],"about":[{"href":"https:\/\/www.primor.eu\/blog\/wp-json\/wp\/v2\/types\/post"}],"author":[{"embeddable":true,"href":"https:\/\/www.primor.eu\/blog\/wp-json\/wp\/v2\/users\/14"}],"replies":[{"embeddable":true,"href":"https:\/\/www.primor.eu\/blog\/wp-json\/wp\/v2\/comments?post=96486"}],"version-history":[{"count":5,"href":"https:\/\/www.primor.eu\/blog\/wp-json\/wp\/v2\/posts\/96486\/revisions"}],"predecessor-version":[{"id":136467,"href":"https:\/\/www.primor.eu\/blog\/wp-json\/wp\/v2\/posts\/96486\/revisions\/136467"}],"wp:featuredmedia":[{"embeddable":true,"href":"https:\/\/www.primor.eu\/blog\/wp-json\/wp\/v2\/media\/96496"}],"wp:attachment":[{"href":"https:\/\/www.primor.eu\/blog\/wp-json\/wp\/v2\/media?parent=96486"}],"wp:term":[{"taxonomy":"category","embeddable":true,"href":"https:\/\/www.primor.eu\/blog\/wp-json\/wp\/v2\/categories?post=96486"},{"taxonomy":"post_tag","embeddable":true,"href":"https:\/\/www.primor.eu\/blog\/wp-json\/wp\/v2\/tags?post=96486"}],"curies":[{"name":"wp","href":"https:\/\/api.w.org\/{rel}","templated":true}]}}