{"id":96280,"date":"2024-01-23T07:39:16","date_gmt":"2024-01-23T07:39:16","guid":{"rendered":"https:\/\/www.primor.eu\/blog\/?p=96280"},"modified":"2026-03-26T09:29:41","modified_gmt":"2026-03-26T09:29:41","slug":"ideas-inspiracion-manicura-francesa-doble","status":"publish","type":"post","link":"https:\/\/www.primor.eu\/blog\/ideas-inspiracion-manicura-francesa-doble\/","title":{"rendered":"Las ideas m\u00e1s bonitas para una manicura francesa doble"},"content":{"rendered":"\n<p>S\u00ed, yo tambi\u00e9n soy de esas que no puede vivir sin las <a href=\"https:\/\/www.primor.eu\/es_es\/esmaltes-de-unas-lujo\" data-type=\"link\" data-id=\"https:\/\/www.primor.eu\/es_es\/esmaltes-de-unas-lujo\">u\u00f1as <\/a>hechas, pero si como yo te consideras <strong>cl\u00e1sica<\/strong> y <strong>elegante<\/strong>, muy probablemente seas de las que no puede vivir sin la <a href=\"https:\/\/www.primor.eu\/blog\/como-hacer-manicura-francesa\/\">manicura francesa<\/a>. Lo entendemos, es la m\u00e1s <strong>vers\u00e1til<\/strong> y <strong>atemporal<\/strong>. Sin embargo, para las que buscan una <strong>opci\u00f3n diferente <\/strong>que cumpla con lo mejor de los dos mundos, y que ha conseguido enamorar a cl\u00e1sicas y modernas: la <strong><a href=\"https:\/\/www.primor.eu\/es_es\/cuidado-de-unas-lujo\" data-type=\"link\" data-id=\"https:\/\/www.primor.eu\/es_es\/cuidado-de-unas-lujo\">manicura<\/a> francesa doble<\/strong>. Te contamos algunas ideas para inspirarte:<\/p>\n\n\n\n<h2 class=\"wp-block-heading\">Las mejores ideas para una manicura francesa doble<\/h2>\n\n\n\n<p>La manicura francesa doble es una variante creativa de la cl\u00e1sica manicura francesa que involucra el uso de dos l\u00edneas de color en lugar de una. Pero formas de hacerlas hay muchas, y estas son algunas de las m\u00e1s demandadas:<\/p>\n\n\n\n<figure class=\"wp-block-image alignwide size-full\"><img decoding=\"async\" width=\"567\" height=\"981\" src=\"https:\/\/www.primor.eu\/blog\/wp-content\/uploads\/2024\/01\/MANIC-FRANC-DOBLE-1.jpg\" alt=\"Toma nota de estos dise\u00f1os de u\u00f1as francesas dobles\" class=\"wp-image-96322\" srcset=\"https:\/\/www.primor.eu\/blog\/wp-content\/uploads\/2024\/01\/MANIC-FRANC-DOBLE-1.jpg 567w, https:\/\/www.primor.eu\/blog\/wp-content\/uploads\/2024\/01\/MANIC-FRANC-DOBLE-1-173x300.jpg 173w\" sizes=\"(max-width: 567px) 100vw, 567px\" \/><figcaption class=\"wp-element-caption\">@placefashion897<\/figcaption><\/figure>\n\n\n\n<h3 class=\"wp-block-heading\">Ideas para una manicura francesa doble: colores contrastantes<\/h3>\n\n\n\n<p>Utiliza dos colores que contrasten entre s\u00ed, como blanco y negro, rosa y azul, o cualquier combinaci\u00f3n que te guste. Despu\u00e9s, aplica un color en la base de la u\u00f1a y el otro en el borde libre para un contraste llamativo.<\/p>\n\n\n\n<figure class=\"wp-block-image alignwide size-full\"><img decoding=\"async\" width=\"736\" height=\"956\" src=\"https:\/\/www.primor.eu\/blog\/wp-content\/uploads\/2024\/01\/MANIC-FRANC-DOBLE-2.jpg\" alt=\"Toma nota de estos dise\u00f1os de u\u00f1as francesas dobles\" class=\"wp-image-96320\" srcset=\"https:\/\/www.primor.eu\/blog\/wp-content\/uploads\/2024\/01\/MANIC-FRANC-DOBLE-2.jpg 736w, https:\/\/www.primor.eu\/blog\/wp-content\/uploads\/2024\/01\/MANIC-FRANC-DOBLE-2-231x300.jpg 231w\" sizes=\"(max-width: 736px) 100vw, 736px\" \/><figcaption class=\"wp-element-caption\">@thechicpursuit<\/figcaption><\/figure>\n\n\n\n<h3 class=\"wp-block-heading\">Ideas para una manicura francesa doble: degradado de colores<\/h3>\n\n\n\n<p>Crea un degradado de colores en lugar de dos colores s\u00f3lidos. Por ejemplo, comienza con un tono claro en la base y cambia gradualmente a un tono m\u00e1s oscuro hacia el borde de la u\u00f1a.<\/p>\n\n\n\n<figure class=\"wp-block-image alignwide size-full\"><img decoding=\"async\" width=\"520\" height=\"727\" src=\"https:\/\/www.primor.eu\/blog\/wp-content\/uploads\/2024\/01\/MANIC-FRANC-DOBLE-4.jpg\" alt=\"Toma nota de estos dise\u00f1os de u\u00f1as francesas dobles\" class=\"wp-image-96319\" srcset=\"https:\/\/www.primor.eu\/blog\/wp-content\/uploads\/2024\/01\/MANIC-FRANC-DOBLE-4.jpg 520w, https:\/\/www.primor.eu\/blog\/wp-content\/uploads\/2024\/01\/MANIC-FRANC-DOBLE-4-215x300.jpg 215w, https:\/\/www.primor.eu\/blog\/wp-content\/uploads\/2024\/01\/MANIC-FRANC-DOBLE-4-360x504.jpg 360w\" sizes=\"(max-width: 520px) 100vw, 520px\" \/><figcaption class=\"wp-element-caption\">@kbeautyaddiction<\/figcaption><\/figure>\n\n\n\n<h3 class=\"wp-block-heading\">Ideas para una manicura francesa doble: Brillo y purpurina<\/h3>\n\n\n\n<p>A\u00f1ade brillo o purpurina a una de las l\u00edneas para un toque festivo. Esto puede hacer que tus u\u00f1as se vean glamorosas y llamativas.<\/p>\n\n\n\n<figure class=\"wp-block-image alignwide size-full\"><img decoding=\"async\" width=\"736\" height=\"761\" src=\"https:\/\/www.primor.eu\/blog\/wp-content\/uploads\/2024\/01\/MANIC-FRANC-DOBLE-5.jpg\" alt=\"Toma nota de estos dise\u00f1os de u\u00f1as francesas dobles\" class=\"wp-image-96318\" srcset=\"https:\/\/www.primor.eu\/blog\/wp-content\/uploads\/2024\/01\/MANIC-FRANC-DOBLE-5.jpg 736w, https:\/\/www.primor.eu\/blog\/wp-content\/uploads\/2024\/01\/MANIC-FRANC-DOBLE-5-290x300.jpg 290w\" sizes=\"(max-width: 736px) 100vw, 736px\" \/><figcaption class=\"wp-element-caption\">@nandinisuresh96<\/figcaption><\/figure>\n\n\n\n<h3 class=\"wp-block-heading\">Ideas para una manicura francesa doble: Geometr\u00eda<\/h3>\n\n\n\n<p>Juega con formas geom\u00e9tricas. Por ejemplo, crea una l\u00ednea diagonal en la base de la u\u00f1a y otra en el borde, formando un tri\u00e1ngulo en el centro.<\/p>\n\n\n\n<figure class=\"wp-block-image alignwide size-full\"><img decoding=\"async\" width=\"735\" height=\"795\" src=\"https:\/\/www.primor.eu\/blog\/wp-content\/uploads\/2024\/01\/MANIC-FRANC-DOBLE-6.jpg\" alt=\"Toma nota de estos dise\u00f1os de u\u00f1as francesas dobles\" class=\"wp-image-96317\" srcset=\"https:\/\/www.primor.eu\/blog\/wp-content\/uploads\/2024\/01\/MANIC-FRANC-DOBLE-6.jpg 735w, https:\/\/www.primor.eu\/blog\/wp-content\/uploads\/2024\/01\/MANIC-FRANC-DOBLE-6-277x300.jpg 277w\" sizes=\"(max-width: 735px) 100vw, 735px\" \/><figcaption class=\"wp-element-caption\">@crystalnails4u<\/figcaption><\/figure>\n\n\n\n<h3 class=\"wp-block-heading\">Ideas para una manicura francesa doble: Estampados o dise\u00f1os<\/h3>\n\n\n\n<p>Incorpora estampados o peque\u00f1os dise\u00f1os en una de las l\u00edneas. Puedes usar pegatinas, pinceles delgados o herramientas de punteado para agregar detalles.<\/p>\n\n\n\n<figure class=\"wp-block-image alignwide size-full\"><img decoding=\"async\" width=\"736\" height=\"979\" src=\"https:\/\/www.primor.eu\/blog\/wp-content\/uploads\/2024\/01\/MANIC-FRANC-DOBLE-7.jpg\" alt=\"Toma nota de estos dise\u00f1os de u\u00f1as francesas dobles\" class=\"wp-image-96316\" srcset=\"https:\/\/www.primor.eu\/blog\/wp-content\/uploads\/2024\/01\/MANIC-FRANC-DOBLE-7.jpg 736w, https:\/\/www.primor.eu\/blog\/wp-content\/uploads\/2024\/01\/MANIC-FRANC-DOBLE-7-226x300.jpg 226w\" sizes=\"(max-width: 736px) 100vw, 736px\" \/><figcaption class=\"wp-element-caption\">@BeautyandMoreBlog<\/figcaption><\/figure>\n\n\n\n<h3 class=\"wp-block-heading\">Ideas para una manicura francesa doble: Invertir colores<\/h3>\n\n\n\n<p>Es otra opci\u00f3n. Cambia la convenci\u00f3n colocando el color m\u00e1s oscuro en la base y el color m\u00e1s claro en el borde. Esto puede dar un giro interesante a la manicura francesa tradicional.<\/p>\n\n\n\n<figure class=\"wp-block-image alignwide size-full\"><img decoding=\"async\" width=\"564\" height=\"705\" src=\"https:\/\/www.primor.eu\/blog\/wp-content\/uploads\/2024\/01\/MANIC-FRANC-DOBLE-8.jpg\" alt=\"Toma nota de estos dise\u00f1os de u\u00f1as francesas dobles\" class=\"wp-image-96315\" srcset=\"https:\/\/www.primor.eu\/blog\/wp-content\/uploads\/2024\/01\/MANIC-FRANC-DOBLE-8.jpg 564w, https:\/\/www.primor.eu\/blog\/wp-content\/uploads\/2024\/01\/MANIC-FRANC-DOBLE-8-240x300.jpg 240w\" sizes=\"(max-width: 564px) 100vw, 564px\" \/><figcaption class=\"wp-element-caption\">@eslamoda<\/figcaption><\/figure>\n\n\n\n<h3 class=\"wp-block-heading\">Ideas para una manicura francesa doble: U\u00f1as transparentes<\/h3>\n\n\n\n<p>Utiliza una base transparente y aplica colores s\u00f3lidos o dise\u00f1os solo en el borde de la u\u00f1a. Esto crea un efecto de \"franc\u00e9s inverso\" que es muy moderno.<\/p>\n\n\n\n<figure class=\"wp-block-image alignwide size-full\"><img decoding=\"async\" width=\"567\" height=\"869\" src=\"https:\/\/www.primor.eu\/blog\/wp-content\/uploads\/2024\/01\/MANIC-FRANC-DOBLE-10.jpg\" alt=\"Toma nota de estos dise\u00f1os de u\u00f1as francesas dobles\" class=\"wp-image-96321\" srcset=\"https:\/\/www.primor.eu\/blog\/wp-content\/uploads\/2024\/01\/MANIC-FRANC-DOBLE-10.jpg 567w, https:\/\/www.primor.eu\/blog\/wp-content\/uploads\/2024\/01\/MANIC-FRANC-DOBLE-10-196x300.jpg 196w\" sizes=\"(max-width: 567px) 100vw, 567px\" \/><figcaption class=\"wp-element-caption\">@fabmoodmag<\/figcaption><\/figure>\n\n\n\n<h3 class=\"wp-block-heading\">Ideas para una manicura francesa doble: Manicura francesa de doble punta<\/h3>\n\n\n\n<p>En lugar de l\u00edneas paralelas, crea dos l\u00edneas convergentes que se encuentren en la punta de la u\u00f1a para un efecto \u00fanico.<\/p>\n\n\n\n<h2 class=\"wp-block-heading\">Dos imprescindibles para tu manicura francesa<\/h2>\n\n\n\n<h3 class=\"wp-block-heading\">Color Therapy 3en1 Esmalte de U\u00f1as de Sally Hansen<\/h3>\n\n\n\n<p>Formulados con Aceite de Arg\u00e1n, Biotina y Queratina Vegana, fortalecen las u\u00f1as y las protegen frente a la rotura y las grietas. Ahora con nuevos aromas para tus u\u00f1as: esencia de p\u00e9talos, aroma a lavanda, pepino fresco y spritz c\u00edtrico.<\/p>\n\n\n\n<p>Una f\u00f3rmula 3 en 1 que embellece y refuerza tus u\u00f1as, \u00a1m\u00e1s fuertes y sanas en solo 7 d\u00edas!<br>Caracter\u00edsticas<\/p>\n\n\n    <a class='product' target='_blank' href='https:\/\/www.primor.eu\/es_es\/sally-hansen-color-therapy-3en1-esmalte-de-unas-139769.html?#803=91378'>\r\n        <img loading='async' src='https:\/\/cdn2.primor.eu\/media\/catalog\/product\/cache\/8d3aba296f7a18b5251ee30fa5db42b2\/M\/A\/MAIN_3616307241939_45e7.jpg' alt='COMPRAR AHORA'>\r\n            <div class=\"claim\">\r\n                COMPRAR AHORA            <\/div>\r\n        <\/a>\r\n    \n\n\n<h3 class=\"wp-block-heading\">Le Frenchie Set Manicura Francesa de Le Mini Macaron<\/h3>\n\n\n\n<p>Le Frenchie Set Manicura Francesa el kit incluye dos esmaltes:<\/p>\n\n\n\n<ul class=\"wp-block-list\">\n<li>Milkshake: este color refrescante te dejar\u00e1 las puntas de las u\u00f1as ultra blancas.<\/li>\n\n\n\n<li>Meringue: este matiz rosa transparente es el tono perfecto para una manicura francesa envidiable.<\/li>\n<\/ul>\n\n\n\n<p>La f\u00f3rmula de este esmalte-semipermanente 3 en 1 combina base, color y top coat en una sola botella.<\/p>\n\n\n\n<p>Consigue el brillo y el acabado sin imperfecciones de una manicura semi-permanente de sal\u00f3n.<\/p>\n\n\n    <a class='product' target='_blank' href='https:\/\/www.primor.eu\/es_es\/le-mini-macaron-le-frenchie-set-manicura-francesa-76709.html'>\r\n        <img loading='async' src='https:\/\/cdn2.primor.eu\/media\/catalog\/product\/cache\/8d3aba296f7a18b5251ee30fa5db42b2\/3\/7\/3770004692835_1_4102.jpg' alt='COMPRAR AHORA'>\r\n            <div class=\"claim\">\r\n                COMPRAR AHORA            <\/div>\r\n        <\/a>\r\n    \n\n<div class=\"kk-star-ratings kksr-auto kksr-align-center kksr-valign-bottom\"\n    data-payload='{&quot;align&quot;:&quot;center&quot;,&quot;id&quot;:&quot;96280&quot;,&quot;slug&quot;:&quot;default&quot;,&quot;valign&quot;:&quot;bottom&quot;,&quot;ignore&quot;:&quot;&quot;,&quot;reference&quot;:&quot;auto&quot;,&quot;class&quot;:&quot;&quot;,&quot;count&quot;:&quot;0&quot;,&quot;legendonly&quot;:&quot;&quot;,&quot;readonly&quot;:&quot;&quot;,&quot;score&quot;:&quot;0&quot;,&quot;starsonly&quot;:&quot;&quot;,&quot;best&quot;:&quot;5&quot;,&quot;gap&quot;:&quot;5&quot;,&quot;greet&quot;:&quot;Valora este art\u00edculo&quot;,&quot;legend&quot;:&quot;0\\\/5 - (0 votos)&quot;,&quot;size&quot;:&quot;24&quot;,&quot;title&quot;:&quot;Las ideas m\u00e1s bonitas para una manicura francesa doble&quot;,&quot;width&quot;:&quot;0&quot;,&quot;_legend&quot;:&quot;{score}\\\/{best} - ({count} {votes})&quot;,&quot;font_factor&quot;:&quot;1.25&quot;}'>\n            \n<div class=\"kksr-stars\">\n    \n<div class=\"kksr-stars-inactive\">\n            <div class=\"kksr-star\" data-star=\"1\" style=\"padding-right: 5px\">\n            \n\n<div class=\"kksr-icon\" style=\"width: 24px; height: 24px;\"><\/div>\n        <\/div>\n            <div class=\"kksr-star\" data-star=\"2\" style=\"padding-right: 5px\">\n            \n\n<div class=\"kksr-icon\" style=\"width: 24px; height: 24px;\"><\/div>\n        <\/div>\n            <div class=\"kksr-star\" data-star=\"3\" style=\"padding-right: 5px\">\n            \n\n<div class=\"kksr-icon\" style=\"width: 24px; height: 24px;\"><\/div>\n        <\/div>\n            <div class=\"kksr-star\" data-star=\"4\" style=\"padding-right: 5px\">\n            \n\n<div class=\"kksr-icon\" style=\"width: 24px; height: 24px;\"><\/div>\n        <\/div>\n            <div class=\"kksr-star\" data-star=\"5\" style=\"padding-right: 5px\">\n            \n\n<div class=\"kksr-icon\" style=\"width: 24px; height: 24px;\"><\/div>\n        <\/div>\n    <\/div>\n    \n<div class=\"kksr-stars-active\" style=\"width: 0px;\">\n            <div class=\"kksr-star\" style=\"padding-right: 5px\">\n            \n\n<div class=\"kksr-icon\" style=\"width: 24px; height: 24px;\"><\/div>\n        <\/div>\n            <div class=\"kksr-star\" style=\"padding-right: 5px\">\n            \n\n<div class=\"kksr-icon\" style=\"width: 24px; height: 24px;\"><\/div>\n        <\/div>\n            <div class=\"kksr-star\" style=\"padding-right: 5px\">\n            \n\n<div class=\"kksr-icon\" style=\"width: 24px; height: 24px;\"><\/div>\n        <\/div>\n            <div class=\"kksr-star\" style=\"padding-right: 5px\">\n            \n\n<div class=\"kksr-icon\" style=\"width: 24px; height: 24px;\"><\/div>\n        <\/div>\n            <div class=\"kksr-star\" style=\"padding-right: 5px\">\n            \n\n<div class=\"kksr-icon\" style=\"width: 24px; height: 24px;\"><\/div>\n        <\/div>\n    <\/div>\n<\/div>\n                \n\n<div class=\"kksr-legend\" style=\"font-size: 19.2px;\">\n            <span class=\"kksr-muted\">Valora este art\u00edculo<\/span>\n    <\/div>\n    <\/div>\n","protected":false},"excerpt":{"rendered":"<p>S\u00ed, yo tambi\u00e9n soy de esas que no puede vivir sin las u\u00f1as hechas, pero si como yo te consideras cl\u00e1sica y elegante, muy probablemente seas de las que no puede vivir sin la manicura francesa. Lo entendemos, es la m\u00e1s vers\u00e1til y atemporal. Sin embargo, para las que buscan una opci\u00f3n diferente que cumpla [&hellip;]<\/p>\n","protected":false},"author":14,"featured_media":96314,"comment_status":"closed","ping_status":"closed","sticky":false,"template":"","format":"standard","meta":{"jnews-multi-image_gallery":[],"jnews_single_post":{"subtitle":"","format":"standard","video":"","gallery":"","source_name":"","source_url":"","via_name":"","via_url":"","override_template":"0","override":[{"template":"1","single_blog_custom":"","parallax":"1","fullscreen":"1","layout":"right-sidebar","sidebar":"home-2","second_sidebar":"default-sidebar","sticky_sidebar":"0","share_position":"float","share_float_style":"share-monocrhome","show_share_counter":"0","show_view_counter":"0","show_featured":"1","show_post_meta":"1","show_post_author":"0","show_post_author_image":"1","show_post_date":"1","post_date_format":"default","post_date_format_custom":"Y\/m\/d","show_post_category":"1","show_post_reading_time":"0","post_reading_time_wpm":"300","show_zoom_button":"0","zoom_button_out_step":"2","zoom_button_in_step":"3","show_post_tag":"0","show_prev_next_post":"0","show_popup_post":"0","number_popup_post":"2","show_author_box":"0","show_post_related":"0","show_inline_post_related":"1"}],"override_image_size":"0","image_override":[{"single_post_thumbnail_size":"no-crop","single_post_gallery_size":"crop-500"}],"trending_post":"0","trending_post_position":"meta","trending_post_label":"Trending","sponsored_post":"0","sponsored_post_label":"Sponsored by","sponsored_post_name":"","sponsored_post_url":"","sponsored_post_logo_enable":"0","sponsored_post_logo":"","sponsored_post_desc":"","disable_ad":"0"},"jnews_primary_category":{"id":"","hide":""},"jnews_social_meta":{"fb_title":"","fb_description":"","fb_image":"","twitter_title":"","twitter_description":"","twitter_image":""},"jnews_override_counter":{"override_view_counter":"0","view_counter_number":"0","override_share_counter":"0","share_counter_number":"0","override_like_counter":"0","like_counter_number":"0","override_dislike_counter":"0","dislike_counter_number":"0"},"footnotes":""},"categories":[41],"tags":[],"class_list":["post-96280","post","type-post","status-publish","format-standard","has-post-thumbnail","hentry","category-maquillaje"],"_links":{"self":[{"href":"https:\/\/www.primor.eu\/blog\/wp-json\/wp\/v2\/posts\/96280","targetHints":{"allow":["GET"]}}],"collection":[{"href":"https:\/\/www.primor.eu\/blog\/wp-json\/wp\/v2\/posts"}],"about":[{"href":"https:\/\/www.primor.eu\/blog\/wp-json\/wp\/v2\/types\/post"}],"author":[{"embeddable":true,"href":"https:\/\/www.primor.eu\/blog\/wp-json\/wp\/v2\/users\/14"}],"replies":[{"embeddable":true,"href":"https:\/\/www.primor.eu\/blog\/wp-json\/wp\/v2\/comments?post=96280"}],"version-history":[{"count":3,"href":"https:\/\/www.primor.eu\/blog\/wp-json\/wp\/v2\/posts\/96280\/revisions"}],"predecessor-version":[{"id":140683,"href":"https:\/\/www.primor.eu\/blog\/wp-json\/wp\/v2\/posts\/96280\/revisions\/140683"}],"wp:featuredmedia":[{"embeddable":true,"href":"https:\/\/www.primor.eu\/blog\/wp-json\/wp\/v2\/media\/96314"}],"wp:attachment":[{"href":"https:\/\/www.primor.eu\/blog\/wp-json\/wp\/v2\/media?parent=96280"}],"wp:term":[{"taxonomy":"category","embeddable":true,"href":"https:\/\/www.primor.eu\/blog\/wp-json\/wp\/v2\/categories?post=96280"},{"taxonomy":"post_tag","embeddable":true,"href":"https:\/\/www.primor.eu\/blog\/wp-json\/wp\/v2\/tags?post=96280"}],"curies":[{"name":"wp","href":"https:\/\/api.w.org\/{rel}","templated":true}]}}