{"id":95988,"date":"2025-02-10T13:51:50","date_gmt":"2025-02-10T13:51:50","guid":{"rendered":"https:\/\/www.primor.eu\/blog\/?p=95988"},"modified":"2026-02-09T08:54:22","modified_gmt":"2026-02-09T08:54:22","slug":"buzz-cut-hombres-que-es-caras","status":"publish","type":"post","link":"https:\/\/www.primor.eu\/blog\/buzz-cut-hombres-que-es-caras\/","title":{"rendered":"Corte de pelo para hombres buzz cut: a qu\u00e9 tipo de caras le sienta bien"},"content":{"rendered":"\n<p>Has o\u00eddo hablar de \u00e9l, o por lo menos, te suena. El corte de pelo <strong>buzz cut<\/strong> es un estilo de <strong>cabello muy corto <\/strong>y <strong>uniforme<\/strong> que se realiza con una m\u00e1quina de <a href=\"https:\/\/www.primor.eu\/blog\/mejores-cortes-pelo-hombre\/\" data-type=\"link\" data-id=\"https:\/\/www.primor.eu\/blog\/mejores-cortes-pelo-hombre\/?srsltid=AfmBOooKd6cGYizCHKfAAVlDdWn9uTGN0NVcMWqbZMXRYNLYy5x_Ba55\">cortar el pelo<\/a>. Este tipo de corte de <a href=\"https:\/\/www.primor.eu\/es_es\/cuidado-del-cabello-para-hombre\">cabello <\/a>es conocido por su <strong>simplicidad<\/strong> y por tener una <strong>longitud uniforme<\/strong> en todas partes de la cabeza. En un buzz cut, la m\u00e1quina de cortar el pelo se pasa sobre toda la cabeza con un ajuste de longitud espec\u00edfico, creando un corte de <strong>cabello corto y uniforme<\/strong>.<\/p>\n\n\n\n<p>Adem\u00e1s, el buzz cut es una opci\u00f3n <strong>popular<\/strong> entre <strong>hombres de todas las edades<\/strong> y puede tener diferentes variaciones para adaptarse a diferentes <strong>estilos<\/strong> y <strong>preferencias<\/strong>. Este corte de pelo a menudo se elige por su <strong>aspecto fresco y moderno<\/strong>, as\u00ed como por la <strong>comodidad<\/strong> y facilidad a la hora de mantenerlo.<\/p>\n\n\n\n<h2 class=\"wp-block-heading\">C\u00f3mo es el corte de pelo buzz cut<\/h2>\n\n\n\n<ul class=\"wp-block-list\">\n<li><strong>Por una longitud uniforme. <\/strong>El cabello tiene la misma longitud en toda la cabeza. La longitud espec\u00edfica puede variar seg\u00fan las preferencias personales y el estilo deseado.<\/li>\n\n\n\n<li><strong>Facilidad de mantenimiento<\/strong>. Debido a su longitud corta y uniforme, el buzz cut es f\u00e1cil de mantener y no requiere mucho peinado. Es una opci\u00f3n popular para aquellos que prefieren un estilo de bajo mantenimiento.<\/li>\n\n\n\n<li><strong>Es muy vers\u00e1ti<\/strong>l. Aunque el estilo b\u00e1sico implica una longitud uniforme, hay variaciones en el buzz cut, como el \"crew cut\" (corte de tripulaci\u00f3n) que tiene el cabello m\u00e1s largo en la parte superior y se corta m\u00e1s corto en los lados.<\/li>\n\n\n\n<li><strong>Es bastante r\u00e1pido de hacer.<\/strong> El proceso de cortar el cabello con una m\u00e1quina de cortar el pelo para lograr un buzz cut es generalmente r\u00e1pido y eficiente.<\/li>\n<\/ul>\n\n\n\n<h2 class=\"wp-block-heading\">Ventajas del corte de pelo buzz cut<\/h2>\n\n\n\n<p>Las ventajas del corte de pelo buzz cut son muchas. Estas son las m\u00e1s notorias:<\/p>\n\n\n\n<ul class=\"wp-block-list\">\n<li><strong>Es c\u00f3modo<\/strong>: es de lo m\u00e1s c\u00f3modo, ya que no necesita de gominas, peinados ni cuidados extra.<\/li>\n\n\n\n<li><strong>Cuida del cuero cabelludo<\/strong>: porque al no usar gominas ni productos para peinado, el cuero cabelludo est\u00e1 saludable y no se sobre carga de qu\u00edmicos. De hecho, por ejemplo, en los casos en los que hay eccema, dermatitis o problemas en el cuero cabelludo se pueden aplicar soluciones que llegan directas a la zona para solucionar el problema.<\/li>\n\n\n\n<li><strong>Es barato<\/strong>: porque no necesita de peluquer\u00edas al hacerlo con m\u00e1quina.<\/li>\n\n\n\n<li>Se puede <strong>cortar en cualquier momento<\/strong>: incluso estando de viaje, puedes llevar tu maquinilla y tener tu corte perfecto.<\/li>\n<\/ul>\n\n\n\n<h2 class=\"wp-block-heading\">El corte de pelo buzz cut es tendencia<\/h2>\n\n\n\n<p>Lo mejor que tiene el corte de pelo buzz cut es que es<strong> tendencia<\/strong> y suele serlo <strong>siempre<\/strong>. Se trata de un look limpio, c\u00f3modo, sencillo y masculino que se puede combinar desde con un look ejecutivo, hasta con el m\u00e1s casual. Algo que lo convierte en uno de los cortes de pelo m\u00e1s vistos en redes sociales, televisi\u00f3n y revistas.<\/p>\n\n\n\n<h2 class=\"wp-block-heading\">Quiero cortarme el pelo a lo buzz cut: c\u00f3mo lo hago<\/h2>\n\n\n\n<p>Aunque el buzz cut se caracteriza por ser un estilo de corte de pelo muy corto y uniforme, hay variaciones que puedes considerar para personalizar tu look:<\/p>\n\n\n\n<h3 class=\"wp-block-heading\">Buzz Cut Regular<\/h3>\n\n\n\n<p>Longitud uniforme en toda la cabeza, generalmente afeitada con una m\u00e1quina de cortar el pelo. Este es el estilo b\u00e1sico del buzz cut.<\/p>\n\n\n\n<h3 class=\"wp-block-heading\">Buzz Cut con Textura<\/h3>\n\n\n\n<p>Deja una ligera textura en la parte superior para un aspecto m\u00e1s moderno. Puedes pedir a tu estilista que use diferentes longitudes de guardia para crear una textura sutil.<\/p>\n\n\n\n<h3 class=\"wp-block-heading\">Buzz Cut Fade<\/h3>\n\n\n\n<p>Combina el buzz cut con un degradado (fade) en los lados y la parte posterior para una transici\u00f3n suave entre las longitudes. Puede ser un \"Low Fade\" (degradado bajo) o un \"High Fade\" (degradado alto).<\/p>\n\n\n\n<h3 class=\"wp-block-heading\">Buzz Cut con L\u00ednea o Dise\u00f1o<\/h3>\n\n\n\n<p>Agrega una l\u00ednea fina o un dise\u00f1o afeitado en un lado para un toque de estilo adicional. Esto puede incluir l\u00edneas geom\u00e9tricas, patrones o incluso una l\u00ednea curva.<\/p>\n\n\n\n<h3 class=\"wp-block-heading\">Buzz Cut con Textura en la Parte Superior<\/h3>\n\n\n\n<p>Mant\u00e9n la parte superior ligeramente m\u00e1s larga para una textura adicional. Esto puede darle un aspecto m\u00e1s despeinado y contempor\u00e1neo.<\/p>\n\n\n\n<h3 class=\"wp-block-heading\">Buzz Cut con Degradado de Color<\/h3>\n\n\n\n<p>Experimenta con un degradado de color en la parte superior para un toque vibrante. Puedes usar colores contrastantes o tonos m\u00e1s sutiles seg\u00fan tu estilo.<\/p>\n\n\n\n<h3 class=\"wp-block-heading\">Buzz Cut Imitando Piel Rapada<\/h3>\n\n\n\n<p>P\u00eddele a tu estilista que use una m\u00e1quina de cortar el pelo sin guardia para imitar la apariencia de la piel rapada. Esto puede darle un aspecto m\u00e1s atrevido y moderno.<\/p>\n\n\n\n<h3 class=\"wp-block-heading\">Buzz Cut con Nuca y Patillas Afeitadas<\/h3>\n\n\n\n<p>Mant\u00e9n la parte superior corta y afeita la nuca y las patillas para un estilo limpio y fresco.<\/p>\n\n\n<div class=\"kk-star-ratings kksr-auto kksr-align-center kksr-valign-bottom\"\n    data-payload='{&quot;align&quot;:&quot;center&quot;,&quot;id&quot;:&quot;95988&quot;,&quot;slug&quot;:&quot;default&quot;,&quot;valign&quot;:&quot;bottom&quot;,&quot;ignore&quot;:&quot;&quot;,&quot;reference&quot;:&quot;auto&quot;,&quot;class&quot;:&quot;&quot;,&quot;count&quot;:&quot;15&quot;,&quot;legendonly&quot;:&quot;&quot;,&quot;readonly&quot;:&quot;&quot;,&quot;score&quot;:&quot;4&quot;,&quot;starsonly&quot;:&quot;&quot;,&quot;best&quot;:&quot;5&quot;,&quot;gap&quot;:&quot;5&quot;,&quot;greet&quot;:&quot;Valora este art\u00edculo&quot;,&quot;legend&quot;:&quot;4\\\/5 - (15 votos)&quot;,&quot;size&quot;:&quot;24&quot;,&quot;title&quot;:&quot;Corte de pelo para hombres buzz cut: a qu\u00e9 tipo de caras le sienta bien&quot;,&quot;width&quot;:&quot;113.5&quot;,&quot;_legend&quot;:&quot;{score}\\\/{best} - ({count} {votes})&quot;,&quot;font_factor&quot;:&quot;1.25&quot;}'>\n            \n<div class=\"kksr-stars\">\n    \n<div class=\"kksr-stars-inactive\">\n            <div class=\"kksr-star\" data-star=\"1\" style=\"padding-right: 5px\">\n            \n\n<div class=\"kksr-icon\" style=\"width: 24px; height: 24px;\"><\/div>\n        <\/div>\n            <div class=\"kksr-star\" data-star=\"2\" style=\"padding-right: 5px\">\n            \n\n<div class=\"kksr-icon\" style=\"width: 24px; height: 24px;\"><\/div>\n        <\/div>\n            <div class=\"kksr-star\" data-star=\"3\" style=\"padding-right: 5px\">\n            \n\n<div class=\"kksr-icon\" style=\"width: 24px; height: 24px;\"><\/div>\n        <\/div>\n            <div class=\"kksr-star\" data-star=\"4\" style=\"padding-right: 5px\">\n            \n\n<div class=\"kksr-icon\" style=\"width: 24px; height: 24px;\"><\/div>\n        <\/div>\n            <div class=\"kksr-star\" data-star=\"5\" style=\"padding-right: 5px\">\n            \n\n<div class=\"kksr-icon\" style=\"width: 24px; height: 24px;\"><\/div>\n        <\/div>\n    <\/div>\n    \n<div class=\"kksr-stars-active\" style=\"width: 113.5px;\">\n            <div class=\"kksr-star\" style=\"padding-right: 5px\">\n            \n\n<div class=\"kksr-icon\" style=\"width: 24px; height: 24px;\"><\/div>\n        <\/div>\n            <div class=\"kksr-star\" style=\"padding-right: 5px\">\n            \n\n<div class=\"kksr-icon\" style=\"width: 24px; height: 24px;\"><\/div>\n        <\/div>\n            <div class=\"kksr-star\" style=\"padding-right: 5px\">\n            \n\n<div class=\"kksr-icon\" style=\"width: 24px; height: 24px;\"><\/div>\n        <\/div>\n            <div class=\"kksr-star\" style=\"padding-right: 5px\">\n            \n\n<div class=\"kksr-icon\" style=\"width: 24px; height: 24px;\"><\/div>\n        <\/div>\n            <div class=\"kksr-star\" style=\"padding-right: 5px\">\n            \n\n<div class=\"kksr-icon\" style=\"width: 24px; height: 24px;\"><\/div>\n        <\/div>\n    <\/div>\n<\/div>\n                \n\n<div class=\"kksr-legend\" style=\"font-size: 19.2px;\">\n            4\/5 - (15 votos)    <\/div>\n    <\/div>\n","protected":false},"excerpt":{"rendered":"<p>Has o\u00eddo hablar de \u00e9l, o por lo menos, te suena. El corte de pelo buzz cut es un estilo de cabello muy corto y uniforme que se realiza con una m\u00e1quina de cortar el pelo. Este tipo de corte de cabello es conocido por su simplicidad y por tener una longitud uniforme en todas [&hellip;]<\/p>\n","protected":false},"author":14,"featured_media":96003,"comment_status":"closed","ping_status":"closed","sticky":false,"template":"","format":"standard","meta":{"jnews-multi-image_gallery":[],"jnews_single_post":{"subtitle":"","format":"standard","video":"","gallery":"","source_name":"","source_url":"","via_name":"","via_url":"","override_template":"0","override":[{"template":"1","single_blog_custom":"","parallax":"1","fullscreen":"1","layout":"right-sidebar","sidebar":"home-2","second_sidebar":"default-sidebar","sticky_sidebar":"0","share_position":"float","share_float_style":"share-monocrhome","show_share_counter":"0","show_view_counter":"0","show_featured":"1","show_post_meta":"1","show_post_author":"0","show_post_author_image":"1","show_post_date":"1","post_date_format":"default","post_date_format_custom":"Y\/m\/d","show_post_category":"1","show_post_reading_time":"0","post_reading_time_wpm":"300","show_zoom_button":"0","zoom_button_out_step":"2","zoom_button_in_step":"3","show_post_tag":"0","show_prev_next_post":"0","show_popup_post":"0","number_popup_post":"2","show_author_box":"0","show_post_related":"0","show_inline_post_related":"1"}],"override_image_size":"0","image_override":[{"single_post_thumbnail_size":"no-crop","single_post_gallery_size":"crop-500"}],"trending_post":"0","trending_post_position":"meta","trending_post_label":"Trending","sponsored_post":"0","sponsored_post_label":"Sponsored by","sponsored_post_name":"","sponsored_post_url":"","sponsored_post_logo_enable":"0","sponsored_post_logo":"","sponsored_post_desc":"","disable_ad":"0"},"jnews_primary_category":{"id":"","hide":""},"jnews_social_meta":{"fb_title":"","fb_description":"","fb_image":"","twitter_title":"","twitter_description":"","twitter_image":""},"jnews_override_counter":{"override_view_counter":"0","view_counter_number":"0","override_share_counter":"0","share_counter_number":"0","override_like_counter":"0","like_counter_number":"0","override_dislike_counter":"0","dislike_counter_number":"0"},"footnotes":""},"categories":[35,6311],"tags":[],"class_list":["post-95988","post","type-post","status-publish","format-standard","has-post-thumbnail","hentry","category-cabello","category-hombres"],"_links":{"self":[{"href":"https:\/\/www.primor.eu\/blog\/wp-json\/wp\/v2\/posts\/95988","targetHints":{"allow":["GET"]}}],"collection":[{"href":"https:\/\/www.primor.eu\/blog\/wp-json\/wp\/v2\/posts"}],"about":[{"href":"https:\/\/www.primor.eu\/blog\/wp-json\/wp\/v2\/types\/post"}],"author":[{"embeddable":true,"href":"https:\/\/www.primor.eu\/blog\/wp-json\/wp\/v2\/users\/14"}],"replies":[{"embeddable":true,"href":"https:\/\/www.primor.eu\/blog\/wp-json\/wp\/v2\/comments?post=95988"}],"version-history":[{"count":8,"href":"https:\/\/www.primor.eu\/blog\/wp-json\/wp\/v2\/posts\/95988\/revisions"}],"predecessor-version":[{"id":138919,"href":"https:\/\/www.primor.eu\/blog\/wp-json\/wp\/v2\/posts\/95988\/revisions\/138919"}],"wp:featuredmedia":[{"embeddable":true,"href":"https:\/\/www.primor.eu\/blog\/wp-json\/wp\/v2\/media\/96003"}],"wp:attachment":[{"href":"https:\/\/www.primor.eu\/blog\/wp-json\/wp\/v2\/media?parent=95988"}],"wp:term":[{"taxonomy":"category","embeddable":true,"href":"https:\/\/www.primor.eu\/blog\/wp-json\/wp\/v2\/categories?post=95988"},{"taxonomy":"post_tag","embeddable":true,"href":"https:\/\/www.primor.eu\/blog\/wp-json\/wp\/v2\/tags?post=95988"}],"curies":[{"name":"wp","href":"https:\/\/api.w.org\/{rel}","templated":true}]}}