{"id":94439,"date":"2026-01-07T05:48:50","date_gmt":"2026-01-07T05:48:50","guid":{"rendered":"https:\/\/www.primor.eu\/blog\/?p=94439"},"modified":"2026-01-07T05:48:52","modified_gmt":"2026-01-07T05:48:52","slug":"rebajas-en-primor-locura-total-de-ofertas-en-serums","status":"publish","type":"post","link":"https:\/\/www.primor.eu\/blog\/rebajas-en-primor-locura-total-de-ofertas-en-serums\/","title":{"rendered":"Rebajas en Primor: locura total de ofertas en s\u00e9rums"},"content":{"rendered":"\n<p>Con las <strong>rebajas de invierno<\/strong> a la vuelta de la esquina, solo podemos pensar en muchos de los productos b\u00e1sicos que puedes conseguir con un descuento considerable. \u00bfUno de ellos? Las <strong>rebajas de <a href=\"https:\/\/www.primor.eu\/blog\/mejores-serums-faciales-primor\/?srsltid=AfmBOoojd7Vrbr97mu1DSaoMC8NH7nhiH0XHcY4o0LugbnLRcqezuK4c\" data-type=\"link\" data-id=\"https:\/\/www.primor.eu\/blog\/mejores-serums-faciales-primor\/?srsltid=AfmBOoojd7Vrbr97mu1DSaoMC8NH7nhiH0XHcY4o0LugbnLRcqezuK4c\">s\u00e9rums <\/a>de Primor <\/strong>con las que mujeres y hombres sue\u00f1an a diario.<\/p>\n\n\n\n<p>Por eso mismo, en Primor hemos elaborado un listado con nuestros favoritos que tendr\u00e1s descuentos y ofertas incre\u00edbles y que deber\u00edas probar por su eficacia y resultados que se han vuelto virales en el mundo entero.&nbsp;<\/p>\n\n\n\n<h2 class=\"wp-block-heading\">\u00bfCu\u00e1ndo empiezan las rebajas de enero de s\u00e9rums 2026 en Primor?<\/h2>\n\n\n\n<p>En Primor queremos<strong> empezar el a\u00f1o con buen pie<\/strong>. Por eso lanzamos <strong>Rebajas<\/strong>. Un mes donde encontrar\u00e1s tus productos favoritos de<strong> <\/strong><a href=\"https:\/\/www.primor.eu\/es_es\/rebajas-cosmetica\"><strong>cosm\u00e9tica<\/strong><\/a><strong>, <\/strong><a href=\"https:\/\/www.primor.eu\/es_es\/cabello\"><strong>cabello<\/strong><\/a><strong>, <\/strong><a href=\"https:\/\/www.primor.eu\/es_es\/rebajas-maquillaje\"><strong>maquillaje<\/strong><\/a><strong> y <\/strong><a href=\"https:\/\/www.primor.eu\/es_es\/perfumes\"><strong>perfumes<\/strong><\/a><strong>,<\/strong> entre otros, <strong>a precios imbatibles<\/strong>. Nuestras rebajas de invierno 2026 <strong>comienzan a principios de enero<\/strong>. As\u00ed que, prepara tu <em>wishlist<\/em> porque este a\u00f1o la cuesta de enero va hacia abajo.<\/p>\n\n\n\n<h2 class=\"wp-block-heading\">\u00bfCu\u00e1nto duran las rebajas de enero de s\u00e9rums 2026 en Primor?<\/h2>\n\n\n\n<p>\u00a1Todo un mes! Como te lo contamos, las <strong>rebajas de enero 2026<\/strong> comienzan a principios de mes y duran hasta final de mes Lo que se traduce en todo un mes de descuentos y ofertas para conseguir tus productos favoritos al mejor precio. Suscr\u00edbete a nuestra <strong>newsletter<\/strong> y activa las <strong>notificaciones de la app<\/strong> para enterarte de nuestras promociones antes que nadie.&nbsp;<\/p>\n\n\n\n<h2 class=\"wp-block-heading\">\u00bfD\u00f3nde puedo encontrar los productos en rebajas de s\u00e9rums en Primor?<\/h2>\n\n\n\n<p>\u00bfNuestro objetivo? Que puedas encontra<strong>r los mejores productos de maquillaje, perfumer\u00eda, cabello y cuidado de la piel al mejor precio<\/strong>. En Primor, queremos facilitarte tus compras post-navide\u00f1as. Por eso, nuestras rebajas de invierno estar\u00e1n disponibles en todos nuestros canales: <strong>en tienda, en la web y en nuestra aplicaci\u00f3n. <\/strong>\u00a1S\u00e1cate el m\u00e1ximo partido!<\/p>\n\n\n\n<h2 class=\"wp-block-heading\">Rebajas de invierno en s\u00e9rums: qu\u00e9 deber\u00edas comprar<\/h2>\n\n\n        <product-table class=\"pr-slider\">\r\n            <product-headers class=\"grid-table-rows\">\r\n                <div>Foto<\/div>\r\n                <div>Producto<\/div>\r\n                <div>Marca<\/div>\r\n                <div>Valoraciones<\/div>\r\n                <div>Precio<\/div>\r\n            <\/product-headers>\r\n\r\n            <product-list>\r\n                                    <a href=\"https:\/\/www.primor.eu\/es_es\/remescar-serum-antiedad-con-retinol-14031.html\" class=\"product-item grid-table-rows\" target=\"_blank\">\r\n                        <div>\r\n                            <img decoding=\"async\" class=\"product-img\" width=\"80px\" height=\"80px\" src=\"https:\/\/cdn2.primor.eu\/media\/catalog\/product\/cache\/8d3aba296f7a18b5251ee30fa5db42b2\/5\/4\/5425012533776_Remescar_Serum_Retinol_Antiedad_1_64e6.png\" alt=\"Serum Antiedad con Retinol\">\r\n                        <\/div>\r\n\r\n                        <!-- Contenido de producto  -->\r\n                        <div>\r\n                            <div class=\"product-position\">\r\n                                #1 Top Ventas                            <\/div>\r\n\r\n                            <h2>\r\n                                Serum Antiedad con Retinol                            <\/h2>\r\n                        <\/div>\r\n\r\n                        <!-- Imagen y\/o nombre de la marca -->\r\n                        <div>\r\n                                                            <img decoding=\"async\" width=\"70\" src=\"https:\/\/www.primor.eu\/media\/catalog\/category\/401.jpg\" alt=\"\">\r\n                                                    <\/div>\r\n\r\n                        <!-- Puntuaci\u00f3n del producto  -->\r\n                        <div class=\"rating\">\r\n                                                            <div class=\"rate\" style=\"--p:90;\"><\/div>\r\n                                <b>4.5\/5<\/b>\r\n                                <div class=\"rate-stars\">\r\n                                                                            <div\r\n                                            class=\"rate-star  \">\r\n                                        <\/div>\r\n                                                                            <div\r\n                                            class=\"rate-star  \">\r\n                                        <\/div>\r\n                                                                            <div\r\n                                            class=\"rate-star  \">\r\n                                        <\/div>\r\n                                                                            <div\r\n                                            class=\"rate-star  \">\r\n                                        <\/div>\r\n                                                                            <div\r\n                                            class=\"rate-star  middle\">\r\n                                        <\/div>\r\n                                                                    <\/div>\r\n                                                    <\/div>\r\n\r\n                        <!-- Bot\u00f3n de producto  -->\r\n                        <div>\r\n                            <span class=\"price-claim\">\r\n                                VER PRECIO                            <\/span>\r\n                        <\/div>\r\n                    <\/a>\r\n                                    <a href=\"https:\/\/www.primor.eu\/es_es\/l-oreal-paris-revitalift-filler-serum-antiarrugas-13922.html\" class=\"product-item grid-table-rows\" target=\"_blank\">\r\n                        <div>\r\n                            <img decoding=\"async\" class=\"product-img\" width=\"80px\" height=\"80px\" src=\"https:\/\/cdn2.primor.eu\/media\/catalog\/product\/cache\/8d3aba296f7a18b5251ee30fa5db42b2\/B\/0\/B08B21PRLM.MAIN_dfa4.jpg\" alt=\"Revitalift Filler S\u00e9rum Antiarrugas\">\r\n                        <\/div>\r\n\r\n                        <!-- Contenido de producto  -->\r\n                        <div>\r\n                            <div class=\"product-position\">\r\n                                #2                            <\/div>\r\n\r\n                            <h2>\r\n                                Revitalift Filler S\u00e9rum Antiarrugas                            <\/h2>\r\n                        <\/div>\r\n\r\n                        <!-- Imagen y\/o nombre de la marca -->\r\n                        <div>\r\n                                                            <img decoding=\"async\" width=\"70\" src=\"https:\/\/www.primor.eu\/media\/catalog\/category\/loreal-paris.png\" alt=\"\">\r\n                                                    <\/div>\r\n\r\n                        <!-- Puntuaci\u00f3n del producto  -->\r\n                        <div class=\"rating\">\r\n                                                            <div class=\"rate\" style=\"--p:96;\"><\/div>\r\n                                <b>4.8\/5<\/b>\r\n                                <div class=\"rate-stars\">\r\n                                                                            <div\r\n                                            class=\"rate-star  \">\r\n                                        <\/div>\r\n                                                                            <div\r\n                                            class=\"rate-star  \">\r\n                                        <\/div>\r\n                                                                            <div\r\n                                            class=\"rate-star  \">\r\n                                        <\/div>\r\n                                                                            <div\r\n                                            class=\"rate-star  \">\r\n                                        <\/div>\r\n                                                                            <div\r\n                                            class=\"rate-star  \">\r\n                                        <\/div>\r\n                                                                    <\/div>\r\n                                                    <\/div>\r\n\r\n                        <!-- Bot\u00f3n de producto  -->\r\n                        <div>\r\n                            <span class=\"price-claim\">\r\n                                VER PRECIO                            <\/span>\r\n                        <\/div>\r\n                    <\/a>\r\n                                    <a href=\"https:\/\/www.primor.eu\/es_es\/lancome-genifique-advanced-light-pearl-serum-antiedad-ojos-y-pestanas-15640.html\" class=\"product-item grid-table-rows\" target=\"_blank\">\r\n                        <div>\r\n                            <img decoding=\"async\" class=\"product-img\" width=\"80px\" height=\"80px\" src=\"https:\/\/cdn2.primor.eu\/media\/catalog\/product\/cache\/8d3aba296f7a18b5251ee30fa5db42b2\/0\/T\/0TF16597_1_8874.jpg\" alt=\"G\u00e9nifique Advanced Light Pearl S\u00e9rum Antiedad Ojos y Pesta\u00f1as\">\r\n                        <\/div>\r\n\r\n                        <!-- Contenido de producto  -->\r\n                        <div>\r\n                            <div class=\"product-position\">\r\n                                #3                            <\/div>\r\n\r\n                            <h2>\r\n                                G\u00e9nifique Advanced Light Pearl S\u00e9rum Antiedad Ojos y Pesta\u00f1as                            <\/h2>\r\n                        <\/div>\r\n\r\n                        <!-- Imagen y\/o nombre de la marca -->\r\n                        <div>\r\n                                                            <img decoding=\"async\" width=\"70\" src=\"https:\/\/www.primor.eu\/media\/catalog\/category\/lancome.png\" alt=\"\">\r\n                                                    <\/div>\r\n\r\n                        <!-- Puntuaci\u00f3n del producto  -->\r\n                        <div class=\"rating\">\r\n                                                            <div class=\"rate\" style=\"--p:94;\"><\/div>\r\n                                <b>4.7\/5<\/b>\r\n                                <div class=\"rate-stars\">\r\n                                                                            <div\r\n                                            class=\"rate-star  \">\r\n                                        <\/div>\r\n                                                                            <div\r\n                                            class=\"rate-star  \">\r\n                                        <\/div>\r\n                                                                            <div\r\n                                            class=\"rate-star  \">\r\n                                        <\/div>\r\n                                                                            <div\r\n                                            class=\"rate-star  \">\r\n                                        <\/div>\r\n                                                                            <div\r\n                                            class=\"rate-star  \">\r\n                                        <\/div>\r\n                                                                    <\/div>\r\n                                                    <\/div>\r\n\r\n                        <!-- Bot\u00f3n de producto  -->\r\n                        <div>\r\n                            <span class=\"price-claim\">\r\n                                VER PRECIO                            <\/span>\r\n                        <\/div>\r\n                    <\/a>\r\n                                    <a href=\"https:\/\/www.primor.eu\/es_es\/garnier-skin-active-vitamina-c-serum-iluminador-17740.html\" class=\"product-item grid-table-rows\" target=\"_blank\">\r\n                        <div>\r\n                            <img decoding=\"async\" class=\"product-img\" width=\"80px\" height=\"80px\" src=\"https:\/\/cdn2.primor.eu\/media\/catalog\/product\/cache\/8d3aba296f7a18b5251ee30fa5db42b2\/3\/6\/3600542453165_G_7303.jpg\" alt=\"Skin Active Vitamina C Serum Iluminador\">\r\n                        <\/div>\r\n\r\n                        <!-- Contenido de producto  -->\r\n                        <div>\r\n                            <div class=\"product-position\">\r\n                                #4                            <\/div>\r\n\r\n                            <h2>\r\n                                Skin Active Vitamina C Serum Iluminador                            <\/h2>\r\n                        <\/div>\r\n\r\n                        <!-- Imagen y\/o nombre de la marca -->\r\n                        <div>\r\n                                                            <img decoding=\"async\" width=\"70\" src=\"https:\/\/www.primor.eu\/media\/catalog\/category\/Garnier.jpg\" alt=\"\">\r\n                                                    <\/div>\r\n\r\n                        <!-- Puntuaci\u00f3n del producto  -->\r\n                        <div class=\"rating\">\r\n                                                            <div class=\"rate\" style=\"--p:94;\"><\/div>\r\n                                <b>4.7\/5<\/b>\r\n                                <div class=\"rate-stars\">\r\n                                                                            <div\r\n                                            class=\"rate-star  \">\r\n                                        <\/div>\r\n                                                                            <div\r\n                                            class=\"rate-star  \">\r\n                                        <\/div>\r\n                                                                            <div\r\n                                            class=\"rate-star  \">\r\n                                        <\/div>\r\n                                                                            <div\r\n                                            class=\"rate-star  \">\r\n                                        <\/div>\r\n                                                                            <div\r\n                                            class=\"rate-star  \">\r\n                                        <\/div>\r\n                                                                    <\/div>\r\n                                                    <\/div>\r\n\r\n                        <!-- Bot\u00f3n de producto  -->\r\n                        <div>\r\n                            <span class=\"price-claim\">\r\n                                VER PRECIO                            <\/span>\r\n                        <\/div>\r\n                    <\/a>\r\n                            <\/product-list>\r\n        <\/product-table>\r\n\r\n        \n\n\n\n<h3 class=\"wp-block-heading\">S\u00e9rum Antiedad con Retinol de Remescar<\/h3>\n\n\n\n<p>Un s\u00e9rum para una piel m\u00e1s sana y sin imperfecciones, este s\u00e9rum reequilibra la microbiota de la piel, refuerza el ecosistema de la piel y su barrera de defensa natural contra agresiones como la contaminaci\u00f3n y el estr\u00e9s. Adem\u00e1s, disminuye la aparici\u00f3n de l\u00edneas finas y arrugas, minimiza los poros, reduce las manchas y ayuda a alisar el tono de la piel. El retinol acelera la renovaci\u00f3n de las c\u00e9lulas para la reducci\u00f3n de arrugas, l\u00edneas finas de expresi\u00f3n y otros signos de envejecimiento.&nbsp;<\/p>\n\n\n    <a class='product' target='_blank' href='https:\/\/www.primor.eu\/es_es\/remescar-serum-antiedad-con-retinol-14031.html'>\r\n        <img loading='async' src='https:\/\/cdn2.primor.eu\/media\/catalog\/product\/cache\/8d3aba296f7a18b5251ee30fa5db42b2\/5\/4\/5425012533776_Remescar_Serum_Retinol_Antiedad_1_64e6.png' alt='COMPRAR AHORA'>\r\n            <div class=\"claim\">\r\n                COMPRAR AHORA            <\/div>\r\n        <\/a>\r\n    \n\n\n\n<h3 class=\"wp-block-heading\">Revitalift Filler S\u00e9rum Antiarrugas con \u00c1cido hialur\u00f3nico de L\u2019Or\u00e9al Par\u00eds<\/h3>\n\n\n\n<p>Un tratamiento facial antiedad con un alto porcentaje de \u00e1cido hialur\u00f3nico que rellena las arrugas desde el interior a la vez que recupera la elasticidad de la piel. Formulado para ofrecer una avanzada eficacia antiarrugas, es un producto ligero que rellena la piel, le da vida, volumen y reduce progresivamente las arrugas desde la primera aplicaci\u00f3n.<\/p>\n\n\n    <a class='product' target='_blank' href='https:\/\/www.primor.eu\/es_es\/l-oreal-paris-revitalift-filler-serum-antiarrugas-13922.html'>\r\n        <img loading='async' src='https:\/\/cdn2.primor.eu\/media\/catalog\/product\/cache\/8d3aba296f7a18b5251ee30fa5db42b2\/B\/0\/B08B21PRLM.MAIN_dfa4.jpg' alt='COMPRAR AHORA'>\r\n            <div class=\"claim\">\r\n                COMPRAR AHORA            <\/div>\r\n        <\/a>\r\n    \n\n\n\n<h3 class=\"wp-block-heading\">G\u00e9nifique Advanced Light Pearl de Lanc\u00f4me<\/h3>\n\n\n\n<p>Famoso por revivir el microbioma de la piel, es un s\u00e9rum facial que reactiva la piel para conseguir su mejor versi\u00f3n. Apto para las pieles m\u00e1s maduras, su exclusiva f\u00f3rmula combate las arrugas de forma eficaz para una piel m\u00e1s joven y saludable. Por otro lado, trata cualquiera de las necesidades de tu piel: tono, luminosidad, elasticidad, arrugas\u2026 As\u00ed, tras 14 a\u00f1os de investigaci\u00f3n en belleza, su nueva f\u00f3rmula est\u00e1 enriquecida con 7 extractos de prebi\u00f3ticos y probi\u00f3ticos que act\u00faan fortaleciendo tu barrera cut\u00e1nea. En tan solo 7 d\u00edas, notar\u00e1s tu piel m\u00e1s joven, luminosa y visiblemente m\u00e1s firme<\/p>\n\n\n    <a class='product' target='_blank' href='https:\/\/www.primor.eu\/es_es\/lancome-genifique-advanced-light-pearl-serum-antiedad-ojos-y-pestanas-15640.html'>\r\n        <img loading='async' src='https:\/\/cdn2.primor.eu\/media\/catalog\/product\/cache\/8d3aba296f7a18b5251ee30fa5db42b2\/0\/T\/0TF16597_1_8874.jpg' alt='COMPRAR AHORA'>\r\n            <div class=\"claim\">\r\n                COMPRAR AHORA            <\/div>\r\n        <\/a>\r\n    \n\n\n\n<h3 class=\"wp-block-heading\">Skin Active Serum Antimanchas con Vitamina C de Garnier<\/h3>\n\n\n\n<p>Apto para todo tipo de pieles, su acci\u00f3n antimanchas con 3,5% Vitamina C, Niacinamida y \u00c1cido salic\u00edlico reduce un 43% la intensidad de las manchas oscuras incluso marcas de acn\u00e9 en solo 8 semanas y aporta luminosidad.&nbsp;<\/p>\n\n\n    <a class='product' target='_blank' href='https:\/\/www.primor.eu\/es_es\/garnier-skin-active-vitamina-c-serum-iluminador-17740.html'>\r\n        <img loading='async' src='https:\/\/cdn2.primor.eu\/media\/catalog\/product\/cache\/8d3aba296f7a18b5251ee30fa5db42b2\/3\/6\/3600542453165_G_7303.jpg' alt='COMPRAR AHORA'>\r\n            <div class=\"claim\">\r\n                COMPRAR AHORA            <\/div>\r\n        <\/a>\r\n    \n\n\n\n<h3 class=\"wp-block-heading\">Serum Antiedad Advanced Night Repair Serum de Est\u00e8e Lauder<\/h3>\n\n\n\n<p>Su f\u00f3rmula est\u00e1 enriquecida con \u00c1cido Hialur\u00f3nico, que tiene la capacidad de retener la hidrataci\u00f3n de la piel durante hasta 72 horas. Esto previene la sequedad y la sensaci\u00f3n de tirantez, al mismo tiempo que potencia la capacidad de reparaci\u00f3n natural de la dermis. Adem\u00e1s, su poder antioxidante ilumina la piel, fortalece su barrera protectora, elimina manchas y fomenta la producci\u00f3n natural de col\u00e1geno y elastina.<br><\/p>\n\n\n    <a class='product' target='_blank' href='https:\/\/www.primor.eu\/es_es\/estee-lauder-serum-antiedad-advanced-night-repair-serum-106279.html?#854=66330'>\r\n        <img loading='async' src='https:\/\/cdn2.primor.eu\/media\/catalog\/product\/cache\/8d3aba296f7a18b5251ee30fa5db42b2\/0\/T\/0TF18833_1_ca29.jpg' alt='COMPRAR AHORA'>\r\n            <div class=\"claim\">\r\n                COMPRAR AHORA            <\/div>\r\n        <\/a>\r\n    \n\n\n<div class=\"kk-star-ratings kksr-auto kksr-align-center kksr-valign-bottom\"\n    data-payload='{&quot;align&quot;:&quot;center&quot;,&quot;id&quot;:&quot;94439&quot;,&quot;slug&quot;:&quot;default&quot;,&quot;valign&quot;:&quot;bottom&quot;,&quot;ignore&quot;:&quot;&quot;,&quot;reference&quot;:&quot;auto&quot;,&quot;class&quot;:&quot;&quot;,&quot;count&quot;:&quot;0&quot;,&quot;legendonly&quot;:&quot;&quot;,&quot;readonly&quot;:&quot;&quot;,&quot;score&quot;:&quot;0&quot;,&quot;starsonly&quot;:&quot;&quot;,&quot;best&quot;:&quot;5&quot;,&quot;gap&quot;:&quot;5&quot;,&quot;greet&quot;:&quot;Valora este art\u00edculo&quot;,&quot;legend&quot;:&quot;0\\\/5 - (0 votos)&quot;,&quot;size&quot;:&quot;24&quot;,&quot;title&quot;:&quot;Rebajas en Primor: locura total de ofertas en s\u00e9rums&quot;,&quot;width&quot;:&quot;0&quot;,&quot;_legend&quot;:&quot;{score}\\\/{best} - ({count} {votes})&quot;,&quot;font_factor&quot;:&quot;1.25&quot;}'>\n            \n<div class=\"kksr-stars\">\n    \n<div class=\"kksr-stars-inactive\">\n            <div class=\"kksr-star\" data-star=\"1\" style=\"padding-right: 5px\">\n            \n\n<div class=\"kksr-icon\" style=\"width: 24px; height: 24px;\"><\/div>\n        <\/div>\n            <div class=\"kksr-star\" data-star=\"2\" style=\"padding-right: 5px\">\n            \n\n<div class=\"kksr-icon\" style=\"width: 24px; height: 24px;\"><\/div>\n        <\/div>\n            <div class=\"kksr-star\" data-star=\"3\" style=\"padding-right: 5px\">\n            \n\n<div class=\"kksr-icon\" style=\"width: 24px; height: 24px;\"><\/div>\n        <\/div>\n            <div class=\"kksr-star\" data-star=\"4\" style=\"padding-right: 5px\">\n            \n\n<div class=\"kksr-icon\" style=\"width: 24px; height: 24px;\"><\/div>\n        <\/div>\n            <div class=\"kksr-star\" data-star=\"5\" style=\"padding-right: 5px\">\n            \n\n<div class=\"kksr-icon\" style=\"width: 24px; height: 24px;\"><\/div>\n        <\/div>\n    <\/div>\n    \n<div class=\"kksr-stars-active\" style=\"width: 0px;\">\n            <div class=\"kksr-star\" style=\"padding-right: 5px\">\n            \n\n<div class=\"kksr-icon\" style=\"width: 24px; height: 24px;\"><\/div>\n        <\/div>\n            <div class=\"kksr-star\" style=\"padding-right: 5px\">\n            \n\n<div class=\"kksr-icon\" style=\"width: 24px; height: 24px;\"><\/div>\n        <\/div>\n            <div class=\"kksr-star\" style=\"padding-right: 5px\">\n            \n\n<div class=\"kksr-icon\" style=\"width: 24px; height: 24px;\"><\/div>\n        <\/div>\n            <div class=\"kksr-star\" style=\"padding-right: 5px\">\n            \n\n<div class=\"kksr-icon\" style=\"width: 24px; height: 24px;\"><\/div>\n        <\/div>\n            <div class=\"kksr-star\" style=\"padding-right: 5px\">\n            \n\n<div class=\"kksr-icon\" style=\"width: 24px; height: 24px;\"><\/div>\n        <\/div>\n    <\/div>\n<\/div>\n                \n\n<div class=\"kksr-legend\" style=\"font-size: 19.2px;\">\n            <span class=\"kksr-muted\">Valora este art\u00edculo<\/span>\n    <\/div>\n    <\/div>\n","protected":false},"excerpt":{"rendered":"<p>Con las rebajas de invierno a la vuelta de la esquina, solo podemos pensar en muchos de los productos b\u00e1sicos que puedes conseguir con un descuento considerable. \u00bfUno de ellos? Las rebajas de s\u00e9rums de Primor con las que mujeres y hombres sue\u00f1an a diario. Por eso mismo, en Primor hemos elaborado un listado con [&hellip;]<\/p>\n","protected":false},"author":14,"featured_media":94441,"comment_status":"closed","ping_status":"closed","sticky":false,"template":"","format":"standard","meta":{"jnews-multi-image_gallery":[],"jnews_single_post":{"subtitle":"","format":"standard","video":"","gallery":"","source_name":"","source_url":"","via_name":"","via_url":"","override_template":"0","override":[{"template":"1","single_blog_custom":"","parallax":"1","fullscreen":"1","layout":"right-sidebar","sidebar":"home-2","second_sidebar":"default-sidebar","sticky_sidebar":"0","share_position":"float","share_float_style":"share-monocrhome","show_share_counter":"0","show_view_counter":"0","show_featured":"1","show_post_meta":"1","show_post_author":"0","show_post_author_image":"1","show_post_date":"1","post_date_format":"default","post_date_format_custom":"Y\/m\/d","show_post_category":"1","show_post_reading_time":"0","post_reading_time_wpm":"300","show_zoom_button":"0","zoom_button_out_step":"2","zoom_button_in_step":"3","show_post_tag":"0","show_prev_next_post":"0","show_popup_post":"0","number_popup_post":"2","show_author_box":"0","show_post_related":"0","show_inline_post_related":"1"}],"override_image_size":"0","image_override":[{"single_post_thumbnail_size":"no-crop","single_post_gallery_size":"crop-500"}],"trending_post":"0","trending_post_position":"meta","trending_post_label":"Trending","sponsored_post":"0","sponsored_post_label":"Sponsored by","sponsored_post_name":"","sponsored_post_url":"","sponsored_post_logo_enable":"0","sponsored_post_logo":"","sponsored_post_desc":"","disable_ad":"0"},"jnews_primary_category":{"id":"","hide":""},"jnews_social_meta":{"fb_title":"","fb_description":"","fb_image":"","twitter_title":"","twitter_description":"","twitter_image":""},"jnews_override_counter":{"override_view_counter":"0","view_counter_number":"0","override_share_counter":"0","share_counter_number":"0","override_like_counter":"0","like_counter_number":"0","override_dislike_counter":"0","dislike_counter_number":"0"},"footnotes":""},"categories":[6303],"tags":[],"class_list":["post-94439","post","type-post","status-publish","format-standard","has-post-thumbnail","hentry","category-trucos-de-belleza"],"_links":{"self":[{"href":"https:\/\/www.primor.eu\/blog\/wp-json\/wp\/v2\/posts\/94439","targetHints":{"allow":["GET"]}}],"collection":[{"href":"https:\/\/www.primor.eu\/blog\/wp-json\/wp\/v2\/posts"}],"about":[{"href":"https:\/\/www.primor.eu\/blog\/wp-json\/wp\/v2\/types\/post"}],"author":[{"embeddable":true,"href":"https:\/\/www.primor.eu\/blog\/wp-json\/wp\/v2\/users\/14"}],"replies":[{"embeddable":true,"href":"https:\/\/www.primor.eu\/blog\/wp-json\/wp\/v2\/comments?post=94439"}],"version-history":[{"count":6,"href":"https:\/\/www.primor.eu\/blog\/wp-json\/wp\/v2\/posts\/94439\/revisions"}],"predecessor-version":[{"id":136986,"href":"https:\/\/www.primor.eu\/blog\/wp-json\/wp\/v2\/posts\/94439\/revisions\/136986"}],"wp:featuredmedia":[{"embeddable":true,"href":"https:\/\/www.primor.eu\/blog\/wp-json\/wp\/v2\/media\/94441"}],"wp:attachment":[{"href":"https:\/\/www.primor.eu\/blog\/wp-json\/wp\/v2\/media?parent=94439"}],"wp:term":[{"taxonomy":"category","embeddable":true,"href":"https:\/\/www.primor.eu\/blog\/wp-json\/wp\/v2\/categories?post=94439"},{"taxonomy":"post_tag","embeddable":true,"href":"https:\/\/www.primor.eu\/blog\/wp-json\/wp\/v2\/tags?post=94439"}],"curies":[{"name":"wp","href":"https:\/\/api.w.org\/{rel}","templated":true}]}}