{"id":94406,"date":"2025-12-30T11:57:50","date_gmt":"2025-12-30T11:57:50","guid":{"rendered":"https:\/\/www.primor.eu\/blog\/?p=94406"},"modified":"2025-12-30T11:57:52","modified_gmt":"2025-12-30T11:57:52","slug":"rebajas-planchas-de-pelo","status":"publish","type":"post","link":"https:\/\/www.primor.eu\/blog\/rebajas-planchas-de-pelo\/","title":{"rendered":"Rebajas en planchas de pelo en enero de 2026 | Ofertas, descuentos y mejores opciones disponibles"},"content":{"rendered":"\n<p>Para regalarlas o autoregal\u00e1rtelas, sabes que hay oportunidades que no puedes dejar escapar, y muchas de ellas se encuentra en las <strong>rebajas de invierno de Primor, <\/strong>como las <strong>rebajas en <\/strong><a href=\"https:\/\/www.primor.eu\/blog\/como-alisar-pelo-sin-plancha-calor\/?srsltid=AfmBOorxHhmjNkcGYCdPSPmqaq4zmxKZlQCxL6aeQA_7W4glwDJqZzut\" data-type=\"link\" data-id=\"https:\/\/www.primor.eu\/blog\/como-alisar-pelo-sin-plancha-calor\/?srsltid=AfmBOorxHhmjNkcGYCdPSPmqaq4zmxKZlQCxL6aeQA_7W4glwDJqZzut\"><strong>planchas de pelo<\/strong> <\/a>que enamoran a profesionales y amantes del cuidado capilar.<\/p>\n\n\n\n<p>Por eso mismo, y para facilitarte la tarea, hemos elaborado un listado con nuestros favoritos que tendr\u00e1s descuentos y ofertas incre\u00edbles y que deber\u00edas probar por su eficacia y resultados que se han vuelto virales en el mundo entero.<\/p>\n\n\n\n<h2 class=\"wp-block-heading\">\u00bfCu\u00e1ndo empiezan las rebajas de enero 2026 en Primor?<\/h2>\n\n\n\n<p>En Primor queremos<strong> empezar el a\u00f1o con buen pie<\/strong>. Por eso lanzamos <strong>Rebajas<\/strong>. Un mes donde encontrar\u00e1s tus productos favoritos de<strong> <\/strong><a href=\"https:\/\/www.primor.eu\/es_es\/rebajas-cosmetica\"><strong>cosm\u00e9tica<\/strong><\/a><strong>, <\/strong><a href=\"https:\/\/www.primor.eu\/es_es\/cabello\"><strong>cabello<\/strong><\/a><strong>, <\/strong><a href=\"https:\/\/www.primor.eu\/es_es\/rebajas-maquillaje\"><strong>maquillaje<\/strong><\/a><strong> y <\/strong><a href=\"https:\/\/www.primor.eu\/es_es\/perfumes\"><strong>perfumes<\/strong><\/a><strong>,<\/strong> entre otros, <strong>a precios imbatibles<\/strong>. Nuestras rebajas de invierno 2026 <strong>comienzan a principios de enero<\/strong>. As\u00ed que, prepara tu <em>wishlist<\/em> porque este a\u00f1o la cuesta de enero va hacia abajo.<\/p>\n\n\n\n<h2 class=\"wp-block-heading\">\u00bfCu\u00e1nto duran las rebajas de enero 2026 en Primor?<\/h2>\n\n\n\n<p>\u00a1Todo un mes! Como te lo contamos, las <strong>rebajas de enero 2026<\/strong> comienzan a principios de mes y duran hasta final de mes Lo que se traduce en todo un mes de descuentos y ofertas para conseguir tus productos favoritos al mejor precio. Suscr\u00edbete a nuestra <strong>newsletter<\/strong> y activa las <strong>notificaciones de la app<\/strong> para enterarte de nuestras promociones antes que nadie.&nbsp;<\/p>\n\n\n\n<h2 class=\"wp-block-heading\">\u00bfD\u00f3nde puedo encontrar los productos en rebajas en Primor?<\/h2>\n\n\n\n<p>\u00bfNuestro objetivo? Que puedas encontra<strong>r los mejores productos de maquillaje, perfumer\u00eda, cabello y cuidado de la piel al mejor precio<\/strong>. En Primor, queremos facilitarte tus compras post-navide\u00f1as. Por eso, nuestras rebajas de invierno estar\u00e1n disponibles en todos nuestros canales: <strong>en tienda, en la web y en nuestra aplicaci\u00f3n. <\/strong>\u00a1S\u00e1cate el m\u00e1ximo partido!<\/p>\n\n\n\n<h2 class=\"wp-block-heading\">Las mejores ofertas en planchas de pelo que comprar durante las rebajas<\/h2>\n\n\n        <product-table class=\"pr-slider\">\r\n            <product-headers class=\"grid-table-rows\">\r\n                <div>Foto<\/div>\r\n                <div>Producto<\/div>\r\n                <div>Marca<\/div>\r\n                <div>Valoraciones<\/div>\r\n                <div>Precio<\/div>\r\n            <\/product-headers>\r\n\r\n            <product-list>\r\n                                    <a href=\"https:\/\/www.primor.eu\/es_es\/ghd-gold-styler-plancha-de-pelo-2055.html\" class=\"product-item grid-table-rows\" target=\"_blank\">\r\n                        <div>\r\n                            <img decoding=\"async\" class=\"product-img\" width=\"80px\" height=\"80px\" src=\"https:\/\/cdn2.primor.eu\/media\/catalog\/product\/cache\/8d3aba296f7a18b5251ee30fa5db42b2\/6\/V\/6VA17405_1_faee.jpg\" alt=\"Gold Styler Plancha de Pelo\">\r\n                        <\/div>\r\n\r\n                        <!-- Contenido de producto  -->\r\n                        <div>\r\n                            <div class=\"product-position\">\r\n                                #1 Top Ventas                            <\/div>\r\n\r\n                            <h2>\r\n                                Gold Styler Plancha de Pelo                            <\/h2>\r\n                        <\/div>\r\n\r\n                        <!-- Imagen y\/o nombre de la marca -->\r\n                        <div>\r\n                                                            <img decoding=\"async\" width=\"70\" src=\"https:\/\/www.primor.eu\/media\/catalog\/category\/ghd.jpg\" alt=\"\">\r\n                                                    <\/div>\r\n\r\n                        <!-- Puntuaci\u00f3n del producto  -->\r\n                        <div class=\"rating\">\r\n                                                            <div class=\"rate\" style=\"--p:96;\"><\/div>\r\n                                <b>4.8\/5<\/b>\r\n                                <div class=\"rate-stars\">\r\n                                                                            <div\r\n                                            class=\"rate-star  \">\r\n                                        <\/div>\r\n                                                                            <div\r\n                                            class=\"rate-star  \">\r\n                                        <\/div>\r\n                                                                            <div\r\n                                            class=\"rate-star  \">\r\n                                        <\/div>\r\n                                                                            <div\r\n                                            class=\"rate-star  \">\r\n                                        <\/div>\r\n                                                                            <div\r\n                                            class=\"rate-star  \">\r\n                                        <\/div>\r\n                                                                    <\/div>\r\n                                                    <\/div>\r\n\r\n                        <!-- Bot\u00f3n de producto  -->\r\n                        <div>\r\n                            <span class=\"price-claim\">\r\n                                VER PRECIO                            <\/span>\r\n                        <\/div>\r\n                    <\/a>\r\n                                    <a href=\"https:\/\/www.primor.eu\/es_es\/bellissima-b-mini-plancha-compacta-viaje-83913.html\" class=\"product-item grid-table-rows\" target=\"_blank\">\r\n                        <div>\r\n                            <img decoding=\"async\" class=\"product-img\" width=\"80px\" height=\"80px\" src=\"https:\/\/cdn2.primor.eu\/media\/catalog\/product\/cache\/8d3aba296f7a18b5251ee30fa5db42b2\/d\/e\/descargaddd_4f68.jpg\" alt=\"B-Mini Plancha Compacta Viaje\">\r\n                        <\/div>\r\n\r\n                        <!-- Contenido de producto  -->\r\n                        <div>\r\n                            <div class=\"product-position\">\r\n                                #2                            <\/div>\r\n\r\n                            <h2>\r\n                                B-Mini Plancha Compacta Viaje                            <\/h2>\r\n                        <\/div>\r\n\r\n                        <!-- Imagen y\/o nombre de la marca -->\r\n                        <div>\r\n                                                            <p class=\"brand-name\"><b><\/b><\/p>\r\n                                                    <\/div>\r\n\r\n                        <!-- Puntuaci\u00f3n del producto  -->\r\n                        <div class=\"rating\">\r\n                                                            <div class=\"rate\" style=\"--p:60;\"><\/div>\r\n                                <b>3\/5<\/b>\r\n                                <div class=\"rate-stars\">\r\n                                                                            <div\r\n                                            class=\"rate-star  \">\r\n                                        <\/div>\r\n                                                                            <div\r\n                                            class=\"rate-star  \">\r\n                                        <\/div>\r\n                                                                            <div\r\n                                            class=\"rate-star  \">\r\n                                        <\/div>\r\n                                                                            <div\r\n                                            class=\"rate-star disable \">\r\n                                        <\/div>\r\n                                                                            <div\r\n                                            class=\"rate-star disable \">\r\n                                        <\/div>\r\n                                                                    <\/div>\r\n                                                    <\/div>\r\n\r\n                        <!-- Bot\u00f3n de producto  -->\r\n                        <div>\r\n                            <span class=\"price-claim\">\r\n                                VER PRECIO                            <\/span>\r\n                        <\/div>\r\n                    <\/a>\r\n                                    <a href=\"https:\/\/www.primor.eu\/es_es\/ghd-original-styler-plancha-de-pelo-2056.html\" class=\"product-item grid-table-rows\" target=\"_blank\">\r\n                        <div>\r\n                            <img decoding=\"async\" class=\"product-img\" width=\"80px\" height=\"80px\" src=\"https:\/\/cdn2.primor.eu\/media\/catalog\/product\/cache\/8d3aba296f7a18b5251ee30fa5db42b2\/6\/V\/6VA17556_1_d5ce.jpg\" alt=\"Original Styler Plancha de Pelo\">\r\n                        <\/div>\r\n\r\n                        <!-- Contenido de producto  -->\r\n                        <div>\r\n                            <div class=\"product-position\">\r\n                                #3                            <\/div>\r\n\r\n                            <h2>\r\n                                Original Styler Plancha de Pelo                            <\/h2>\r\n                        <\/div>\r\n\r\n                        <!-- Imagen y\/o nombre de la marca -->\r\n                        <div>\r\n                                                            <img decoding=\"async\" width=\"70\" src=\"https:\/\/www.primor.eu\/media\/catalog\/category\/ghd.jpg\" alt=\"\">\r\n                                                    <\/div>\r\n\r\n                        <!-- Puntuaci\u00f3n del producto  -->\r\n                        <div class=\"rating\">\r\n                                                            <div class=\"rate\" style=\"--p:98;\"><\/div>\r\n                                <b>4.9\/5<\/b>\r\n                                <div class=\"rate-stars\">\r\n                                                                            <div\r\n                                            class=\"rate-star  \">\r\n                                        <\/div>\r\n                                                                            <div\r\n                                            class=\"rate-star  \">\r\n                                        <\/div>\r\n                                                                            <div\r\n                                            class=\"rate-star  \">\r\n                                        <\/div>\r\n                                                                            <div\r\n                                            class=\"rate-star  \">\r\n                                        <\/div>\r\n                                                                            <div\r\n                                            class=\"rate-star  \">\r\n                                        <\/div>\r\n                                                                    <\/div>\r\n                                                    <\/div>\r\n\r\n                        <!-- Bot\u00f3n de producto  -->\r\n                        <div>\r\n                            <span class=\"price-claim\">\r\n                                VER PRECIO                            <\/span>\r\n                        <\/div>\r\n                    <\/a>\r\n                                    <a href=\"https:\/\/www.primor.eu\/es_es\/ghd-platinum-black-styler-plancha-de-pelo-2059.html\" class=\"product-item grid-table-rows\" target=\"_blank\">\r\n                        <div>\r\n                            <img decoding=\"async\" class=\"product-img\" width=\"80px\" height=\"80px\" src=\"https:\/\/cdn2.primor.eu\/media\/catalog\/product\/cache\/8d3aba296f7a18b5251ee30fa5db42b2\/6\/V\/6VA18078_1_2eb6.jpg\" alt=\"Platinum+ Black Styler Plancha de Pelo\">\r\n                        <\/div>\r\n\r\n                        <!-- Contenido de producto  -->\r\n                        <div>\r\n                            <div class=\"product-position\">\r\n                                #4                            <\/div>\r\n\r\n                            <h2>\r\n                                Platinum+ Black Styler Plancha de Pelo                            <\/h2>\r\n                        <\/div>\r\n\r\n                        <!-- Imagen y\/o nombre de la marca -->\r\n                        <div>\r\n                                                            <img decoding=\"async\" width=\"70\" src=\"https:\/\/www.primor.eu\/media\/catalog\/category\/ghd.jpg\" alt=\"\">\r\n                                                    <\/div>\r\n\r\n                        <!-- Puntuaci\u00f3n del producto  -->\r\n                        <div class=\"rating\">\r\n                                                            <div class=\"rate\" style=\"--p:92;\"><\/div>\r\n                                <b>4.6\/5<\/b>\r\n                                <div class=\"rate-stars\">\r\n                                                                            <div\r\n                                            class=\"rate-star  \">\r\n                                        <\/div>\r\n                                                                            <div\r\n                                            class=\"rate-star  \">\r\n                                        <\/div>\r\n                                                                            <div\r\n                                            class=\"rate-star  \">\r\n                                        <\/div>\r\n                                                                            <div\r\n                                            class=\"rate-star  \">\r\n                                        <\/div>\r\n                                                                            <div\r\n                                            class=\"rate-star  \">\r\n                                        <\/div>\r\n                                                                    <\/div>\r\n                                                    <\/div>\r\n\r\n                        <!-- Bot\u00f3n de producto  -->\r\n                        <div>\r\n                            <span class=\"price-claim\">\r\n                                VER PRECIO                            <\/span>\r\n                        <\/div>\r\n                    <\/a>\r\n                                    <a href=\"https:\/\/www.primor.eu\/es_es\/bellissima-plancha-steam-elixir-72186.html\" class=\"product-item grid-table-rows\" target=\"_blank\">\r\n                        <div>\r\n                            <img decoding=\"async\" class=\"product-img\" width=\"80px\" height=\"80px\" src=\"https:\/\/cdn2.primor.eu\/media\/catalog\/product\/cache\/8d3aba296f7a18b5251ee30fa5db42b2\/6\/V\/6VA34077_1_8318.jpg\" alt=\"Plancha Steam Elixir\">\r\n                        <\/div>\r\n\r\n                        <!-- Contenido de producto  -->\r\n                        <div>\r\n                            <div class=\"product-position\">\r\n                                #5                            <\/div>\r\n\r\n                            <h2>\r\n                                Plancha Steam Elixir                            <\/h2>\r\n                        <\/div>\r\n\r\n                        <!-- Imagen y\/o nombre de la marca -->\r\n                        <div>\r\n                                                            <p class=\"brand-name\"><b><\/b><\/p>\r\n                                                    <\/div>\r\n\r\n                        <!-- Puntuaci\u00f3n del producto  -->\r\n                        <div class=\"rating\">\r\n                                                            <p>No hay valoraciones disponibles<\/p>\r\n                                                    <\/div>\r\n\r\n                        <!-- Bot\u00f3n de producto  -->\r\n                        <div>\r\n                            <span class=\"price-claim\">\r\n                                VER PRECIO                            <\/span>\r\n                        <\/div>\r\n                    <\/a>\r\n                            <\/product-list>\r\n        <\/product-table>\r\n\r\n        \n\n\n\n<h3 class=\"wp-block-heading\">GHD Gold Styler Plancha de Pelo<\/h3>\n\n\n\n<p>La plancha de pelo profesional ghd gold\u00ae es una styler muy vers\u00e1til dise\u00f1ada por profesionales que permite alisar, rizar y crear ondas perfectas. Incorpora la avanzada tecnolog\u00eda cer\u00e1mica dual-zone: dos sensores de \u00faltima generaci\u00f3n (uno por placa) que mantienen una temperatura homog\u00e9nea de peinado de 185\u00baC de ra\u00edz a puntas.<\/p>\n\n\n    <a class='product' target='_blank' href='https:\/\/www.primor.eu\/es_es\/ghd-gold-styler-plancha-de-pelo-2055.html'>\r\n        <img loading='async' src='https:\/\/cdn2.primor.eu\/media\/catalog\/product\/cache\/8d3aba296f7a18b5251ee30fa5db42b2\/6\/V\/6VA17405_1_faee.jpg' alt='COMPRAR AHORA'>\r\n            <div class=\"claim\">\r\n                COMPRAR AHORA            <\/div>\r\n        <\/a>\r\n    \n\n\n\n<h3 class=\"wp-block-heading\">Bellisima B-Mini Plancha Compacta Viaje&nbsp;<\/h3>\n\n\n\n<p>Es una plancha peque\u00f1a y ligera y f\u00e1cil de usar para lucir un cabello liso en todo momento. El revestimiento de cer\u00e1mica garantiza la m\u00e1xima protecci\u00f3n durante el peinador y con el sistema de calentamiento r\u00e1pido en 23 segundos alcanza una temperatura de 200\u00baC.<\/p>\n\n\n    <a class='product' target='_blank' href='https:\/\/www.primor.eu\/es_es\/bellissima-b-mini-plancha-compacta-viaje-83913.html'>\r\n        <img loading='async' src='https:\/\/cdn2.primor.eu\/media\/catalog\/product\/cache\/8d3aba296f7a18b5251ee30fa5db42b2\/d\/e\/descargaddd_4f68.jpg' alt='COMPRAR AHORA'>\r\n            <div class=\"claim\">\r\n                COMPRAR AHORA            <\/div>\r\n        <\/a>\r\n    \n\n\n\n<h3 class=\"wp-block-heading\">GHD Original Styler Plancha de Pelo<\/h3>\n\n\n\n<p>Cubre las necesidades de todos los tipos de cabello, tanto corto como largo y media melena. Gracias a su tecnolog\u00eda cer\u00e1mica, esta plancha es perfecta para conseguir un resultado brillante, suave y duradero. Tarda solo 30 segundos en alcanzar la temperatura \u00f3ptima de 185 \u00b0C. Una gran ventaja cuando buscamos rapidez en un producto de uso diario.<\/p>\n\n\n    <a class='product' target='_blank' href='https:\/\/www.primor.eu\/es_es\/ghd-original-styler-plancha-de-pelo-2056.html'>\r\n        <img loading='async' src='https:\/\/cdn2.primor.eu\/media\/catalog\/product\/cache\/8d3aba296f7a18b5251ee30fa5db42b2\/6\/V\/6VA17556_1_d5ce.jpg' alt='COMPRAR AHORA'>\r\n            <div class=\"claim\">\r\n                COMPRAR AHORA            <\/div>\r\n        <\/a>\r\n    \n\n\n\n<h3 class=\"wp-block-heading\">GHD Platinum+ Black Styler Plancha de Pelo<\/h3>\n\n\n\n<p>Es la primera styler inteligente de ghd con la innovadora tecnolog\u00eda predictiva ultrazone que predice y se adapta a las necesidades de tu cabello. Gracias a la revolucionaria tecnolog\u00eda predictiva ultrazone, reconoce el tama\u00f1o de la secci\u00f3n de cabello y adapta su potencia para garantizar una temperatura homog\u00e9nea y \u00f3ptima de peinado de 185\u00baC a lo largo de las dos placas. As\u00ed ayuda a lograr un cabello un 70% m\u00e1s fuerte, un 20% m\u00e1s de brillo y el doble de protecci\u00f3n de color.<\/p>\n\n\n    <a class='product' target='_blank' href='https:\/\/www.primor.eu\/es_es\/ghd-platinum-black-styler-plancha-de-pelo-2059.html'>\r\n        <img loading='async' src='https:\/\/cdn2.primor.eu\/media\/catalog\/product\/cache\/8d3aba296f7a18b5251ee30fa5db42b2\/6\/V\/6VA18078_1_2eb6.jpg' alt='COMPRAR AHORA'>\r\n            <div class=\"claim\">\r\n                COMPRAR AHORA            <\/div>\r\n        <\/a>\r\n    \n\n\n\n<h3 class=\"wp-block-heading\">Bellissima Plancha Steam Elixir<\/h3>\n\n\n\n<p>Su tecnolog\u00eda con vapor Stream Active Care, un cabello liso con m\u00e1s protecci\u00f3n y sin da\u00f1ar, m\u00e1s hidratado, con un liso perfecto y de larga duraci\u00f3n. Adem\u00e1s, sus placas son de cer\u00e1mica y arg\u00e1n que favorece la protecci\u00f3n contra el calor, asegurando un brillo al cabello y dej\u00e1ndolo m\u00e1s suave.<\/p>\n\n\n    <a class='product' target='_blank' href='https:\/\/www.primor.eu\/es_es\/bellissima-plancha-steam-elixir-72186.html'>\r\n        <img loading='async' src='https:\/\/cdn2.primor.eu\/media\/catalog\/product\/cache\/8d3aba296f7a18b5251ee30fa5db42b2\/6\/V\/6VA34077_1_8318.jpg' alt='COMPRAR AHORA'>\r\n            <div class=\"claim\">\r\n                COMPRAR AHORA            <\/div>\r\n        <\/a>\r\n    \n\n\n\n<h3 class=\"wp-block-heading\">GHD Platinum+ White Styler Plancha de Pelo&nbsp;<\/h3>\n\n\n\n<p>Predice las necesidades de tu cabello y se adapta constantemente a ellas para garantizar la temperatura \u00f3ptima de peinado de 185\u00baC.<\/p>\n\n\n    <a class='product' target='_blank' href='https:\/\/www.primor.eu\/es_es\/ghd-platinum-white-styler-plancha-de-pelo-2061.html'>\r\n        <img loading='async' src='https:\/\/cdn2.primor.eu\/media\/catalog\/product\/cache\/8d3aba296f7a18b5251ee30fa5db42b2\/6\/V\/6VA21589_1_ada9.jpg' alt='COMPRAR AHORA'>\r\n            <div class=\"claim\">\r\n                COMPRAR AHORA            <\/div>\r\n        <\/a>\r\n    \n\n\n\n<h3 class=\"wp-block-heading\">GHD Gold Styler Plancha de Pelo<\/h3>\n\n\n\n<p>La plancha de pelo profesional ghd gold\u00ae es una styler muy vers\u00e1til dise\u00f1ada por profesionales que permite alisar, rizar y crear ondas perfectas. Incorpora la avanzada tecnolog\u00eda cer\u00e1mica dual-zone: dos sensores de \u00faltima generaci\u00f3n (uno por placa) que mantienen una temperatura homog\u00e9nea de peinado de 185\u00baC de ra\u00edz a puntas.<\/p>\n\n\n    <a class='product' target='_blank' href='https:\/\/www.primor.eu\/es_es\/ghd-gold-styler-plancha-de-pelo-2055.html'>\r\n        <img loading='async' src='https:\/\/cdn2.primor.eu\/media\/catalog\/product\/cache\/8d3aba296f7a18b5251ee30fa5db42b2\/6\/V\/6VA17405_1_faee.jpg' alt='COMPRAR AHORA'>\r\n            <div class=\"claim\">\r\n                COMPRAR AHORA            <\/div>\r\n        <\/a>\r\n    \n\n\n<div class=\"kk-star-ratings kksr-auto kksr-align-center kksr-valign-bottom\"\n    data-payload='{&quot;align&quot;:&quot;center&quot;,&quot;id&quot;:&quot;94406&quot;,&quot;slug&quot;:&quot;default&quot;,&quot;valign&quot;:&quot;bottom&quot;,&quot;ignore&quot;:&quot;&quot;,&quot;reference&quot;:&quot;auto&quot;,&quot;class&quot;:&quot;&quot;,&quot;count&quot;:&quot;0&quot;,&quot;legendonly&quot;:&quot;&quot;,&quot;readonly&quot;:&quot;&quot;,&quot;score&quot;:&quot;0&quot;,&quot;starsonly&quot;:&quot;&quot;,&quot;best&quot;:&quot;5&quot;,&quot;gap&quot;:&quot;5&quot;,&quot;greet&quot;:&quot;Valora este art\u00edculo&quot;,&quot;legend&quot;:&quot;0\\\/5 - (0 votos)&quot;,&quot;size&quot;:&quot;24&quot;,&quot;title&quot;:&quot;Rebajas en planchas de pelo en enero de 2026 | Ofertas, descuentos y mejores opciones disponibles&quot;,&quot;width&quot;:&quot;0&quot;,&quot;_legend&quot;:&quot;{score}\\\/{best} - ({count} {votes})&quot;,&quot;font_factor&quot;:&quot;1.25&quot;}'>\n            \n<div class=\"kksr-stars\">\n    \n<div class=\"kksr-stars-inactive\">\n            <div class=\"kksr-star\" data-star=\"1\" style=\"padding-right: 5px\">\n            \n\n<div class=\"kksr-icon\" style=\"width: 24px; height: 24px;\"><\/div>\n        <\/div>\n            <div class=\"kksr-star\" data-star=\"2\" style=\"padding-right: 5px\">\n            \n\n<div class=\"kksr-icon\" style=\"width: 24px; height: 24px;\"><\/div>\n        <\/div>\n            <div class=\"kksr-star\" data-star=\"3\" style=\"padding-right: 5px\">\n            \n\n<div class=\"kksr-icon\" style=\"width: 24px; height: 24px;\"><\/div>\n        <\/div>\n            <div class=\"kksr-star\" data-star=\"4\" style=\"padding-right: 5px\">\n            \n\n<div class=\"kksr-icon\" style=\"width: 24px; height: 24px;\"><\/div>\n        <\/div>\n            <div class=\"kksr-star\" data-star=\"5\" style=\"padding-right: 5px\">\n            \n\n<div class=\"kksr-icon\" style=\"width: 24px; height: 24px;\"><\/div>\n        <\/div>\n    <\/div>\n    \n<div class=\"kksr-stars-active\" style=\"width: 0px;\">\n            <div class=\"kksr-star\" style=\"padding-right: 5px\">\n            \n\n<div class=\"kksr-icon\" style=\"width: 24px; height: 24px;\"><\/div>\n        <\/div>\n            <div class=\"kksr-star\" style=\"padding-right: 5px\">\n            \n\n<div class=\"kksr-icon\" style=\"width: 24px; height: 24px;\"><\/div>\n        <\/div>\n            <div class=\"kksr-star\" style=\"padding-right: 5px\">\n            \n\n<div class=\"kksr-icon\" style=\"width: 24px; height: 24px;\"><\/div>\n        <\/div>\n            <div class=\"kksr-star\" style=\"padding-right: 5px\">\n            \n\n<div class=\"kksr-icon\" style=\"width: 24px; height: 24px;\"><\/div>\n        <\/div>\n            <div class=\"kksr-star\" style=\"padding-right: 5px\">\n            \n\n<div class=\"kksr-icon\" style=\"width: 24px; height: 24px;\"><\/div>\n        <\/div>\n    <\/div>\n<\/div>\n                \n\n<div class=\"kksr-legend\" style=\"font-size: 19.2px;\">\n            <span class=\"kksr-muted\">Valora este art\u00edculo<\/span>\n    <\/div>\n    <\/div>\n","protected":false},"excerpt":{"rendered":"<p>Para regalarlas o autoregal\u00e1rtelas, sabes que hay oportunidades que no puedes dejar escapar, y muchas de ellas se encuentra en las rebajas de invierno de Primor, como las rebajas en planchas de pelo que enamoran a profesionales y amantes del cuidado capilar. Por eso mismo, y para facilitarte la tarea, hemos elaborado un listado con [&hellip;]<\/p>\n","protected":false},"author":14,"featured_media":94407,"comment_status":"closed","ping_status":"closed","sticky":false,"template":"","format":"standard","meta":{"jnews-multi-image_gallery":[],"jnews_single_post":{"subtitle":"","format":"standard","video":"","gallery":"","source_name":"","source_url":"","via_name":"","via_url":"","override_template":"0","override":[{"template":"1","single_blog_custom":"","parallax":"1","fullscreen":"1","layout":"right-sidebar","sidebar":"home-2","second_sidebar":"default-sidebar","sticky_sidebar":"0","share_position":"float","share_float_style":"share-monocrhome","show_share_counter":"0","show_view_counter":"0","show_featured":"1","show_post_meta":"1","show_post_author":"0","show_post_author_image":"1","show_post_date":"1","post_date_format":"default","post_date_format_custom":"Y\/m\/d","show_post_category":"1","show_post_reading_time":"0","post_reading_time_wpm":"300","show_zoom_button":"0","zoom_button_out_step":"2","zoom_button_in_step":"3","show_post_tag":"0","show_prev_next_post":"0","show_popup_post":"0","number_popup_post":"2","show_author_box":"0","show_post_related":"0","show_inline_post_related":"1"}],"override_image_size":"0","image_override":[{"single_post_thumbnail_size":"no-crop","single_post_gallery_size":"crop-500"}],"trending_post":"0","trending_post_position":"meta","trending_post_label":"Trending","sponsored_post":"0","sponsored_post_label":"Sponsored by","sponsored_post_name":"","sponsored_post_url":"","sponsored_post_logo_enable":"0","sponsored_post_logo":"","sponsored_post_desc":"","disable_ad":"0"},"jnews_primary_category":{"id":"","hide":""},"jnews_social_meta":{"fb_title":"","fb_description":"","fb_image":"","twitter_title":"","twitter_description":"","twitter_image":""},"jnews_override_counter":{"override_view_counter":"0","view_counter_number":"0","override_share_counter":"0","share_counter_number":"0","override_like_counter":"0","like_counter_number":"0","override_dislike_counter":"0","dislike_counter_number":"0"},"footnotes":""},"categories":[6303],"tags":[],"class_list":["post-94406","post","type-post","status-publish","format-standard","has-post-thumbnail","hentry","category-trucos-de-belleza"],"_links":{"self":[{"href":"https:\/\/www.primor.eu\/blog\/wp-json\/wp\/v2\/posts\/94406","targetHints":{"allow":["GET"]}}],"collection":[{"href":"https:\/\/www.primor.eu\/blog\/wp-json\/wp\/v2\/posts"}],"about":[{"href":"https:\/\/www.primor.eu\/blog\/wp-json\/wp\/v2\/types\/post"}],"author":[{"embeddable":true,"href":"https:\/\/www.primor.eu\/blog\/wp-json\/wp\/v2\/users\/14"}],"replies":[{"embeddable":true,"href":"https:\/\/www.primor.eu\/blog\/wp-json\/wp\/v2\/comments?post=94406"}],"version-history":[{"count":5,"href":"https:\/\/www.primor.eu\/blog\/wp-json\/wp\/v2\/posts\/94406\/revisions"}],"predecessor-version":[{"id":136811,"href":"https:\/\/www.primor.eu\/blog\/wp-json\/wp\/v2\/posts\/94406\/revisions\/136811"}],"wp:featuredmedia":[{"embeddable":true,"href":"https:\/\/www.primor.eu\/blog\/wp-json\/wp\/v2\/media\/94407"}],"wp:attachment":[{"href":"https:\/\/www.primor.eu\/blog\/wp-json\/wp\/v2\/media?parent=94406"}],"wp:term":[{"taxonomy":"category","embeddable":true,"href":"https:\/\/www.primor.eu\/blog\/wp-json\/wp\/v2\/categories?post=94406"},{"taxonomy":"post_tag","embeddable":true,"href":"https:\/\/www.primor.eu\/blog\/wp-json\/wp\/v2\/tags?post=94406"}],"curies":[{"name":"wp","href":"https:\/\/api.w.org\/{rel}","templated":true}]}}