{"id":94369,"date":"2026-01-04T12:26:13","date_gmt":"2026-01-04T12:26:13","guid":{"rendered":"https:\/\/www.primor.eu\/blog\/?p=94369"},"modified":"2026-01-04T12:26:14","modified_gmt":"2026-01-04T12:26:14","slug":"rebajas-nars","status":"publish","type":"post","link":"https:\/\/www.primor.eu\/blog\/rebajas-nars\/","title":{"rendered":"Rebajas de enero 2026 en Nars: cu\u00e1ndo comienzan y cu\u00e1les son las mejores ofertas"},"content":{"rendered":"\n<p>Con las <strong>rebajas de invierno<\/strong> a la vuelta de la esquina, solo podemos pensar en muchos de los productos b\u00e1sicos que puedes conseguir con un descuento considerable. \u00bfUno de ellos? Las <strong>rebajas de Nars <\/strong>con las que mujeres y hombres sue\u00f1an a diario en sus productos de maquillaje.&nbsp;<\/p>\n\n\n\n<p>Por eso mismo, en Primor hemos elaborado un listado con nuestros favoritos que tendr\u00e1s descuentos y ofertas incre\u00edbles y que deber\u00edas probar por su eficacia y resultados que se han vuelto virales en el mundo entero.&nbsp;<\/p>\n\n\n\n<h2 class=\"wp-block-heading\">\u00bfCu\u00e1ndo empiezan las rebajas de enero de Nars 2026 en Primor?<\/h2>\n\n\n\n<p>En Primor queremos<strong> empezar el a\u00f1o con buen pie<\/strong>. Por eso lanzamos <strong>Rebajas<\/strong>. Un mes donde encontrar\u00e1s tus productos favoritos de<strong> <\/strong><a href=\"https:\/\/www.primor.eu\/es_es\/rebajas-cosmetica\"><strong>cosm\u00e9tica<\/strong><\/a><strong>, <\/strong><a href=\"https:\/\/www.primor.eu\/es_es\/cabello\"><strong>cabello<\/strong><\/a><strong>, <\/strong><a href=\"https:\/\/www.primor.eu\/es_es\/rebajas-maquillaje\"><strong>maquillaje<\/strong><\/a><strong> y <\/strong><a href=\"https:\/\/www.primor.eu\/es_es\/perfumes\"><strong>perfumes<\/strong><\/a><strong>,<\/strong> entre otros, <strong>a precios imbatibles<\/strong>. Nuestras rebajas de invierno 2026 <strong>comienzan a principios de enero<\/strong>. As\u00ed que, prepara tu <em>wishlist<\/em> porque este a\u00f1o la cuesta de enero va hacia abajo.<\/p>\n\n\n\n<h2 class=\"wp-block-heading\">\u00bfCu\u00e1nto duran las rebajas de enero de Nars 2026 en Primor?<\/h2>\n\n\n\n<p>\u00a1Todo un mes! Como te lo contamos, las <strong>rebajas de enero 2026<\/strong> comienzan a principios de mes y duran hasta final de mes Lo que se traduce en todo un mes de descuentos y ofertas para conseguir tus productos favoritos al mejor precio. Suscr\u00edbete a nuestra <strong>newsletter<\/strong> y activa las <strong>notificaciones de la app<\/strong> para enterarte de nuestras promociones antes que nadie.&nbsp;<\/p>\n\n\n\n<h2 class=\"wp-block-heading\">\u00bfD\u00f3nde puedo encontrar los productos en rebajas de Nars en Primor?<\/h2>\n\n\n\n<p>\u00bfNuestro objetivo? Que puedas encontra<strong>r los mejores productos de maquillaje, perfumer\u00eda, cabello y cuidado de la piel al mejor precio<\/strong>. En Primor, queremos facilitarte tus compras post-navide\u00f1as. Por eso, nuestras rebajas de invierno estar\u00e1n disponibles en todos nuestros canales: <strong>en tienda, en la web y en nuestra aplicaci\u00f3n. <\/strong>\u00a1S\u00e1cate el m\u00e1ximo partido!<\/p>\n\n\n\n<h2 class=\"wp-block-heading\">Nars: la magia del maquillaje de autor<\/h2>\n\n\n\n<p>Nars naci\u00f3 en 1994 de la mano del maquillador Fran\u00e7ois Nars. Su objetivo era cubrir las necesidades de ciertos cosm\u00e9ticos que en los a\u00f1os 90 no se vend\u00edan. As\u00ed, su historia comenz\u00f3 con 12 labiales en los almacenes neoyorquinos Barneys, y el resultado fue tan bueno que le sigui\u00f3 una l\u00ednea de maquillaje y otros productos para el cuidado de la piel. Gracias a su visi\u00f3n internacional y a su experiencia en backstage, Fran\u00e7ois Nars hizo de su l\u00ednea una de las primeras en apostar por las campa\u00f1as de belleza, contando con iconos beauty y elevando su marca a otro nivel.<\/p>\n\n\n\n<p>A\u00f1os despu\u00e9s, Nars se ha convertido en una de las marcas favoritas de muchos maquilladores profesionales por su cobertura, duraci\u00f3n y acabado. A d\u00eda de hoy, cuenta con todo tipo de productos de maquillaje que embellecen los rostros de personas de todo el mundo. Adem\u00e1s, Nars tambi\u00e9n es famosa por la innovaci\u00f3n en sus f\u00f3rmulas y por ser la culpable de ciertos iconos \u2014como el colorete <a href=\"https:\/\/www.primor.eu\/es_es\/nars-colorete-en-polvo-49122.html#\/nars_coloretes_en_polvo-orgasm\">Orgasm Blush<\/a>\u2014 que se han convertido en todo un imprescindible beauty de cualquier arsenal de belleza.<\/p>\n\n\n\n<h2 class=\"wp-block-heading\">Rebajas de Nars: qu\u00e9 imprescindibles comprar<\/h2>\n\n\n        <product-table class=\"pr-slider\">\r\n            <product-headers class=\"grid-table-rows\">\r\n                <div>Foto<\/div>\r\n                <div>Producto<\/div>\r\n                <div>Marca<\/div>\r\n                <div>Valoraciones<\/div>\r\n                <div>Precio<\/div>\r\n            <\/product-headers>\r\n\r\n            <product-list>\r\n                                    <a href=\"https:\/\/www.primor.eu\/es_es\/nars-natural-radiant-longwear-foundation-base-de-maquillaje-109207.html?#803=55744\" class=\"product-item grid-table-rows\" target=\"_blank\">\r\n                        <div>\r\n                            <img decoding=\"async\" class=\"product-img\" width=\"80px\" height=\"80px\" src=\"https:\/\/cdn2.primor.eu\/media\/catalog\/product\/cache\/8d3aba296f7a18b5251ee30fa5db42b2\/0\/M\/0MR20359_1_9f46.jpg\" alt=\"Natural Radiant Longwear Foundation Base de Maquillaje\">\r\n                        <\/div>\r\n\r\n                        <!-- Contenido de producto  -->\r\n                        <div>\r\n                            <div class=\"product-position\">\r\n                                #1 Top Ventas                            <\/div>\r\n\r\n                            <h2>\r\n                                Natural Radiant Longwear Foundation Base de Maquillaje                            <\/h2>\r\n                        <\/div>\r\n\r\n                        <!-- Imagen y\/o nombre de la marca -->\r\n                        <div>\r\n                                                            <img decoding=\"async\" width=\"70\" src=\"https:\/\/www.primor.eu\/media\/catalog\/category\/Nars.png\" alt=\"Nars\">\r\n                                                    <\/div>\r\n\r\n                        <!-- Puntuaci\u00f3n del producto  -->\r\n                        <div class=\"rating\">\r\n                                                            <div class=\"rate\" style=\"--p:90;\"><\/div>\r\n                                <b>4.5\/5<\/b>\r\n                                <div class=\"rate-stars\">\r\n                                                                            <div\r\n                                            class=\"rate-star  \">\r\n                                        <\/div>\r\n                                                                            <div\r\n                                            class=\"rate-star  \">\r\n                                        <\/div>\r\n                                                                            <div\r\n                                            class=\"rate-star  \">\r\n                                        <\/div>\r\n                                                                            <div\r\n                                            class=\"rate-star  \">\r\n                                        <\/div>\r\n                                                                            <div\r\n                                            class=\"rate-star  middle\">\r\n                                        <\/div>\r\n                                                                    <\/div>\r\n                                                    <\/div>\r\n\r\n                        <!-- Bot\u00f3n de producto  -->\r\n                        <div>\r\n                            <span class=\"price-claim\">\r\n                                VER PRECIO                            <\/span>\r\n                        <\/div>\r\n                    <\/a>\r\n                                    <a href=\"https:\/\/www.primor.eu\/es_es\/nars-barra-de-labios-108393.html?#803=53920\" class=\"product-item grid-table-rows\" target=\"_blank\">\r\n                        <div>\r\n                            <img decoding=\"async\" class=\"product-img\" width=\"80px\" height=\"80px\" src=\"https:\/\/cdn2.primor.eu\/media\/catalog\/product\/cache\/8d3aba296f7a18b5251ee30fa5db42b2\/0\/M\/0ML27419_1_3920.jpg\" alt=\"Barra de Labios\">\r\n                        <\/div>\r\n\r\n                        <!-- Contenido de producto  -->\r\n                        <div>\r\n                            <div class=\"product-position\">\r\n                                #2                            <\/div>\r\n\r\n                            <h2>\r\n                                Barra de Labios                            <\/h2>\r\n                        <\/div>\r\n\r\n                        <!-- Imagen y\/o nombre de la marca -->\r\n                        <div>\r\n                                                            <img decoding=\"async\" width=\"70\" src=\"https:\/\/www.primor.eu\/media\/catalog\/category\/Nars.png\" alt=\"Nars\">\r\n                                                    <\/div>\r\n\r\n                        <!-- Puntuaci\u00f3n del producto  -->\r\n                        <div class=\"rating\">\r\n                                                            <div class=\"rate\" style=\"--p:86;\"><\/div>\r\n                                <b>4.3\/5<\/b>\r\n                                <div class=\"rate-stars\">\r\n                                                                            <div\r\n                                            class=\"rate-star  \">\r\n                                        <\/div>\r\n                                                                            <div\r\n                                            class=\"rate-star  \">\r\n                                        <\/div>\r\n                                                                            <div\r\n                                            class=\"rate-star  \">\r\n                                        <\/div>\r\n                                                                            <div\r\n                                            class=\"rate-star  \">\r\n                                        <\/div>\r\n                                                                            <div\r\n                                            class=\"rate-star  \">\r\n                                        <\/div>\r\n                                                                    <\/div>\r\n                                                    <\/div>\r\n\r\n                        <!-- Bot\u00f3n de producto  -->\r\n                        <div>\r\n                            <span class=\"price-claim\">\r\n                                VER PRECIO                            <\/span>\r\n                        <\/div>\r\n                    <\/a>\r\n                                    <a href=\"https:\/\/www.primor.eu\/es_es\/nars-crema-hidratante-con-color-pure-radiant-tinted-moisturizer-spf30-pa-109843.html?#803=57304\" class=\"product-item grid-table-rows\" target=\"_blank\">\r\n                        <div>\r\n                            <img decoding=\"async\" class=\"product-img\" width=\"80px\" height=\"80px\" src=\"https:\/\/cdn2.primor.eu\/media\/catalog\/product\/cache\/8d3aba296f7a18b5251ee30fa5db42b2\/0\/M\/0MR20496_1_d344.jpg\" alt=\"Crema Hidratante con Color Pure Radiant Tinted Moisturizer SPF30\/PA +++\">\r\n                        <\/div>\r\n\r\n                        <!-- Contenido de producto  -->\r\n                        <div>\r\n                            <div class=\"product-position\">\r\n                                #3                            <\/div>\r\n\r\n                            <h2>\r\n                                Crema Hidratante con Color Pure Radiant Tinted Moisturizer SPF30\/PA +++                            <\/h2>\r\n                        <\/div>\r\n\r\n                        <!-- Imagen y\/o nombre de la marca -->\r\n                        <div>\r\n                                                            <img decoding=\"async\" width=\"70\" src=\"https:\/\/www.primor.eu\/media\/catalog\/category\/Nars.png\" alt=\"Nars\">\r\n                                                    <\/div>\r\n\r\n                        <!-- Puntuaci\u00f3n del producto  -->\r\n                        <div class=\"rating\">\r\n                                                            <div class=\"rate\" style=\"--p:98;\"><\/div>\r\n                                <b>4.9\/5<\/b>\r\n                                <div class=\"rate-stars\">\r\n                                                                            <div\r\n                                            class=\"rate-star  \">\r\n                                        <\/div>\r\n                                                                            <div\r\n                                            class=\"rate-star  \">\r\n                                        <\/div>\r\n                                                                            <div\r\n                                            class=\"rate-star  \">\r\n                                        <\/div>\r\n                                                                            <div\r\n                                            class=\"rate-star  \">\r\n                                        <\/div>\r\n                                                                            <div\r\n                                            class=\"rate-star  \">\r\n                                        <\/div>\r\n                                                                    <\/div>\r\n                                                    <\/div>\r\n\r\n                        <!-- Bot\u00f3n de producto  -->\r\n                        <div>\r\n                            <span class=\"price-claim\">\r\n                                VER PRECIO                            <\/span>\r\n                        <\/div>\r\n                    <\/a>\r\n                            <\/product-list>\r\n        <\/product-table>\r\n\r\n        \n\n\n\n<h3 class=\"wp-block-heading\">Natural Radiant Longwear Foundation Base de Maquillaje <\/h3>\n\n\n\n<p>Es la primera base de maquillaje de 16 horas de duraci\u00f3n de NARS para un resplandor \u00f3ptimo. Indetectable. Imparable. Nunca lo hab\u00eda visto. Adem\u00e1s, su f\u00f3rmula transpirable y resistente a la p\u00e9rdida de intensidad est\u00e1 infusionada con extractos de frambuesa, manzana y sand\u00eda para suavizar y mejorar el aspecto de la piel al instante para lucir con todo el resplandor con el paso del tiempo.&nbsp;<\/p>\n\n\n    <a class='product' target='_blank' href='https:\/\/www.primor.eu\/es_es\/nars-natural-radiant-longwear-foundation-base-de-maquillaje-109207.html?#803=55744'>\r\n        <img loading='async' src='https:\/\/cdn2.primor.eu\/media\/catalog\/product\/cache\/8d3aba296f7a18b5251ee30fa5db42b2\/0\/M\/0MR20359_1_9f46.jpg' alt='COMPRAR AHORA'>\r\n            <div class=\"claim\">\r\n                COMPRAR AHORA            <\/div>\r\n        <\/a>\r\n    \n\n\n\n<h3 class=\"wp-block-heading\">Labiales Lipstick <\/h3>\n\n\n\n<p>Inspirada en la revolucionaria visi\u00f3n de Fran\u00e7ois Nars, apuesta por tonos llamativos e intensos con un estilo rompedor. Exponte con seductores tonos nude que revelan tu autenticidad. La din\u00e1mica mezcla de aceites de moringa y semillas de fruta de la pasi\u00f3n intensifica el color y nutre los labios, proporcionando una sensaci\u00f3n radicalmente ligera y sorprendente.<\/p>\n\n\n    <a class='product' target='_blank' href='https:\/\/www.primor.eu\/es_es\/nars-barra-de-labios-108393.html?#803=53920'>\r\n        <img loading='async' src='https:\/\/cdn2.primor.eu\/media\/catalog\/product\/cache\/8d3aba296f7a18b5251ee30fa5db42b2\/0\/M\/0ML27419_1_3920.jpg' alt='COMPRAR AHORA'>\r\n            <div class=\"claim\">\r\n                COMPRAR AHORA            <\/div>\r\n        <\/a>\r\n    \n\n\n\n<h3 class=\"wp-block-heading\">Pure Radiant Tinted Moisturizer SPF30\/PA +++<\/h3>\n\n\n\n<p>Una crema hidratante con color y SPF 30 dise\u00f1ada para hidratar, proteger y mejorar la piel. Esta f\u00f3rmula sin aceites ofrece un tratamiento hidratante con color que no conoce l\u00edmites, adapt\u00e1ndose a todas las edades, g\u00e9neros y tipos de piel. Adem\u00e1s, est\u00e1 enriquecida con Vitamina C, rica en antioxidantes, esta crema ayuda a aclarar la piel y prevenir manchas en solo 4 semanas.<\/p>\n\n\n    <a class='product' target='_blank' href='https:\/\/www.primor.eu\/es_es\/nars-crema-hidratante-con-color-pure-radiant-tinted-moisturizer-spf30-pa-109843.html?#803=57304'>\r\n        <img loading='async' src='https:\/\/cdn2.primor.eu\/media\/catalog\/product\/cache\/8d3aba296f7a18b5251ee30fa5db42b2\/0\/M\/0MR20496_1_d344.jpg' alt='COMPRAR AHORA'>\r\n            <div class=\"claim\">\r\n                COMPRAR AHORA            <\/div>\r\n        <\/a>\r\n    \n\n\n\n<h3 class=\"wp-block-heading\">The Seductive Summer Collection Laguna Ultimate Face Palette de Nars<\/h3>\n\n\n\n<p>Aplica, esculpe y contornea a tu manera para seducir iluminada por el sol. El verano te espera dentro de esta paleta todo en uno para ojos y rostro inspirada en el ic\u00f3nico tono bronceador Laguna. Cuenta con cuatro sombras de ojos, dos bronceadores y un iluminador.<\/p>\n\n\n    <a class='product' target='_blank' href='https:\/\/www.primor.eu\/es_es\/nars-the-seductive-summer-collection-laguna-ultimate-face-palette-108916.html?#803=54855'>\r\n        <img loading='async' src='https:\/\/cdn2.primor.eu\/media\/catalog\/product\/cache\/8d3aba296f7a18b5251ee30fa5db42b2\/1\/9\/194251142838_1_12ae.jpg' alt='COMPRAR AHORA'>\r\n            <div class=\"claim\">\r\n                COMPRAR AHORA            <\/div>\r\n        <\/a>\r\n    \n\n\n<div class=\"kk-star-ratings kksr-auto kksr-align-center kksr-valign-bottom\"\n    data-payload='{&quot;align&quot;:&quot;center&quot;,&quot;id&quot;:&quot;94369&quot;,&quot;slug&quot;:&quot;default&quot;,&quot;valign&quot;:&quot;bottom&quot;,&quot;ignore&quot;:&quot;&quot;,&quot;reference&quot;:&quot;auto&quot;,&quot;class&quot;:&quot;&quot;,&quot;count&quot;:&quot;0&quot;,&quot;legendonly&quot;:&quot;&quot;,&quot;readonly&quot;:&quot;&quot;,&quot;score&quot;:&quot;0&quot;,&quot;starsonly&quot;:&quot;&quot;,&quot;best&quot;:&quot;5&quot;,&quot;gap&quot;:&quot;5&quot;,&quot;greet&quot;:&quot;Valora este art\u00edculo&quot;,&quot;legend&quot;:&quot;0\\\/5 - (0 votos)&quot;,&quot;size&quot;:&quot;24&quot;,&quot;title&quot;:&quot;Rebajas de enero 2026 en Nars: cu\u00e1ndo comienzan y cu\u00e1les son las mejores ofertas&quot;,&quot;width&quot;:&quot;0&quot;,&quot;_legend&quot;:&quot;{score}\\\/{best} - ({count} {votes})&quot;,&quot;font_factor&quot;:&quot;1.25&quot;}'>\n            \n<div class=\"kksr-stars\">\n    \n<div class=\"kksr-stars-inactive\">\n            <div class=\"kksr-star\" data-star=\"1\" style=\"padding-right: 5px\">\n            \n\n<div class=\"kksr-icon\" style=\"width: 24px; height: 24px;\"><\/div>\n        <\/div>\n            <div class=\"kksr-star\" data-star=\"2\" style=\"padding-right: 5px\">\n            \n\n<div class=\"kksr-icon\" style=\"width: 24px; height: 24px;\"><\/div>\n        <\/div>\n            <div class=\"kksr-star\" data-star=\"3\" style=\"padding-right: 5px\">\n            \n\n<div class=\"kksr-icon\" style=\"width: 24px; height: 24px;\"><\/div>\n        <\/div>\n            <div class=\"kksr-star\" data-star=\"4\" style=\"padding-right: 5px\">\n            \n\n<div class=\"kksr-icon\" style=\"width: 24px; height: 24px;\"><\/div>\n        <\/div>\n            <div class=\"kksr-star\" data-star=\"5\" style=\"padding-right: 5px\">\n            \n\n<div class=\"kksr-icon\" style=\"width: 24px; height: 24px;\"><\/div>\n        <\/div>\n    <\/div>\n    \n<div class=\"kksr-stars-active\" style=\"width: 0px;\">\n            <div class=\"kksr-star\" style=\"padding-right: 5px\">\n            \n\n<div class=\"kksr-icon\" style=\"width: 24px; height: 24px;\"><\/div>\n        <\/div>\n            <div class=\"kksr-star\" style=\"padding-right: 5px\">\n            \n\n<div class=\"kksr-icon\" style=\"width: 24px; height: 24px;\"><\/div>\n        <\/div>\n            <div class=\"kksr-star\" style=\"padding-right: 5px\">\n            \n\n<div class=\"kksr-icon\" style=\"width: 24px; height: 24px;\"><\/div>\n        <\/div>\n            <div class=\"kksr-star\" style=\"padding-right: 5px\">\n            \n\n<div class=\"kksr-icon\" style=\"width: 24px; height: 24px;\"><\/div>\n        <\/div>\n            <div class=\"kksr-star\" style=\"padding-right: 5px\">\n            \n\n<div class=\"kksr-icon\" style=\"width: 24px; height: 24px;\"><\/div>\n        <\/div>\n    <\/div>\n<\/div>\n                \n\n<div class=\"kksr-legend\" style=\"font-size: 19.2px;\">\n            <span class=\"kksr-muted\">Valora este art\u00edculo<\/span>\n    <\/div>\n    <\/div>\n","protected":false},"excerpt":{"rendered":"<p>Con las rebajas de invierno a la vuelta de la esquina, solo podemos pensar en muchos de los productos b\u00e1sicos que puedes conseguir con un descuento considerable. \u00bfUno de ellos? Las rebajas de Nars con las que mujeres y hombres sue\u00f1an a diario en sus productos de maquillaje.&nbsp; Por eso mismo, en Primor hemos elaborado [&hellip;]<\/p>\n","protected":false},"author":14,"featured_media":94374,"comment_status":"closed","ping_status":"closed","sticky":false,"template":"","format":"standard","meta":{"jnews-multi-image_gallery":[],"jnews_single_post":{"subtitle":"","format":"standard","video":"","gallery":"","source_name":"","source_url":"","via_name":"","via_url":"","override_template":"0","override":[{"template":"1","single_blog_custom":"","parallax":"1","fullscreen":"1","layout":"right-sidebar","sidebar":"home-2","second_sidebar":"default-sidebar","sticky_sidebar":"0","share_position":"float","share_float_style":"share-monocrhome","show_share_counter":"0","show_view_counter":"0","show_featured":"1","show_post_meta":"1","show_post_author":"0","show_post_author_image":"1","show_post_date":"1","post_date_format":"default","post_date_format_custom":"Y\/m\/d","show_post_category":"1","show_post_reading_time":"0","post_reading_time_wpm":"300","show_zoom_button":"0","zoom_button_out_step":"2","zoom_button_in_step":"3","show_post_tag":"0","show_prev_next_post":"0","show_popup_post":"0","number_popup_post":"2","show_author_box":"0","show_post_related":"0","show_inline_post_related":"1"}],"override_image_size":"0","image_override":[{"single_post_thumbnail_size":"no-crop","single_post_gallery_size":"crop-500"}],"trending_post":"0","trending_post_position":"meta","trending_post_label":"Trending","sponsored_post":"0","sponsored_post_label":"Sponsored by","sponsored_post_name":"","sponsored_post_url":"","sponsored_post_logo_enable":"0","sponsored_post_logo":"","sponsored_post_desc":"","disable_ad":"0"},"jnews_primary_category":{"id":"","hide":""},"jnews_social_meta":{"fb_title":"","fb_description":"","fb_image":"","twitter_title":"","twitter_description":"","twitter_image":""},"jnews_override_counter":{"override_view_counter":"0","view_counter_number":"0","override_share_counter":"0","share_counter_number":"0","override_like_counter":"0","like_counter_number":"0","override_dislike_counter":"0","dislike_counter_number":"0"},"footnotes":""},"categories":[6303],"tags":[],"class_list":["post-94369","post","type-post","status-publish","format-standard","has-post-thumbnail","hentry","category-trucos-de-belleza"],"_links":{"self":[{"href":"https:\/\/www.primor.eu\/blog\/wp-json\/wp\/v2\/posts\/94369","targetHints":{"allow":["GET"]}}],"collection":[{"href":"https:\/\/www.primor.eu\/blog\/wp-json\/wp\/v2\/posts"}],"about":[{"href":"https:\/\/www.primor.eu\/blog\/wp-json\/wp\/v2\/types\/post"}],"author":[{"embeddable":true,"href":"https:\/\/www.primor.eu\/blog\/wp-json\/wp\/v2\/users\/14"}],"replies":[{"embeddable":true,"href":"https:\/\/www.primor.eu\/blog\/wp-json\/wp\/v2\/comments?post=94369"}],"version-history":[{"count":6,"href":"https:\/\/www.primor.eu\/blog\/wp-json\/wp\/v2\/posts\/94369\/revisions"}],"predecessor-version":[{"id":136859,"href":"https:\/\/www.primor.eu\/blog\/wp-json\/wp\/v2\/posts\/94369\/revisions\/136859"}],"wp:featuredmedia":[{"embeddable":true,"href":"https:\/\/www.primor.eu\/blog\/wp-json\/wp\/v2\/media\/94374"}],"wp:attachment":[{"href":"https:\/\/www.primor.eu\/blog\/wp-json\/wp\/v2\/media?parent=94369"}],"wp:term":[{"taxonomy":"category","embeddable":true,"href":"https:\/\/www.primor.eu\/blog\/wp-json\/wp\/v2\/categories?post=94369"},{"taxonomy":"post_tag","embeddable":true,"href":"https:\/\/www.primor.eu\/blog\/wp-json\/wp\/v2\/tags?post=94369"}],"curies":[{"name":"wp","href":"https:\/\/api.w.org\/{rel}","templated":true}]}}