{"id":93998,"date":"2024-12-12T11:42:47","date_gmt":"2024-12-12T11:42:47","guid":{"rendered":"https:\/\/www.primor.eu\/blog\/?p=93998"},"modified":"2025-12-13T10:43:39","modified_gmt":"2025-12-13T10:43:39","slug":"mejores-tintes-navidad","status":"publish","type":"post","link":"https:\/\/www.primor.eu\/blog\/mejores-tintes-navidad\/","title":{"rendered":"Arri\u00e9sgate en estas Navidades con estos tintes: est\u00e1n triunfando y ser\u00e1s el alma de la fiesta"},"content":{"rendered":"\n<p>Si lo que quieres es <strong><a href=\"https:\/\/www.primor.eu\/es_es\/banos-de-color\" data-type=\"link\" data-id=\"https:\/\/www.primor.eu\/es_es\/banos-de-color\">lucir pelazo<\/a><\/strong> durante las fiestas, pero <strong>no quieres ir a la peluquer\u00eda<\/strong>, los expertos se ponen de acuerdo: la mejor soluci\u00f3n es recurrir a los <strong>mejores <a href=\"https:\/\/www.primor.eu\/blog\/numeracion-de-tintes\/\" data-type=\"link\" data-id=\"https:\/\/www.primor.eu\/blog\/numeracion-de-tintes\/\">tintes <\/a>que usar en <a href=\"https:\/\/www.primor.eu\/es_es\/navidad\" data-type=\"link\" data-id=\"https:\/\/www.primor.eu\/es_es\/navidad\">Navidad<\/a><\/strong>. No obstante, la oferta es muy variada. Por esa raz\u00f3n, desde Primor, hemos seleccionado aquellos que cuidan del cabello al mismo tiempo que cambian su coloraci\u00f3n sin da\u00f1ar.\u00a0<\/p>\n\n\n\n<h2 class=\"wp-block-heading\">Los mejores tintes para lucir pelazo en Navidad<\/h2>\n\n\n        <product-table class=\"pr-slider\">\r\n            <product-headers class=\"grid-table-rows\">\r\n                <div>Foto<\/div>\r\n                <div>Producto<\/div>\r\n                <div>Marca<\/div>\r\n                <div>Valoraciones<\/div>\r\n                <div>Precio<\/div>\r\n            <\/product-headers>\r\n\r\n            <product-list>\r\n                                    <a href=\"https:\/\/www.primor.eu\/es_es\/revlon-colorsilk-tinte-sin-amoniaco-113075.html?#755=39951\" class=\"product-item grid-table-rows\" target=\"_blank\">\r\n                        <div>\r\n                            <img decoding=\"async\" class=\"product-img\" width=\"80px\" height=\"80px\" src=\"https:\/\/cdn2.primor.eu\/media\/catalog\/product\/cache\/8d3aba296f7a18b5251ee30fa5db42b2\/2\/C\/2CT00725_1_95c4.jpg\" alt=\"Colorsilk Tinte Sin Amoniaco\">\r\n                        <\/div>\r\n\r\n                        <!-- Contenido de producto  -->\r\n                        <div>\r\n                            <div class=\"product-position\">\r\n                                #1 Top Ventas                            <\/div>\r\n\r\n                            <h2>\r\n                                Colorsilk Tinte Sin Amoniaco                            <\/h2>\r\n                        <\/div>\r\n\r\n                        <!-- Imagen y\/o nombre de la marca -->\r\n                        <div>\r\n                                                            <img decoding=\"async\" width=\"70\" src=\"https:\/\/www.primor.eu\/media\/catalog\/category\/403.jpg\" alt=\"Revlon\">\r\n                                                    <\/div>\r\n\r\n                        <!-- Puntuaci\u00f3n del producto  -->\r\n                        <div class=\"rating\">\r\n                                                            <div class=\"rate\" style=\"--p:94;\"><\/div>\r\n                                <b>4.7\/5<\/b>\r\n                                <div class=\"rate-stars\">\r\n                                                                            <div\r\n                                            class=\"rate-star  \">\r\n                                        <\/div>\r\n                                                                            <div\r\n                                            class=\"rate-star  \">\r\n                                        <\/div>\r\n                                                                            <div\r\n                                            class=\"rate-star  \">\r\n                                        <\/div>\r\n                                                                            <div\r\n                                            class=\"rate-star  \">\r\n                                        <\/div>\r\n                                                                            <div\r\n                                            class=\"rate-star  \">\r\n                                        <\/div>\r\n                                                                    <\/div>\r\n                                                    <\/div>\r\n\r\n                        <!-- Bot\u00f3n de producto  -->\r\n                        <div>\r\n                            <span class=\"price-claim\">\r\n                                VER PRECIO                            <\/span>\r\n                        <\/div>\r\n                    <\/a>\r\n                                    <a href=\"https:\/\/www.primor.eu\/es_es\/palette-intensive-creme-color-permanente-113079.html?#755=40065\" class=\"product-item grid-table-rows\" target=\"_blank\">\r\n                        <div>\r\n                            <img decoding=\"async\" class=\"product-img\" width=\"80px\" height=\"80px\" src=\"https:\/\/cdn2.primor.eu\/media\/catalog\/product\/cache\/8d3aba296f7a18b5251ee30fa5db42b2\/8\/4\/8410436248136_6_1_Rubio_Oscuro_Ceniza__CS__Front_0727.jpg\" alt=\"Intensive Creme Color Permanente\">\r\n                        <\/div>\r\n\r\n                        <!-- Contenido de producto  -->\r\n                        <div>\r\n                            <div class=\"product-position\">\r\n                                #2                            <\/div>\r\n\r\n                            <h2>\r\n                                Intensive Creme Color Permanente                            <\/h2>\r\n                        <\/div>\r\n\r\n                        <!-- Imagen y\/o nombre de la marca -->\r\n                        <div>\r\n                                                            <img decoding=\"async\" width=\"70\" src=\"https:\/\/www.primor.eu\/media\/catalog\/category\/Palette.jpg\" alt=\"Palette\">\r\n                                                    <\/div>\r\n\r\n                        <!-- Puntuaci\u00f3n del producto  -->\r\n                        <div class=\"rating\">\r\n                                                            <div class=\"rate\" style=\"--p:94;\"><\/div>\r\n                                <b>4.7\/5<\/b>\r\n                                <div class=\"rate-stars\">\r\n                                                                            <div\r\n                                            class=\"rate-star  \">\r\n                                        <\/div>\r\n                                                                            <div\r\n                                            class=\"rate-star  \">\r\n                                        <\/div>\r\n                                                                            <div\r\n                                            class=\"rate-star  \">\r\n                                        <\/div>\r\n                                                                            <div\r\n                                            class=\"rate-star  \">\r\n                                        <\/div>\r\n                                                                            <div\r\n                                            class=\"rate-star  \">\r\n                                        <\/div>\r\n                                                                    <\/div>\r\n                                                    <\/div>\r\n\r\n                        <!-- Bot\u00f3n de producto  -->\r\n                        <div>\r\n                            <span class=\"price-claim\">\r\n                                VER PRECIO                            <\/span>\r\n                        <\/div>\r\n                    <\/a>\r\n                                    <a href=\"https:\/\/www.primor.eu\/es_es\/l-oreal-paris-excellence-creme-tintes-universal-nudes-113098.html?#755=40385\" class=\"product-item grid-table-rows\" target=\"_blank\">\r\n                        <div>\r\n                            <img decoding=\"async\" class=\"product-img\" width=\"80px\" height=\"80px\" src=\"https:\/\/cdn2.primor.eu\/media\/catalog\/product\/cache\/8d3aba296f7a18b5251ee30fa5db42b2\/2\/C\/2CT02430_1_4c15.jpg\" alt=\"Excellence Creme Tintes Universal Nudes\">\r\n                        <\/div>\r\n\r\n                        <!-- Contenido de producto  -->\r\n                        <div>\r\n                            <div class=\"product-position\">\r\n                                #3                            <\/div>\r\n\r\n                            <h2>\r\n                                Excellence Creme Tintes Universal Nudes                            <\/h2>\r\n                        <\/div>\r\n\r\n                        <!-- Imagen y\/o nombre de la marca -->\r\n                        <div>\r\n                                                            <img decoding=\"async\" width=\"70\" src=\"https:\/\/www.primor.eu\/media\/catalog\/category\/loreal-paris.png\" alt=\"L Or\u00e9al Par\u00eds\">\r\n                                                    <\/div>\r\n\r\n                        <!-- Puntuaci\u00f3n del producto  -->\r\n                        <div class=\"rating\">\r\n                                                            <div class=\"rate\" style=\"--p:94;\"><\/div>\r\n                                <b>4.7\/5<\/b>\r\n                                <div class=\"rate-stars\">\r\n                                                                            <div\r\n                                            class=\"rate-star  \">\r\n                                        <\/div>\r\n                                                                            <div\r\n                                            class=\"rate-star  \">\r\n                                        <\/div>\r\n                                                                            <div\r\n                                            class=\"rate-star  \">\r\n                                        <\/div>\r\n                                                                            <div\r\n                                            class=\"rate-star  \">\r\n                                        <\/div>\r\n                                                                            <div\r\n                                            class=\"rate-star  \">\r\n                                        <\/div>\r\n                                                                    <\/div>\r\n                                                    <\/div>\r\n\r\n                        <!-- Bot\u00f3n de producto  -->\r\n                        <div>\r\n                            <span class=\"price-claim\">\r\n                                VER PRECIO                            <\/span>\r\n                        <\/div>\r\n                    <\/a>\r\n                                    <a href=\"https:\/\/www.primor.eu\/es_es\/bellefine-tinte-capilar-keratin-113086.html?#755=39775\" class=\"product-item grid-table-rows\" target=\"_blank\">\r\n                        <div>\r\n                            <img decoding=\"async\" class=\"product-img\" width=\"80px\" height=\"80px\" src=\"https:\/\/cdn2.primor.eu\/media\/catalog\/product\/cache\/8d3aba296f7a18b5251ee30fa5db42b2\/2\/C\/2CT01936_1_de65.jpg\" alt=\"Tinte Capilar Keratin\">\r\n                        <\/div>\r\n\r\n                        <!-- Contenido de producto  -->\r\n                        <div>\r\n                            <div class=\"product-position\">\r\n                                #4                            <\/div>\r\n\r\n                            <h2>\r\n                                Tinte Capilar Keratin                            <\/h2>\r\n                        <\/div>\r\n\r\n                        <!-- Imagen y\/o nombre de la marca -->\r\n                        <div>\r\n                                                            <img decoding=\"async\" width=\"70\" src=\"https:\/\/www.primor.eu\/media\/catalog\/category\/BELLEFINE.jpg\" alt=\"Bellefine\">\r\n                                                    <\/div>\r\n\r\n                        <!-- Puntuaci\u00f3n del producto  -->\r\n                        <div class=\"rating\">\r\n                                                            <div class=\"rate\" style=\"--p:94;\"><\/div>\r\n                                <b>4.7\/5<\/b>\r\n                                <div class=\"rate-stars\">\r\n                                                                            <div\r\n                                            class=\"rate-star  \">\r\n                                        <\/div>\r\n                                                                            <div\r\n                                            class=\"rate-star  \">\r\n                                        <\/div>\r\n                                                                            <div\r\n                                            class=\"rate-star  \">\r\n                                        <\/div>\r\n                                                                            <div\r\n                                            class=\"rate-star  \">\r\n                                        <\/div>\r\n                                                                            <div\r\n                                            class=\"rate-star  \">\r\n                                        <\/div>\r\n                                                                    <\/div>\r\n                                                    <\/div>\r\n\r\n                        <!-- Bot\u00f3n de producto  -->\r\n                        <div>\r\n                            <span class=\"price-claim\">\r\n                                VER PRECIO                            <\/span>\r\n                        <\/div>\r\n                    <\/a>\r\n                                    <a href=\"https:\/\/www.primor.eu\/es_es\/l-oreal-paris-casting-natural-gloss-coloracion-sin-amoniaco-113099.html?#755=78380\" class=\"product-item grid-table-rows\" target=\"_blank\">\r\n                        <div>\r\n                            <img decoding=\"async\" class=\"product-img\" width=\"80px\" height=\"80px\" src=\"https:\/\/cdn2.primor.eu\/media\/catalog\/product\/cache\/8d3aba296f7a18b5251ee30fa5db42b2\/l\/_\/l_oreal_paris_casting_natural_gloss_coloracion_sin_amoniaco_ca50.jpg\" alt=\"Casting Natural Gloss Coloraci\u00f3n Sin Amoniaco\">\r\n                        <\/div>\r\n\r\n                        <!-- Contenido de producto  -->\r\n                        <div>\r\n                            <div class=\"product-position\">\r\n                                #5                            <\/div>\r\n\r\n                            <h2>\r\n                                Casting Natural Gloss Coloraci\u00f3n Sin Amoniaco                            <\/h2>\r\n                        <\/div>\r\n\r\n                        <!-- Imagen y\/o nombre de la marca -->\r\n                        <div>\r\n                                                            <img decoding=\"async\" width=\"70\" src=\"https:\/\/www.primor.eu\/media\/catalog\/category\/loreal-paris.png\" alt=\"L Or\u00e9al Par\u00eds\">\r\n                                                    <\/div>\r\n\r\n                        <!-- Puntuaci\u00f3n del producto  -->\r\n                        <div class=\"rating\">\r\n                                                            <div class=\"rate\" style=\"--p:96;\"><\/div>\r\n                                <b>4.8\/5<\/b>\r\n                                <div class=\"rate-stars\">\r\n                                                                            <div\r\n                                            class=\"rate-star  \">\r\n                                        <\/div>\r\n                                                                            <div\r\n                                            class=\"rate-star  \">\r\n                                        <\/div>\r\n                                                                            <div\r\n                                            class=\"rate-star  \">\r\n                                        <\/div>\r\n                                                                            <div\r\n                                            class=\"rate-star  \">\r\n                                        <\/div>\r\n                                                                            <div\r\n                                            class=\"rate-star  \">\r\n                                        <\/div>\r\n                                                                    <\/div>\r\n                                                    <\/div>\r\n\r\n                        <!-- Bot\u00f3n de producto  -->\r\n                        <div>\r\n                            <span class=\"price-claim\">\r\n                                VER PRECIO                            <\/span>\r\n                        <\/div>\r\n                    <\/a>\r\n                            <\/product-list>\r\n        <\/product-table>\r\n\r\n        \n\n\n\n<h3 class=\"wp-block-heading\">Colorsilk Tinte Sin Amoniaco de Revlon<\/h3>\n\n\n\n<p>Un color natural y uniforme desde la ra\u00edz hasta las puntas que se mantiene radiante entre coloraci\u00f3n y coloraci\u00f3n. Una f\u00f3rmula suave, libre de amon\u00edaco, para un cabello m\u00e1s sedoso, brillante y m\u00e1s saludable. Puedes usar este tinte sobre cabellos ya te\u00f1idos, alisados o con permanente.<\/p>\n\n\n    <a class='product' target='_blank' href='https:\/\/www.primor.eu\/es_es\/revlon-colorsilk-tinte-sin-amoniaco-113075.html?#755=39951'>\r\n        <img loading='async' src='https:\/\/cdn2.primor.eu\/media\/catalog\/product\/cache\/8d3aba296f7a18b5251ee30fa5db42b2\/2\/C\/2CT00725_1_95c4.jpg' alt='COMPRAR AHORA'>\r\n            <div class=\"claim\">\r\n                COMPRAR AHORA            <\/div>\r\n        <\/a>\r\n    \n\n\n\n<h3 class=\"wp-block-heading\">Tintes Intensive Creme Coloration de Palette<\/h3>\n\n\n\n<p>Una crema colorante con pigmentos de color altamente eficaces que proporciona un color vivo, radiante y duradero hasta 8 semanas. Un tratamiento con aceite natural de marula que suaviza la superficie del cabello y proporciona un brillo sensacional. Resultados incre\u00edbles y una 100% cobertura de canas.<\/p>\n\n\n    <a class='product' target='_blank' href='https:\/\/www.primor.eu\/es_es\/palette-intensive-creme-color-permanente-113079.html?#755=40065'>\r\n        <img loading='async' src='https:\/\/cdn2.primor.eu\/media\/catalog\/product\/cache\/8d3aba296f7a18b5251ee30fa5db42b2\/8\/4\/8410436248136_6_1_Rubio_Oscuro_Ceniza__CS__Front_0727.jpg' alt='COMPRAR AHORA'>\r\n            <div class=\"claim\">\r\n                COMPRAR AHORA            <\/div>\r\n        <\/a>\r\n    \n\n\n\n<h3 class=\"wp-block-heading\">L'Or\u00e9al Excellence Creme Tintes Universal Nudes<\/h3>\n\n\n\n<p>Excellence Universal Nudes posee una amplia gama de 10 tonos universales que favorecen a todos los tonos de piel. Su f\u00f3rmula Triple Cuidado protege el cabello antes, durante y despu\u00e9s de la coloraci\u00f3n. Lo mejor es que ofrece el 100% de cobertura sin amon\u00edaco.<\/p>\n\n\n    <a class='product' target='_blank' href='https:\/\/www.primor.eu\/es_es\/l-oreal-paris-excellence-creme-tintes-universal-nudes-113098.html?#755=40385'>\r\n        <img loading='async' src='https:\/\/cdn2.primor.eu\/media\/catalog\/product\/cache\/8d3aba296f7a18b5251ee30fa5db42b2\/2\/C\/2CT02430_1_4c15.jpg' alt='COMPRAR AHORA'>\r\n            <div class=\"claim\">\r\n                COMPRAR AHORA            <\/div>\r\n        <\/a>\r\n    \n\n\n\n<h3 class=\"wp-block-heading\">Bellefine Tinte Capilar Keratin&nbsp;<\/h3>\n\n\n\n<p>Es un tinte de pelo en crema de larga duraci\u00f3n con f\u00f3rmula \u00fanica enriquecida con keratina Nuti Repair Complex que penetra profundamente en la estructura del cabello, nutre, hidrata y restaura la belleza natural y vitalidad del cabello. Proporciona una excelente cobertura de canas y resultados de larga duraci\u00f3n. Adem\u00e1s, su estructura cremosa permite una f\u00e1cil aplicaci\u00f3n mientras que el delicado perfume hace que la coloraci\u00f3n sea un proceso extremadamente agradable.<\/p>\n\n\n    <a class='product' target='_blank' href='https:\/\/www.primor.eu\/es_es\/bellefine-tinte-capilar-keratin-113086.html?#755=39775'>\r\n        <img loading='async' src='https:\/\/cdn2.primor.eu\/media\/catalog\/product\/cache\/8d3aba296f7a18b5251ee30fa5db42b2\/2\/C\/2CT01936_1_de65.jpg' alt='COMPRAR AHORA'>\r\n            <div class=\"claim\">\r\n                COMPRAR AHORA            <\/div>\r\n        <\/a>\r\n    \n\n\n\n<h3 class=\"wp-block-heading\">Coloraci\u00f3n Sin Amon\u00edaco Casting Natural Gloss de L'Or\u00e9al Paris<\/h3>\n\n\n\n<p>La Coloraci\u00f3n Sin Amon\u00edaco Casting Natural Gloss de L'Or\u00e9al Paris ofrece un color intenso y un brillo radiante. Este tinte semi-permanente para el cabello brinda una cobertura \u00f3ptima de las canas y, al mismo tiempo, suaviza el cabello desde la ra\u00edz. Su f\u00f3rmula contiene un 90% de ingredientes naturales y est\u00e1 enriquecida con miel para proporcionar una nutrici\u00f3n intensa y suavizar la superficie del cabello, otorg\u00e1ndole fuerza y brillo. El resultado es un cabello visiblemente m\u00e1s saludable, suave y tres veces m\u00e1s brillante. Adem\u00e1s, este producto te permite disfrutar de un cabello perfecto durante m\u00e1s tiempo, ya que su efecto dura hasta 28 lavados.<\/p>\n\n\n    <a class='product' target='_blank' href='https:\/\/www.primor.eu\/es_es\/l-oreal-paris-casting-natural-gloss-coloracion-sin-amoniaco-113099.html?#755=78380'>\r\n        <img loading='async' src='https:\/\/cdn2.primor.eu\/media\/catalog\/product\/cache\/8d3aba296f7a18b5251ee30fa5db42b2\/l\/_\/l_oreal_paris_casting_natural_gloss_coloracion_sin_amoniaco_ca50.jpg' alt='COMPRAR AHORA'>\r\n            <div class=\"claim\">\r\n                COMPRAR AHORA            <\/div>\r\n        <\/a>\r\n    \n\n\n\n<h3 class=\"wp-block-heading\">Garnier Good Coloraci\u00f3n Permanente Sin Amoniaco&nbsp;<\/h3>\n\n\n\n<p>Este tinte es una elecci\u00f3n ideal para aquellos que buscan una coloraci\u00f3n capilar efectiva y natural. Su f\u00f3rmula, con un 90% de ingredientes de origen natural y certificaci\u00f3n vegana, brinda una experiencia de coloraci\u00f3n sencilla y placentera. Este innovador tinte de Garnier permite la mezcla directa del colorante con la crema en el estuche, aplic\u00e1ndola como si fuera una mascarilla, mientras disfrutas de un agradable aroma natural. Adem\u00e1s, su compromiso cruelty-free garantiza que no se ha probado en animales y proporciona una cobertura completa de las canas y un color natural y brillante que permanece intacto hasta por 8 semanas.<\/p>\n\n\n    <a class='product' target='_blank' href='https:\/\/www.primor.eu\/es_es\/garnier-good-coloracion-permanente-sin-amoniaco-113100.html?#755=80075'>\r\n        <img loading='async' src='https:\/\/cdn2.primor.eu\/media\/catalog\/product\/cache\/8d3aba296f7a18b5251ee30fa5db42b2\/3\/6\/3600542518864_6670.jpg' alt='COMPRAR AHORA'>\r\n            <div class=\"claim\">\r\n                COMPRAR AHORA            <\/div>\r\n        <\/a>\r\n    \n\n\n\n<h3 class=\"wp-block-heading\">Garnier Color Sensation Tinte<\/h3>\n\n\n\n<p>Este innovador tinte de Garnier es la respuesta a tus necesidades de coloraci\u00f3n permanente reutilizable. Con pigmentos intensos que reflejan la luz, Color Sensation de Garnier es el tinte que tu cabello merece. La f\u00f3rmula \u00fanica con pigmentos intensos enriquecida con n\u00e1car logra una cobertura total de las canas, proporcionando un color intenso y duradero.<\/p>\n\n\n    <a class='product' target='_blank' href='https:\/\/www.primor.eu\/es_es\/garnier-color-sensation-tinte-113070.html?#755=40423'>\r\n        <img loading='async' src='https:\/\/cdn2.primor.eu\/media\/catalog\/product\/cache\/8d3aba296f7a18b5251ee30fa5db42b2\/2\/C\/2CT02244_1_11ca.jpg' alt='COMPRAR AHORA'>\r\n            <div class=\"claim\">\r\n                COMPRAR AHORA            <\/div>\r\n        <\/a>\r\n    \n\n\n\n<h3 class=\"wp-block-heading\">Color Advance Color &amp; Repair Coloraci\u00f3n Permanente de Llongueras<\/h3>\n\n\n\n<p>Garantiza una cobertura total de canas y un color excepcional gracias a su innovadora f\u00f3rmula que incluye una mol\u00e9cula de brillo. Adem\u00e1s, este tinte aporta un cuidado extra al cabello con su combinaci\u00f3n de ingredientes acondicionadores concentrados, ofreciendo nutrici\u00f3n intensiva con una mascarilla de tratamiento que contiene aceite natural, manteca de Karit\u00e9 y filtro UVA\/B.<\/p>\n\n\n    <a class='product' target='_blank' href='https:\/\/www.primor.eu\/es_es\/llongueras-color-advance-color-repair-coloracion-permanente-113067.html?#755=39855'>\r\n        <img loading='async' src='https:\/\/cdn2.primor.eu\/media\/catalog\/product\/cache\/8d3aba296f7a18b5251ee30fa5db42b2\/2\/C\/2CT00260_1_8cf0.jpg' alt='COMPRAR AHORA'>\r\n            <div class=\"claim\">\r\n                COMPRAR AHORA            <\/div>\r\n        <\/a>\r\n    \n\n\n\n<h3 class=\"wp-block-heading\">Color Fresh Mask Color Temporal de Wella Professionals<\/h3>\n\n\n\n<p>Este producto combina un tinte semipermanente con un tratamiento acondicionador profundo. El color se va desvaneciendo de manera gradual, mientras que los ingredientes nutritivos de la f\u00f3rmula dejan el cabello suave e hidratado, sin necesidad de un acondicionador adicional. Este tratamiento de brillo para el cabello est\u00e1 pensado para usarse semanalmente, con resultados visibles en solo 10 minutos y un desvanecimiento progresivo.<\/p>\n\n\n    <a class='product' target='_blank' href='https:\/\/www.primor.eu\/es_es\/wella-professionals-color-fresh-mask-color-temporal-113063.html?#755=40315'>\r\n        <img loading='async' src='https:\/\/cdn2.primor.eu\/media\/catalog\/product\/cache\/8d3aba296f7a18b5251ee30fa5db42b2\/2\/C\/2CA04455_1_188f.jpg' alt='COMPRAR AHORA'>\r\n            <div class=\"claim\">\r\n                COMPRAR AHORA            <\/div>\r\n        <\/a>\r\n    \n\n\n<div class=\"kk-star-ratings kksr-auto kksr-align-center kksr-valign-bottom\"\n    data-payload='{&quot;align&quot;:&quot;center&quot;,&quot;id&quot;:&quot;93998&quot;,&quot;slug&quot;:&quot;default&quot;,&quot;valign&quot;:&quot;bottom&quot;,&quot;ignore&quot;:&quot;&quot;,&quot;reference&quot;:&quot;auto&quot;,&quot;class&quot;:&quot;&quot;,&quot;count&quot;:&quot;1&quot;,&quot;legendonly&quot;:&quot;&quot;,&quot;readonly&quot;:&quot;&quot;,&quot;score&quot;:&quot;5&quot;,&quot;starsonly&quot;:&quot;&quot;,&quot;best&quot;:&quot;5&quot;,&quot;gap&quot;:&quot;5&quot;,&quot;greet&quot;:&quot;Valora este art\u00edculo&quot;,&quot;legend&quot;:&quot;5\\\/5 - (1 voto)&quot;,&quot;size&quot;:&quot;24&quot;,&quot;title&quot;:&quot;Arri\u00e9sgate en estas Navidades con estos tintes: est\u00e1n triunfando y ser\u00e1s el alma de la fiesta&quot;,&quot;width&quot;:&quot;142.5&quot;,&quot;_legend&quot;:&quot;{score}\\\/{best} - ({count} {votes})&quot;,&quot;font_factor&quot;:&quot;1.25&quot;}'>\n            \n<div class=\"kksr-stars\">\n    \n<div class=\"kksr-stars-inactive\">\n            <div class=\"kksr-star\" data-star=\"1\" style=\"padding-right: 5px\">\n            \n\n<div class=\"kksr-icon\" style=\"width: 24px; height: 24px;\"><\/div>\n        <\/div>\n            <div class=\"kksr-star\" data-star=\"2\" style=\"padding-right: 5px\">\n            \n\n<div class=\"kksr-icon\" style=\"width: 24px; height: 24px;\"><\/div>\n        <\/div>\n            <div class=\"kksr-star\" data-star=\"3\" style=\"padding-right: 5px\">\n            \n\n<div class=\"kksr-icon\" style=\"width: 24px; height: 24px;\"><\/div>\n        <\/div>\n            <div class=\"kksr-star\" data-star=\"4\" style=\"padding-right: 5px\">\n            \n\n<div class=\"kksr-icon\" style=\"width: 24px; height: 24px;\"><\/div>\n        <\/div>\n            <div class=\"kksr-star\" data-star=\"5\" style=\"padding-right: 5px\">\n            \n\n<div class=\"kksr-icon\" style=\"width: 24px; height: 24px;\"><\/div>\n        <\/div>\n    <\/div>\n    \n<div class=\"kksr-stars-active\" style=\"width: 142.5px;\">\n            <div class=\"kksr-star\" style=\"padding-right: 5px\">\n            \n\n<div class=\"kksr-icon\" style=\"width: 24px; height: 24px;\"><\/div>\n        <\/div>\n            <div class=\"kksr-star\" style=\"padding-right: 5px\">\n            \n\n<div class=\"kksr-icon\" style=\"width: 24px; height: 24px;\"><\/div>\n        <\/div>\n            <div class=\"kksr-star\" style=\"padding-right: 5px\">\n            \n\n<div class=\"kksr-icon\" style=\"width: 24px; height: 24px;\"><\/div>\n        <\/div>\n            <div class=\"kksr-star\" style=\"padding-right: 5px\">\n            \n\n<div class=\"kksr-icon\" style=\"width: 24px; height: 24px;\"><\/div>\n        <\/div>\n            <div class=\"kksr-star\" style=\"padding-right: 5px\">\n            \n\n<div class=\"kksr-icon\" style=\"width: 24px; height: 24px;\"><\/div>\n        <\/div>\n    <\/div>\n<\/div>\n                \n\n<div class=\"kksr-legend\" style=\"font-size: 19.2px;\">\n            5\/5 - (1 voto)    <\/div>\n    <\/div>\n","protected":false},"excerpt":{"rendered":"<p>Si lo que quieres es lucir pelazo durante las fiestas, pero no quieres ir a la peluquer\u00eda, los expertos se ponen de acuerdo: la mejor soluci\u00f3n es recurrir a los mejores tintes que usar en Navidad. No obstante, la oferta es muy variada. Por esa raz\u00f3n, desde Primor, hemos seleccionado aquellos que cuidan del cabello [&hellip;]<\/p>\n","protected":false},"author":14,"featured_media":93999,"comment_status":"closed","ping_status":"closed","sticky":false,"template":"","format":"standard","meta":{"jnews-multi-image_gallery":[],"jnews_single_post":{"format":"standard"},"jnews_primary_category":[],"jnews_social_meta":[],"jnews_override_counter":[],"footnotes":""},"categories":[35],"tags":[],"class_list":["post-93998","post","type-post","status-publish","format-standard","has-post-thumbnail","hentry","category-cabello"],"_links":{"self":[{"href":"https:\/\/www.primor.eu\/blog\/wp-json\/wp\/v2\/posts\/93998","targetHints":{"allow":["GET"]}}],"collection":[{"href":"https:\/\/www.primor.eu\/blog\/wp-json\/wp\/v2\/posts"}],"about":[{"href":"https:\/\/www.primor.eu\/blog\/wp-json\/wp\/v2\/types\/post"}],"author":[{"embeddable":true,"href":"https:\/\/www.primor.eu\/blog\/wp-json\/wp\/v2\/users\/14"}],"replies":[{"embeddable":true,"href":"https:\/\/www.primor.eu\/blog\/wp-json\/wp\/v2\/comments?post=93998"}],"version-history":[{"count":3,"href":"https:\/\/www.primor.eu\/blog\/wp-json\/wp\/v2\/posts\/93998\/revisions"}],"predecessor-version":[{"id":136114,"href":"https:\/\/www.primor.eu\/blog\/wp-json\/wp\/v2\/posts\/93998\/revisions\/136114"}],"wp:featuredmedia":[{"embeddable":true,"href":"https:\/\/www.primor.eu\/blog\/wp-json\/wp\/v2\/media\/93999"}],"wp:attachment":[{"href":"https:\/\/www.primor.eu\/blog\/wp-json\/wp\/v2\/media?parent=93998"}],"wp:term":[{"taxonomy":"category","embeddable":true,"href":"https:\/\/www.primor.eu\/blog\/wp-json\/wp\/v2\/categories?post=93998"},{"taxonomy":"post_tag","embeddable":true,"href":"https:\/\/www.primor.eu\/blog\/wp-json\/wp\/v2\/tags?post=93998"}],"curies":[{"name":"wp","href":"https:\/\/api.w.org\/{rel}","templated":true}]}}