{"id":93379,"date":"2026-03-19T14:02:34","date_gmt":"2026-03-19T14:02:34","guid":{"rendered":"https:\/\/www.primor.eu\/blog\/?p=93379"},"modified":"2026-03-19T14:02:35","modified_gmt":"2026-03-19T14:02:35","slug":"trucos-elegir-base-maquillaje","status":"publish","type":"post","link":"https:\/\/www.primor.eu\/blog\/trucos-elegir-base-maquillaje\/","title":{"rendered":"Los mejores tips y trucos para elegir la base de maquillaje perfecta para ti"},"content":{"rendered":"\n<p>No hay un fail m\u00e1s grande en makeup que el de escoger una base de maquillaje que no sea af\u00edn a nuestro tono de piel. Ese efecto geisha (si es demasiado claro) o piel de rayos uva de los 90 (si es demasiado oscuro) es criminal. Sin embargo, a veces, escoger el tono correcto no es tan sencillo. Por eso, en este art\u00edculo de Primor, te ense\u00f1amos c\u00f3mo escoger la base de maquillaje correctamente seg\u00fan los trucos de los profesionales.&nbsp;<\/p>\n\n\n\n<h2 class=\"wp-block-heading\">C\u00f3mo escoger la base de maquillaje bien<\/h2>\n\n\n\n<ul class=\"wp-block-list\">\n<li><a href=\"https:\/\/www.primor.eu\/blog\/como-saber-que-tipo-de-piel-tengo\/\"><strong>Averigua qu\u00e9 tipo de piel tienes<\/strong><\/a>, y si no lo sabes, nosotras te ense\u00f1amos.<\/li>\n\n\n\n<li><strong>Encuentra tu tono de piel. <\/strong>Si tienes un tono de piel c\u00e1lido, fr\u00edo o neutro. Esto te ayudar\u00e1 a elegir una base con el subtono adecuado. Puedes probarlo observando las venas en tu mu\u00f1eca (verde para tono c\u00e1lido y azul para tono fr\u00edo) o probando la base en la mand\u00edbula para ver c\u00f3mo se mezcla con tu tono natural.<\/li>\n\n\n\n<li><strong>Prueba en la mand\u00edbula o en la mu\u00f1eca<\/strong> para asegurarte de que coincida con tu tono de piel. La clave es encontrar un tono que se fusione perfectamente, sin dejar l\u00edneas notorias.<\/li>\n\n\n\n<li><strong>Ten en cuenta la cobertura<\/strong>. Las bases pueden variar desde ligeras hasta completas. Si buscas una cobertura m\u00e1s ligera, puedes optar por una base l\u00edquida o en polvo. Si deseas una cobertura completa, las bases cremosas o en crema pueden ser m\u00e1s adecuadas.<\/li>\n\n\n\n<li><strong>Considera la textura y el acabado<\/strong>. Piensa en la textura que prefieres (l\u00edquida, en crema, en polvo) y en el acabado (mate, luminoso, satinado). Estos factores influir\u00e1n en c\u00f3mo se siente y se ve la base en tu piel.<\/li>\n\n\n\n<li><strong>Ajusta seg\u00fan la temporada.<\/strong> El tono de tu piel puede cambiar ligeramente a lo largo del a\u00f1o debido a la exposici\u00f3n al sol. Es posible que necesites ajustar tu tono de base de maquillaje seg\u00fan la temporada.<\/li>\n\n\n\n<li><strong>Ajusta seg\u00fan tus necesidades m\u00e1s espec\u00edficas,<\/strong> como si buscas una base de larga duraci\u00f3n, resistente al agua o con beneficios adicionales como protecci\u00f3n solar.<\/li>\n<\/ul>\n\n\n\n<h2 class=\"wp-block-heading\">Qu\u00e9 activos llevan las bases de maquillaje profesionales (que deber\u00eda llevar la tuya)<\/h2>\n\n\n\n<ul class=\"wp-block-list\">\n<li><a href=\"https:\/\/www.primor.eu\/blog\/que-es-el-acido-hialuronico\/\"><strong>\u00c1cido hialur\u00f3nico<\/strong><\/a><strong>. <\/strong>El \u00e1cido hialur\u00f3nico es conocido por sus propiedades hidratantes. Atrae y retiene la humedad en la piel, lo que ayuda a mantenerla hidratada y con un aspecto jugoso.<\/li>\n\n\n\n<li><a href=\"https:\/\/www.primor.eu\/blog\/glicerina-que-es\/\"><strong>Glicerina<\/strong><\/a>. La glicerina es un humectante que ayuda a retener la humedad en la piel, proporcionando hidrataci\u00f3n efectiva. Ayuda a crear una barrera que previene la p\u00e9rdida de agua.<\/li>\n\n\n\n<li><a href=\"https:\/\/www.primor.eu\/es_es\/ceramidas\"><strong>Ceramidas<\/strong><\/a>. Las ceramidas son l\u00edpidos que se encuentran naturalmente en la piel y ayudan a mantener la barrera cut\u00e1nea. La inclusi\u00f3n de ceramidas en la base de maquillaje puede contribuir a la hidrataci\u00f3n y a una piel m\u00e1s suave.<\/li>\n\n\n\n<li><strong>Extractos bot\u00e1nicos<\/strong>. Ingredientes naturales como aloe vera, extracto de pepino, t\u00e9 verde o manzanilla pueden tener propiedades calmantes e hidratantes.<\/li>\n\n\n\n<li><strong>Hidratantes emolientes.<\/strong> Aceites naturales como el aceite de arg\u00e1n, el aceite de coco o el aceite de almendras dulces pueden proporcionar hidrataci\u00f3n adicional y ayudar a que la base se deslice suavemente sobre la piel.<\/li>\n\n\n\n<li><strong>\u00c1cido salic\u00edlico o niacinamida. <\/strong>Si tienes piel propensa al acn\u00e9, buscar una base con \u00e1cido salic\u00edlico o niacinamida puede ayudar a tratar y prevenir imperfecciones mientras proporciona hidrataci\u00f3n.<\/li>\n\n\n\n<li><strong>SPF<\/strong>. Si buscas protecci\u00f3n solar, elige una base que contenga un factor de protecci\u00f3n solar (SPF) para ayudar a proteger la piel de los da\u00f1os causados por el sol.<\/li>\n<\/ul>\n\n\n\n<h2 class=\"wp-block-heading\">Bases de maquillaje buenas que debes usar&nbsp;<\/h2>\n\n\n        <product-table class=\"pr-slider\">\r\n            <product-headers class=\"grid-table-rows\">\r\n                <div>Foto<\/div>\r\n                <div>Producto<\/div>\r\n                <div>Marca<\/div>\r\n                <div>Valoraciones<\/div>\r\n                <div>Precio<\/div>\r\n            <\/product-headers>\r\n\r\n            <product-list>\r\n                                    <a href=\"https:\/\/www.primor.eu\/es_es\/lancome-lancome-base-de-maquillaje-fluida-teint-idole-ultra-wear-tamano-viaje-110357.html?#803=44541\" class=\"product-item grid-table-rows\" target=\"_blank\">\r\n                        <div>\r\n                            <img decoding=\"async\" class=\"product-img\" width=\"80px\" height=\"80px\" src=\"https:\/\/cdn2.primor.eu\/media\/catalog\/product\/cache\/8d3aba296f7a18b5251ee30fa5db42b2\/0\/M\/0MR18684_1_5c8e.jpg\" alt=\"Lanc\u00f4me Base de Maquillaje Fluida Teint Idole Ultra Wear Tama\u00f1o Viaje\">\r\n                        <\/div>\r\n\r\n                        <!-- Contenido de producto  -->\r\n                        <div>\r\n                            <div class=\"product-position\">\r\n                                #1 Top Ventas                            <\/div>\r\n\r\n                            <h2>\r\n                                Lanc\u00f4me Base de Maquillaje Fluida Teint Idole Ultra Wear Tama\u00f1o Viaje                            <\/h2>\r\n                        <\/div>\r\n\r\n                        <!-- Imagen y\/o nombre de la marca -->\r\n                        <div>\r\n                                                            <img decoding=\"async\" width=\"70\" src=\"https:\/\/www.primor.eu\/media\/catalog\/category\/lancome.png\" alt=\"Lanc\u00f4me\">\r\n                                                    <\/div>\r\n\r\n                        <!-- Puntuaci\u00f3n del producto  -->\r\n                        <div class=\"rating\">\r\n                                                            <div class=\"rate\" style=\"--p:92;\"><\/div>\r\n                                <b>4.6\/5<\/b>\r\n                                <div class=\"rate-stars\">\r\n                                                                            <div\r\n                                            class=\"rate-star  \">\r\n                                        <\/div>\r\n                                                                            <div\r\n                                            class=\"rate-star  \">\r\n                                        <\/div>\r\n                                                                            <div\r\n                                            class=\"rate-star  \">\r\n                                        <\/div>\r\n                                                                            <div\r\n                                            class=\"rate-star  \">\r\n                                        <\/div>\r\n                                                                            <div\r\n                                            class=\"rate-star  \">\r\n                                        <\/div>\r\n                                                                    <\/div>\r\n                                                    <\/div>\r\n\r\n                        <!-- Bot\u00f3n de producto  -->\r\n                        <div>\r\n                            <span class=\"price-claim\">\r\n                                VER PRECIO                            <\/span>\r\n                        <\/div>\r\n                    <\/a>\r\n                                    <a href=\"https:\/\/www.primor.eu\/es_es\/vichy-dermablend-base-de-maquillaje-correctora-109111.html?#803=49576\" class=\"product-item grid-table-rows\" target=\"_blank\">\r\n                        <div>\r\n                            <img decoding=\"async\" class=\"product-img\" width=\"80px\" height=\"80px\" src=\"https:\/\/cdn2.primor.eu\/media\/catalog\/product\/cache\/8d3aba296f7a18b5251ee30fa5db42b2\/3\/3\/3337871316600_6e56.jpg\" alt=\"Dermablend Base de Maquillaje Correctora\">\r\n                        <\/div>\r\n\r\n                        <!-- Contenido de producto  -->\r\n                        <div>\r\n                            <div class=\"product-position\">\r\n                                #2                            <\/div>\r\n\r\n                            <h2>\r\n                                Dermablend Base de Maquillaje Correctora                            <\/h2>\r\n                        <\/div>\r\n\r\n                        <!-- Imagen y\/o nombre de la marca -->\r\n                        <div>\r\n                                                            <img decoding=\"async\" width=\"70\" src=\"https:\/\/www.primor.eu\/media\/catalog\/category\/vichy.png\" alt=\"Vichy\">\r\n                                                    <\/div>\r\n\r\n                        <!-- Puntuaci\u00f3n del producto  -->\r\n                        <div class=\"rating\">\r\n                                                            <div class=\"rate\" style=\"--p:92;\"><\/div>\r\n                                <b>4.6\/5<\/b>\r\n                                <div class=\"rate-stars\">\r\n                                                                            <div\r\n                                            class=\"rate-star  \">\r\n                                        <\/div>\r\n                                                                            <div\r\n                                            class=\"rate-star  \">\r\n                                        <\/div>\r\n                                                                            <div\r\n                                            class=\"rate-star  \">\r\n                                        <\/div>\r\n                                                                            <div\r\n                                            class=\"rate-star  \">\r\n                                        <\/div>\r\n                                                                            <div\r\n                                            class=\"rate-star  \">\r\n                                        <\/div>\r\n                                                                    <\/div>\r\n                                                    <\/div>\r\n\r\n                        <!-- Bot\u00f3n de producto  -->\r\n                        <div>\r\n                            <span class=\"price-claim\">\r\n                                VER PRECIO                            <\/span>\r\n                        <\/div>\r\n                    <\/a>\r\n                                    <a href=\"https:\/\/www.primor.eu\/es_es\/clinique-even-better-clinicaltm-base-de-maquillaje-en-serum-spf20-109597.html?#803=60613\" class=\"product-item grid-table-rows\" target=\"_blank\">\r\n                        <div>\r\n                            <img decoding=\"async\" class=\"product-img\" width=\"80px\" height=\"80px\" src=\"https:\/\/cdn2.primor.eu\/media\/catalog\/product\/cache\/8d3aba296f7a18b5251ee30fa5db42b2\/0\/M\/0MR19715_1_aaff.jpg\" alt=\"Even Better Clinical\u2122 Base de Maquillaje en S\u00e9rum SPF20\">\r\n                        <\/div>\r\n\r\n                        <!-- Contenido de producto  -->\r\n                        <div>\r\n                            <div class=\"product-position\">\r\n                                #3                            <\/div>\r\n\r\n                            <h2>\r\n                                Even Better Clinical\u2122 Base de Maquillaje en S\u00e9rum SPF20                            <\/h2>\r\n                        <\/div>\r\n\r\n                        <!-- Imagen y\/o nombre de la marca -->\r\n                        <div>\r\n                                                            <img decoding=\"async\" width=\"70\" src=\"https:\/\/www.primor.eu\/media\/catalog\/category\/clinique.png\" alt=\"Clinique\">\r\n                                                    <\/div>\r\n\r\n                        <!-- Puntuaci\u00f3n del producto  -->\r\n                        <div class=\"rating\">\r\n                                                            <div class=\"rate\" style=\"--p:92;\"><\/div>\r\n                                <b>4.6\/5<\/b>\r\n                                <div class=\"rate-stars\">\r\n                                                                            <div\r\n                                            class=\"rate-star  \">\r\n                                        <\/div>\r\n                                                                            <div\r\n                                            class=\"rate-star  \">\r\n                                        <\/div>\r\n                                                                            <div\r\n                                            class=\"rate-star  \">\r\n                                        <\/div>\r\n                                                                            <div\r\n                                            class=\"rate-star  \">\r\n                                        <\/div>\r\n                                                                            <div\r\n                                            class=\"rate-star  \">\r\n                                        <\/div>\r\n                                                                    <\/div>\r\n                                                    <\/div>\r\n\r\n                        <!-- Bot\u00f3n de producto  -->\r\n                        <div>\r\n                            <span class=\"price-claim\">\r\n                                VER PRECIO                            <\/span>\r\n                        <\/div>\r\n                    <\/a>\r\n                            <\/product-list>\r\n        <\/product-table>\r\n\r\n        \n\n\n\n<h3 class=\"wp-block-heading\">Even Better Clinical\u2122 Base de Maquillaje en S\u00e9rum SPF20 de Clinique<\/h3>\n\n\n\n<p>Even better es una base de maquillaje con tratamiento que mejora el aspecto de la piel gracias a la combinaci\u00f3n de tres s\u00e9rums que act\u00faan sobre las manchas de la piel a la vez que deja el rostro unificado. Una f\u00f3rmula que protege la piel de las agresiones externas.<\/p>\n\n\n    <a class='product' target='_blank' href='https:\/\/www.primor.eu\/es_es\/clinique-even-better-clinicaltm-base-de-maquillaje-en-serum-spf20-109597.html?#803=60613'>\r\n        <img loading='async' src='https:\/\/cdn2.primor.eu\/media\/catalog\/product\/cache\/8d3aba296f7a18b5251ee30fa5db42b2\/0\/M\/0MR19715_1_aaff.jpg' alt='COMPRAR AHORA'>\r\n            <div class=\"claim\">\r\n                COMPRAR AHORA            <\/div>\r\n        <\/a>\r\n    \n\n\n\n<h3 class=\"wp-block-heading\">Base de Maquillaje Fluida Teint Idole Ultra Wear de Lanc\u00f4me<\/h3>\n\n\n\n<p>La f\u00f3rmula renovada de TEINT IDOLE ULTRA WEAR es una base de maquillaje liviana y transpirable, respaldada por la tecnolog\u00eda AIRWEAR\u2122. Su cobertura total de 24 horas est\u00e1 dise\u00f1ada para todos los tipos y tonalidades de piel, desde seca y sensible hasta grasa y propensa al acn\u00e9. Esta base no reseca, no obstruye los poros y se integra de manera impecable con la piel, cubriendo perfectamente todas las imperfecciones.<\/p>\n\n\n    <a class='product' target='_blank' href='https:\/\/www.primor.eu\/es_es\/lancome-lancome-base-de-maquillaje-fluida-teint-idole-ultra-wear-tamano-viaje-110357.html?#803=44541'>\r\n        <img loading='async' src='https:\/\/cdn2.primor.eu\/media\/catalog\/product\/cache\/8d3aba296f7a18b5251ee30fa5db42b2\/0\/M\/0MR18684_1_5c8e.jpg' alt='COMPRAR AHORA'>\r\n            <div class=\"claim\">\r\n                COMPRAR AHORA            <\/div>\r\n        <\/a>\r\n    \n\n\n\n<h3 class=\"wp-block-heading\">Mineral Blend Base de Maquillaje de Vichy<\/h3>\n\n\n\n<p>Mineral Blend es la base ultrahidratante de Vichy gracias a ingredientes activos dermocosm\u00e9ticos, \u00e1cido hialur\u00f3nico y pigmentos minerales, ayudando a reducir los signos de la fatiga. Adem\u00e1s, la base se funde con la piel dej\u00e1ndola respirar y dejando una agradable sensaci\u00f3n de frescor y ligereza.<\/p>\n\n\n    <a class='product' target='_blank' href='https:\/\/www.primor.eu\/es_es\/vichy-dermablend-base-de-maquillaje-correctora-109111.html?#803=49576'>\r\n        <img loading='async' src='https:\/\/cdn2.primor.eu\/media\/catalog\/product\/cache\/8d3aba296f7a18b5251ee30fa5db42b2\/3\/3\/3337871316600_6e56.jpg' alt='COMPRAR AHORA'>\r\n            <div class=\"claim\">\r\n                COMPRAR AHORA            <\/div>\r\n        <\/a>\r\n    \n\n\n<div class=\"kk-star-ratings kksr-auto kksr-align-center kksr-valign-bottom\"\n    data-payload='{&quot;align&quot;:&quot;center&quot;,&quot;id&quot;:&quot;93379&quot;,&quot;slug&quot;:&quot;default&quot;,&quot;valign&quot;:&quot;bottom&quot;,&quot;ignore&quot;:&quot;&quot;,&quot;reference&quot;:&quot;auto&quot;,&quot;class&quot;:&quot;&quot;,&quot;count&quot;:&quot;2&quot;,&quot;legendonly&quot;:&quot;&quot;,&quot;readonly&quot;:&quot;&quot;,&quot;score&quot;:&quot;3&quot;,&quot;starsonly&quot;:&quot;&quot;,&quot;best&quot;:&quot;5&quot;,&quot;gap&quot;:&quot;5&quot;,&quot;greet&quot;:&quot;Valora este art\u00edculo&quot;,&quot;legend&quot;:&quot;3\\\/5 - (2 votos)&quot;,&quot;size&quot;:&quot;24&quot;,&quot;title&quot;:&quot;Los mejores tips y trucos para elegir la base de maquillaje perfecta para ti&quot;,&quot;width&quot;:&quot;84.5&quot;,&quot;_legend&quot;:&quot;{score}\\\/{best} - ({count} {votes})&quot;,&quot;font_factor&quot;:&quot;1.25&quot;}'>\n            \n<div class=\"kksr-stars\">\n    \n<div class=\"kksr-stars-inactive\">\n            <div class=\"kksr-star\" data-star=\"1\" style=\"padding-right: 5px\">\n            \n\n<div class=\"kksr-icon\" style=\"width: 24px; height: 24px;\"><\/div>\n        <\/div>\n            <div class=\"kksr-star\" data-star=\"2\" style=\"padding-right: 5px\">\n            \n\n<div class=\"kksr-icon\" style=\"width: 24px; height: 24px;\"><\/div>\n        <\/div>\n            <div class=\"kksr-star\" data-star=\"3\" style=\"padding-right: 5px\">\n            \n\n<div class=\"kksr-icon\" style=\"width: 24px; height: 24px;\"><\/div>\n        <\/div>\n            <div class=\"kksr-star\" data-star=\"4\" style=\"padding-right: 5px\">\n            \n\n<div class=\"kksr-icon\" style=\"width: 24px; height: 24px;\"><\/div>\n        <\/div>\n            <div class=\"kksr-star\" data-star=\"5\" style=\"padding-right: 5px\">\n            \n\n<div class=\"kksr-icon\" style=\"width: 24px; height: 24px;\"><\/div>\n        <\/div>\n    <\/div>\n    \n<div class=\"kksr-stars-active\" style=\"width: 84.5px;\">\n            <div class=\"kksr-star\" style=\"padding-right: 5px\">\n            \n\n<div class=\"kksr-icon\" style=\"width: 24px; height: 24px;\"><\/div>\n        <\/div>\n            <div class=\"kksr-star\" style=\"padding-right: 5px\">\n            \n\n<div class=\"kksr-icon\" style=\"width: 24px; height: 24px;\"><\/div>\n        <\/div>\n            <div class=\"kksr-star\" style=\"padding-right: 5px\">\n            \n\n<div class=\"kksr-icon\" style=\"width: 24px; height: 24px;\"><\/div>\n        <\/div>\n            <div class=\"kksr-star\" style=\"padding-right: 5px\">\n            \n\n<div class=\"kksr-icon\" style=\"width: 24px; height: 24px;\"><\/div>\n        <\/div>\n            <div class=\"kksr-star\" style=\"padding-right: 5px\">\n            \n\n<div class=\"kksr-icon\" style=\"width: 24px; height: 24px;\"><\/div>\n        <\/div>\n    <\/div>\n<\/div>\n                \n\n<div class=\"kksr-legend\" style=\"font-size: 19.2px;\">\n            3\/5 - (2 votos)    <\/div>\n    <\/div>\n","protected":false},"excerpt":{"rendered":"<p>No hay un fail m\u00e1s grande en makeup que el de escoger una base de maquillaje que no sea af\u00edn a nuestro tono de piel. Ese efecto geisha (si es demasiado claro) o piel de rayos uva de los 90 (si es demasiado oscuro) es criminal. Sin embargo, a veces, escoger el tono correcto no [&hellip;]<\/p>\n","protected":false},"author":14,"featured_media":93380,"comment_status":"closed","ping_status":"closed","sticky":false,"template":"","format":"standard","meta":{"jnews-multi-image_gallery":[],"jnews_single_post":{"subtitle":"","format":"standard","video":"","gallery":"","source_name":"","source_url":"","via_name":"","via_url":"","override_template":"0","override":[{"template":"1","single_blog_custom":"","parallax":"1","fullscreen":"1","layout":"right-sidebar","sidebar":"home-2","second_sidebar":"default-sidebar","sticky_sidebar":"0","share_position":"float","share_float_style":"share-monocrhome","show_share_counter":"0","show_view_counter":"0","show_featured":"1","show_post_meta":"1","show_post_author":"0","show_post_author_image":"1","show_post_date":"1","post_date_format":"default","post_date_format_custom":"Y\/m\/d","show_post_category":"1","show_post_reading_time":"0","post_reading_time_wpm":"300","show_zoom_button":"0","zoom_button_out_step":"2","zoom_button_in_step":"3","show_post_tag":"0","show_prev_next_post":"0","show_popup_post":"0","number_popup_post":"2","show_author_box":"0","show_post_related":"0","show_inline_post_related":"1"}],"override_image_size":"0","image_override":[{"single_post_thumbnail_size":"no-crop","single_post_gallery_size":"crop-500"}],"trending_post":"0","trending_post_position":"meta","trending_post_label":"Trending","sponsored_post":"0","sponsored_post_label":"Sponsored by","sponsored_post_name":"","sponsored_post_url":"","sponsored_post_logo_enable":"0","sponsored_post_logo":"","sponsored_post_desc":"","disable_ad":"0"},"jnews_primary_category":{"id":"","hide":""},"jnews_social_meta":{"fb_title":"","fb_description":"","fb_image":"","twitter_title":"","twitter_description":"","twitter_image":""},"jnews_override_counter":{"override_view_counter":"0","view_counter_number":"0","override_share_counter":"0","share_counter_number":"0","override_like_counter":"0","like_counter_number":"0","override_dislike_counter":"0","dislike_counter_number":"0"},"footnotes":""},"categories":[6303],"tags":[],"class_list":["post-93379","post","type-post","status-publish","format-standard","has-post-thumbnail","hentry","category-trucos-de-belleza"],"_links":{"self":[{"href":"https:\/\/www.primor.eu\/blog\/wp-json\/wp\/v2\/posts\/93379","targetHints":{"allow":["GET"]}}],"collection":[{"href":"https:\/\/www.primor.eu\/blog\/wp-json\/wp\/v2\/posts"}],"about":[{"href":"https:\/\/www.primor.eu\/blog\/wp-json\/wp\/v2\/types\/post"}],"author":[{"embeddable":true,"href":"https:\/\/www.primor.eu\/blog\/wp-json\/wp\/v2\/users\/14"}],"replies":[{"embeddable":true,"href":"https:\/\/www.primor.eu\/blog\/wp-json\/wp\/v2\/comments?post=93379"}],"version-history":[{"count":2,"href":"https:\/\/www.primor.eu\/blog\/wp-json\/wp\/v2\/posts\/93379\/revisions"}],"predecessor-version":[{"id":140448,"href":"https:\/\/www.primor.eu\/blog\/wp-json\/wp\/v2\/posts\/93379\/revisions\/140448"}],"wp:featuredmedia":[{"embeddable":true,"href":"https:\/\/www.primor.eu\/blog\/wp-json\/wp\/v2\/media\/93380"}],"wp:attachment":[{"href":"https:\/\/www.primor.eu\/blog\/wp-json\/wp\/v2\/media?parent=93379"}],"wp:term":[{"taxonomy":"category","embeddable":true,"href":"https:\/\/www.primor.eu\/blog\/wp-json\/wp\/v2\/categories?post=93379"},{"taxonomy":"post_tag","embeddable":true,"href":"https:\/\/www.primor.eu\/blog\/wp-json\/wp\/v2\/tags?post=93379"}],"curies":[{"name":"wp","href":"https:\/\/api.w.org\/{rel}","templated":true}]}}