{"id":92556,"date":"2025-04-14T06:24:05","date_gmt":"2025-04-14T06:24:05","guid":{"rendered":"https:\/\/www.primor.eu\/blog\/?p=92556"},"modified":"2025-07-31T19:04:24","modified_gmt":"2025-07-31T19:04:24","slug":"alimentos-rejuvenecer-piel","status":"publish","type":"post","link":"https:\/\/www.primor.eu\/blog\/alimentos-rejuvenecer-piel\/","title":{"rendered":"Funcionan de verdad: alimentos que te van a ayudar a rejuvenecer tu piel"},"content":{"rendered":"\n<p>Lo hemos dicho por activa y por pasiva: <strong>somos lo que comemos<\/strong>. Por lo que, aunque el <strong>envejecimiento<\/strong> sea una parte natural de nuestro organismo, nuestra <strong>dieta<\/strong> cumple con un papel primordial que puede hacer que nos mantengamos <strong>mucho m\u00e1s sanas<\/strong> y con un aspecto mucho m\u00e1s <strong>rejuvenecido<\/strong>, sobre todo, porque s\u00ed, hay <strong>alimentos para rejuvenecer la piel.&nbsp;<\/strong><\/p>\n\n\n\n<h2 class=\"wp-block-heading\">Qu\u00e9 alimentos rejuvenecen la piel<\/h2>\n\n\n\n<p>Tal y como insisten los expertos, el <a href=\"https:\/\/www.primor.eu\/blog\/mejores-cremas-antiarrugas\/\">envejecimiento cut\u00e1neo<\/a> es un proceso natural que puede ser influenciado por diversos factores, incluyendo la <strong>gen\u00e9tica<\/strong>, la <strong>exposici\u00f3n al sol<\/strong>, la <strong>alimentaci\u00f3n<\/strong> y el <strong>estilo de vida<\/strong> en general. Algunos alimentos contienen nutrientes espec\u00edficos que pueden ayudar a mantener la salud de la piel y, en algunos casos, contribuir a un <strong>aspecto m\u00e1s juvenil.<\/strong> Algunos de los m\u00e1s famosos son:<\/p>\n\n\n\n<h3 class=\"wp-block-heading\">Frutas y verduras ricas en antioxidantes<\/h3>\n\n\n\n<p>M\u00e1s concretamente\u2026<\/p>\n\n\n\n<ul class=\"wp-block-list\">\n<li><strong>Ar\u00e1ndanos<\/strong>. Contienen antioxidantes que pueden ayudar a combatir el da\u00f1o de los radicales libres.<\/li>\n\n\n\n<li><strong>Fresas<\/strong>. Son ricas en vitamina C, que es esencial para la producci\u00f3n de col\u00e1geno.<\/li>\n\n\n\n<li><strong>Uvas rojas<\/strong>. Contienen resveratrol, un antioxidante asociado con beneficios para la salud de la piel.<\/li>\n<\/ul>\n\n\n\n<h3 class=\"wp-block-heading\">Vegetales de hojas verdes<\/h3>\n\n\n\n<p>Espinacas, acelgas y col rizada son ricas en <strong>vitaminas A, C y E<\/strong>, que pueden ayudar a mantener la piel saludable.<\/p>\n\n\n\n<h3 class=\"wp-block-heading\">Pescado graso<\/h3>\n\n\n\n<p><strong>Salm\u00f3n<\/strong>, at\u00fan y <strong>sardinas<\/strong> son ricos en \u00e1cidos grasos omega-3, que tienen propiedades antiinflamatorias y pueden mantener la elasticidad de la piel.<\/p>\n\n\n\n<h3 class=\"wp-block-heading\">Frutas con vitamina C<\/h3>\n\n\n\n<p>Naranjas, kiwis y mangos son ricos en <a href=\"https:\/\/www.primor.eu\/es_es\/vitamina-c\">vitamina C<\/a>, que es esencial para la producci\u00f3n de col\u00e1geno y ayuda a mantener la piel firme.<\/p>\n\n\n\n<h3 class=\"wp-block-heading\">Frutos secos y semillas<\/h3>\n\n\n\n<p>Almendras, <strong>nueces<\/strong> y semillas de ch\u00eda son fuentes de <a href=\"https:\/\/www.primor.eu\/blog\/vitamina-e\/\">vitamina E<\/a>, un antioxidante que puede ayudar a proteger la piel del da\u00f1o causado por los radicales libres.<\/p>\n\n\n\n<h3 class=\"wp-block-heading\">T\u00e9 verde<\/h3>\n\n\n\n<p>Contiene polifenoles que tienen propiedades antioxidantes y antiinflamatorias.<\/p>\n\n\n\n<h3 class=\"wp-block-heading\">Aguacates<\/h3>\n\n\n\n<p>Son ricos en \u00e1cidos grasos saludables, vitamina E y antioxidantes que pueden contribuir a una piel m\u00e1s saludable.<\/p>\n\n\n\n<h3 class=\"wp-block-heading\">Tomates<\/h3>\n\n\n\n<p>Contienen licopeno, un antioxidante que se ha asociado con la protecci\u00f3n contra los da\u00f1os causados por el sol.<\/p>\n\n\n\n<h3 class=\"wp-block-heading\">Agua<\/h3>\n\n\n\n<p>Mantenerse bien hidratado es esencial para la salud de la piel. El agua ayuda a mantener la piel hidratada y a eliminar toxinas del cuerpo.<\/p>\n\n\n\n<h2 class=\"wp-block-heading\">Productos t\u00f3picos con los alimentos rejuvenecedores<\/h2>\n\n\n\n<p>Como toda ayuda es poca, os hemos seleccionado algunos de nuestros productos estrella que incluyen algunos de los alimentos famosos por rejuvenecer:<\/p>\n\n\n        <product-table class=\"pr-slider\">\r\n            <product-headers class=\"grid-table-rows\">\r\n                <div>Foto<\/div>\r\n                <div>Producto<\/div>\r\n                <div>Marca<\/div>\r\n                <div>Valoraciones<\/div>\r\n                <div>Precio<\/div>\r\n            <\/product-headers>\r\n\r\n            <product-list>\r\n                                    <a href=\"https:\/\/www.primor.eu\/es_es\/the-fruit-company-locion-corporal-antioxidante-de-uva-79608.html\" class=\"product-item grid-table-rows\" target=\"_blank\">\r\n                        <div>\r\n                            <img decoding=\"async\" class=\"product-img\" width=\"80px\" height=\"80px\" src=\"https:\/\/cdn2.primor.eu\/media\/catalog\/product\/cache\/8d3aba296f7a18b5251ee30fa5db42b2\/l\/o\/locion_corporal_antioxidante_de_uva_22c7.jpg\" alt=\"Loci\u00f3n Corporal Antioxidante de Uva\">\r\n                        <\/div>\r\n\r\n                        <!-- Contenido de producto  -->\r\n                        <div>\r\n                            <div class=\"product-position\">\r\n                                #1 Top Ventas                            <\/div>\r\n\r\n                            <h2>\r\n                                Loci\u00f3n Corporal Antioxidante de Uva                            <\/h2>\r\n                        <\/div>\r\n\r\n                        <!-- Imagen y\/o nombre de la marca -->\r\n                        <div>\r\n                                                            <img decoding=\"async\" width=\"70\" src=\"https:\/\/www.primor.eu\/media\/catalog\/category\/the-fruit-company.jpg\" alt=\"\">\r\n                                                    <\/div>\r\n\r\n                        <!-- Puntuaci\u00f3n del producto  -->\r\n                        <div class=\"rating\">\r\n                                                            <div class=\"rate\" style=\"--p:94;\"><\/div>\r\n                                <b>4.7\/5<\/b>\r\n                                <div class=\"rate-stars\">\r\n                                                                            <div\r\n                                            class=\"rate-star  \">\r\n                                        <\/div>\r\n                                                                            <div\r\n                                            class=\"rate-star  \">\r\n                                        <\/div>\r\n                                                                            <div\r\n                                            class=\"rate-star  \">\r\n                                        <\/div>\r\n                                                                            <div\r\n                                            class=\"rate-star  \">\r\n                                        <\/div>\r\n                                                                            <div\r\n                                            class=\"rate-star  \">\r\n                                        <\/div>\r\n                                                                    <\/div>\r\n                                                    <\/div>\r\n\r\n                        <!-- Bot\u00f3n de producto  -->\r\n                        <div>\r\n                            <span class=\"price-claim\">\r\n                                VER PRECIO                            <\/span>\r\n                        <\/div>\r\n                    <\/a>\r\n                                    <a href=\"https:\/\/www.primor.eu\/es_es\/kiehl-s-contorno-de-ojos-con-aguacate-creamy-eye-treatment-with-avocado-106309.html?#854=66582\" class=\"product-item grid-table-rows\" target=\"_blank\">\r\n                        <div>\r\n                            <img decoding=\"async\" class=\"product-img\" width=\"80px\" height=\"80px\" src=\"https:\/\/cdn2.primor.eu\/media\/catalog\/product\/cache\/8d3aba296f7a18b5251ee30fa5db42b2\/0\/T\/0TF21233_1_41fb.jpg\" alt=\"Contorno de Ojos con Aguacate Creamy Eye Treatment with Avocado\">\r\n                        <\/div>\r\n\r\n                        <!-- Contenido de producto  -->\r\n                        <div>\r\n                            <div class=\"product-position\">\r\n                                #2                            <\/div>\r\n\r\n                            <h2>\r\n                                Contorno de Ojos con Aguacate Creamy Eye Treatment with Avocado                            <\/h2>\r\n                        <\/div>\r\n\r\n                        <!-- Imagen y\/o nombre de la marca -->\r\n                        <div>\r\n                                                            <img decoding=\"async\" width=\"70\" src=\"https:\/\/www.primor.eu\/media\/catalog\/category\/Kiehls.png\" alt=\"Kiehl s\">\r\n                                                    <\/div>\r\n\r\n                        <!-- Puntuaci\u00f3n del producto  -->\r\n                        <div class=\"rating\">\r\n                                                            <div class=\"rate\" style=\"--p:96;\"><\/div>\r\n                                <b>4.8\/5<\/b>\r\n                                <div class=\"rate-stars\">\r\n                                                                            <div\r\n                                            class=\"rate-star  \">\r\n                                        <\/div>\r\n                                                                            <div\r\n                                            class=\"rate-star  \">\r\n                                        <\/div>\r\n                                                                            <div\r\n                                            class=\"rate-star  \">\r\n                                        <\/div>\r\n                                                                            <div\r\n                                            class=\"rate-star  \">\r\n                                        <\/div>\r\n                                                                            <div\r\n                                            class=\"rate-star  \">\r\n                                        <\/div>\r\n                                                                    <\/div>\r\n                                                    <\/div>\r\n\r\n                        <!-- Bot\u00f3n de producto  -->\r\n                        <div>\r\n                            <span class=\"price-claim\">\r\n                                VER PRECIO                            <\/span>\r\n                        <\/div>\r\n                    <\/a>\r\n                                    <a href=\"https:\/\/www.primor.eu\/es_es\/nacomi-body-butter-manteca-corporal-sorbete-de-naranja-11676.html\" class=\"product-item grid-table-rows\" target=\"_blank\">\r\n                        <div>\r\n                            <img decoding=\"async\" class=\"product-img\" width=\"80px\" height=\"80px\" src=\"https:\/\/cdn2.primor.eu\/media\/catalog\/product\/cache\/8d3aba296f7a18b5251ee30fa5db42b2\/0\/T\/0TN01488_1_0c78.jpg\" alt=\"Body Butter Manteca Corporal Sorbete de Naranja\">\r\n                        <\/div>\r\n\r\n                        <!-- Contenido de producto  -->\r\n                        <div>\r\n                            <div class=\"product-position\">\r\n                                #3                            <\/div>\r\n\r\n                            <h2>\r\n                                Body Butter Manteca Corporal Sorbete de Naranja                            <\/h2>\r\n                        <\/div>\r\n\r\n                        <!-- Imagen y\/o nombre de la marca -->\r\n                        <div>\r\n                                                            <img decoding=\"async\" width=\"70\" src=\"https:\/\/www.primor.eu\/media\/catalog\/category\/nacomi.jpg\" alt=\"\">\r\n                                                    <\/div>\r\n\r\n                        <!-- Puntuaci\u00f3n del producto  -->\r\n                        <div class=\"rating\">\r\n                                                            <div class=\"rate\" style=\"--p:82;\"><\/div>\r\n                                <b>4.1\/5<\/b>\r\n                                <div class=\"rate-stars\">\r\n                                                                            <div\r\n                                            class=\"rate-star  \">\r\n                                        <\/div>\r\n                                                                            <div\r\n                                            class=\"rate-star  \">\r\n                                        <\/div>\r\n                                                                            <div\r\n                                            class=\"rate-star  \">\r\n                                        <\/div>\r\n                                                                            <div\r\n                                            class=\"rate-star  \">\r\n                                        <\/div>\r\n                                                                            <div\r\n                                            class=\"rate-star  \">\r\n                                        <\/div>\r\n                                                                    <\/div>\r\n                                                    <\/div>\r\n\r\n                        <!-- Bot\u00f3n de producto  -->\r\n                        <div>\r\n                            <span class=\"price-claim\">\r\n                                VER PRECIO                            <\/span>\r\n                        <\/div>\r\n                    <\/a>\r\n                                    <a href=\"https:\/\/www.primor.eu\/es_es\/fluff-balsamo-desmaquillante-de-arandano-56441.html\" class=\"product-item grid-table-rows\" target=\"_blank\">\r\n                        <div>\r\n                            <img decoding=\"async\" class=\"product-img\" width=\"80px\" height=\"80px\" src=\"https:\/\/cdn2.primor.eu\/media\/catalog\/product\/cache\/8d3aba296f7a18b5251ee30fa5db42b2\/0\/T\/0TF22361_1_e80d.jpg\" alt=\"B\u00e1lsamo Desmaquillante de Ar\u00e1ndano\">\r\n                        <\/div>\r\n\r\n                        <!-- Contenido de producto  -->\r\n                        <div>\r\n                            <div class=\"product-position\">\r\n                                #4                            <\/div>\r\n\r\n                            <h2>\r\n                                B\u00e1lsamo Desmaquillante de Ar\u00e1ndano                            <\/h2>\r\n                        <\/div>\r\n\r\n                        <!-- Imagen y\/o nombre de la marca -->\r\n                        <div>\r\n                                                            <img decoding=\"async\" width=\"70\" src=\"https:\/\/www.primor.eu\/media\/catalog\/category\/Fluff.jpg\" alt=\"\">\r\n                                                    <\/div>\r\n\r\n                        <!-- Puntuaci\u00f3n del producto  -->\r\n                        <div class=\"rating\">\r\n                                                            <div class=\"rate\" style=\"--p:82;\"><\/div>\r\n                                <b>4.1\/5<\/b>\r\n                                <div class=\"rate-stars\">\r\n                                                                            <div\r\n                                            class=\"rate-star  \">\r\n                                        <\/div>\r\n                                                                            <div\r\n                                            class=\"rate-star  \">\r\n                                        <\/div>\r\n                                                                            <div\r\n                                            class=\"rate-star  \">\r\n                                        <\/div>\r\n                                                                            <div\r\n                                            class=\"rate-star  \">\r\n                                        <\/div>\r\n                                                                            <div\r\n                                            class=\"rate-star  \">\r\n                                        <\/div>\r\n                                                                    <\/div>\r\n                                                    <\/div>\r\n\r\n                        <!-- Bot\u00f3n de producto  -->\r\n                        <div>\r\n                            <span class=\"price-claim\">\r\n                                VER PRECIO                            <\/span>\r\n                        <\/div>\r\n                    <\/a>\r\n                                    <a href=\"https:\/\/www.primor.eu\/es_es\/the-skin-house-crema-vital-luminosa-106411.html?#854=66330\" class=\"product-item grid-table-rows\" target=\"_blank\">\r\n                        <div>\r\n                            <img decoding=\"async\" class=\"product-img\" width=\"80px\" height=\"80px\" src=\"https:\/\/cdn2.primor.eu\/media\/catalog\/product\/cache\/8d3aba296f7a18b5251ee30fa5db42b2\/C\/a\/Captura_aa2e.JPG\" alt=\"Crema Vital Luminosa\">\r\n                        <\/div>\r\n\r\n                        <!-- Contenido de producto  -->\r\n                        <div>\r\n                            <div class=\"product-position\">\r\n                                #5                            <\/div>\r\n\r\n                            <h2>\r\n                                Crema Vital Luminosa                            <\/h2>\r\n                        <\/div>\r\n\r\n                        <!-- Imagen y\/o nombre de la marca -->\r\n                        <div>\r\n                                                            <img decoding=\"async\" width=\"70\" src=\"https:\/\/www.primor.eu\/media\/catalog\/category\/The_Skin_House.jpg\" alt=\"The Skin House\">\r\n                                                    <\/div>\r\n\r\n                        <!-- Puntuaci\u00f3n del producto  -->\r\n                        <div class=\"rating\">\r\n                                                            <p>No hay valoraciones disponibles<\/p>\r\n                                                    <\/div>\r\n\r\n                        <!-- Bot\u00f3n de producto  -->\r\n                        <div>\r\n                            <span class=\"price-claim\">\r\n                                VER PRECIO                            <\/span>\r\n                        <\/div>\r\n                    <\/a>\r\n                            <\/product-list>\r\n        <\/product-table>\r\n\r\n        \n\n\n\n<h3 class=\"wp-block-heading\">Loci\u00f3n Corporal Antioxidante de Uva Roja Vitamin+ The Fruit Company<\/h3>\n\n\n\n<p>Enriquecida con vitamina E y un 98% de ingredientes de origen natural, esta loci\u00f3n nutritiva y antioxidante ayuda a combatir el envejecimiento prematuro de la piel a la vez que proporciona una hidrataci\u00f3n intensa.<\/p>\n\n\n    <a class='product' target='_blank' href='https:\/\/www.primor.eu\/es_es\/the-fruit-company-locion-corporal-antioxidante-de-uva-79608.html'>\r\n        <img loading='async' src='https:\/\/cdn2.primor.eu\/media\/catalog\/product\/cache\/8d3aba296f7a18b5251ee30fa5db42b2\/l\/o\/locion_corporal_antioxidante_de_uva_22c7.jpg' alt='COMPRAR AHORA'>\r\n            <div class=\"claim\">\r\n                COMPRAR AHORA            <\/div>\r\n        <\/a>\r\n    \n\n\n\n<h3 class=\"wp-block-heading\">Contorno de ojos Creamy Eye Treatment with Avocado de Kiehl's&nbsp;<\/h3>\n\n\n\n<p>Aporta una gran hidrataci\u00f3n de manera suave y efectiva sin migrar a los ojos. Presume de una textura rica y cremosa, contiene aguacate y es apta para todo tipo de pieles.<\/p>\n\n\n    <a class='product' target='_blank' href='https:\/\/www.primor.eu\/es_es\/kiehl-s-contorno-de-ojos-con-aguacate-creamy-eye-treatment-with-avocado-106309.html?#854=66582'>\r\n        <img loading='async' src='https:\/\/cdn2.primor.eu\/media\/catalog\/product\/cache\/8d3aba296f7a18b5251ee30fa5db42b2\/0\/T\/0TF21233_1_41fb.jpg' alt='COMPRAR AHORA'>\r\n            <div class=\"claim\">\r\n                COMPRAR AHORA            <\/div>\r\n        <\/a>\r\n    \n\n\n\n<h3 class=\"wp-block-heading\">Body Butter Manteca Corporal Sorbete de Naranja<\/h3>\n\n\n\n<p>Gracias al alto contenido de aceite esencial de naranja, regenera y mejora el estado del abdomen, muslos y gl\u00fateos. El extracto de c\u00e1scara de naranja es un ingrediente limpiador y antimicrobiano con propiedades suavizantes e hidratantes, ideal para las personas con piel propensa al acn\u00e9.<\/p>\n\n\n    <a class='product' target='_blank' href='https:\/\/www.primor.eu\/es_es\/nacomi-body-butter-manteca-corporal-sorbete-de-naranja-11676.html'>\r\n        <img loading='async' src='https:\/\/cdn2.primor.eu\/media\/catalog\/product\/cache\/8d3aba296f7a18b5251ee30fa5db42b2\/0\/T\/0TN01488_1_0c78.jpg' alt='COMPRAR AHORA'>\r\n            <div class=\"claim\">\r\n                COMPRAR AHORA            <\/div>\r\n        <\/a>\r\n    \n\n\n\n<h3 class=\"wp-block-heading\">B\u00e1lsamo Desmaquillante de Ar\u00e1ndano de Fluff<\/h3>\n\n\n\n<p>El desmaquillante ser\u00e1 algo incre\u00edblemente sencillo. Elimina de forma r\u00e1pida y eficaz incluso el maquillaje resistente al agua y la manteca de karit\u00e9 y shorea que contiene evita la sequedad y la irritaci\u00f3n de la piel. El siguiente paso es el mousse de limpieza facial y a continuaci\u00f3n la crema de d\u00eda o de noche.<\/p>\n\n\n    <a class='product' target='_blank' href='https:\/\/www.primor.eu\/es_es\/fluff-balsamo-desmaquillante-de-arandano-56441.html'>\r\n        <img loading='async' src='https:\/\/cdn2.primor.eu\/media\/catalog\/product\/cache\/8d3aba296f7a18b5251ee30fa5db42b2\/0\/T\/0TF22361_1_e80d.jpg' alt='COMPRAR AHORA'>\r\n            <div class=\"claim\">\r\n                COMPRAR AHORA            <\/div>\r\n        <\/a>\r\n    \n\n\n\n<h3 class=\"wp-block-heading\">Crema Vital Luminosa de The Skin House<\/h3>\n\n\n\n<p>La crema carga la piel con energ\u00eda. Contiene vitamina C en microc\u00e1psulas, que revive la piel opaca y cansada. C\u00f3ctel de frutas vitam\u00ednicas de jugo de bayas de Asai, lim\u00f3n, ar\u00e1ndanos, cerezas, Morera, ilumina la piel, sin causar irritaci\u00f3n. Tambi\u00e9n proporciona la cantidad necesaria de humedad a la piel, dando un brillo saludable. Adecuado para la piel opaca y cansada con estr\u00e9s.<\/p>\n\n\n    <a class='product' target='_blank' href='https:\/\/www.primor.eu\/es_es\/the-skin-house-crema-vital-luminosa-106411.html?#854=66330'>\r\n        <img loading='async' src='https:\/\/cdn2.primor.eu\/media\/catalog\/product\/cache\/8d3aba296f7a18b5251ee30fa5db42b2\/C\/a\/Captura_aa2e.JPG' alt='COMPRAR AHORA'>\r\n            <div class=\"claim\">\r\n                COMPRAR AHORA            <\/div>\r\n        <\/a>\r\n    \n\n\n<div class=\"kk-star-ratings kksr-auto kksr-align-center kksr-valign-bottom\"\n    data-payload='{&quot;align&quot;:&quot;center&quot;,&quot;id&quot;:&quot;92556&quot;,&quot;slug&quot;:&quot;default&quot;,&quot;valign&quot;:&quot;bottom&quot;,&quot;ignore&quot;:&quot;&quot;,&quot;reference&quot;:&quot;auto&quot;,&quot;class&quot;:&quot;&quot;,&quot;count&quot;:&quot;4&quot;,&quot;legendonly&quot;:&quot;&quot;,&quot;readonly&quot;:&quot;&quot;,&quot;score&quot;:&quot;3.7&quot;,&quot;starsonly&quot;:&quot;&quot;,&quot;best&quot;:&quot;5&quot;,&quot;gap&quot;:&quot;5&quot;,&quot;greet&quot;:&quot;Valora este art\u00edculo&quot;,&quot;legend&quot;:&quot;3.7\\\/5 - (4 votos)&quot;,&quot;size&quot;:&quot;24&quot;,&quot;title&quot;:&quot;Funcionan de verdad: alimentos que te van a ayudar a rejuvenecer tu piel&quot;,&quot;width&quot;:&quot;104.8&quot;,&quot;_legend&quot;:&quot;{score}\\\/{best} - ({count} {votes})&quot;,&quot;font_factor&quot;:&quot;1.25&quot;}'>\n            \n<div class=\"kksr-stars\">\n    \n<div class=\"kksr-stars-inactive\">\n            <div class=\"kksr-star\" data-star=\"1\" style=\"padding-right: 5px\">\n            \n\n<div class=\"kksr-icon\" style=\"width: 24px; height: 24px;\"><\/div>\n        <\/div>\n            <div class=\"kksr-star\" data-star=\"2\" style=\"padding-right: 5px\">\n            \n\n<div class=\"kksr-icon\" style=\"width: 24px; height: 24px;\"><\/div>\n        <\/div>\n            <div class=\"kksr-star\" data-star=\"3\" style=\"padding-right: 5px\">\n            \n\n<div class=\"kksr-icon\" style=\"width: 24px; height: 24px;\"><\/div>\n        <\/div>\n            <div class=\"kksr-star\" data-star=\"4\" style=\"padding-right: 5px\">\n            \n\n<div class=\"kksr-icon\" style=\"width: 24px; height: 24px;\"><\/div>\n        <\/div>\n            <div class=\"kksr-star\" data-star=\"5\" style=\"padding-right: 5px\">\n            \n\n<div class=\"kksr-icon\" style=\"width: 24px; height: 24px;\"><\/div>\n        <\/div>\n    <\/div>\n    \n<div class=\"kksr-stars-active\" style=\"width: 104.8px;\">\n            <div class=\"kksr-star\" style=\"padding-right: 5px\">\n            \n\n<div class=\"kksr-icon\" style=\"width: 24px; height: 24px;\"><\/div>\n        <\/div>\n            <div class=\"kksr-star\" style=\"padding-right: 5px\">\n            \n\n<div class=\"kksr-icon\" style=\"width: 24px; height: 24px;\"><\/div>\n        <\/div>\n            <div class=\"kksr-star\" style=\"padding-right: 5px\">\n            \n\n<div class=\"kksr-icon\" style=\"width: 24px; height: 24px;\"><\/div>\n        <\/div>\n            <div class=\"kksr-star\" style=\"padding-right: 5px\">\n            \n\n<div class=\"kksr-icon\" style=\"width: 24px; height: 24px;\"><\/div>\n        <\/div>\n            <div class=\"kksr-star\" style=\"padding-right: 5px\">\n            \n\n<div class=\"kksr-icon\" style=\"width: 24px; height: 24px;\"><\/div>\n        <\/div>\n    <\/div>\n<\/div>\n                \n\n<div class=\"kksr-legend\" style=\"font-size: 19.2px;\">\n            3.7\/5 - (4 votos)    <\/div>\n    <\/div>\n","protected":false},"excerpt":{"rendered":"<p>Lo hemos dicho por activa y por pasiva: somos lo que comemos. Por lo que, aunque el envejecimiento sea una parte natural de nuestro organismo, nuestra dieta cumple con un papel primordial que puede hacer que nos mantengamos mucho m\u00e1s sanas y con un aspecto mucho m\u00e1s rejuvenecido, sobre todo, porque s\u00ed, hay alimentos para [&hellip;]<\/p>\n","protected":false},"author":14,"featured_media":92563,"comment_status":"closed","ping_status":"closed","sticky":false,"template":"","format":"standard","meta":{"jnews-multi-image_gallery":[],"jnews_single_post":{"subtitle":"","format":"standard","video":"","gallery":"","source_name":"","source_url":"","via_name":"","via_url":"","override_template":"0","override":[{"template":"1","single_blog_custom":"","parallax":"1","fullscreen":"1","layout":"right-sidebar","sidebar":"home-2","second_sidebar":"default-sidebar","sticky_sidebar":"0","share_position":"float","share_float_style":"share-monocrhome","show_share_counter":"0","show_view_counter":"0","show_featured":"1","show_post_meta":"1","show_post_author":"0","show_post_author_image":"1","show_post_date":"1","post_date_format":"default","post_date_format_custom":"Y\/m\/d","show_post_category":"1","show_post_reading_time":"0","post_reading_time_wpm":"300","show_zoom_button":"0","zoom_button_out_step":"2","zoom_button_in_step":"3","show_post_tag":"0","show_prev_next_post":"0","show_popup_post":"0","number_popup_post":"2","show_author_box":"0","show_post_related":"0","show_inline_post_related":"1"}],"override_image_size":"0","image_override":[{"single_post_thumbnail_size":"no-crop","single_post_gallery_size":"crop-500"}],"trending_post":"0","trending_post_position":"meta","trending_post_label":"Trending","sponsored_post":"0","sponsored_post_label":"Sponsored by","sponsored_post_name":"","sponsored_post_url":"","sponsored_post_logo_enable":"0","sponsored_post_logo":"","sponsored_post_desc":"","disable_ad":"0"},"jnews_primary_category":{"id":"","hide":""},"jnews_social_meta":{"fb_title":"","fb_description":"","fb_image":"","twitter_title":"","twitter_description":"","twitter_image":""},"jnews_override_counter":{"override_view_counter":"0","view_counter_number":"0","override_share_counter":"0","share_counter_number":"0","override_like_counter":"0","like_counter_number":"0","override_dislike_counter":"0","dislike_counter_number":"0"},"footnotes":""},"categories":[6318,6303],"tags":[],"class_list":["post-92556","post","type-post","status-publish","format-standard","has-post-thumbnail","hentry","category-nutricion","category-trucos-de-belleza"],"_links":{"self":[{"href":"https:\/\/www.primor.eu\/blog\/wp-json\/wp\/v2\/posts\/92556","targetHints":{"allow":["GET"]}}],"collection":[{"href":"https:\/\/www.primor.eu\/blog\/wp-json\/wp\/v2\/posts"}],"about":[{"href":"https:\/\/www.primor.eu\/blog\/wp-json\/wp\/v2\/types\/post"}],"author":[{"embeddable":true,"href":"https:\/\/www.primor.eu\/blog\/wp-json\/wp\/v2\/users\/14"}],"replies":[{"embeddable":true,"href":"https:\/\/www.primor.eu\/blog\/wp-json\/wp\/v2\/comments?post=92556"}],"version-history":[{"count":5,"href":"https:\/\/www.primor.eu\/blog\/wp-json\/wp\/v2\/posts\/92556\/revisions"}],"predecessor-version":[{"id":130113,"href":"https:\/\/www.primor.eu\/blog\/wp-json\/wp\/v2\/posts\/92556\/revisions\/130113"}],"wp:featuredmedia":[{"embeddable":true,"href":"https:\/\/www.primor.eu\/blog\/wp-json\/wp\/v2\/media\/92563"}],"wp:attachment":[{"href":"https:\/\/www.primor.eu\/blog\/wp-json\/wp\/v2\/media?parent=92556"}],"wp:term":[{"taxonomy":"category","embeddable":true,"href":"https:\/\/www.primor.eu\/blog\/wp-json\/wp\/v2\/categories?post=92556"},{"taxonomy":"post_tag","embeddable":true,"href":"https:\/\/www.primor.eu\/blog\/wp-json\/wp\/v2\/tags?post=92556"}],"curies":[{"name":"wp","href":"https:\/\/api.w.org\/{rel}","templated":true}]}}