{"id":91540,"date":"2023-11-29T07:43:13","date_gmt":"2023-11-29T07:43:13","guid":{"rendered":"https:\/\/www.primor.eu\/blog\/?p=91540"},"modified":"2025-06-30T10:48:13","modified_gmt":"2025-06-30T10:48:13","slug":"ideas-pelo-tinte-colores-fantasia","status":"publish","type":"post","link":"https:\/\/www.primor.eu\/blog\/ideas-pelo-tinte-colores-fantasia\/","title":{"rendered":"Insp\u00edrate con estas ideas de colores fantas\u00eda para el pelo"},"content":{"rendered":"\n<p>A la hora de encontrar un look con el que te sientas <strong>c\u00f3moda<\/strong>, <strong>preciosa<\/strong> y con un <strong>estilo diferente<\/strong> y <strong>propio<\/strong>, muchas tienen claro que no quieren verse rubias, morenas o pelirrojas. Buscan un color de pelo o una t\u00e9cnica de coloraci\u00f3n que le aporte cuerpo, volumen y una personalidad para dejarse ser vista y dejar huella. En este aspecto, los <strong>colores fantas\u00eda<\/strong> son una gran opci\u00f3n que siempre logran su objetivo. En este art\u00educlo de Primor te contamos c\u00f3mo conseguirlo y qu\u00e9 ideas triunfan en el nuevo a\u00f1o.<\/p>\n\n\n\n<h2 class=\"wp-block-heading\">Por qu\u00e9 te\u00f1irte el pelo de colores fantas\u00eda<\/h2>\n\n\n\n<ul class=\"wp-block-list\">\n<li><strong>Expresi\u00f3n personal. <\/strong>Te\u00f1irse el pelo de colores puede ser una forma de expresar la individualidad y la creatividad. Los colores brillantes y llamativos pueden reflejar la personalidad \u00fanica de una persona y ser una expresi\u00f3n art\u00edstica.<\/li>\n\n\n\n<li><strong>Tendencias de la moda<\/strong>. En algunos casos, las personas eligen te\u00f1irse el pelo de colores porque est\u00e1 de moda o porque quieren seguir una tendencia espec\u00edfica. La industria de la moda y la belleza a menudo influye en las elecciones de estilo personal.<\/li>\n\n\n\n<li><strong>Experimentaci\u00f3n<\/strong>. Te\u00f1irse el pelo de colores tambi\u00e9n puede ser una forma de experimentar con la apariencia personal. Algunas personas disfrutan probando nuevos estilos y colores para ver c\u00f3mo se ven y c\u00f3mo se sienten con ellos.<\/li>\n\n\n\n<li><strong>Rebeld\u00eda.<\/strong> En algunos casos, te\u00f1irse el pelo de colores puede ser una forma de rebeli\u00f3n o de desafiar las normas sociales convencionales sobre la apariencia. Puede ser una declaraci\u00f3n audaz y no convencional.<\/li>\n\n\n\n<li><strong>Celebraci\u00f3n de la diversidad<\/strong>. Para algunas personas, te\u00f1irse el pelo de colores es una forma de celebrar la diversidad y la inclusi\u00f3n. Pueden adoptar colores que representen la bandera de la comunidad LGBTQ+, por ejemplo, como una muestra de apoyo y solidaridad.<\/li>\n\n\n\n<li><strong>Cambios emocionales o de vida<\/strong>. En momentos de cambios significativos en la vida de alguien, como superar una ruptura o alcanzar un logro importante, te\u00f1irse el pelo de colores puede ser una manera simb\u00f3lica de marcar ese cambio y empezar de nuevo.<\/li>\n<\/ul>\n\n\n\n<h2 class=\"wp-block-heading\">Ideas para un cabello con colores fantas\u00eda<\/h2>\n\n\n\n<figure class=\"wp-block-image alignwide size-large\"><img decoding=\"async\" width=\"577\" height=\"1024\" src=\"https:\/\/www.primor.eu\/blog\/wp-content\/uploads\/2023\/11\/COLORES-FANTASIA-1-577x1024.jpeg\" alt=\"Las mejores ideas de colores fantas\u00eda para el pelo\" class=\"wp-image-91577\" srcset=\"https:\/\/www.primor.eu\/blog\/wp-content\/uploads\/2023\/11\/COLORES-FANTASIA-1-577x1024.jpeg 577w, https:\/\/www.primor.eu\/blog\/wp-content\/uploads\/2023\/11\/COLORES-FANTASIA-1-169x300.jpeg 169w, https:\/\/www.primor.eu\/blog\/wp-content\/uploads\/2023\/11\/COLORES-FANTASIA-1.jpeg 600w\" sizes=\"(max-width: 577px) 100vw, 577px\" \/><\/figure>\n\n\n\n<h3 class=\"wp-block-heading\">Arco\u00edris completo<\/h3>\n\n\n\n<p>Dividir tu cabello en secciones y te\u00f1ir cada secci\u00f3n con un color del arco\u00edris. Puedes seguir el orden cl\u00e1sico de los colores o personalizarlo seg\u00fan tus preferencias.<\/p>\n\n\n\n<figure class=\"wp-block-image alignwide size-full\"><img decoding=\"async\" width=\"363\" height=\"381\" src=\"https:\/\/www.primor.eu\/blog\/wp-content\/uploads\/2023\/11\/COLORES-FANTASIA-2.jpeg\" alt=\"Las mejores ideas de colores fantas\u00eda para el pelo\" class=\"wp-image-91579\" srcset=\"https:\/\/www.primor.eu\/blog\/wp-content\/uploads\/2023\/11\/COLORES-FANTASIA-2.jpeg 363w, https:\/\/www.primor.eu\/blog\/wp-content\/uploads\/2023\/11\/COLORES-FANTASIA-2-286x300.jpeg 286w\" sizes=\"(max-width: 363px) 100vw, 363px\" \/><figcaption class=\"wp-element-caption\">@yano1326\n<\/figcaption><\/figure>\n\n\n\n<h3 class=\"wp-block-heading\">Degradado de colores<\/h3>\n\n\n\n<p>Comienza con un color en las ra\u00edces y haz un degradado suave hacia las puntas con otros colores complementarios. Esto crea un efecto hermoso y fluido.<\/p>\n\n\n\n<figure class=\"wp-block-image alignwide size-full\"><img decoding=\"async\" width=\"736\" height=\"919\" src=\"https:\/\/www.primor.eu\/blog\/wp-content\/uploads\/2023\/11\/COLORES-FANTASIA-3.jpeg\" alt=\"Las mejores ideas de colores fantas\u00eda para el pelo\" class=\"wp-image-91580\" srcset=\"https:\/\/www.primor.eu\/blog\/wp-content\/uploads\/2023\/11\/COLORES-FANTASIA-3.jpeg 736w, https:\/\/www.primor.eu\/blog\/wp-content\/uploads\/2023\/11\/COLORES-FANTASIA-3-240x300.jpeg 240w\" sizes=\"(max-width: 736px) 100vw, 736px\" \/><figcaption class=\"wp-element-caption\">@latesthair<\/figcaption><\/figure>\n\n\n\n<h3 class=\"wp-block-heading\">Colores pastel<\/h3>\n\n\n\n<p>Opta por tonos pastel como rosa, azul cielo, lavanda o verde menta. Estos colores suaves pueden dar un toque sutil y encantador a tu cabello.<\/p>\n\n\n\n<figure class=\"wp-block-image alignwide size-full\"><img decoding=\"async\" width=\"720\" height=\"720\" src=\"https:\/\/www.primor.eu\/blog\/wp-content\/uploads\/2023\/11\/COLORES-FANTASIA-4.jpeg\" alt=\"Las mejores ideas de colores fantas\u00eda para el pelo\" class=\"wp-image-91581\" srcset=\"https:\/\/www.primor.eu\/blog\/wp-content\/uploads\/2023\/11\/COLORES-FANTASIA-4.jpeg 720w, https:\/\/www.primor.eu\/blog\/wp-content\/uploads\/2023\/11\/COLORES-FANTASIA-4-300x300.jpeg 300w, https:\/\/www.primor.eu\/blog\/wp-content\/uploads\/2023\/11\/COLORES-FANTASIA-4-150x150.jpeg 150w, https:\/\/www.primor.eu\/blog\/wp-content\/uploads\/2023\/11\/COLORES-FANTASIA-4-75x75.jpeg 75w, https:\/\/www.primor.eu\/blog\/wp-content\/uploads\/2023\/11\/COLORES-FANTASIA-4-350x350.jpeg 350w\" sizes=\"(max-width: 720px) 100vw, 720px\" \/><figcaption class=\"wp-element-caption\">@randomaesthetically<\/figcaption><\/figure>\n\n\n\n<h3 class=\"wp-block-heading\">Colores ne\u00f3n vibrantes<\/h3>\n\n\n\n<p>Si buscas algo m\u00e1s llamativo, los colores ne\u00f3n como el verde lima, el naranja brillante o el rosa intenso pueden ser opciones emocionantes.<\/p>\n\n\n\n<figure class=\"wp-block-image alignwide size-full\"><img decoding=\"async\" width=\"736\" height=\"920\" src=\"https:\/\/www.primor.eu\/blog\/wp-content\/uploads\/2023\/11\/COLORES-FANTASIA-5.jpeg\" alt=\"Las mejores ideas de colores fantas\u00eda para el pelo\" class=\"wp-image-91582\" srcset=\"https:\/\/www.primor.eu\/blog\/wp-content\/uploads\/2023\/11\/COLORES-FANTASIA-5.jpeg 736w, https:\/\/www.primor.eu\/blog\/wp-content\/uploads\/2023\/11\/COLORES-FANTASIA-5-240x300.jpeg 240w\" sizes=\"(max-width: 736px) 100vw, 736px\" \/><figcaption class=\"wp-element-caption\">@righthairstyles<\/figcaption><\/figure>\n\n\n\n<h3 class=\"wp-block-heading\">Mermaid hair<\/h3>\n\n\n\n<p>Combina tonos de azul, verde y p\u00farpura para lograr un aspecto de \"cabello de sirena\". Este estilo a menudo implica mezclar colores de manera fluida para imitar las olas del mar.<\/p>\n\n\n\n<figure class=\"wp-block-image alignwide size-full\"><img decoding=\"async\" width=\"564\" height=\"772\" src=\"https:\/\/www.primor.eu\/blog\/wp-content\/uploads\/2023\/11\/COLORES-FANTASIA-6.jpeg\" alt=\"Las mejores ideas de colores fantas\u00eda para el pelo\" class=\"wp-image-91583\" srcset=\"https:\/\/www.primor.eu\/blog\/wp-content\/uploads\/2023\/11\/COLORES-FANTASIA-6.jpeg 564w, https:\/\/www.primor.eu\/blog\/wp-content\/uploads\/2023\/11\/COLORES-FANTASIA-6-219x300.jpeg 219w\" sizes=\"(max-width: 564px) 100vw, 564px\" \/><figcaption class=\"wp-element-caption\">@styleshome<\/figcaption><\/figure>\n\n\n\n<h3 class=\"wp-block-heading\">Galaxy hair<\/h3>\n\n\n\n<p>Mezcla tonos oscuros como azul medianoche, morado profundo y negro para lograr un aspecto de galaxia en tu cabello. Puedes agregar destellos de colores m\u00e1s brillantes para simular estrellas.<\/p>\n\n\n\n<figure class=\"wp-block-image alignwide size-full\"><img decoding=\"async\" width=\"484\" height=\"925\" src=\"https:\/\/www.primor.eu\/blog\/wp-content\/uploads\/2023\/11\/COLORES-FANTASIA-7.jpeg\" alt=\"Las mejores ideas de colores fantas\u00eda para el pelo\" class=\"wp-image-91584\" srcset=\"https:\/\/www.primor.eu\/blog\/wp-content\/uploads\/2023\/11\/COLORES-FANTASIA-7.jpeg 484w, https:\/\/www.primor.eu\/blog\/wp-content\/uploads\/2023\/11\/COLORES-FANTASIA-7-157x300.jpeg 157w\" sizes=\"(max-width: 484px) 100vw, 484px\" \/><figcaption class=\"wp-element-caption\">@emovampgirl666<\/figcaption><\/figure>\n\n\n\n<h3 class=\"wp-block-heading\">Colores c\u00e1lidos y fr\u00edos<\/h3>\n\n\n\n<p>Divide tu cabello en secciones y te\u00f1e cada secci\u00f3n con colores c\u00e1lidos (rojos, naranjas, amarillos) en un lado y colores fr\u00edos (azules, verdes, morados) en el otro.<\/p>\n\n\n\n<figure class=\"wp-block-image alignwide size-large\"><img decoding=\"async\" width=\"691\" height=\"1024\" src=\"https:\/\/www.primor.eu\/blog\/wp-content\/uploads\/2023\/11\/COLORES-FANTASIA-8-691x1024.jpeg\" alt=\"Las mejores ideas de colores fantas\u00eda para el pelo\" class=\"wp-image-91782\" srcset=\"https:\/\/www.primor.eu\/blog\/wp-content\/uploads\/2023\/11\/COLORES-FANTASIA-8-691x1024.jpeg 691w, https:\/\/www.primor.eu\/blog\/wp-content\/uploads\/2023\/11\/COLORES-FANTASIA-8-203x300.jpeg 203w, https:\/\/www.primor.eu\/blog\/wp-content\/uploads\/2023\/11\/COLORES-FANTASIA-8.jpeg 736w\" sizes=\"(max-width: 691px) 100vw, 691px\" \/><figcaption class=\"wp-element-caption\">@Atreiu396<\/figcaption><\/figure>\n\n\n\n<h3 class=\"wp-block-heading\">Ombre invertido<\/h3>\n\n\n\n<p>En lugar de un degradado de color convencional, opta por un \"ombre\" invertido, donde las ra\u00edces son m\u00e1s claras y las puntas son m\u00e1s oscuras.<\/p>\n\n\n\n<figure class=\"wp-block-image alignwide size-full\"><img decoding=\"async\" width=\"533\" height=\"800\" src=\"https:\/\/www.primor.eu\/blog\/wp-content\/uploads\/2023\/11\/COLORES-FANTASIA-9.jpeg\" alt=\"Las mejores ideas de colores fantas\u00eda para el pelo\" class=\"wp-image-91585\" srcset=\"https:\/\/www.primor.eu\/blog\/wp-content\/uploads\/2023\/11\/COLORES-FANTASIA-9.jpeg 533w, https:\/\/www.primor.eu\/blog\/wp-content\/uploads\/2023\/11\/COLORES-FANTASIA-9-200x300.jpeg 200w\" sizes=\"(max-width: 533px) 100vw, 533px\" \/><figcaption class=\"wp-element-caption\">@stylesoverdose<\/figcaption><\/figure>\n\n\n\n<h3 class=\"wp-block-heading\">Colores de joyas<\/h3>\n\n\n\n<p>Insp\u00edrate en tonos de piedras preciosas y metales preciosos, como esmeralda, zafiro, rub\u00ed, oro o plata.<\/p>\n\n\n\n<figure class=\"wp-block-image alignwide size-full\"><img decoding=\"async\" width=\"720\" height=\"900\" src=\"https:\/\/www.primor.eu\/blog\/wp-content\/uploads\/2023\/11\/COLORES-FANTASIA-10.jpeg\" alt=\"Las mejores ideas de colores fantas\u00eda para el pelo\" class=\"wp-image-91578\" srcset=\"https:\/\/www.primor.eu\/blog\/wp-content\/uploads\/2023\/11\/COLORES-FANTASIA-10.jpeg 720w, https:\/\/www.primor.eu\/blog\/wp-content\/uploads\/2023\/11\/COLORES-FANTASIA-10-240x300.jpeg 240w\" sizes=\"(max-width: 720px) 100vw, 720px\" \/><\/figure>\n\n\n\n<h3 class=\"wp-block-heading\">Estilo arco\u00edris en reversa<\/h3>\n\n\n\n<p>Comienza con el color m\u00e1s claro en las ra\u00edces y transiciona a colores m\u00e1s oscuros hacia las puntas<\/p>\n\n\n<div class=\"kk-star-ratings kksr-auto kksr-align-center kksr-valign-bottom\"\n    data-payload='{&quot;align&quot;:&quot;center&quot;,&quot;id&quot;:&quot;91540&quot;,&quot;slug&quot;:&quot;default&quot;,&quot;valign&quot;:&quot;bottom&quot;,&quot;ignore&quot;:&quot;&quot;,&quot;reference&quot;:&quot;auto&quot;,&quot;class&quot;:&quot;&quot;,&quot;count&quot;:&quot;1&quot;,&quot;legendonly&quot;:&quot;&quot;,&quot;readonly&quot;:&quot;&quot;,&quot;score&quot;:&quot;1&quot;,&quot;starsonly&quot;:&quot;&quot;,&quot;best&quot;:&quot;5&quot;,&quot;gap&quot;:&quot;5&quot;,&quot;greet&quot;:&quot;Valora este art\u00edculo&quot;,&quot;legend&quot;:&quot;1\\\/5 - (1 voto)&quot;,&quot;size&quot;:&quot;24&quot;,&quot;title&quot;:&quot;Insp\u00edrate con estas ideas de colores fantas\u00eda para el pelo&quot;,&quot;width&quot;:&quot;26.5&quot;,&quot;_legend&quot;:&quot;{score}\\\/{best} - ({count} {votes})&quot;,&quot;font_factor&quot;:&quot;1.25&quot;}'>\n            \n<div class=\"kksr-stars\">\n    \n<div class=\"kksr-stars-inactive\">\n            <div class=\"kksr-star\" data-star=\"1\" style=\"padding-right: 5px\">\n            \n\n<div class=\"kksr-icon\" style=\"width: 24px; height: 24px;\"><\/div>\n        <\/div>\n            <div class=\"kksr-star\" data-star=\"2\" style=\"padding-right: 5px\">\n            \n\n<div class=\"kksr-icon\" style=\"width: 24px; height: 24px;\"><\/div>\n        <\/div>\n            <div class=\"kksr-star\" data-star=\"3\" style=\"padding-right: 5px\">\n            \n\n<div class=\"kksr-icon\" style=\"width: 24px; height: 24px;\"><\/div>\n        <\/div>\n            <div class=\"kksr-star\" data-star=\"4\" style=\"padding-right: 5px\">\n            \n\n<div class=\"kksr-icon\" style=\"width: 24px; height: 24px;\"><\/div>\n        <\/div>\n            <div class=\"kksr-star\" data-star=\"5\" style=\"padding-right: 5px\">\n            \n\n<div class=\"kksr-icon\" style=\"width: 24px; height: 24px;\"><\/div>\n        <\/div>\n    <\/div>\n    \n<div class=\"kksr-stars-active\" style=\"width: 26.5px;\">\n            <div class=\"kksr-star\" style=\"padding-right: 5px\">\n            \n\n<div class=\"kksr-icon\" style=\"width: 24px; height: 24px;\"><\/div>\n        <\/div>\n            <div class=\"kksr-star\" style=\"padding-right: 5px\">\n            \n\n<div class=\"kksr-icon\" style=\"width: 24px; height: 24px;\"><\/div>\n        <\/div>\n            <div class=\"kksr-star\" style=\"padding-right: 5px\">\n            \n\n<div class=\"kksr-icon\" style=\"width: 24px; height: 24px;\"><\/div>\n        <\/div>\n            <div class=\"kksr-star\" style=\"padding-right: 5px\">\n            \n\n<div class=\"kksr-icon\" style=\"width: 24px; height: 24px;\"><\/div>\n        <\/div>\n            <div class=\"kksr-star\" style=\"padding-right: 5px\">\n            \n\n<div class=\"kksr-icon\" style=\"width: 24px; height: 24px;\"><\/div>\n        <\/div>\n    <\/div>\n<\/div>\n                \n\n<div class=\"kksr-legend\" style=\"font-size: 19.2px;\">\n            1\/5 - (1 voto)    <\/div>\n    <\/div>\n","protected":false},"excerpt":{"rendered":"<p>A la hora de encontrar un look con el que te sientas c\u00f3moda, preciosa y con un estilo diferente y propio, muchas tienen claro que no quieren verse rubias, morenas o pelirrojas. Buscan un color de pelo o una t\u00e9cnica de coloraci\u00f3n que le aporte cuerpo, volumen y una personalidad para dejarse ser vista y [&hellip;]<\/p>\n","protected":false},"author":14,"featured_media":91777,"comment_status":"closed","ping_status":"closed","sticky":false,"template":"","format":"standard","meta":{"jnews-multi-image_gallery":[],"jnews_single_post":{"subtitle":"","format":"standard","video":"","gallery":"","source_name":"","source_url":"","via_name":"","via_url":"","override_template":"0","override":[{"template":"1","single_blog_custom":"","parallax":"1","fullscreen":"1","layout":"right-sidebar","sidebar":"home-2","second_sidebar":"default-sidebar","sticky_sidebar":"0","share_position":"float","share_float_style":"share-monocrhome","show_share_counter":"0","show_view_counter":"0","show_featured":"1","show_post_meta":"1","show_post_author":"0","show_post_author_image":"1","show_post_date":"1","post_date_format":"default","post_date_format_custom":"Y\/m\/d","show_post_category":"1","show_post_reading_time":"0","post_reading_time_wpm":"300","show_zoom_button":"0","zoom_button_out_step":"2","zoom_button_in_step":"3","show_post_tag":"0","show_prev_next_post":"0","show_popup_post":"0","number_popup_post":"2","show_author_box":"0","show_post_related":"0","show_inline_post_related":"1"}],"override_image_size":"0","image_override":[{"single_post_thumbnail_size":"no-crop","single_post_gallery_size":"crop-500"}],"trending_post":"0","trending_post_position":"meta","trending_post_label":"Trending","sponsored_post":"0","sponsored_post_label":"Sponsored by","sponsored_post_name":"","sponsored_post_url":"","sponsored_post_logo_enable":"0","sponsored_post_logo":"","sponsored_post_desc":"","disable_ad":"0"},"jnews_primary_category":{"id":"","hide":""},"jnews_social_meta":{"fb_title":"","fb_description":"","fb_image":"","twitter_title":"","twitter_description":"","twitter_image":""},"jnews_override_counter":{"override_view_counter":"0","view_counter_number":"0","override_share_counter":"0","share_counter_number":"0","override_like_counter":"0","like_counter_number":"0","override_dislike_counter":"0","dislike_counter_number":"0"},"footnotes":""},"categories":[35],"tags":[],"class_list":["post-91540","post","type-post","status-publish","format-standard","has-post-thumbnail","hentry","category-cabello"],"_links":{"self":[{"href":"https:\/\/www.primor.eu\/blog\/wp-json\/wp\/v2\/posts\/91540","targetHints":{"allow":["GET"]}}],"collection":[{"href":"https:\/\/www.primor.eu\/blog\/wp-json\/wp\/v2\/posts"}],"about":[{"href":"https:\/\/www.primor.eu\/blog\/wp-json\/wp\/v2\/types\/post"}],"author":[{"embeddable":true,"href":"https:\/\/www.primor.eu\/blog\/wp-json\/wp\/v2\/users\/14"}],"replies":[{"embeddable":true,"href":"https:\/\/www.primor.eu\/blog\/wp-json\/wp\/v2\/comments?post=91540"}],"version-history":[{"count":3,"href":"https:\/\/www.primor.eu\/blog\/wp-json\/wp\/v2\/posts\/91540\/revisions"}],"predecessor-version":[{"id":91793,"href":"https:\/\/www.primor.eu\/blog\/wp-json\/wp\/v2\/posts\/91540\/revisions\/91793"}],"wp:featuredmedia":[{"embeddable":true,"href":"https:\/\/www.primor.eu\/blog\/wp-json\/wp\/v2\/media\/91777"}],"wp:attachment":[{"href":"https:\/\/www.primor.eu\/blog\/wp-json\/wp\/v2\/media?parent=91540"}],"wp:term":[{"taxonomy":"category","embeddable":true,"href":"https:\/\/www.primor.eu\/blog\/wp-json\/wp\/v2\/categories?post=91540"},{"taxonomy":"post_tag","embeddable":true,"href":"https:\/\/www.primor.eu\/blog\/wp-json\/wp\/v2\/tags?post=91540"}],"curies":[{"name":"wp","href":"https:\/\/api.w.org\/{rel}","templated":true}]}}