{"id":91485,"date":"2025-05-16T09:16:54","date_gmt":"2025-05-16T09:16:54","guid":{"rendered":"https:\/\/www.primor.eu\/blog\/?p=91485"},"modified":"2025-05-16T09:16:56","modified_gmt":"2025-05-16T09:16:56","slug":"champu-crecepelo","status":"publish","type":"post","link":"https:\/\/www.primor.eu\/blog\/champu-crecepelo\/","title":{"rendered":"Los mejores champ\u00fas crecepelo para decirle hola a tu nueva melena"},"content":{"rendered":"\n<p>Si eres de las que le<strong> cuesta mucho que su pelo crezca<\/strong>, has de saber que hay <a href=\"https:\/\/www.primor.eu\/blog\/como-cuidar-pelo-rubio\/\"><strong>soluciones<\/strong><\/a> que los <strong>expertos<\/strong> recomiendan porque <strong>funcionan de verdad<\/strong>. Una de ellas son los <strong>champ\u00fas crecepelo.<\/strong><\/p>\n\n\n\n<p>Los<strong> champ\u00fas crecepelo<\/strong> son productos para el<strong> cuidado del cabello<\/strong> que se comercializan con la promesa de <strong>estimular el crecimiento del cabello <\/strong>y mejorar su salud. Estos champ\u00fas suelen contener una variedad de ingredientes que se dice que promueven el crecimiento del cabello y fortalecen los fol\u00edculos pilosos.<\/p>\n\n\n\n<h2 class=\"wp-block-heading\">Qu\u00e9 ingredientes hacen que te crezca el pelo m\u00e1s r\u00e1pido<\/h2>\n\n\n\n<ul class=\"wp-block-list\">\n<li><a href=\"https:\/\/www.primor.eu\/blog\/que-es-la-biotina\/\"><strong>Biotina<\/strong><\/a>. Un nutriente del complejo B que se asocia com\u00fanmente con la salud del cabello, la piel y las u\u00f1as.<\/li>\n\n\n\n<li><a href=\"https:\/\/www.primor.eu\/blog\/tratamiento-de-keratina\/\"><strong>Keratina<\/strong><\/a>. Una prote\u00edna que forma la estructura b\u00e1sica del cabello, y se incluye para fortalecer y suavizar la fibra capilar.<\/li>\n\n\n\n<li><a href=\"https:\/\/www.primor.eu\/blog\/aceites-esenciales-que-son-que-propiedades-tienen-y-como-se-usan\/\"><strong>Aceites esenciales<\/strong><\/a>. Algunos champ\u00fas crecepelo contienen aceites esenciales como el aceite de romero, el aceite de menta o el aceite de jojoba, que se cree que estimulan el cuero cabelludo y promueven el crecimiento del cabello.<\/li>\n\n\n\n<li><strong>Cafe\u00edna.<\/strong> Se ha sugerido que la cafe\u00edna puede estimular los fol\u00edculos pilosos y mejorar el flujo sangu\u00edneo en el cuero cabelludo.<\/li>\n\n\n\n<li><strong>Prote\u00ednas y amino\u00e1cidos.<\/strong> Ingredientes que se encuentran com\u00fanmente en champ\u00fas crecepelo para fortalecer el cabello.<\/li>\n<\/ul>\n\n\n\n<h2 class=\"wp-block-heading\">Recomendados: champ\u00fas crecepelo est\u00e1n en Primor<\/h2>\n\n\n\n<h3 class=\"wp-block-heading\">Champ\u00fa de Cebolla Estimulador del Crecimiento de Belkos<\/h3>\n\n\n\n<p>Gracias a su elevada concentraci\u00f3n en extracto de cebolla, estimula el crecimiento capilar y previene la ca\u00edda del cabello. Adem\u00e1s, equilibra el funcionamiento del cuero cabelludo consiguiendo una reducci\u00f3n de caspa y grasas. Contiene extracto de vinagre de hierbas que ayuda a limpiar el cabello en mayor profundidad aportando brillo y suavidad.<\/p>\n\n\n    <a class='product' target='_blank' href='https:\/\/www.primor.eu\/es_es\/belkos-champu-de-cebolla-estimulador-del-crecimiento-8663.html'>\r\n        <img loading='async' src='https:\/\/cdn2.primor.eu\/media\/catalog\/product\/cache\/8d3aba296f7a18b5251ee30fa5db42b2\/2\/C\/2CC03662_1_78e4.jpg' alt='COMPRAR AHORA'>\r\n            <div class=\"claim\">\r\n                COMPRAR AHORA            <\/div>\r\n        <\/a>\r\n    \n\n\n<div class=\"kk-star-ratings kksr-auto kksr-align-center kksr-valign-bottom\"\n    data-payload='{&quot;align&quot;:&quot;center&quot;,&quot;id&quot;:&quot;91485&quot;,&quot;slug&quot;:&quot;default&quot;,&quot;valign&quot;:&quot;bottom&quot;,&quot;ignore&quot;:&quot;&quot;,&quot;reference&quot;:&quot;auto&quot;,&quot;class&quot;:&quot;&quot;,&quot;count&quot;:&quot;102&quot;,&quot;legendonly&quot;:&quot;&quot;,&quot;readonly&quot;:&quot;&quot;,&quot;score&quot;:&quot;3.5&quot;,&quot;starsonly&quot;:&quot;&quot;,&quot;best&quot;:&quot;5&quot;,&quot;gap&quot;:&quot;5&quot;,&quot;greet&quot;:&quot;Valora este art\u00edculo&quot;,&quot;legend&quot;:&quot;3.5\\\/5 - (102 votos)&quot;,&quot;size&quot;:&quot;24&quot;,&quot;title&quot;:&quot;Los mejores champ\u00fas crecepelo para decirle hola a tu nueva melena&quot;,&quot;width&quot;:&quot;99&quot;,&quot;_legend&quot;:&quot;{score}\\\/{best} - ({count} {votes})&quot;,&quot;font_factor&quot;:&quot;1.25&quot;}'>\n            \n<div class=\"kksr-stars\">\n    \n<div class=\"kksr-stars-inactive\">\n            <div class=\"kksr-star\" data-star=\"1\" style=\"padding-right: 5px\">\n            \n\n<div class=\"kksr-icon\" style=\"width: 24px; height: 24px;\"><\/div>\n        <\/div>\n            <div class=\"kksr-star\" data-star=\"2\" style=\"padding-right: 5px\">\n            \n\n<div class=\"kksr-icon\" style=\"width: 24px; height: 24px;\"><\/div>\n        <\/div>\n            <div class=\"kksr-star\" data-star=\"3\" style=\"padding-right: 5px\">\n            \n\n<div class=\"kksr-icon\" style=\"width: 24px; height: 24px;\"><\/div>\n        <\/div>\n            <div class=\"kksr-star\" data-star=\"4\" style=\"padding-right: 5px\">\n            \n\n<div class=\"kksr-icon\" style=\"width: 24px; height: 24px;\"><\/div>\n        <\/div>\n            <div class=\"kksr-star\" data-star=\"5\" style=\"padding-right: 5px\">\n            \n\n<div class=\"kksr-icon\" style=\"width: 24px; height: 24px;\"><\/div>\n        <\/div>\n    <\/div>\n    \n<div class=\"kksr-stars-active\" style=\"width: 99px;\">\n            <div class=\"kksr-star\" style=\"padding-right: 5px\">\n            \n\n<div class=\"kksr-icon\" style=\"width: 24px; height: 24px;\"><\/div>\n        <\/div>\n            <div class=\"kksr-star\" style=\"padding-right: 5px\">\n            \n\n<div class=\"kksr-icon\" style=\"width: 24px; height: 24px;\"><\/div>\n        <\/div>\n            <div class=\"kksr-star\" style=\"padding-right: 5px\">\n            \n\n<div class=\"kksr-icon\" style=\"width: 24px; height: 24px;\"><\/div>\n        <\/div>\n            <div class=\"kksr-star\" style=\"padding-right: 5px\">\n            \n\n<div class=\"kksr-icon\" style=\"width: 24px; height: 24px;\"><\/div>\n        <\/div>\n            <div class=\"kksr-star\" style=\"padding-right: 5px\">\n            \n\n<div class=\"kksr-icon\" style=\"width: 24px; height: 24px;\"><\/div>\n        <\/div>\n    <\/div>\n<\/div>\n                \n\n<div class=\"kksr-legend\" style=\"font-size: 19.2px;\">\n            3.5\/5 - (102 votos)    <\/div>\n    <\/div>\n","protected":false},"excerpt":{"rendered":"<p>Si eres de las que le cuesta mucho que su pelo crezca, has de saber que hay soluciones que los expertos recomiendan porque funcionan de verdad. Una de ellas son los champ\u00fas crecepelo. Los champ\u00fas crecepelo son productos para el cuidado del cabello que se comercializan con la promesa de estimular el crecimiento del cabello [&hellip;]<\/p>\n","protected":false},"author":14,"featured_media":91492,"comment_status":"closed","ping_status":"closed","sticky":false,"template":"","format":"standard","meta":{"jnews-multi-image_gallery":[],"jnews_single_post":{"subtitle":"","format":"standard","video":"","gallery":"","source_name":"","source_url":"","via_name":"","via_url":"","override_template":"0","override":[{"template":"1","single_blog_custom":"","parallax":"1","fullscreen":"1","layout":"right-sidebar","sidebar":"home-2","second_sidebar":"default-sidebar","sticky_sidebar":"0","share_position":"float","share_float_style":"share-monocrhome","show_share_counter":"0","show_view_counter":"0","show_featured":"1","show_post_meta":"1","show_post_author":"0","show_post_author_image":"1","show_post_date":"1","post_date_format":"default","post_date_format_custom":"Y\/m\/d","show_post_category":"1","show_post_reading_time":"0","post_reading_time_wpm":"300","show_zoom_button":"0","zoom_button_out_step":"2","zoom_button_in_step":"3","show_post_tag":"0","show_prev_next_post":"0","show_popup_post":"0","number_popup_post":"2","show_author_box":"0","show_post_related":"0","show_inline_post_related":"1"}],"override_image_size":"0","image_override":[{"single_post_thumbnail_size":"no-crop","single_post_gallery_size":"crop-500"}],"trending_post":"0","trending_post_position":"meta","trending_post_label":"Trending","sponsored_post":"0","sponsored_post_label":"Sponsored by","sponsored_post_name":"","sponsored_post_url":"","sponsored_post_logo_enable":"0","sponsored_post_logo":"","sponsored_post_desc":"","disable_ad":"0"},"jnews_primary_category":{"id":"","hide":""},"jnews_social_meta":{"fb_title":"","fb_description":"","fb_image":"","twitter_title":"","twitter_description":"","twitter_image":""},"jnews_override_counter":{"override_view_counter":"0","view_counter_number":"0","override_share_counter":"0","share_counter_number":"0","override_like_counter":"0","like_counter_number":"0","override_dislike_counter":"0","dislike_counter_number":"0"},"footnotes":""},"categories":[35],"tags":[],"class_list":["post-91485","post","type-post","status-publish","format-standard","has-post-thumbnail","hentry","category-cabello"],"_links":{"self":[{"href":"https:\/\/www.primor.eu\/blog\/wp-json\/wp\/v2\/posts\/91485","targetHints":{"allow":["GET"]}}],"collection":[{"href":"https:\/\/www.primor.eu\/blog\/wp-json\/wp\/v2\/posts"}],"about":[{"href":"https:\/\/www.primor.eu\/blog\/wp-json\/wp\/v2\/types\/post"}],"author":[{"embeddable":true,"href":"https:\/\/www.primor.eu\/blog\/wp-json\/wp\/v2\/users\/14"}],"replies":[{"embeddable":true,"href":"https:\/\/www.primor.eu\/blog\/wp-json\/wp\/v2\/comments?post=91485"}],"version-history":[{"count":6,"href":"https:\/\/www.primor.eu\/blog\/wp-json\/wp\/v2\/posts\/91485\/revisions"}],"predecessor-version":[{"id":126272,"href":"https:\/\/www.primor.eu\/blog\/wp-json\/wp\/v2\/posts\/91485\/revisions\/126272"}],"wp:featuredmedia":[{"embeddable":true,"href":"https:\/\/www.primor.eu\/blog\/wp-json\/wp\/v2\/media\/91492"}],"wp:attachment":[{"href":"https:\/\/www.primor.eu\/blog\/wp-json\/wp\/v2\/media?parent=91485"}],"wp:term":[{"taxonomy":"category","embeddable":true,"href":"https:\/\/www.primor.eu\/blog\/wp-json\/wp\/v2\/categories?post=91485"},{"taxonomy":"post_tag","embeddable":true,"href":"https:\/\/www.primor.eu\/blog\/wp-json\/wp\/v2\/tags?post=91485"}],"curies":[{"name":"wp","href":"https:\/\/api.w.org\/{rel}","templated":true}]}}