{"id":91260,"date":"2023-11-26T07:50:59","date_gmt":"2023-11-26T07:50:59","guid":{"rendered":"https:\/\/www.primor.eu\/blog\/?p=91260"},"modified":"2023-11-22T20:51:07","modified_gmt":"2023-11-22T20:51:07","slug":"propiedades-beneficios-bambu","status":"publish","type":"post","link":"https:\/\/www.primor.eu\/blog\/propiedades-beneficios-bambu\/","title":{"rendered":"Las propiedades y beneficios del bamb\u00fa"},"content":{"rendered":"\n<p>Seguro que has o\u00eddo hablar de \u00e9l, pero \u00bfhas o\u00eddo hablar de las propiedades del bamb\u00fa? Famoso en el mundo entero, es uno de los ingredientes m\u00e1s usados para la piel y el cabello que no produce alergias ni irrita la piel.&nbsp;<\/p>\n\n\n\n<h2 class=\"wp-block-heading\">Propiedades del bamb\u00fa para la piel<\/h2>\n\n\n\n<ul class=\"wp-block-list\">\n<li><strong>Suavidad y comodidad.<\/strong> Las fibras de bamb\u00fa son suaves al tacto y pueden proporcionar una sensaci\u00f3n c\u00f3moda al contacto con la piel. Esto hace que la ropa de bamb\u00fa, como las s\u00e1banas y pijamas, sea popular para aquellos con piel sensible.<\/li>\n\n\n\n<li><strong>Hipoalerg\u00e9nico<\/strong>. El bamb\u00fa es naturalmente hipoalerg\u00e9nico, lo que significa que es menos propenso a causar reacciones al\u00e9rgicas en comparaci\u00f3n con algunos otros tipos de tejidos. Esto puede ser beneficioso para personas con piel sensible o propensa a alergias.<\/li>\n\n\n\n<li><strong>Transpirable<\/strong>. El bamb\u00fa tiene propiedades de transpiraci\u00f3n, lo que significa que puede permitir que el aire circule a trav\u00e9s del tejido. Esto puede ayudar a mantener la piel fresca y seca al absorber la humedad.<\/li>\n\n\n\n<li><strong>Propiedades antibacterianas<\/strong>. Se ha sugerido que el bamb\u00fa tiene propiedades antibacterianas naturales. Esto podr\u00eda ayudar a mantener la ropa de bamb\u00fa m\u00e1s limpia y fresca, reduciendo la proliferaci\u00f3n de bacterias.<\/li>\n\n\n\n<li><strong>Protecci\u00f3n contra los rayos UV<\/strong>. Algunos estudios indican que el bamb\u00fa puede tener propiedades de protecci\u00f3n contra los rayos ultravioleta (UV). Esto podr\u00eda ayudar a proteger la piel de los da\u00f1os causados por la exposici\u00f3n excesiva al sol.<\/li>\n\n\n\n<li><strong>Sostenibilidad<\/strong>. El bamb\u00fa es una planta sostenible y renovable que crece r\u00e1pidamente y requiere menos recursos que algunos otros cultivos. Usar productos de bamb\u00fa puede considerarse una elecci\u00f3n ambientalmente amigable.<\/li>\n<\/ul>\n\n\n\n<h2 class=\"wp-block-heading\">Propiedades del bamb\u00fa para el pelo<\/h2>\n\n\n\n<ul class=\"wp-block-list\">\n<li><strong>Fortalecimiento del cabello.<\/strong> Se dice que el extracto de bamb\u00fa contiene s\u00edlice, un mineral que se cree puede fortalecer el cabello. El s\u00edlice es esencial para la formaci\u00f3n de col\u00e1geno, una prote\u00edna que proporciona estructura al cabello.<\/li>\n\n\n\n<li><strong>Hidrataci\u00f3n<\/strong>. Los productos para el cabello que contienen extracto de bamb\u00fa pueden ayudar a proporcionar hidrataci\u00f3n al cabello. Esto es beneficioso para mantener la suavidad y la elasticidad del cabello.<\/li>\n\n\n\n<li><strong>Brillo<\/strong>. El bamb\u00fa se asocia a menudo con la mejora del brillo del cabello. Se cree que sus propiedades nutritivas pueden ayudar a revitalizar el cabello opaco, dej\u00e1ndolo con un aspecto m\u00e1s saludable y brillante.<\/li>\n\n\n\n<li><strong>Estimulaci\u00f3n del crecimiento.<\/strong> Algunas personas afirman que el bamb\u00fa puede estimular el crecimiento del cabello debido a sus propiedades fortificantes y al est\u00edmulo del cuero cabelludo.<\/li>\n\n\n\n<li><strong>Protecci\u00f3n contra da\u00f1os ambientales.<\/strong> El bamb\u00fa tiene propiedades antioxidantes y puede ayudar a proteger el cabello de los da\u00f1os causados por los radicales libres y otros factores ambientales, como la exposici\u00f3n al sol y la contaminaci\u00f3n.<\/li>\n\n\n\n<li><strong>Reducci\u00f3n de la rotura. <\/strong>Gracias a su contenido de s\u00edlice y otros nutrientes, el bamb\u00fa puede ayudar a reducir la rotura del cabello y las puntas abiertas, promoviendo un cabello m\u00e1s fuerte y saludable.<\/li>\n<\/ul>\n\n\n\n<h2 class=\"wp-block-heading\">Productos con bamb\u00fa que deber\u00edas comprar\u00a0<\/h2>\n\n\n        <product-table class=\"pr-slider\">\r\n            <product-headers class=\"grid-table-rows\">\r\n                <div>Foto<\/div>\r\n                <div>Producto<\/div>\r\n                <div>Marca<\/div>\r\n                <div>Valoraciones<\/div>\r\n                <div>Precio<\/div>\r\n            <\/product-headers>\r\n\r\n            <product-list>\r\n                                    <a href=\"https:\/\/www.primor.eu\/es_es\/maui-bamboo-fibers-champu-fibra-de-bambu-60361.html\" class=\"product-item grid-table-rows\" target=\"_blank\">\r\n                        <div>\r\n                            <img decoding=\"async\" class=\"product-img\" width=\"80px\" height=\"80px\" src=\"https:\/\/www.primor.eu\/blog\/wp-content\/uploads\/2023\/11\/M_2CC03863_1_b99f.jpg\" alt=\"Bamboo Fibers Champ\u00fa Fibra de Bamb\u00fa\">\r\n                        <\/div>\r\n\r\n                        <!-- Contenido de producto  -->\r\n                        <div>\r\n                            <div class=\"product-position\">\r\n                                #1 Top Ventas                            <\/div>\r\n\r\n                            <h2>\r\n                                Bamboo Fibers Champ\u00fa Fibra de Bamb\u00fa                            <\/h2>\r\n                        <\/div>\r\n\r\n                        <!-- Imagen y\/o nombre de la marca -->\r\n                        <div>\r\n                                                            <img decoding=\"async\" width=\"70\" src=\"https:\/\/www.primor.eu\/blog\/wp-content\/uploads\/2023\/10\/Maui.jpg\" alt=\"88141\">\r\n                                                    <\/div>\r\n\r\n                        <!-- Puntuaci\u00f3n del producto  -->\r\n                        <div class=\"rating\">\r\n                                                            <div class=\"rate\" style=\"--p:96;\"><\/div>\r\n                                <b>4.8\/5<\/b>\r\n                                <div class=\"rate-stars\">\r\n                                                                            <div\r\n                                            class=\"rate-star  \">\r\n                                        <\/div>\r\n                                                                            <div\r\n                                            class=\"rate-star  \">\r\n                                        <\/div>\r\n                                                                            <div\r\n                                            class=\"rate-star  \">\r\n                                        <\/div>\r\n                                                                            <div\r\n                                            class=\"rate-star  \">\r\n                                        <\/div>\r\n                                                                            <div\r\n                                            class=\"rate-star  \">\r\n                                        <\/div>\r\n                                                                    <\/div>\r\n                                                    <\/div>\r\n\r\n                        <!-- Bot\u00f3n de producto  -->\r\n                        <div>\r\n                            <span class=\"price-claim\">\r\n                                VER PRECIO                            <\/span>\r\n                        <\/div>\r\n                    <\/a>\r\n                                    <a href=\"https:\/\/www.primor.eu\/es_es\/bio-glow-exfoliante-facial-calendula-y-camomila-16136.html\" class=\"product-item grid-table-rows\" target=\"_blank\">\r\n                        <div>\r\n                            <img decoding=\"async\" class=\"product-img\" width=\"80px\" height=\"80px\" src=\"https:\/\/www.primor.eu\/blog\/wp-content\/uploads\/2023\/11\/0TF17905_1_0b62.jpg\" alt=\"Exfoliante Facial Cal\u00e9ndula y Camomila\">\r\n                        <\/div>\r\n\r\n                        <!-- Contenido de producto  -->\r\n                        <div>\r\n                            <div class=\"product-position\">\r\n                                #2                            <\/div>\r\n\r\n                            <h2>\r\n                                Exfoliante Facial Cal\u00e9ndula y Camomila                            <\/h2>\r\n                        <\/div>\r\n\r\n                        <!-- Imagen y\/o nombre de la marca -->\r\n                        <div>\r\n                                                            <img decoding=\"async\" width=\"70\" src=\"https:\/\/www.primor.eu\/blog\/wp-content\/uploads\/2023\/11\/1281_1.jpg\" alt=\"89086\">\r\n                                                    <\/div>\r\n\r\n                        <!-- Puntuaci\u00f3n del producto  -->\r\n                        <div class=\"rating\">\r\n                                                            <div class=\"rate\" style=\"--p:100;\"><\/div>\r\n                                <b>5\/5<\/b>\r\n                                <div class=\"rate-stars\">\r\n                                                                            <div\r\n                                            class=\"rate-star  \">\r\n                                        <\/div>\r\n                                                                            <div\r\n                                            class=\"rate-star  \">\r\n                                        <\/div>\r\n                                                                            <div\r\n                                            class=\"rate-star  \">\r\n                                        <\/div>\r\n                                                                            <div\r\n                                            class=\"rate-star  \">\r\n                                        <\/div>\r\n                                                                            <div\r\n                                            class=\"rate-star  \">\r\n                                        <\/div>\r\n                                                                    <\/div>\r\n                                                    <\/div>\r\n\r\n                        <!-- Bot\u00f3n de producto  -->\r\n                        <div>\r\n                            <span class=\"price-claim\">\r\n                                VER PRECIO                            <\/span>\r\n                        <\/div>\r\n                    <\/a>\r\n                                    <a href=\"https:\/\/www.primor.eu\/es_es\/the-saem-mascarilla-facial-de-bambu-16784.html\" class=\"product-item grid-table-rows\" target=\"_blank\">\r\n                        <div>\r\n                            <img decoding=\"async\" class=\"product-img\" width=\"80px\" height=\"80px\" src=\"https:\/\/www.primor.eu\/blog\/wp-content\/uploads\/2023\/11\/0TF20856_1_fe7f.jpg\" alt=\"Mascarilla Facial de Bamb\u00fa\">\r\n                        <\/div>\r\n\r\n                        <!-- Contenido de producto  -->\r\n                        <div>\r\n                            <div class=\"product-position\">\r\n                                #3                            <\/div>\r\n\r\n                            <h2>\r\n                                Mascarilla Facial de Bamb\u00fa                            <\/h2>\r\n                        <\/div>\r\n\r\n                        <!-- Imagen y\/o nombre de la marca -->\r\n                        <div>\r\n                                                            <img decoding=\"async\" width=\"70\" src=\"https:\/\/www.primor.eu\/blog\/wp-content\/uploads\/2023\/08\/The_Saem.jpg\" alt=\"84434\">\r\n                                                    <\/div>\r\n\r\n                        <!-- Puntuaci\u00f3n del producto  -->\r\n                        <div class=\"rating\">\r\n                                                            <div class=\"rate\" style=\"--p:100;\"><\/div>\r\n                                <b>5\/5<\/b>\r\n                                <div class=\"rate-stars\">\r\n                                                                            <div\r\n                                            class=\"rate-star  \">\r\n                                        <\/div>\r\n                                                                            <div\r\n                                            class=\"rate-star  \">\r\n                                        <\/div>\r\n                                                                            <div\r\n                                            class=\"rate-star  \">\r\n                                        <\/div>\r\n                                                                            <div\r\n                                            class=\"rate-star  \">\r\n                                        <\/div>\r\n                                                                            <div\r\n                                            class=\"rate-star  \">\r\n                                        <\/div>\r\n                                                                    <\/div>\r\n                                                    <\/div>\r\n\r\n                        <!-- Bot\u00f3n de producto  -->\r\n                        <div>\r\n                            <span class=\"price-claim\">\r\n                                VER PRECIO                            <\/span>\r\n                        <\/div>\r\n                    <\/a>\r\n                                    <a href=\"https:\/\/www.primor.eu\/es_es\/revlon-equave-acondicionador-desenredante-con-extracto-de-bambu-10835.html\" class=\"product-item grid-table-rows\" target=\"_blank\">\r\n                        <div>\r\n                            <img decoding=\"async\" class=\"product-img\" width=\"80px\" height=\"80px\" src=\"https:\/\/www.primor.eu\/blog\/wp-content\/uploads\/2023\/11\/2CA04719_1_8da5.jpg\" alt=\"Equave Acondicionador Desenredante Con Extracto de Bamb\u00fa\">\r\n                        <\/div>\r\n\r\n                        <!-- Contenido de producto  -->\r\n                        <div>\r\n                            <div class=\"product-position\">\r\n                                #4                            <\/div>\r\n\r\n                            <h2>\r\n                                Equave Acondicionador Desenredante Con Extracto de Bamb\u00fa                            <\/h2>\r\n                        <\/div>\r\n\r\n                        <!-- Imagen y\/o nombre de la marca -->\r\n                        <div>\r\n                                                            <img decoding=\"async\" width=\"70\" src=\"https:\/\/www.primor.eu\/blog\/wp-content\/uploads\/2023\/09\/403.jpg\" alt=\"85270\">\r\n                                                    <\/div>\r\n\r\n                        <!-- Puntuaci\u00f3n del producto  -->\r\n                        <div class=\"rating\">\r\n                                                            <p>No hay valoraciones disponibles<\/p>\r\n                                                    <\/div>\r\n\r\n                        <!-- Bot\u00f3n de producto  -->\r\n                        <div>\r\n                            <span class=\"price-claim\">\r\n                                VER PRECIO                            <\/span>\r\n                        <\/div>\r\n                    <\/a>\r\n                            <\/product-list>\r\n        <\/product-table>\r\n\r\n        \n\n\n\n<h3 class=\"wp-block-heading\">Champ\u00fa con Fibras de Bamb\u00fa de Maui Moisture<\/h3>\n\n\n\n<p>\u00c9ste es un producto elaborado con ingredientes naturales como aloe vera, fibras de bamb\u00fa y aceite de ricino. Es \u00f3ptimo para pelo fr\u00e1gil y quebradizo, d\u00e1ndole a tu pelo fuerza y ayudando a reparar el pelo da\u00f1ado.<\/p>\n\n\n    <a class='product' target='_blank' href='https:\/\/www.primor.eu\/es_es\/maui-bamboo-fibers-champu-fibra-de-bambu-105669.html?#854=66519'>\r\n        <img loading='async' src='https:\/\/cdn2.primor.eu\/media\/catalog\/product\/cache\/8d3aba296f7a18b5251ee30fa5db42b2\/2\/C\/2CC03863_1_8273.jpg' alt='COMPRAR AHORA'>\r\n            <div class=\"claim\">\r\n                COMPRAR AHORA            <\/div>\r\n        <\/a>\r\n    \n\n\n\n<h3 class=\"wp-block-heading\">Exfoliante Facial de Bioglow<\/h3>\n\n\n\n<p>Regenera, hidrata, nutre, limpia y suaviza la piel. Elimina impurezas, c\u00e9lulas muertas y el exceso de grasa en el rostro. Conviene utilizarlo antes de la realizaci\u00f3n de otros tratamientos faciales, ya que ayuda a absorber otros productos cosm\u00e9ticos.<\/p>\n\n\n    <a class='product' target='_blank' href='https:\/\/www.primor.eu\/es_es\/bio-glow-exfoliante-facial-calendula-y-camomila-16136.html'>\r\n        <img loading='async' src='https:\/\/cdn2.primor.eu\/media\/catalog\/product\/cache\/8d3aba296f7a18b5251ee30fa5db42b2\/0\/T\/0TF17905_1_0b62.jpg' alt='COMPRAR AHORA'>\r\n            <div class=\"claim\">\r\n                COMPRAR AHORA            <\/div>\r\n        <\/a>\r\n    \n\n\n\n<h3 class=\"wp-block-heading\">The Saem Natural Bamboo Mask Sheet<\/h3>\n\n\n\n<p>Su componente principal es el extracto de bamb\u00fa, que tiene muchas propiedades beneficiosas, restaura la elasticidad y firmeza de las fibras de elastano y col\u00e1geno.\u00a0<\/p>\n\n\n       \r\n        \n\n\n\n<h3 class=\"wp-block-heading\">Acondicionador Desenredante Con Extracto de Bamb\u00fa de Revlon&nbsp;<\/h3>\n\n\n\n<p>Es ideal para cabellos largos. El cabello lo deja hidratado y suave al instante. No necesita aclarado y ayuda a desenredar el cabello, adem\u00e1s de ser antirotura.<\/p>\n\n\n    <a class='product' target='_blank' href='https:\/\/www.primor.eu\/es_es\/revlon-equave-acondicionador-desenredante-con-extracto-de-bambu-10835.html'>\r\n        <img loading='async' src='https:\/\/cdn2.primor.eu\/media\/catalog\/product\/cache\/8d3aba296f7a18b5251ee30fa5db42b2\/2\/C\/2CA04719_1_8da5.jpg' alt='COMPRAR AHORA'>\r\n            <div class=\"claim\">\r\n                COMPRAR AHORA            <\/div>\r\n        <\/a>\r\n    \n\n\n<div class=\"kk-star-ratings kksr-auto kksr-align-center kksr-valign-bottom\"\n    data-payload='{&quot;align&quot;:&quot;center&quot;,&quot;id&quot;:&quot;91260&quot;,&quot;slug&quot;:&quot;default&quot;,&quot;valign&quot;:&quot;bottom&quot;,&quot;ignore&quot;:&quot;&quot;,&quot;reference&quot;:&quot;auto&quot;,&quot;class&quot;:&quot;&quot;,&quot;count&quot;:&quot;0&quot;,&quot;legendonly&quot;:&quot;&quot;,&quot;readonly&quot;:&quot;&quot;,&quot;score&quot;:&quot;0&quot;,&quot;starsonly&quot;:&quot;&quot;,&quot;best&quot;:&quot;5&quot;,&quot;gap&quot;:&quot;5&quot;,&quot;greet&quot;:&quot;Valora este art\u00edculo&quot;,&quot;legend&quot;:&quot;0\\\/5 - (0 votos)&quot;,&quot;size&quot;:&quot;24&quot;,&quot;title&quot;:&quot;Las propiedades y beneficios del bamb\u00fa&quot;,&quot;width&quot;:&quot;0&quot;,&quot;_legend&quot;:&quot;{score}\\\/{best} - ({count} {votes})&quot;,&quot;font_factor&quot;:&quot;1.25&quot;}'>\n            \n<div class=\"kksr-stars\">\n    \n<div class=\"kksr-stars-inactive\">\n            <div class=\"kksr-star\" data-star=\"1\" style=\"padding-right: 5px\">\n            \n\n<div class=\"kksr-icon\" style=\"width: 24px; height: 24px;\"><\/div>\n        <\/div>\n            <div class=\"kksr-star\" data-star=\"2\" style=\"padding-right: 5px\">\n            \n\n<div class=\"kksr-icon\" style=\"width: 24px; height: 24px;\"><\/div>\n        <\/div>\n            <div class=\"kksr-star\" data-star=\"3\" style=\"padding-right: 5px\">\n            \n\n<div class=\"kksr-icon\" style=\"width: 24px; height: 24px;\"><\/div>\n        <\/div>\n            <div class=\"kksr-star\" data-star=\"4\" style=\"padding-right: 5px\">\n            \n\n<div class=\"kksr-icon\" style=\"width: 24px; height: 24px;\"><\/div>\n        <\/div>\n            <div class=\"kksr-star\" data-star=\"5\" style=\"padding-right: 5px\">\n            \n\n<div class=\"kksr-icon\" style=\"width: 24px; height: 24px;\"><\/div>\n        <\/div>\n    <\/div>\n    \n<div class=\"kksr-stars-active\" style=\"width: 0px;\">\n            <div class=\"kksr-star\" style=\"padding-right: 5px\">\n            \n\n<div class=\"kksr-icon\" style=\"width: 24px; height: 24px;\"><\/div>\n        <\/div>\n            <div class=\"kksr-star\" style=\"padding-right: 5px\">\n            \n\n<div class=\"kksr-icon\" style=\"width: 24px; height: 24px;\"><\/div>\n        <\/div>\n            <div class=\"kksr-star\" style=\"padding-right: 5px\">\n            \n\n<div class=\"kksr-icon\" style=\"width: 24px; height: 24px;\"><\/div>\n        <\/div>\n            <div class=\"kksr-star\" style=\"padding-right: 5px\">\n            \n\n<div class=\"kksr-icon\" style=\"width: 24px; height: 24px;\"><\/div>\n        <\/div>\n            <div class=\"kksr-star\" style=\"padding-right: 5px\">\n            \n\n<div class=\"kksr-icon\" style=\"width: 24px; height: 24px;\"><\/div>\n        <\/div>\n    <\/div>\n<\/div>\n                \n\n<div class=\"kksr-legend\" style=\"font-size: 19.2px;\">\n            <span class=\"kksr-muted\">Valora este art\u00edculo<\/span>\n    <\/div>\n    <\/div>\n","protected":false},"excerpt":{"rendered":"<p>Seguro que has o\u00eddo hablar de \u00e9l, pero \u00bfhas o\u00eddo hablar de las propiedades del bamb\u00fa? Famoso en el mundo entero, es uno de los ingredientes m\u00e1s usados para la piel y el cabello que no produce alergias ni irrita la piel.&nbsp; Propiedades del bamb\u00fa para la piel Propiedades del bamb\u00fa para el pelo Productos [&hellip;]<\/p>\n","protected":false},"author":14,"featured_media":91261,"comment_status":"closed","ping_status":"closed","sticky":false,"template":"","format":"standard","meta":{"jnews-multi-image_gallery":[],"jnews_single_post":{"subtitle":"","format":"standard","video":"","gallery":"","source_name":"","source_url":"","via_name":"","via_url":"","override_template":"0","override":[{"template":"1","single_blog_custom":"","parallax":"1","fullscreen":"1","layout":"right-sidebar","sidebar":"home-2","second_sidebar":"default-sidebar","sticky_sidebar":"0","share_position":"float","share_float_style":"share-monocrhome","show_share_counter":"0","show_view_counter":"0","show_featured":"1","show_post_meta":"1","show_post_author":"0","show_post_author_image":"1","show_post_date":"1","post_date_format":"default","post_date_format_custom":"Y\/m\/d","show_post_category":"1","show_post_reading_time":"0","post_reading_time_wpm":"300","show_zoom_button":"0","zoom_button_out_step":"2","zoom_button_in_step":"3","show_post_tag":"0","show_prev_next_post":"0","show_popup_post":"0","number_popup_post":"2","show_author_box":"0","show_post_related":"0","show_inline_post_related":"1"}],"override_image_size":"0","image_override":[{"single_post_thumbnail_size":"no-crop","single_post_gallery_size":"crop-500"}],"trending_post":"0","trending_post_position":"meta","trending_post_label":"Trending","sponsored_post":"0","sponsored_post_label":"Sponsored by","sponsored_post_name":"","sponsored_post_url":"","sponsored_post_logo_enable":"0","sponsored_post_logo":"","sponsored_post_desc":"","disable_ad":"0"},"jnews_primary_category":{"id":"","hide":""},"jnews_social_meta":{"fb_title":"","fb_description":"","fb_image":"","twitter_title":"","twitter_description":"","twitter_image":""},"jnews_override_counter":{"override_view_counter":"0","view_counter_number":"0","override_share_counter":"0","share_counter_number":"0","override_like_counter":"0","like_counter_number":"0","override_dislike_counter":"0","dislike_counter_number":"0"},"footnotes":""},"categories":[4950],"tags":[],"class_list":["post-91260","post","type-post","status-publish","format-standard","has-post-thumbnail","hentry","category-principios-activos"],"_links":{"self":[{"href":"https:\/\/www.primor.eu\/blog\/wp-json\/wp\/v2\/posts\/91260","targetHints":{"allow":["GET"]}}],"collection":[{"href":"https:\/\/www.primor.eu\/blog\/wp-json\/wp\/v2\/posts"}],"about":[{"href":"https:\/\/www.primor.eu\/blog\/wp-json\/wp\/v2\/types\/post"}],"author":[{"embeddable":true,"href":"https:\/\/www.primor.eu\/blog\/wp-json\/wp\/v2\/users\/14"}],"replies":[{"embeddable":true,"href":"https:\/\/www.primor.eu\/blog\/wp-json\/wp\/v2\/comments?post=91260"}],"version-history":[{"count":1,"href":"https:\/\/www.primor.eu\/blog\/wp-json\/wp\/v2\/posts\/91260\/revisions"}],"predecessor-version":[{"id":91266,"href":"https:\/\/www.primor.eu\/blog\/wp-json\/wp\/v2\/posts\/91260\/revisions\/91266"}],"wp:featuredmedia":[{"embeddable":true,"href":"https:\/\/www.primor.eu\/blog\/wp-json\/wp\/v2\/media\/91261"}],"wp:attachment":[{"href":"https:\/\/www.primor.eu\/blog\/wp-json\/wp\/v2\/media?parent=91260"}],"wp:term":[{"taxonomy":"category","embeddable":true,"href":"https:\/\/www.primor.eu\/blog\/wp-json\/wp\/v2\/categories?post=91260"},{"taxonomy":"post_tag","embeddable":true,"href":"https:\/\/www.primor.eu\/blog\/wp-json\/wp\/v2\/tags?post=91260"}],"curies":[{"name":"wp","href":"https:\/\/api.w.org\/{rel}","templated":true}]}}