{"id":90906,"date":"2023-11-22T07:52:09","date_gmt":"2023-11-22T07:52:09","guid":{"rendered":"https:\/\/www.primor.eu\/blog\/?p=90906"},"modified":"2026-03-24T07:54:18","modified_gmt":"2026-03-24T07:54:18","slug":"mejores-cremas-piel-madura","status":"publish","type":"post","link":"https:\/\/www.primor.eu\/blog\/mejores-cremas-piel-madura\/","title":{"rendered":"Si te preocupa tu piel de m\u00e1s de 50, estas son las mejores cremas para ella"},"content":{"rendered":"\n<p>Las <a href=\"https:\/\/www.primor.eu\/blog\/piel-madura-signos-prevencion-y-cuidados\/\">pieles de m\u00e1s de 50<\/a>necesitan una atenci\u00f3n y unos cuidados que solo pueden darle el <strong>mimo<\/strong> y las <strong>mejores cremas hidratantes para pieles de m\u00e1s de 50<\/strong>. Ten en cuenta que al pasar la barrera de los 50, la piel se vuelve <strong>menos el\u00e1stica<\/strong>, porque ya no tiene la capacidad org\u00e1nica de <strong>producir col\u00e1geno y elastina<\/strong>.\u00a0<\/p>\n\n\n\n<p>Hay t\u00e9cnicas como el <a href=\"https:\/\/www.primor.eu\/blog\/yoga-facial-ejercicios-cara\/\">yoga facial<\/a> que vienen muy bien, pero al final, el mejor aliado siempre lo encontramos del lado de la <strong>ciencia<\/strong> y de <strong>f\u00f3rmulas innovadoras <\/strong>que hidratan en profundidad y consiguen que la piel, con constancia y paciencia se alise y fortalezca. Te ense\u00f1amos a escoger las mejores.<\/p>\n\n\n\n<h2 class=\"wp-block-heading\">Las mejores crema hidratante piel madura<\/h2>\n\n\n        <product-table class=\"pr-slider\">\r\n            <product-headers class=\"grid-table-rows\">\r\n                <div>Foto<\/div>\r\n                <div>Producto<\/div>\r\n                <div>Marca<\/div>\r\n                <div>Valoraciones<\/div>\r\n                <div>Precio<\/div>\r\n            <\/product-headers>\r\n\r\n            <product-list>\r\n                                    <a href=\"https:\/\/www.primor.eu\/es_es\/la-mer-crema-hidratante-moisturizing-cream-18646.html\" class=\"product-item grid-table-rows\" target=\"_blank\">\r\n                        <div>\r\n                            <img decoding=\"async\" class=\"product-img\" width=\"80px\" height=\"80px\" src=\"https:\/\/www.primor.eu\/blog\/wp-content\/uploads\/2023\/11\/img_M_0TF00453_1_f9de.jpg\" alt=\"Crema Hidratante Moisturizing Cream\">\r\n                        <\/div>\r\n\r\n                        <!-- Contenido de producto  -->\r\n                        <div>\r\n                            <div class=\"product-position\">\r\n                                #1 Top Ventas                            <\/div>\r\n\r\n                            <h2>\r\n                                Crema Hidratante Moisturizing Cream                            <\/h2>\r\n                        <\/div>\r\n\r\n                        <!-- Imagen y\/o nombre de la marca -->\r\n                        <div>\r\n                                                            <img decoding=\"async\" width=\"70\" src=\"https:\/\/www.primor.eu\/blog\/wp-content\/uploads\/2023\/11\/La_Mer_1.jpg\" alt=\"90918\">\r\n                                                    <\/div>\r\n\r\n                        <!-- Puntuaci\u00f3n del producto  -->\r\n                        <div class=\"rating\">\r\n                                                            <div class=\"rate\" style=\"--p:100;\"><\/div>\r\n                                <b>5\/5<\/b>\r\n                                <div class=\"rate-stars\">\r\n                                                                            <div\r\n                                            class=\"rate-star  \">\r\n                                        <\/div>\r\n                                                                            <div\r\n                                            class=\"rate-star  \">\r\n                                        <\/div>\r\n                                                                            <div\r\n                                            class=\"rate-star  \">\r\n                                        <\/div>\r\n                                                                            <div\r\n                                            class=\"rate-star  \">\r\n                                        <\/div>\r\n                                                                            <div\r\n                                            class=\"rate-star  \">\r\n                                        <\/div>\r\n                                                                    <\/div>\r\n                                                    <\/div>\r\n\r\n                        <!-- Bot\u00f3n de producto  -->\r\n                        <div>\r\n                            <span class=\"price-claim\">\r\n                                VER PRECIO                            <\/span>\r\n                        <\/div>\r\n                    <\/a>\r\n                                    <a href=\"https:\/\/www.primor.eu\/es_es\/shiseido-benefiance-crema-de-noche-intensiva-antiarrugas-15410.html\" class=\"product-item grid-table-rows\" target=\"_blank\">\r\n                        <div>\r\n                            <img decoding=\"async\" class=\"product-img\" width=\"80px\" height=\"80px\" src=\"https:\/\/www.primor.eu\/blog\/wp-content\/uploads\/2023\/09\/0TF19004_1_e69b.jpg\" alt=\"Benefiance Crema de noche intensiva antiarrugas\">\r\n                        <\/div>\r\n\r\n                        <!-- Contenido de producto  -->\r\n                        <div>\r\n                            <div class=\"product-position\">\r\n                                #2                            <\/div>\r\n\r\n                            <h2>\r\n                                Benefiance Crema de noche intensiva antiarrugas                            <\/h2>\r\n                        <\/div>\r\n\r\n                        <!-- Imagen y\/o nombre de la marca -->\r\n                        <div>\r\n                                                            <img decoding=\"async\" width=\"70\" src=\"https:\/\/www.primor.eu\/blog\/wp-content\/uploads\/2023\/09\/shiseido.png\" alt=\"85519\">\r\n                                                    <\/div>\r\n\r\n                        <!-- Puntuaci\u00f3n del producto  -->\r\n                        <div class=\"rating\">\r\n                                                            <div class=\"rate\" style=\"--p:100;\"><\/div>\r\n                                <b>5\/5<\/b>\r\n                                <div class=\"rate-stars\">\r\n                                                                            <div\r\n                                            class=\"rate-star  \">\r\n                                        <\/div>\r\n                                                                            <div\r\n                                            class=\"rate-star  \">\r\n                                        <\/div>\r\n                                                                            <div\r\n                                            class=\"rate-star  \">\r\n                                        <\/div>\r\n                                                                            <div\r\n                                            class=\"rate-star  \">\r\n                                        <\/div>\r\n                                                                            <div\r\n                                            class=\"rate-star  \">\r\n                                        <\/div>\r\n                                                                    <\/div>\r\n                                                    <\/div>\r\n\r\n                        <!-- Bot\u00f3n de producto  -->\r\n                        <div>\r\n                            <span class=\"price-claim\">\r\n                                VER PRECIO                            <\/span>\r\n                        <\/div>\r\n                    <\/a>\r\n                                    <a href=\"https:\/\/www.primor.eu\/es_es\/olay-olay-regenerist-crema-de-dia-spf-30-16392.html\" class=\"product-item grid-table-rows\" target=\"_blank\">\r\n                        <div>\r\n                            <img decoding=\"async\" class=\"product-img\" width=\"80px\" height=\"80px\" src=\"https:\/\/www.primor.eu\/blog\/wp-content\/uploads\/2023\/11\/0TF19699_1_b290.jpg\" alt=\"Olay Regenerist Crema de d\u00eda SPF 30\">\r\n                        <\/div>\r\n\r\n                        <!-- Contenido de producto  -->\r\n                        <div>\r\n                            <div class=\"product-position\">\r\n                                #3                            <\/div>\r\n\r\n                            <h2>\r\n                                Olay Regenerist Crema de d\u00eda SPF 30                            <\/h2>\r\n                        <\/div>\r\n\r\n                        <!-- Imagen y\/o nombre de la marca -->\r\n                        <div>\r\n                                                            <img decoding=\"async\" width=\"70\" src=\"https:\/\/www.primor.eu\/blog\/wp-content\/uploads\/2023\/08\/1_OLAY_Logotype_OL_BLACK_1.png\" alt=\"84323\">\r\n                                                    <\/div>\r\n\r\n                        <!-- Puntuaci\u00f3n del producto  -->\r\n                        <div class=\"rating\">\r\n                                                            <div class=\"rate\" style=\"--p:100;\"><\/div>\r\n                                <b>5\/5<\/b>\r\n                                <div class=\"rate-stars\">\r\n                                                                            <div\r\n                                            class=\"rate-star  \">\r\n                                        <\/div>\r\n                                                                            <div\r\n                                            class=\"rate-star  \">\r\n                                        <\/div>\r\n                                                                            <div\r\n                                            class=\"rate-star  \">\r\n                                        <\/div>\r\n                                                                            <div\r\n                                            class=\"rate-star  \">\r\n                                        <\/div>\r\n                                                                            <div\r\n                                            class=\"rate-star  \">\r\n                                        <\/div>\r\n                                                                    <\/div>\r\n                                                    <\/div>\r\n\r\n                        <!-- Bot\u00f3n de producto  -->\r\n                        <div>\r\n                            <span class=\"price-claim\">\r\n                                VER PRECIO                            <\/span>\r\n                        <\/div>\r\n                    <\/a>\r\n                                    <a href=\"https:\/\/www.primor.eu\/es_es\/bella-aurora-splendor-10-dia-18514.html\" class=\"product-item grid-table-rows\" target=\"_blank\">\r\n                        <div>\r\n                            <img decoding=\"async\" class=\"product-img\" width=\"80px\" height=\"80px\" src=\"https:\/\/www.primor.eu\/blog\/wp-content\/uploads\/2023\/11\/M_0TF14219_1_7c68.jpg\" alt=\"Splendor 10 D\u00eda\">\r\n                        <\/div>\r\n\r\n                        <!-- Contenido de producto  -->\r\n                        <div>\r\n                            <div class=\"product-position\">\r\n                                #4                            <\/div>\r\n\r\n                            <h2>\r\n                                Splendor 10 D\u00eda                            <\/h2>\r\n                        <\/div>\r\n\r\n                        <!-- Imagen y\/o nombre de la marca -->\r\n                        <div>\r\n                                                            <img decoding=\"async\" width=\"70\" src=\"https:\/\/www.primor.eu\/blog\/wp-content\/uploads\/2023\/09\/BELLA_AURORA.jpg\" alt=\"85501\">\r\n                                                    <\/div>\r\n\r\n                        <!-- Puntuaci\u00f3n del producto  -->\r\n                        <div class=\"rating\">\r\n                                                            <div class=\"rate\" style=\"--p:100;\"><\/div>\r\n                                <b>5\/5<\/b>\r\n                                <div class=\"rate-stars\">\r\n                                                                            <div\r\n                                            class=\"rate-star  \">\r\n                                        <\/div>\r\n                                                                            <div\r\n                                            class=\"rate-star  \">\r\n                                        <\/div>\r\n                                                                            <div\r\n                                            class=\"rate-star  \">\r\n                                        <\/div>\r\n                                                                            <div\r\n                                            class=\"rate-star  \">\r\n                                        <\/div>\r\n                                                                            <div\r\n                                            class=\"rate-star  \">\r\n                                        <\/div>\r\n                                                                    <\/div>\r\n                                                    <\/div>\r\n\r\n                        <!-- Bot\u00f3n de producto  -->\r\n                        <div>\r\n                            <span class=\"price-claim\">\r\n                                VER PRECIO                            <\/span>\r\n                        <\/div>\r\n                    <\/a>\r\n                                    <a href=\"https:\/\/www.primor.eu\/es_es\/l-oreal-paris-revitalift-filler-gel-crema-rellenador-con-acido-hialuronico-74207.html\" class=\"product-item grid-table-rows\" target=\"_blank\">\r\n                        <div>\r\n                            <img decoding=\"async\" class=\"product-img\" width=\"80px\" height=\"80px\" src=\"https:\/\/www.primor.eu\/blog\/wp-content\/uploads\/2023\/11\/0TF23606_1_da22.jpg\" alt=\"Revitalift Filler Gel Crema Rellenador con \u00c1cido Hialur\u00f3nico\">\r\n                        <\/div>\r\n\r\n                        <!-- Contenido de producto  -->\r\n                        <div>\r\n                            <div class=\"product-position\">\r\n                                #5                            <\/div>\r\n\r\n                            <h2>\r\n                                Revitalift Filler Gel Crema Rellenador con \u00c1cido Hialur\u00f3nico                            <\/h2>\r\n                        <\/div>\r\n\r\n                        <!-- Imagen y\/o nombre de la marca -->\r\n                        <div>\r\n                                                            <img decoding=\"async\" width=\"70\" src=\"https:\/\/www.primor.eu\/blog\/wp-content\/uploads\/2023\/08\/loreal-paris.png\" alt=\"84251\">\r\n                                                    <\/div>\r\n\r\n                        <!-- Puntuaci\u00f3n del producto  -->\r\n                        <div class=\"rating\">\r\n                                                            <div class=\"rate\" style=\"--p:100;\"><\/div>\r\n                                <b>5\/5<\/b>\r\n                                <div class=\"rate-stars\">\r\n                                                                            <div\r\n                                            class=\"rate-star  \">\r\n                                        <\/div>\r\n                                                                            <div\r\n                                            class=\"rate-star  \">\r\n                                        <\/div>\r\n                                                                            <div\r\n                                            class=\"rate-star  \">\r\n                                        <\/div>\r\n                                                                            <div\r\n                                            class=\"rate-star  \">\r\n                                        <\/div>\r\n                                                                            <div\r\n                                            class=\"rate-star  \">\r\n                                        <\/div>\r\n                                                                    <\/div>\r\n                                                    <\/div>\r\n\r\n                        <!-- Bot\u00f3n de producto  -->\r\n                        <div>\r\n                            <span class=\"price-claim\">\r\n                                VER PRECIO                            <\/span>\r\n                        <\/div>\r\n                    <\/a>\r\n                            <\/product-list>\r\n        <\/product-table>\r\n\r\n        \n\n\n\n<h3 class=\"wp-block-heading\">Moisturizing Cream de La Mer&nbsp;<\/h3>\n\n\n\n<p>Es una exclusiva crema hidratante facial que ofrece una hidrataci\u00f3n sin antecedentes, acabando con las arrugas y las l\u00edneas de expresi\u00f3n y relajando la piel para un acabado jovial y sin imperfecciones. Su uso continuado le devolver\u00e1 a tu rostro la firmeza y la luminosidad en cuesti\u00f3n de d\u00edas.<\/p>\n\n\n    <a class='product' target='_blank' href='https:\/\/www.primor.eu\/es_es\/la-mer-creme-de-la-mer-crema-hidratante-106191.html?#854=66334'>\r\n        <img loading='async' src='https:\/\/cdn2.primor.eu\/media\/catalog\/product\/cache\/8d3aba296f7a18b5251ee30fa5db42b2\/0\/T\/0TF00453_1_12ff.jpg' alt='COMPRAR AHORA'>\r\n            <div class=\"claim\">\r\n                COMPRAR AHORA            <\/div>\r\n        <\/a>\r\n    \n\n\n\n<h3 class=\"wp-block-heading\">Benefiance Crema de noche intensiva antiarrugas de Shiseido<\/h3>\n\n\n\n<p>Es la favorita de las pieles maduras. Esta crema antiarrugas de Shiseido minimiza hasta 6 tipos de arrugas diferentes (incluidas las del estr\u00e9s). Gracias a su tecnolog\u00eda exclusiva Reneura Technology+\u2122 restaura la hidrataci\u00f3n de tu piel rellenando arrugas y l\u00edneas de expresi\u00f3n mientras duermes.<\/p>\n\n\n    <a class='product' target='_blank' href='https:\/\/www.primor.eu\/es_es\/shiseido-benefiance-crema-de-noche-intensiva-antiarrugas-15410.html'>\r\n        <img loading='async' src='https:\/\/cdn2.primor.eu\/media\/catalog\/product\/cache\/8d3aba296f7a18b5251ee30fa5db42b2\/7\/6\/768614166597_1_4e1f.jpg' alt='COMPRAR AHORA'>\r\n            <div class=\"claim\">\r\n                COMPRAR AHORA            <\/div>\r\n        <\/a>\r\n    \n\n\n\n<h3 class=\"wp-block-heading\">Olay Regenerist Crema de d\u00eda SPF 30<\/h3>\n\n\n\n<p>Su f\u00f3rmula hidratante enriquecida con vitamina B3 (niacinamida) y p\u00e9ptidos de Olay penetra profundamente en la superficie de la piel y ayuda a optimizar su renovaci\u00f3n celular. Hidrata profundamente durante 24 horas, renueva visiblemente y reafirma la piel.<\/p>\n\n\n    <a class='product' target='_blank' href='https:\/\/www.primor.eu\/es_es\/olay-olay-regenerist-crema-de-dia-spf-30-130679.html?#863=67139'>\r\n        <img loading='async' src='https:\/\/cdn2.primor.eu\/media\/catalog\/product\/cache\/8d3aba296f7a18b5251ee30fa5db42b2\/0\/8\/08006540236840_80744774_PRODUCT_IMAGE_IN_PACKAGE_FRONT_CENTER_3000X3000_1_SPANI_6126.PNG' alt='COMPRAR AHORA'>\r\n            <div class=\"claim\">\r\n                COMPRAR AHORA            <\/div>\r\n        <\/a>\r\n    \n\n\n\n<h3 class=\"wp-block-heading\">Crema de D\u00eda Splendor 10 de Bella Aurora<\/h3>\n\n\n\n<p>Contiene geniste\u00edna de soja liposomada, un booster del col\u00e1geno que reduce las arrugas y l\u00edneas de expresi\u00f3n. Tiene efecto lifting, es decir que tensa y reafirma el \u00f3valo facial.<\/p>\n\n\n    <a class='product' target='_blank' href='https:\/\/www.primor.eu\/es_es\/bella-aurora-splendor-10-dia-106237.html?#863=67139'>\r\n        <img loading='async' src='https:\/\/cdn2.primor.eu\/media\/catalog\/product\/cache\/8d3aba296f7a18b5251ee30fa5db42b2\/0\/T\/0TF14219_1_29cf.jpg' alt='COMPRAR AHORA'>\r\n            <div class=\"claim\">\r\n                COMPRAR AHORA            <\/div>\r\n        <\/a>\r\n    \n\n\n\n<h3 class=\"wp-block-heading\">Gel en Crema Rellenador de \u00c1cido Hialur\u00f3nico de L'Or\u00e9al Par\u00eds<\/h3>\n\n\n\n<p>Con 3 ceramidas rellena intensamente las l\u00edneas y arrugas, refuerza la barrera cut\u00e1nea de la piel y sella la hidrataci\u00f3n para lograr una piel visiblemente revitalizada y suave.<\/p>\n\n\n    <a class='product' target='_blank' href='https:\/\/www.primor.eu\/es_es\/l-oreal-paris-revitalift-filler-gel-crema-rellenador-con-acido-hialuronico-74207.html'>\r\n        <img loading='async' src='https:\/\/cdn2.primor.eu\/media\/catalog\/product\/cache\/8d3aba296f7a18b5251ee30fa5db42b2\/0\/T\/0TF23606_1_da22.jpg' alt='COMPRAR AHORA'>\r\n            <div class=\"claim\">\r\n                COMPRAR AHORA            <\/div>\r\n        <\/a>\r\n    \n\n\n\n<h3 class=\"wp-block-heading\">Crema Rose Lumi\u00e8re Multi Intensive de Clarins<\/h3>\n\n\n\n<p>Es una crema que ayuda a tu piel a recuperar la densidad perdida, convirti\u00e9ndose as\u00ed en un excelente tratamiento antiarrugas, para acabar d\u00e1ndole a tu rostro una luminosidad instant\u00e1nea. Entre sus principales ingredientes destacan el hibiscus, una combinaci\u00f3n de n\u00e1cares y la vitamina C, tres ingredientes que contribuyen a preservar la piel de los efectos perjudiciales del medio ambiente. El resultado es un cutis liso y suave gracias a su leve acci\u00f3n exfoliante.<\/p>\n\n\n    <a class='product' target='_blank' href='https:\/\/www.primor.eu\/es_es\/clarins-crema-rose-lumiere-multi-intensiva-15584.html'>\r\n        <img loading='async' src='https:\/\/cdn2.primor.eu\/media\/catalog\/product\/cache\/8d3aba296f7a18b5251ee30fa5db42b2\/0\/T\/0TF16513_1_4563.jpg' alt='COMPRAR AHORA'>\r\n            <div class=\"claim\">\r\n                COMPRAR AHORA            <\/div>\r\n        <\/a>\r\n    \n\n\n\n<h3 class=\"wp-block-heading\">Mini Kit Rutina Anti-Edad de Clinique<\/h3>\n\n\n\n<p>Un kit antiedad de tres pasos dise\u00f1ado para corregir visiblemente arrugas, mejorar la firmeza y potenciar la luminosidad. La l\u00ednea Clinique Smart Clinical Repair\u2122 trabaja en sinergia para fortalecer la piel y tratar los signos del envejecimiento desde el contorno de ojos hasta el cuello.<\/p>\n\n\n    <a class='product' target='_blank' href='https:\/\/www.primor.eu\/es_es\/clinique-mini-kit-rutina-anti-edad-139587.html'>\r\n        <img loading='async' src='https:\/\/cdn2.primor.eu\/media\/catalog\/product\/cache\/8d3aba296f7a18b5251ee30fa5db42b2\/1\/9\/192333268247_1_4686.jpg' alt='COMPRAR AHORA'>\r\n            <div class=\"claim\">\r\n                COMPRAR AHORA            <\/div>\r\n        <\/a>\r\n    \n\n\n\n<h3 class=\"wp-block-heading\">Crema de Noche Hyaluron Filler de Eucerin<\/h3>\n\n\n\n<p>Recomendada para pieles entre 35 y 50 a\u00f1os, el \u00c1cido Hialur\u00f3nico presente en la Crema de Noche Hyaluron Filler de Eucerin restaura el volumen de la piel para reducir visiblemente las arrugas. La Saponina bioactiva act\u00faa en las capas m\u00e1s profundas de la piel para estimular la s\u00edntesis natural de <a href=\"https:\/\/www.primor.eu\/blog\/que-es-el-acido-hialuronico\/\">\u00c1cido Hialur\u00f3nico<\/a>. Gracias al Dexpantenol concentrado, la piel se regenera mientras descansa.<\/p>\n\n\n    <a class='product' target='_blank' href='https:\/\/www.primor.eu\/es_es\/eucerin-hyaluron-filler-volume-lift-crema-noche-15514.html'>\r\n        <img loading='async' src='https:\/\/cdn2.primor.eu\/media\/catalog\/product\/cache\/8d3aba296f7a18b5251ee30fa5db42b2\/6\/X\/6XS09644_1_46ce.jpg' alt='COMPRAR AHORA'>\r\n            <div class=\"claim\">\r\n                COMPRAR AHORA            <\/div>\r\n        <\/a>\r\n    \n\n\n\n<h3 class=\"wp-block-heading\">Huile Pr\u00e9cieuse \u00e0 La Rose Noire Aceite Facial Antiedad de Sisley<\/h3>\n\n\n\n<p>Con una alta concentraci\u00f3n de activos, este aceite seco y satinado ofrece beneficios preparadores, nutritivos y antiedad. - Enriquecido con \u00e1cidos grasos omega 3 y 6, prepara las c\u00e9lulas para una mejor asimilaci\u00f3n de los principios activos. Contiene un potente c\u00f3ctel de activos de origen vegetal, como Padina Pav\u00f3nica, insaponificables de Aguacate y Tocoferoles naturales, que proporcionan a la piel los elementos esenciales para mantenerla joven y llena de vitalidad. Los aceites de Ciruela y Camelina conservan el equilibrio lip\u00eddico de la epidermis. <\/p>\n\n\n\n<p>En el coraz\u00f3n de la f\u00f3rmula, el extracto de Rosa Negra proporciona una textura extremadamente delicada. Adem\u00e1s, se combina con aceites esenciales de Rosa b\u00falgara y Magnolia, con propiedades tonificantes y calmantes que despiertan los sentidos con una sutileza exquisita.<\/p>\n\n\n    <a class='product' target='_blank' href='https:\/\/www.primor.eu\/es_es\/sisley-huile-precieuse-a-la-rose-noire-aceite-facial-antiedad-14382.html'>\r\n        <img loading='async' src='https:\/\/cdn2.primor.eu\/media\/catalog\/product\/cache\/8d3aba296f7a18b5251ee30fa5db42b2\/0\/T\/0TF09629_1_4e01.jpg' alt='COMPRAR AHORA'>\r\n            <div class=\"claim\">\r\n                COMPRAR AHORA            <\/div>\r\n        <\/a>\r\n    \n\n\n\n<h3 class=\"wp-block-heading\">Cellular Performance Lotion II Hidratante Antiedad de Sensai<\/h3>\n\n\n\n<p>Es el primer paso del ritual de la Doble Hidrataci\u00f3n: una loci\u00f3n rica y envolvente que hidrata intensamente la piel, aportando confort inmediato y preparando el cutis para recibir los tratamientos posteriores con m\u00e1xima eficacia. Indicada para pieles normales, secas y muy secas, esta f\u00f3rmula proporciona una sensaci\u00f3n de calma y elasticidad duradera.<\/p>\n\n\n\n<p>Formulada con el exclusivo Advanced CPX Vital Extract y la preciada Koishimaru Silk EX, que estimula la s\u00edntesis natural de \u00e1cido hialur\u00f3nico, esta loci\u00f3n ayuda a mantener el equilibrio \u00f3ptimo de hidrataci\u00f3n y mejora la receptividad de la piel. Su textura suave y sedosa deja la piel flexible, nutrida y visiblemente revitalizada.<\/p>\n\n\n    <a class='product' target='_blank' href='https:\/\/www.primor.eu\/es_es\/sensai-cellular-performance-lotion-ii-hidratante-antiedad-13471.html'>\r\n        <img loading='async' src='https:\/\/cdn2.primor.eu\/media\/catalog\/product\/cache\/8d3aba296f7a18b5251ee30fa5db42b2\/0\/T\/0TF09710_2_075b.jpg' alt='COMPRAR AHORA'>\r\n            <div class=\"claim\">\r\n                COMPRAR AHORA            <\/div>\r\n        <\/a>\r\n    \n\n\n<div class=\"kk-star-ratings kksr-auto kksr-align-center kksr-valign-bottom\"\n    data-payload='{&quot;align&quot;:&quot;center&quot;,&quot;id&quot;:&quot;90906&quot;,&quot;slug&quot;:&quot;default&quot;,&quot;valign&quot;:&quot;bottom&quot;,&quot;ignore&quot;:&quot;&quot;,&quot;reference&quot;:&quot;auto&quot;,&quot;class&quot;:&quot;&quot;,&quot;count&quot;:&quot;0&quot;,&quot;legendonly&quot;:&quot;&quot;,&quot;readonly&quot;:&quot;&quot;,&quot;score&quot;:&quot;0&quot;,&quot;starsonly&quot;:&quot;&quot;,&quot;best&quot;:&quot;5&quot;,&quot;gap&quot;:&quot;5&quot;,&quot;greet&quot;:&quot;Valora este art\u00edculo&quot;,&quot;legend&quot;:&quot;0\\\/5 - (0 votos)&quot;,&quot;size&quot;:&quot;24&quot;,&quot;title&quot;:&quot;Si te preocupa tu piel de m\u00e1s de 50, estas son las mejores cremas para ella&quot;,&quot;width&quot;:&quot;0&quot;,&quot;_legend&quot;:&quot;{score}\\\/{best} - ({count} {votes})&quot;,&quot;font_factor&quot;:&quot;1.25&quot;}'>\n            \n<div class=\"kksr-stars\">\n    \n<div class=\"kksr-stars-inactive\">\n            <div class=\"kksr-star\" data-star=\"1\" style=\"padding-right: 5px\">\n            \n\n<div class=\"kksr-icon\" style=\"width: 24px; height: 24px;\"><\/div>\n        <\/div>\n            <div class=\"kksr-star\" data-star=\"2\" style=\"padding-right: 5px\">\n            \n\n<div class=\"kksr-icon\" style=\"width: 24px; height: 24px;\"><\/div>\n        <\/div>\n            <div class=\"kksr-star\" data-star=\"3\" style=\"padding-right: 5px\">\n            \n\n<div class=\"kksr-icon\" style=\"width: 24px; height: 24px;\"><\/div>\n        <\/div>\n            <div class=\"kksr-star\" data-star=\"4\" style=\"padding-right: 5px\">\n            \n\n<div class=\"kksr-icon\" style=\"width: 24px; height: 24px;\"><\/div>\n        <\/div>\n            <div class=\"kksr-star\" data-star=\"5\" style=\"padding-right: 5px\">\n            \n\n<div class=\"kksr-icon\" style=\"width: 24px; height: 24px;\"><\/div>\n        <\/div>\n    <\/div>\n    \n<div class=\"kksr-stars-active\" style=\"width: 0px;\">\n            <div class=\"kksr-star\" style=\"padding-right: 5px\">\n            \n\n<div class=\"kksr-icon\" style=\"width: 24px; height: 24px;\"><\/div>\n        <\/div>\n            <div class=\"kksr-star\" style=\"padding-right: 5px\">\n            \n\n<div class=\"kksr-icon\" style=\"width: 24px; height: 24px;\"><\/div>\n        <\/div>\n            <div class=\"kksr-star\" style=\"padding-right: 5px\">\n            \n\n<div class=\"kksr-icon\" style=\"width: 24px; height: 24px;\"><\/div>\n        <\/div>\n            <div class=\"kksr-star\" style=\"padding-right: 5px\">\n            \n\n<div class=\"kksr-icon\" style=\"width: 24px; height: 24px;\"><\/div>\n        <\/div>\n            <div class=\"kksr-star\" style=\"padding-right: 5px\">\n            \n\n<div class=\"kksr-icon\" style=\"width: 24px; height: 24px;\"><\/div>\n        <\/div>\n    <\/div>\n<\/div>\n                \n\n<div class=\"kksr-legend\" style=\"font-size: 19.2px;\">\n            <span class=\"kksr-muted\">Valora este art\u00edculo<\/span>\n    <\/div>\n    <\/div>\n","protected":false},"excerpt":{"rendered":"<p>Las pieles de m\u00e1s de 50necesitan una atenci\u00f3n y unos cuidados que solo pueden darle el mimo y las mejores cremas hidratantes para pieles de m\u00e1s de 50. Ten en cuenta que al pasar la barrera de los 50, la piel se vuelve menos el\u00e1stica, porque ya no tiene la capacidad org\u00e1nica de producir col\u00e1geno [&hellip;]<\/p>\n","protected":false},"author":14,"featured_media":90915,"comment_status":"closed","ping_status":"closed","sticky":false,"template":"","format":"standard","meta":{"jnews-multi-image_gallery":[],"jnews_single_post":{"subtitle":"","format":"standard","video":"","gallery":"","source_name":"","source_url":"","via_name":"","via_url":"","override_template":"0","override":[{"template":"1","single_blog_custom":"","parallax":"1","fullscreen":"1","layout":"right-sidebar","sidebar":"home-2","second_sidebar":"default-sidebar","sticky_sidebar":"0","share_position":"float","share_float_style":"share-monocrhome","show_share_counter":"0","show_view_counter":"0","show_featured":"1","show_post_meta":"1","show_post_author":"0","show_post_author_image":"1","show_post_date":"1","post_date_format":"default","post_date_format_custom":"Y\/m\/d","show_post_category":"1","show_post_reading_time":"0","post_reading_time_wpm":"300","show_zoom_button":"0","zoom_button_out_step":"2","zoom_button_in_step":"3","show_post_tag":"0","show_prev_next_post":"0","show_popup_post":"0","number_popup_post":"2","show_author_box":"0","show_post_related":"0","show_inline_post_related":"1"}],"override_image_size":"0","image_override":[{"single_post_thumbnail_size":"no-crop","single_post_gallery_size":"crop-500"}],"trending_post":"0","trending_post_position":"meta","trending_post_label":"Trending","sponsored_post":"0","sponsored_post_label":"Sponsored by","sponsored_post_name":"","sponsored_post_url":"","sponsored_post_logo_enable":"0","sponsored_post_logo":"","sponsored_post_desc":"","disable_ad":"0"},"jnews_primary_category":{"id":"","hide":""},"jnews_social_meta":{"fb_title":"","fb_description":"","fb_image":"","twitter_title":"","twitter_description":"","twitter_image":""},"jnews_override_counter":{"override_view_counter":"0","view_counter_number":"0","override_share_counter":"0","share_counter_number":"0","override_like_counter":"0","like_counter_number":"0","override_dislike_counter":"0","dislike_counter_number":"0"},"footnotes":""},"categories":[29],"tags":[],"class_list":["post-90906","post","type-post","status-publish","format-standard","has-post-thumbnail","hentry","category-cosmetica"],"_links":{"self":[{"href":"https:\/\/www.primor.eu\/blog\/wp-json\/wp\/v2\/posts\/90906","targetHints":{"allow":["GET"]}}],"collection":[{"href":"https:\/\/www.primor.eu\/blog\/wp-json\/wp\/v2\/posts"}],"about":[{"href":"https:\/\/www.primor.eu\/blog\/wp-json\/wp\/v2\/types\/post"}],"author":[{"embeddable":true,"href":"https:\/\/www.primor.eu\/blog\/wp-json\/wp\/v2\/users\/14"}],"replies":[{"embeddable":true,"href":"https:\/\/www.primor.eu\/blog\/wp-json\/wp\/v2\/comments?post=90906"}],"version-history":[{"count":4,"href":"https:\/\/www.primor.eu\/blog\/wp-json\/wp\/v2\/posts\/90906\/revisions"}],"predecessor-version":[{"id":140563,"href":"https:\/\/www.primor.eu\/blog\/wp-json\/wp\/v2\/posts\/90906\/revisions\/140563"}],"wp:featuredmedia":[{"embeddable":true,"href":"https:\/\/www.primor.eu\/blog\/wp-json\/wp\/v2\/media\/90915"}],"wp:attachment":[{"href":"https:\/\/www.primor.eu\/blog\/wp-json\/wp\/v2\/media?parent=90906"}],"wp:term":[{"taxonomy":"category","embeddable":true,"href":"https:\/\/www.primor.eu\/blog\/wp-json\/wp\/v2\/categories?post=90906"},{"taxonomy":"post_tag","embeddable":true,"href":"https:\/\/www.primor.eu\/blog\/wp-json\/wp\/v2\/tags?post=90906"}],"curies":[{"name":"wp","href":"https:\/\/api.w.org\/{rel}","templated":true}]}}