{"id":90291,"date":"2023-11-19T08:54:12","date_gmt":"2023-11-19T08:54:12","guid":{"rendered":"https:\/\/www.primor.eu\/blog\/?p=90291"},"modified":"2023-11-16T08:54:20","modified_gmt":"2023-11-16T08:54:20","slug":"tipos-cabellos-blonde-beige","status":"publish","type":"post","link":"https:\/\/www.primor.eu\/blog\/tipos-cabellos-blonde-beige\/","title":{"rendered":"Cabello blonde beige o el look favorito de las rubias que arrasa"},"content":{"rendered":"\n<p>Si entramos en materia de las tendencias en coloraci\u00f3n, todas coincidiremos en que los <a href=\"https:\/\/www.primor.eu\/blog\/como-cuidar-pelo-rubio\/\">tonos rubios<\/a> han evolucionado, dejando atr\u00e1s los g\u00e9lidos y platinos para abrir paso a una nueva tendencia: el <strong>blonde beige<\/strong>. Este tono, sutilmente <strong>gris\u00e1ceo<\/strong>, se ha convertido en un fen\u00f3meno en el <strong>mundo de la moda capilar<\/strong> y se perfila como una de las <strong>principales tendencias<\/strong> para el pr\u00f3ximo a\u00f1o. Su encanto radica en su capacidad para ofrecer un r<strong>ubio m\u00e1s suave<\/strong>, desprovisto de contrastes marcados, brindando un<strong> aspecto natural <\/strong>y rejuvenecedor.<\/p>\n\n\n\n<p>Es m\u00e1s, el blonde beige <strong>no conoce l\u00edmites<\/strong>. Por eso se ha convertido en una elecci\u00f3n id\u00f3nea tanto para melenas naturalmente rubias como para aquellas casta\u00f1as o morenas que desean abrazar el rubio con un toque de autenticidad.&nbsp;<\/p>\n\n\n\n<p>Este color, adaptable a diversas <strong>texturas<\/strong> y <strong>colores<\/strong> de cabello, se destaca por su capacidad para <strong>alejarse del amarillo indeseado<\/strong> y de los contrastes llamativos. Y por supuesto, la influencia de destacadas personalidades, como la reconocida <strong>Mar\u00eda Pombo<\/strong>, ha consolidado el blonde beige como una opci\u00f3n chic y a la moda, dejando una marca indeleble en las tendencias actuales.<\/p>\n\n\n\n<h2 class=\"wp-block-heading\">Consejos para un pelo blonde beige bonito&nbsp;<\/h2>\n\n\n\n<p>Llevar y mantener un <strong>tinte rubio beige<\/strong> requiere cuidados espec\u00edficos para asegurar la durabilidad del <strong>color<\/strong> y la <strong>salud<\/strong> del cabello. Si te embarcas en la tendencia del rubio beige, aqu\u00ed te dejamos algunos consejos esenciales para garantizar un cabello impecable y prolongar los resultados, especialmente si tu melena es <strong>casta\u00f1a<\/strong> o <strong>morena<\/strong>.<\/p>\n\n\n\n<h3 class=\"wp-block-heading\">1. Ba\u00f1o de color y tratamiento de brillo<\/h3>\n\n\n\n<p>Considera realizar un ba\u00f1o de color rubio beige y un tratamiento de brillo para mantener la frescura del tono y realzar su <strong>luminosidad<\/strong>. Esto es especialmente beneficioso para cabellos m\u00e1s oscuros, asegurando una transici\u00f3n suave.<\/p>\n\n\n\n<h3 class=\"wp-block-heading\">2. Cuidado diario con productos espec\u00edficos<\/h3>\n\n\n\n<p>Utiliza un champ\u00fa para cabellos te\u00f1idos <a href=\"https:\/\/www.primor.eu\/blog\/que-es-champu-sin-sulfatos\/\"><strong>libre de sulfatos<\/strong><\/a>. Los <a href=\"https:\/\/www.primor.eu\/blog\/sulfatos-que-son-usos-cosmetica\/\">sulfatos<\/a>, al limpiar de forma profunda y agresiva, pueden eliminar el color, especialmente en cabellos rubios. Opta por productos suaves que preserven la intensidad del rubio beige.<\/p>\n\n\n\n<h3 class=\"wp-block-heading\">3. Hidrataci\u00f3n con mascarillas<\/h3>\n\n\n\n<p>Aplica una <a href=\"https:\/\/www.primor.eu\/blog\/mejores-mascarillas-para-el-pelo\/\">mascarilla para cabello te\u00f1ido<\/a> una o dos veces a la semana. Los cabellos te\u00f1idos, al ser m\u00e1s porosos, tienden a deshidratarse f\u00e1cilmente. La mascarilla proporcionar\u00e1 la hidrataci\u00f3n necesaria, evitando que el tono beige se desvanezca y que el rubio adopte tonalidades no deseadas.<\/p>\n\n\n\n<h3 class=\"wp-block-heading\">4. Prevenci\u00f3n del amarillo<\/h3>\n\n\n\n<p>Para prevenir que el rubio beige se vuelva amarillo con el tiempo, elige productos que contengan ingredientes violetas o azules, conocidos por neutralizar los tonos amarillos no deseados, como estos <a href=\"https:\/\/www.primor.eu\/blog\/mejores-champus-morados\/\">champ\u00fas<\/a> que son los favoritos de todas.&nbsp;<\/p>\n\n\n\n<h3 class=\"wp-block-heading\">5. Protecci\u00f3n t\u00e9rmica<\/h3>\n\n\n\n<p>Si usas herramientas de calor como secadores o planchas, aplica un <a href=\"https:\/\/www.primor.eu\/blog\/mejor-protector-termico-pelo\/\">protector t\u00e9rmico<\/a> para evitar da\u00f1os adicionales al cabello te\u00f1ido.<\/p>\n\n\n\n<h3 class=\"wp-block-heading\">6. Nutrici\u00f3n Adicional<\/h3>\n\n\n\n<p>Dado que los cabellos te\u00f1idos tienden a deshidratarse m\u00e1s f\u00e1cilmente, proporciona un extra de nutrici\u00f3n con tratamientos capilares nutritivos. Esto ayudar\u00e1 a mantener la salud y vitalidad del cabello.<\/p>\n\n\n\n<h2 class=\"wp-block-heading\">A qui\u00e9n favorece el blonde beige<\/h2>\n\n\n\n<ul class=\"wp-block-list\">\n<li>El blonde beige puede favorecer especialmente a <strong>personas con tonos de piel c\u00e1lidos<\/strong>, como tonos de piel dorados o ligeramente bronceados. La combinaci\u00f3n de tonos beige y rubios suaves puede complementar bien estos tonos de piel.<\/li>\n\n\n\n<li>Tambi\u00e9n puede <strong>adaptarse bien a tonos de piel neutros<\/strong>, ya que el blonde beige no tiende a tener subtonos extremadamente c\u00e1lidos ni fr\u00edos. Si tu tono de piel es m\u00e1s equilibrado, este color podr\u00eda ser una buena opci\u00f3n.<\/li>\n\n\n\n<li>El blonde beige es <strong>generalmente vers\u00e1til <\/strong>y puede adaptarse a diversas texturas de cabello, ya sea liso, ondulado o rizado.<\/li>\n\n\n\n<li>Este tono es ideal para aquellos que buscan un estilo de <strong>cabello m\u00e1s natural y sutil, <\/strong>evitando contrastes demasiado llamativos. Puede ser una excelente opci\u00f3n para quienes prefieren colores de cabello que se mezclen de manera armoniosa.<\/li>\n\n\n\n<li>El blonde beige puede ser<strong> favorecedor a cualquier edad.<\/strong> Adem\u00e1s, su efecto suavizante y rejuvenecedor puede ser especialmente atractivo para aquellos que buscan un cambio de color sutil y atemporal.<\/li>\n<\/ul>\n\n\n<div class=\"kk-star-ratings kksr-auto kksr-align-center kksr-valign-bottom\"\n    data-payload='{&quot;align&quot;:&quot;center&quot;,&quot;id&quot;:&quot;90291&quot;,&quot;slug&quot;:&quot;default&quot;,&quot;valign&quot;:&quot;bottom&quot;,&quot;ignore&quot;:&quot;&quot;,&quot;reference&quot;:&quot;auto&quot;,&quot;class&quot;:&quot;&quot;,&quot;count&quot;:&quot;0&quot;,&quot;legendonly&quot;:&quot;&quot;,&quot;readonly&quot;:&quot;&quot;,&quot;score&quot;:&quot;0&quot;,&quot;starsonly&quot;:&quot;&quot;,&quot;best&quot;:&quot;5&quot;,&quot;gap&quot;:&quot;5&quot;,&quot;greet&quot;:&quot;Valora este art\u00edculo&quot;,&quot;legend&quot;:&quot;0\\\/5 - (0 votos)&quot;,&quot;size&quot;:&quot;24&quot;,&quot;title&quot;:&quot;Cabello blonde beige o el look favorito de las rubias que arrasa&quot;,&quot;width&quot;:&quot;0&quot;,&quot;_legend&quot;:&quot;{score}\\\/{best} - ({count} {votes})&quot;,&quot;font_factor&quot;:&quot;1.25&quot;}'>\n            \n<div class=\"kksr-stars\">\n    \n<div class=\"kksr-stars-inactive\">\n            <div class=\"kksr-star\" data-star=\"1\" style=\"padding-right: 5px\">\n            \n\n<div class=\"kksr-icon\" style=\"width: 24px; height: 24px;\"><\/div>\n        <\/div>\n            <div class=\"kksr-star\" data-star=\"2\" style=\"padding-right: 5px\">\n            \n\n<div class=\"kksr-icon\" style=\"width: 24px; height: 24px;\"><\/div>\n        <\/div>\n            <div class=\"kksr-star\" data-star=\"3\" style=\"padding-right: 5px\">\n            \n\n<div class=\"kksr-icon\" style=\"width: 24px; height: 24px;\"><\/div>\n        <\/div>\n            <div class=\"kksr-star\" data-star=\"4\" style=\"padding-right: 5px\">\n            \n\n<div class=\"kksr-icon\" style=\"width: 24px; height: 24px;\"><\/div>\n        <\/div>\n            <div class=\"kksr-star\" data-star=\"5\" style=\"padding-right: 5px\">\n            \n\n<div class=\"kksr-icon\" style=\"width: 24px; height: 24px;\"><\/div>\n        <\/div>\n    <\/div>\n    \n<div class=\"kksr-stars-active\" style=\"width: 0px;\">\n            <div class=\"kksr-star\" style=\"padding-right: 5px\">\n            \n\n<div class=\"kksr-icon\" style=\"width: 24px; height: 24px;\"><\/div>\n        <\/div>\n            <div class=\"kksr-star\" style=\"padding-right: 5px\">\n            \n\n<div class=\"kksr-icon\" style=\"width: 24px; height: 24px;\"><\/div>\n        <\/div>\n            <div class=\"kksr-star\" style=\"padding-right: 5px\">\n            \n\n<div class=\"kksr-icon\" style=\"width: 24px; height: 24px;\"><\/div>\n        <\/div>\n            <div class=\"kksr-star\" style=\"padding-right: 5px\">\n            \n\n<div class=\"kksr-icon\" style=\"width: 24px; height: 24px;\"><\/div>\n        <\/div>\n            <div class=\"kksr-star\" style=\"padding-right: 5px\">\n            \n\n<div class=\"kksr-icon\" style=\"width: 24px; height: 24px;\"><\/div>\n        <\/div>\n    <\/div>\n<\/div>\n                \n\n<div class=\"kksr-legend\" style=\"font-size: 19.2px;\">\n            <span class=\"kksr-muted\">Valora este art\u00edculo<\/span>\n    <\/div>\n    <\/div>\n","protected":false},"excerpt":{"rendered":"<p>Si entramos en materia de las tendencias en coloraci\u00f3n, todas coincidiremos en que los tonos rubios han evolucionado, dejando atr\u00e1s los g\u00e9lidos y platinos para abrir paso a una nueva tendencia: el blonde beige. Este tono, sutilmente gris\u00e1ceo, se ha convertido en un fen\u00f3meno en el mundo de la moda capilar y se perfila como [&hellip;]<\/p>\n","protected":false},"author":14,"featured_media":90293,"comment_status":"closed","ping_status":"closed","sticky":false,"template":"","format":"standard","meta":{"jnews-multi-image_gallery":[],"jnews_single_post":{"subtitle":"","format":"standard","video":"","gallery":"","source_name":"","source_url":"","via_name":"","via_url":"","override_template":"0","override":[{"template":"1","single_blog_custom":"","parallax":"1","fullscreen":"1","layout":"right-sidebar","sidebar":"home-2","second_sidebar":"default-sidebar","sticky_sidebar":"0","share_position":"float","share_float_style":"share-monocrhome","show_share_counter":"0","show_view_counter":"0","show_featured":"1","show_post_meta":"1","show_post_author":"0","show_post_author_image":"1","show_post_date":"1","post_date_format":"default","post_date_format_custom":"Y\/m\/d","show_post_category":"1","show_post_reading_time":"0","post_reading_time_wpm":"300","show_zoom_button":"0","zoom_button_out_step":"2","zoom_button_in_step":"3","show_post_tag":"0","show_prev_next_post":"0","show_popup_post":"0","number_popup_post":"2","show_author_box":"0","show_post_related":"0","show_inline_post_related":"1"}],"override_image_size":"0","image_override":[{"single_post_thumbnail_size":"no-crop","single_post_gallery_size":"crop-500"}],"trending_post":"0","trending_post_position":"meta","trending_post_label":"Trending","sponsored_post":"0","sponsored_post_label":"Sponsored by","sponsored_post_name":"","sponsored_post_url":"","sponsored_post_logo_enable":"0","sponsored_post_logo":"","sponsored_post_desc":"","disable_ad":"0"},"jnews_primary_category":{"id":"","hide":""},"jnews_social_meta":{"fb_title":"","fb_description":"","fb_image":"","twitter_title":"","twitter_description":"","twitter_image":""},"jnews_override_counter":{"override_view_counter":"0","view_counter_number":"0","override_share_counter":"0","share_counter_number":"0","override_like_counter":"0","like_counter_number":"0","override_dislike_counter":"0","dislike_counter_number":"0"},"footnotes":""},"categories":[35],"tags":[],"class_list":["post-90291","post","type-post","status-publish","format-standard","has-post-thumbnail","hentry","category-cabello"],"_links":{"self":[{"href":"https:\/\/www.primor.eu\/blog\/wp-json\/wp\/v2\/posts\/90291","targetHints":{"allow":["GET"]}}],"collection":[{"href":"https:\/\/www.primor.eu\/blog\/wp-json\/wp\/v2\/posts"}],"about":[{"href":"https:\/\/www.primor.eu\/blog\/wp-json\/wp\/v2\/types\/post"}],"author":[{"embeddable":true,"href":"https:\/\/www.primor.eu\/blog\/wp-json\/wp\/v2\/users\/14"}],"replies":[{"embeddable":true,"href":"https:\/\/www.primor.eu\/blog\/wp-json\/wp\/v2\/comments?post=90291"}],"version-history":[{"count":1,"href":"https:\/\/www.primor.eu\/blog\/wp-json\/wp\/v2\/posts\/90291\/revisions"}],"predecessor-version":[{"id":90294,"href":"https:\/\/www.primor.eu\/blog\/wp-json\/wp\/v2\/posts\/90291\/revisions\/90294"}],"wp:featuredmedia":[{"embeddable":true,"href":"https:\/\/www.primor.eu\/blog\/wp-json\/wp\/v2\/media\/90293"}],"wp:attachment":[{"href":"https:\/\/www.primor.eu\/blog\/wp-json\/wp\/v2\/media?parent=90291"}],"wp:term":[{"taxonomy":"category","embeddable":true,"href":"https:\/\/www.primor.eu\/blog\/wp-json\/wp\/v2\/categories?post=90291"},{"taxonomy":"post_tag","embeddable":true,"href":"https:\/\/www.primor.eu\/blog\/wp-json\/wp\/v2\/tags?post=90291"}],"curies":[{"name":"wp","href":"https:\/\/api.w.org\/{rel}","templated":true}]}}