{"id":88790,"date":"2025-04-15T04:51:01","date_gmt":"2025-04-15T04:51:01","guid":{"rendered":"https:\/\/www.primor.eu\/blog\/?p=88790"},"modified":"2025-10-27T11:51:31","modified_gmt":"2025-10-27T11:51:31","slug":"dermatitis-seborreica-que-es-mejores-champus","status":"publish","type":"post","link":"https:\/\/www.primor.eu\/blog\/dermatitis-seborreica-que-es-mejores-champus\/","title":{"rendered":"Qu\u00e9 es la dermatitis seborreica y cu\u00e1les son los mejores champ\u00fas para tratarla seg\u00fan expertos"},"content":{"rendered":"\n<p>Has o\u00eddo hablar de ella, quiz\u00e1s la tienes o quiz\u00e1s conoces a alguien que la haya pasado. La <strong>dermatitis seborreica <\/strong>es molesta, pica y hay que ponerle soluci\u00f3n. Hoy hablamos de una de las formas m\u00e1s comunes, los <strong>mejores champ\u00fas para la dermatitis seborreica<\/strong>.&nbsp;<\/p>\n\n\n\n<h2 class=\"wp-block-heading\">Qu\u00e9 es la dermatitis seborreica<\/h2>\n\n\n\n<p>La <strong>dermatitis seborreica <\/strong>es una afecci\u00f3n com\u00fan de la piel que provoca <strong>enrojecimiento<\/strong>, <strong>descamaci\u00f3n <\/strong>y <strong>picaz\u00f3n<\/strong>. Tambi\u00e9n se conoce como <a href=\"https:\/\/www.primor.eu\/blog\/caspa-en-el-pelo\/\">caspa<\/a> en su manifestaci\u00f3n en el cuero cabelludo. Esta afecci\u00f3n puede afectar \u00e1reas donde hay <strong>gl\u00e1ndulas seb\u00e1ceas<\/strong> en mayor cantidad, como el cuero cabelludo, la cara (particularmente alrededor de la nariz, las cejas, las orejas y detr\u00e1s de estas) y otras \u00e1reas del cuerpo con presencia de estas gl\u00e1ndulas.<\/p>\n\n\n\n<p>Aunque su <strong>causa<\/strong> exacta no se conoce por completo, se cree que la dermatitis seborreica puede ser el resultado de una <strong>combinaci\u00f3n de factores,<\/strong> como la actividad excesiva de las gl\u00e1ndulas seb\u00e1ceas, la presencia de ciertos hongos (como Malassezia) en la piel, la inflamaci\u00f3n y una respuesta anormal del sistema inmunitario.<\/p>\n\n\n\n<h2 class=\"wp-block-heading\">C\u00f3mo se cura&nbsp;<\/h2>\n\n\n\n<p>El tratamiento para la dermatitis seborreica puede incluir <strong>champ\u00fas<\/strong> o <strong>lociones medicadas <\/strong>que contienen ingredientes como <strong>alquitr\u00e1n<\/strong>,<a href=\"https:\/\/www.primor.eu\/blog\/acido-salilico-que-es\/\"> \u00e1cido salic\u00edlico<\/a>, <strong>sulfuro de selenio<\/strong> o <strong>ketoconazol<\/strong>. Estos tratamientos pueden ayudar a controlar la descamaci\u00f3n y la inflamaci\u00f3n. Tambi\u00e9n se pueden utilizar <strong>corticosteroides<\/strong> <strong>t\u00f3picos<\/strong> <strong>suaves<\/strong> para reducir la inflamaci\u00f3n en \u00e1reas espec\u00edficas.<\/p>\n\n\n\n<p>Es <strong>importante<\/strong> hablar con un <strong>dermat\u00f3logo<\/strong> si experimentas s\u00edntomas de dermatitis seborreica para obtener un diagn\u00f3stico personalizado y un plan de tratamiento adecuado. Aunque la dermatitis seborreica puede ser una afecci\u00f3n cr\u00f3nica que puede aparecer y desaparecer, con el tratamiento adecuado, se pueden controlar sus s\u00edntomas.<\/p>\n\n\n\n<h2 class=\"wp-block-heading\">Los mejores champ\u00fas para la dermatitis seborreica<\/h2>\n\n\n        <product-table class=\"pr-slider\">\r\n            <product-headers class=\"grid-table-rows\">\r\n                <div>Foto<\/div>\r\n                <div>Producto<\/div>\r\n                <div>Marca<\/div>\r\n                <div>Valoraciones<\/div>\r\n                <div>Precio<\/div>\r\n            <\/product-headers>\r\n\r\n            <product-list>\r\n                                    <a href=\"https:\/\/www.primor.eu\/es_es\/ducray-kelual-ds-champu-anticaspa-9467.html\" class=\"product-item grid-table-rows\" target=\"_blank\">\r\n                        <div>\r\n                            <img decoding=\"async\" class=\"product-img\" width=\"80px\" height=\"80px\" src=\"https:\/\/cdn2.primor.eu\/media\/catalog\/product\/cache\/8d3aba296f7a18b5251ee30fa5db42b2\/6\/X\/6XS05464_1_05cb.jpg\" alt=\"Kelual DS Champ\u00fa Anticaspa\">\r\n                        <\/div>\r\n\r\n                        <!-- Contenido de producto  -->\r\n                        <div>\r\n                            <div class=\"product-position\">\r\n                                #1 Top Ventas                            <\/div>\r\n\r\n                            <h2>\r\n                                Kelual DS Champ\u00fa Anticaspa                            <\/h2>\r\n                        <\/div>\r\n\r\n                        <!-- Imagen y\/o nombre de la marca -->\r\n                        <div>\r\n                                                            <img decoding=\"async\" width=\"70\" src=\"https:\/\/www.primor.eu\/media\/catalog\/category\/DUCRAY.jpg\" alt=\"\">\r\n                                                    <\/div>\r\n\r\n                        <!-- Puntuaci\u00f3n del producto  -->\r\n                        <div class=\"rating\">\r\n                                                            <div class=\"rate\" style=\"--p:96;\"><\/div>\r\n                                <b>4.8\/5<\/b>\r\n                                <div class=\"rate-stars\">\r\n                                                                            <div\r\n                                            class=\"rate-star  \">\r\n                                        <\/div>\r\n                                                                            <div\r\n                                            class=\"rate-star  \">\r\n                                        <\/div>\r\n                                                                            <div\r\n                                            class=\"rate-star  \">\r\n                                        <\/div>\r\n                                                                            <div\r\n                                            class=\"rate-star  \">\r\n                                        <\/div>\r\n                                                                            <div\r\n                                            class=\"rate-star  \">\r\n                                        <\/div>\r\n                                                                    <\/div>\r\n                                                    <\/div>\r\n\r\n                        <!-- Bot\u00f3n de producto  -->\r\n                        <div>\r\n                            <span class=\"price-claim\">\r\n                                VER PRECIO                            <\/span>\r\n                        <\/div>\r\n                    <\/a>\r\n                                    <a href=\"https:\/\/www.primor.eu\/es_es\/vichy-dercos-technique-ecorefill-champu-anticaspa-para-cabello-normal-o-graso-77795.html\" class=\"product-item grid-table-rows\" target=\"_blank\">\r\n                        <div>\r\n                            <img decoding=\"async\" class=\"product-img\" width=\"80px\" height=\"80px\" src=\"https:\/\/cdn2.primor.eu\/media\/catalog\/product\/cache\/8d3aba296f7a18b5251ee30fa5db42b2\/V\/i\/Vichy_Product_Haircare_Dercos_Anti_Dandruff_Normal_to_Oily_Hair_Shampoo_Refill__bcf6.jpg\" alt=\"Refill Dercos Technique Champ\u00fa Anticaspa para Cabello Normal o Graso\">\r\n                        <\/div>\r\n\r\n                        <!-- Contenido de producto  -->\r\n                        <div>\r\n                            <div class=\"product-position\">\r\n                                #2                            <\/div>\r\n\r\n                            <h2>\r\n                                Refill Dercos Technique Champ\u00fa Anticaspa para Cabello Normal o Graso                            <\/h2>\r\n                        <\/div>\r\n\r\n                        <!-- Imagen y\/o nombre de la marca -->\r\n                        <div>\r\n                                                            <img decoding=\"async\" width=\"70\" src=\"https:\/\/www.primor.eu\/media\/catalog\/category\/vichy.png\" alt=\"\">\r\n                                                    <\/div>\r\n\r\n                        <!-- Puntuaci\u00f3n del producto  -->\r\n                        <div class=\"rating\">\r\n                                                            <div class=\"rate\" style=\"--p:98;\"><\/div>\r\n                                <b>4.9\/5<\/b>\r\n                                <div class=\"rate-stars\">\r\n                                                                            <div\r\n                                            class=\"rate-star  \">\r\n                                        <\/div>\r\n                                                                            <div\r\n                                            class=\"rate-star  \">\r\n                                        <\/div>\r\n                                                                            <div\r\n                                            class=\"rate-star  \">\r\n                                        <\/div>\r\n                                                                            <div\r\n                                            class=\"rate-star  \">\r\n                                        <\/div>\r\n                                                                            <div\r\n                                            class=\"rate-star  \">\r\n                                        <\/div>\r\n                                                                    <\/div>\r\n                                                    <\/div>\r\n\r\n                        <!-- Bot\u00f3n de producto  -->\r\n                        <div>\r\n                            <span class=\"price-claim\">\r\n                                VER PRECIO                            <\/span>\r\n                        <\/div>\r\n                    <\/a>\r\n                                    <a href=\"https:\/\/www.primor.eu\/es_es\/nuggela-sule-champu-premium-n-1-105905.html?#854=66338\" class=\"product-item grid-table-rows\" target=\"_blank\">\r\n                        <div>\r\n                            <img decoding=\"async\" class=\"product-img\" width=\"80px\" height=\"80px\" src=\"https:\/\/cdn2.primor.eu\/media\/catalog\/product\/cache\/8d3aba296f7a18b5251ee30fa5db42b2\/8\/4\/8437014761009_a7eb.jpg\" alt=\"Champ\u00fa Premium N\u00ba1\">\r\n                        <\/div>\r\n\r\n                        <!-- Contenido de producto  -->\r\n                        <div>\r\n                            <div class=\"product-position\">\r\n                                #3                            <\/div>\r\n\r\n                            <h2>\r\n                                Champ\u00fa Premium N\u00ba1                            <\/h2>\r\n                        <\/div>\r\n\r\n                        <!-- Imagen y\/o nombre de la marca -->\r\n                        <div>\r\n                                                            <img decoding=\"async\" width=\"70\" src=\"https:\/\/www.primor.eu\/media\/catalog\/category\/LOGO_nuggelasule-SINFONDO_1.png\" alt=\"Nuggela - Sul\u00e9\">\r\n                                                    <\/div>\r\n\r\n                        <!-- Puntuaci\u00f3n del producto  -->\r\n                        <div class=\"rating\">\r\n                                                            <div class=\"rate\" style=\"--p:84;\"><\/div>\r\n                                <b>4.2\/5<\/b>\r\n                                <div class=\"rate-stars\">\r\n                                                                            <div\r\n                                            class=\"rate-star  \">\r\n                                        <\/div>\r\n                                                                            <div\r\n                                            class=\"rate-star  \">\r\n                                        <\/div>\r\n                                                                            <div\r\n                                            class=\"rate-star  \">\r\n                                        <\/div>\r\n                                                                            <div\r\n                                            class=\"rate-star  \">\r\n                                        <\/div>\r\n                                                                            <div\r\n                                            class=\"rate-star  \">\r\n                                        <\/div>\r\n                                                                    <\/div>\r\n                                                    <\/div>\r\n\r\n                        <!-- Bot\u00f3n de producto  -->\r\n                        <div>\r\n                            <span class=\"price-claim\">\r\n                                VER PRECIO                            <\/span>\r\n                        <\/div>\r\n                    <\/a>\r\n                            <\/product-list>\r\n        <\/product-table>\r\n\r\n        \n\n\n\n<h3 class=\"wp-block-heading\">Pack Kelual DS de Ducray<\/h3>\n\n\n\n<p>El pack Ducray Kelual DS, que combina el champ\u00fa y la crema tratante, ofrece una soluci\u00f3n integral para la caspa persistente y las molestias asociadas. El champ\u00fa no solo alivia el picor, sino que aborda eficazmente las causas de la caspa grave, previniendo su reaparici\u00f3n y aliviando el cuero cabelludo propenso a la dermatitis seborreica. Su f\u00f3rmula patentada con Ciclopiroxolamina y Piroctona Olamina elimina la caspa de manera r\u00e1pida y duradera.&nbsp;<\/p>\n\n\n    <a class='product' target='_blank' href='https:\/\/www.primor.eu\/es_es\/ducray-kelual-ds-champu-anticaspa-9467.html'>\r\n        <img loading='async' src='https:\/\/cdn2.primor.eu\/media\/catalog\/product\/cache\/8d3aba296f7a18b5251ee30fa5db42b2\/6\/X\/6XS05464_1_05cb.jpg' alt='COMPRAR AHORA'>\r\n            <div class=\"claim\">\r\n                COMPRAR AHORA            <\/div>\r\n        <\/a>\r\n    \n\n\n\n<h3 class=\"wp-block-heading\">Dercos Technique Ecorefill Anticaspa de Vichy<\/h3>\n\n\n\n<p>El champ\u00fa Vichy Dercos Technique Ecorefill Anticaspa ha sido especialmente desarrollado para cabellos normales o grasos, ofreciendo un tratamiento integral para combatir la caspa desde su origen. Destacando por su eficacia, elimina el 100% de la caspa visible y proporciona un efecto antirreaparici\u00f3n durante 6 semanas.&nbsp;<\/p>\n\n\n\n<p>Adem\u00e1s, en tan solo 4 semanas, ayuda a reequilibrar el microbiona del cuero cabelludo, aliviando el picor y las molestias. Sus beneficios van m\u00e1s all\u00e1 al dejar el cabello suave, flexible y con un brillo saludable. Su f\u00f3rmula, que combina un 1% de disulfuro de selenio para tratar la caspa y la dermatitis seborreica, junto con un 1% de \u00e1cido salic\u00edlico para eliminar las escamas del cuero cabelludo, garantiza un cuidado completo y efectivo para un cuero cabelludo saludable y un cabello radiante.<\/p>\n\n\n    <a class='product' target='_blank' href='https:\/\/www.primor.eu\/es_es\/vichy-dercos-technique-ecorefill-champu-anticaspa-para-cabello-normal-o-graso-77795.html'>\r\n        <img loading='async' src='https:\/\/cdn2.primor.eu\/media\/catalog\/product\/cache\/8d3aba296f7a18b5251ee30fa5db42b2\/V\/i\/Vichy_Product_Haircare_Dercos_Anti_Dandruff_Normal_to_Oily_Hair_Shampoo_Refill__bcf6.jpg' alt='COMPRAR AHORA'>\r\n            <div class=\"claim\">\r\n                COMPRAR AHORA            <\/div>\r\n        <\/a>\r\n    \n\n\n\n<h3 class=\"wp-block-heading\">Champ\u00fa de Cebolla de Nuggela &amp; Sul\u00e9<\/h3>\n\n\n\n<p>El Champ\u00fa de Cebolla de Nuggela &amp; Sul\u00e9 representa un avance revolucionario en el cuidado capilar, enriquecido con extracto de cebolla roja, gluc\u00f3geno marino y sales del Mar Muerto. Esta f\u00f3rmula \u00fanica combina la innovaci\u00f3n de la tecnolog\u00eda moderna con los beneficios tradicionales de la cebolla en el cuidado del cabello.&nbsp;<\/p>\n\n\n\n<p>Promueve un r\u00e1pido crecimiento del cabello, regulando las gl\u00e1ndulas seborreicas para combatir el exceso de sebo en cabellos grasos, eliminando la caspa y retrasando la aparici\u00f3n prematura de canas. Adem\u00e1s, ejerce una acci\u00f3n antica\u00edda beneficiosa y aporta brillo, suavidad y fortaleza al cabello, mejorando su aspecto y nutrici\u00f3n. A pesar de contener cebolla, no deja olor residual y puede usarse a diario.<\/p>\n\n\n    <a class='product' target='_blank' href='https:\/\/www.primor.eu\/es_es\/nuggela-sule-champu-premium-n-1-105905.html?#854=66338'>\r\n        <img loading='async' src='https:\/\/cdn2.primor.eu\/media\/catalog\/product\/cache\/8d3aba296f7a18b5251ee30fa5db42b2\/8\/4\/8437014761009_a7eb.jpg' alt='COMPRAR AHORA'>\r\n            <div class=\"claim\">\r\n                COMPRAR AHORA            <\/div>\r\n        <\/a>\r\n    \n\n\n\n<h3 class=\"wp-block-heading\">Champ\u00fa Cabello Graso de Apivita<\/h3>\n\n\n\n<p>Limpia eficazmente respetando la flora natural del cuero cabelludo con agente limpiadores suaves. Regula el exceso de grasa gracias a la acci\u00f3n de los extractos de prop\u00f3leo y tomillo. Mantiene el cabello hidratado de forma natural, dej\u00e1ndolo suave y sano con el complejo APISHIELD SH y el pantenol. Aporta una agradable sensaci\u00f3n de frescura al cabello sin apelmazarlo, con aceites esenciales org\u00e1nicos de menta, lim\u00f3n y tomillo.<\/p>\n\n\n\n<p>El agua de esta f\u00f3rmula ha sido reemplazada por una infusi\u00f3n t\u00f3nica y antiedad de romero org\u00e1nico griego.<\/p>\n\n\n    <a class='product' target='_blank' href='https:\/\/www.primor.eu\/es_es\/apivita-champu-cabello-graso-10393.html'>\r\n        <img loading='async' src='https:\/\/cdn2.primor.eu\/media\/catalog\/product\/cache\/8d3aba296f7a18b5251ee30fa5db42b2\/5\/2\/5201279080426_3bc0.jpg' alt='COMPRAR AHORA'>\r\n            <div class=\"claim\">\r\n                COMPRAR AHORA            <\/div>\r\n        <\/a>\r\n    \n\n\n<div class=\"kk-star-ratings kksr-auto kksr-align-center kksr-valign-bottom\"\n    data-payload='{&quot;align&quot;:&quot;center&quot;,&quot;id&quot;:&quot;88790&quot;,&quot;slug&quot;:&quot;default&quot;,&quot;valign&quot;:&quot;bottom&quot;,&quot;ignore&quot;:&quot;&quot;,&quot;reference&quot;:&quot;auto&quot;,&quot;class&quot;:&quot;&quot;,&quot;count&quot;:&quot;37&quot;,&quot;legendonly&quot;:&quot;&quot;,&quot;readonly&quot;:&quot;&quot;,&quot;score&quot;:&quot;3.5&quot;,&quot;starsonly&quot;:&quot;&quot;,&quot;best&quot;:&quot;5&quot;,&quot;gap&quot;:&quot;5&quot;,&quot;greet&quot;:&quot;Valora este art\u00edculo&quot;,&quot;legend&quot;:&quot;3.5\\\/5 - (37 votos)&quot;,&quot;size&quot;:&quot;24&quot;,&quot;title&quot;:&quot;Qu\u00e9 es la dermatitis seborreica y cu\u00e1les son los mejores champ\u00fas para tratarla seg\u00fan expertos&quot;,&quot;width&quot;:&quot;99&quot;,&quot;_legend&quot;:&quot;{score}\\\/{best} - ({count} {votes})&quot;,&quot;font_factor&quot;:&quot;1.25&quot;}'>\n            \n<div class=\"kksr-stars\">\n    \n<div class=\"kksr-stars-inactive\">\n            <div class=\"kksr-star\" data-star=\"1\" style=\"padding-right: 5px\">\n            \n\n<div class=\"kksr-icon\" style=\"width: 24px; height: 24px;\"><\/div>\n        <\/div>\n            <div class=\"kksr-star\" data-star=\"2\" style=\"padding-right: 5px\">\n            \n\n<div class=\"kksr-icon\" style=\"width: 24px; height: 24px;\"><\/div>\n        <\/div>\n            <div class=\"kksr-star\" data-star=\"3\" style=\"padding-right: 5px\">\n            \n\n<div class=\"kksr-icon\" style=\"width: 24px; height: 24px;\"><\/div>\n        <\/div>\n            <div class=\"kksr-star\" data-star=\"4\" style=\"padding-right: 5px\">\n            \n\n<div class=\"kksr-icon\" style=\"width: 24px; height: 24px;\"><\/div>\n        <\/div>\n            <div class=\"kksr-star\" data-star=\"5\" style=\"padding-right: 5px\">\n            \n\n<div class=\"kksr-icon\" style=\"width: 24px; height: 24px;\"><\/div>\n        <\/div>\n    <\/div>\n    \n<div class=\"kksr-stars-active\" style=\"width: 99px;\">\n            <div class=\"kksr-star\" style=\"padding-right: 5px\">\n            \n\n<div class=\"kksr-icon\" style=\"width: 24px; height: 24px;\"><\/div>\n        <\/div>\n            <div class=\"kksr-star\" style=\"padding-right: 5px\">\n            \n\n<div class=\"kksr-icon\" style=\"width: 24px; height: 24px;\"><\/div>\n        <\/div>\n            <div class=\"kksr-star\" style=\"padding-right: 5px\">\n            \n\n<div class=\"kksr-icon\" style=\"width: 24px; height: 24px;\"><\/div>\n        <\/div>\n            <div class=\"kksr-star\" style=\"padding-right: 5px\">\n            \n\n<div class=\"kksr-icon\" style=\"width: 24px; height: 24px;\"><\/div>\n        <\/div>\n            <div class=\"kksr-star\" style=\"padding-right: 5px\">\n            \n\n<div class=\"kksr-icon\" style=\"width: 24px; height: 24px;\"><\/div>\n        <\/div>\n    <\/div>\n<\/div>\n                \n\n<div class=\"kksr-legend\" style=\"font-size: 19.2px;\">\n            3.5\/5 - (37 votos)    <\/div>\n    <\/div>\n","protected":false},"excerpt":{"rendered":"<p>Has o\u00eddo hablar de ella, quiz\u00e1s la tienes o quiz\u00e1s conoces a alguien que la haya pasado. La dermatitis seborreica es molesta, pica y hay que ponerle soluci\u00f3n. Hoy hablamos de una de las formas m\u00e1s comunes, los mejores champ\u00fas para la dermatitis seborreica.&nbsp; Qu\u00e9 es la dermatitis seborreica La dermatitis seborreica es una afecci\u00f3n [&hellip;]<\/p>\n","protected":false},"author":14,"featured_media":88794,"comment_status":"closed","ping_status":"closed","sticky":false,"template":"","format":"standard","meta":{"jnews-multi-image_gallery":[],"jnews_single_post":{"subtitle":"","format":"standard","video":"","gallery":"","source_name":"","source_url":"","via_name":"","via_url":"","override_template":"0","override":[{"template":"1","single_blog_custom":"","parallax":"1","fullscreen":"1","layout":"right-sidebar","sidebar":"home-2","second_sidebar":"default-sidebar","sticky_sidebar":"0","share_position":"float","share_float_style":"share-monocrhome","show_share_counter":"0","show_view_counter":"0","show_featured":"1","show_post_meta":"1","show_post_author":"0","show_post_author_image":"1","show_post_date":"1","post_date_format":"default","post_date_format_custom":"Y\/m\/d","show_post_category":"1","show_post_reading_time":"0","post_reading_time_wpm":"300","show_zoom_button":"0","zoom_button_out_step":"2","zoom_button_in_step":"3","show_post_tag":"0","show_prev_next_post":"0","show_popup_post":"0","number_popup_post":"2","show_author_box":"0","show_post_related":"0","show_inline_post_related":"1"}],"override_image_size":"0","image_override":[{"single_post_thumbnail_size":"no-crop","single_post_gallery_size":"crop-500"}],"trending_post":"0","trending_post_position":"meta","trending_post_label":"Trending","sponsored_post":"0","sponsored_post_label":"Sponsored by","sponsored_post_name":"","sponsored_post_url":"","sponsored_post_logo_enable":"0","sponsored_post_logo":"","sponsored_post_desc":"","disable_ad":"0"},"jnews_primary_category":{"id":"","hide":""},"jnews_social_meta":{"fb_title":"","fb_description":"","fb_image":"","twitter_title":"","twitter_description":"","twitter_image":""},"jnews_override_counter":{"override_view_counter":"0","view_counter_number":"0","override_share_counter":"0","share_counter_number":"0","override_like_counter":"0","like_counter_number":"0","override_dislike_counter":"0","dislike_counter_number":"0"},"footnotes":""},"categories":[35],"tags":[],"class_list":["post-88790","post","type-post","status-publish","format-standard","has-post-thumbnail","hentry","category-cabello"],"_links":{"self":[{"href":"https:\/\/www.primor.eu\/blog\/wp-json\/wp\/v2\/posts\/88790","targetHints":{"allow":["GET"]}}],"collection":[{"href":"https:\/\/www.primor.eu\/blog\/wp-json\/wp\/v2\/posts"}],"about":[{"href":"https:\/\/www.primor.eu\/blog\/wp-json\/wp\/v2\/types\/post"}],"author":[{"embeddable":true,"href":"https:\/\/www.primor.eu\/blog\/wp-json\/wp\/v2\/users\/14"}],"replies":[{"embeddable":true,"href":"https:\/\/www.primor.eu\/blog\/wp-json\/wp\/v2\/comments?post=88790"}],"version-history":[{"count":5,"href":"https:\/\/www.primor.eu\/blog\/wp-json\/wp\/v2\/posts\/88790\/revisions"}],"predecessor-version":[{"id":133899,"href":"https:\/\/www.primor.eu\/blog\/wp-json\/wp\/v2\/posts\/88790\/revisions\/133899"}],"wp:featuredmedia":[{"embeddable":true,"href":"https:\/\/www.primor.eu\/blog\/wp-json\/wp\/v2\/media\/88794"}],"wp:attachment":[{"href":"https:\/\/www.primor.eu\/blog\/wp-json\/wp\/v2\/media?parent=88790"}],"wp:term":[{"taxonomy":"category","embeddable":true,"href":"https:\/\/www.primor.eu\/blog\/wp-json\/wp\/v2\/categories?post=88790"},{"taxonomy":"post_tag","embeddable":true,"href":"https:\/\/www.primor.eu\/blog\/wp-json\/wp\/v2\/tags?post=88790"}],"curies":[{"name":"wp","href":"https:\/\/api.w.org\/{rel}","templated":true}]}}