{"id":88582,"date":"2025-02-03T11:46:05","date_gmt":"2025-02-03T11:46:05","guid":{"rendered":"https:\/\/www.primor.eu\/blog\/?p=88582"},"modified":"2025-02-03T11:46:06","modified_gmt":"2025-02-03T11:46:06","slug":"incorporar-primer-unas-manicura","status":"publish","type":"post","link":"https:\/\/www.primor.eu\/blog\/incorporar-primer-unas-manicura\/","title":{"rendered":"C\u00f3mo incorporar el primer de u\u00f1as a tu manicura"},"content":{"rendered":"\n<p>A la hora de hacerte la <strong>manicura en casa, <\/strong>adem\u00e1s de contar con las <a href=\"https:\/\/www.primor.eu\/blog\/unas-decoradas-sencillas-y-elegantes\/\">mejores ideas para u\u00f1as<\/a> (sencillas y elegantes) es necesario saber <strong>c\u00f3mo cuidarlas<\/strong> y qu\u00e9 productos necesitas para que crezcan <strong>sanas<\/strong>, <strong>fuertes<\/strong> y <strong>saludables<\/strong>. Hoy hablamos de los <strong>primer para u\u00f1as<\/strong> y c\u00f3mo incorporarlos.<\/p>\n\n\n\n<h2 class=\"wp-block-heading\">Qu\u00e9 es un primer para u\u00f1as y para qu\u00e9 sirve<\/h2>\n\n\n\n<p>El <strong>\"primer de u\u00f1as<\/strong>\" es un producto utilizado en el proceso de manicura, especialmente en la aplicaci\u00f3n de <strong>u\u00f1as acr\u00edlicas<\/strong> o de <strong>gel<\/strong>. Se aplica antes de colocar el acr\u00edlico o el gel sobre la u\u00f1a natural. Su <strong>funci\u00f3n principal<\/strong> es preparar la superficie de la u\u00f1a para una mejor adherencia del producto acr\u00edlico o de gel, mejorando as\u00ed la durabilidad del dise\u00f1o y evitando que se despegue o se levante.<\/p>\n\n\n\n<p>El primer de u\u00f1as generalmente <strong>contiene ingredientes que deshidratan<\/strong> levemente la u\u00f1a natural, eliminando la humedad y los aceites que pueden dificultar la adherencia del acr\u00edlico o del gel. Este paso es esencial para <strong>mejorar la adhesi\u00f3n<\/strong> y <strong>durabilidad<\/strong> de las u\u00f1as postizas y asegurar que el dise\u00f1o se mantenga intacto durante un per\u00edodo de tiempo m\u00e1s prolongado.<\/p>\n\n\n\n<p>Es <strong>importante<\/strong> seguir las instrucciones del fabricante al utilizar el primer de u\u00f1as para asegurar su correcta aplicaci\u00f3n y maximizar su eficacia en la preparaci\u00f3n de las u\u00f1as naturales para la aplicaci\u00f3n de acr\u00edlico o gel.<\/p>\n\n\n\n<h2 class=\"wp-block-heading\">C\u00f3mo usar el primer u\u00f1as<\/h2>\n\n\n\n<p>Insistimos, el primer para u\u00f1as se usa como una capa preparatoria antes de aplicar el esmalte de u\u00f1as o el gel para mejorar la adherencia y durabilidad del esmaltado. Por tanto, es <strong>importante<\/strong> seguir unos pasos para garantizar su <strong>duraci\u00f3n<\/strong>:<\/p>\n\n\n\n<ul class=\"wp-block-list\">\n<li><strong>Prepara tus u\u00f1as.<\/strong> Antes de aplicar el primer, aseg\u00farate de que tus u\u00f1as est\u00e9n limpias y secas. Limar, dar forma y retirar cualquier resto de esmalte previo son pasos importantes.<\/li>\n\n\n\n<li><a href=\"https:\/\/www.primor.eu\/blog\/deshidratador-unas-que-es-usos\/\"><strong>Desengrasar las u\u00f1as<\/strong><\/a><strong>.<\/strong> Utiliza un limpiador espec\u00edfico para u\u00f1as o un algod\u00f3n empapado en quitaesmalte para eliminar cualquier rastro de aceites o residuos que puedan estar en la superficie de las u\u00f1as. Aseg\u00farate de que est\u00e9n completamente secas antes de aplicar el primer.<\/li>\n\n\n\n<li><strong>Aplica el primer,<\/strong> y para ello:\n<ul class=\"wp-block-list\">\n<li>Toma el primer para u\u00f1as con el pincel aplicador. Se suele usar una peque\u00f1a cantidad.<\/li>\n\n\n\n<li>Aplica una fina capa de primer sobre toda la superficie de las u\u00f1as naturales. Es esencial no excederse con la cantidad, ya que una capa delgada es suficiente para preparar la u\u00f1a.<\/li>\n<\/ul>\n<\/li>\n\n\n\n<li><strong>Deja secar.<\/strong> Permite que el primer se seque completamente antes de continuar con el siguiente paso. Esto suele tomar unos minutos.<\/li>\n\n\n\n<li><strong>Contin\u00faa con el esmalte o gel.<\/strong> Una vez que el primer est\u00e9 completamente seco, contin\u00faa con el esmalte de u\u00f1as o gel que desees aplicar. Si necesitas ideas, estas son<a href=\"https:\/\/www.primor.eu\/blog\/ideas-manicura-unas-verde-agua\/\"> algunas de nuestras favoritas<\/a>.&nbsp;<\/li>\n\n\n\n<li><strong>Sellado final.<\/strong> Despu\u00e9s de haber aplicado el esmalte o gel y una vez que estos est\u00e9n completamente secos, puedes sellar el acabado con un top coat para brillo y protecci\u00f3n adicional.<\/li>\n<\/ul>\n\n\n\n<h2 class=\"wp-block-heading\">\u00bfEs lo mismo un primer para u\u00f1as que un top coat?<\/h2>\n\n\n\n<p>No, un \"primer para u\u00f1as\" y un \"top coat\" <strong>son dos productos diferentes<\/strong> utilizados en el cuidado y la manicura de las u\u00f1as, cada uno con funciones distintas:<\/p>\n\n\n\n<ul class=\"wp-block-list\">\n<li><strong>Primer para u\u00f1as.<\/strong> Es un producto utilizado antes de aplicar el esmalte de u\u00f1as o el gel. Su funci\u00f3n principal es preparar la superficie de la u\u00f1a natural para mejorar la adhesi\u00f3n del esmalte o del gel. Ayuda a eliminar aceites naturales y residuos de la u\u00f1a, creando una superficie \u00e1spera que facilita la adherencia del esmalte y mejora su durabilidad.<\/li>\n\n\n\n<li><a href=\"https:\/\/www.primor.eu\/es_es\/top-coats-y-base-coats\"><strong>Top coat<\/strong><\/a><strong>.<\/strong> Es un esmalte transparente que se aplica sobre el esmalte de color para protegerlo y a\u00f1adir brillo. El top coat act\u00faa como una capa final que sella y protege el esmalte, proporcionando un acabado brillante y evitando que el color se desgaste, se raye o se astille f\u00e1cilmente. Adem\u00e1s de proporcionar brillo, algunos top coats tambi\u00e9n tienen propiedades de secado r\u00e1pido para acelerar el tiempo de secado del esmalte.<\/li>\n<\/ul>\n\n\n<div class=\"kk-star-ratings kksr-auto kksr-align-center kksr-valign-bottom\"\n    data-payload='{&quot;align&quot;:&quot;center&quot;,&quot;id&quot;:&quot;88582&quot;,&quot;slug&quot;:&quot;default&quot;,&quot;valign&quot;:&quot;bottom&quot;,&quot;ignore&quot;:&quot;&quot;,&quot;reference&quot;:&quot;auto&quot;,&quot;class&quot;:&quot;&quot;,&quot;count&quot;:&quot;3&quot;,&quot;legendonly&quot;:&quot;&quot;,&quot;readonly&quot;:&quot;&quot;,&quot;score&quot;:&quot;4.7&quot;,&quot;starsonly&quot;:&quot;&quot;,&quot;best&quot;:&quot;5&quot;,&quot;gap&quot;:&quot;5&quot;,&quot;greet&quot;:&quot;Valora este art\u00edculo&quot;,&quot;legend&quot;:&quot;4.7\\\/5 - (3 votos)&quot;,&quot;size&quot;:&quot;24&quot;,&quot;title&quot;:&quot;C\u00f3mo incorporar el primer de u\u00f1as a tu manicura&quot;,&quot;width&quot;:&quot;133.8&quot;,&quot;_legend&quot;:&quot;{score}\\\/{best} - ({count} {votes})&quot;,&quot;font_factor&quot;:&quot;1.25&quot;}'>\n            \n<div class=\"kksr-stars\">\n    \n<div class=\"kksr-stars-inactive\">\n            <div class=\"kksr-star\" data-star=\"1\" style=\"padding-right: 5px\">\n            \n\n<div class=\"kksr-icon\" style=\"width: 24px; height: 24px;\"><\/div>\n        <\/div>\n            <div class=\"kksr-star\" data-star=\"2\" style=\"padding-right: 5px\">\n            \n\n<div class=\"kksr-icon\" style=\"width: 24px; height: 24px;\"><\/div>\n        <\/div>\n            <div class=\"kksr-star\" data-star=\"3\" style=\"padding-right: 5px\">\n            \n\n<div class=\"kksr-icon\" style=\"width: 24px; height: 24px;\"><\/div>\n        <\/div>\n            <div class=\"kksr-star\" data-star=\"4\" style=\"padding-right: 5px\">\n            \n\n<div class=\"kksr-icon\" style=\"width: 24px; height: 24px;\"><\/div>\n        <\/div>\n            <div class=\"kksr-star\" data-star=\"5\" style=\"padding-right: 5px\">\n            \n\n<div class=\"kksr-icon\" style=\"width: 24px; height: 24px;\"><\/div>\n        <\/div>\n    <\/div>\n    \n<div class=\"kksr-stars-active\" style=\"width: 133.8px;\">\n            <div class=\"kksr-star\" style=\"padding-right: 5px\">\n            \n\n<div class=\"kksr-icon\" style=\"width: 24px; height: 24px;\"><\/div>\n        <\/div>\n            <div class=\"kksr-star\" style=\"padding-right: 5px\">\n            \n\n<div class=\"kksr-icon\" style=\"width: 24px; height: 24px;\"><\/div>\n        <\/div>\n            <div class=\"kksr-star\" style=\"padding-right: 5px\">\n            \n\n<div class=\"kksr-icon\" style=\"width: 24px; height: 24px;\"><\/div>\n        <\/div>\n            <div class=\"kksr-star\" style=\"padding-right: 5px\">\n            \n\n<div class=\"kksr-icon\" style=\"width: 24px; height: 24px;\"><\/div>\n        <\/div>\n            <div class=\"kksr-star\" style=\"padding-right: 5px\">\n            \n\n<div class=\"kksr-icon\" style=\"width: 24px; height: 24px;\"><\/div>\n        <\/div>\n    <\/div>\n<\/div>\n                \n\n<div class=\"kksr-legend\" style=\"font-size: 19.2px;\">\n            4.7\/5 - (3 votos)    <\/div>\n    <\/div>\n","protected":false},"excerpt":{"rendered":"<p>A la hora de hacerte la manicura en casa, adem\u00e1s de contar con las mejores ideas para u\u00f1as (sencillas y elegantes) es necesario saber c\u00f3mo cuidarlas y qu\u00e9 productos necesitas para que crezcan sanas, fuertes y saludables. Hoy hablamos de los primer para u\u00f1as y c\u00f3mo incorporarlos. Qu\u00e9 es un primer para u\u00f1as y para [&hellip;]<\/p>\n","protected":false},"author":14,"featured_media":88583,"comment_status":"closed","ping_status":"closed","sticky":false,"template":"","format":"standard","meta":{"jnews-multi-image_gallery":[],"jnews_single_post":{"subtitle":"","format":"standard","video":"","gallery":"","source_name":"","source_url":"","via_name":"","via_url":"","override_template":"0","override":[{"template":"1","single_blog_custom":"","parallax":"1","fullscreen":"1","layout":"right-sidebar","sidebar":"home-2","second_sidebar":"default-sidebar","sticky_sidebar":"0","share_position":"float","share_float_style":"share-monocrhome","show_share_counter":"0","show_view_counter":"0","show_featured":"1","show_post_meta":"1","show_post_author":"0","show_post_author_image":"1","show_post_date":"1","post_date_format":"default","post_date_format_custom":"Y\/m\/d","show_post_category":"1","show_post_reading_time":"0","post_reading_time_wpm":"300","show_zoom_button":"0","zoom_button_out_step":"2","zoom_button_in_step":"3","show_post_tag":"0","show_prev_next_post":"0","show_popup_post":"0","number_popup_post":"2","show_author_box":"0","show_post_related":"0","show_inline_post_related":"1"}],"override_image_size":"0","image_override":[{"single_post_thumbnail_size":"no-crop","single_post_gallery_size":"crop-500"}],"trending_post":"0","trending_post_position":"meta","trending_post_label":"Trending","sponsored_post":"0","sponsored_post_label":"Sponsored by","sponsored_post_name":"","sponsored_post_url":"","sponsored_post_logo_enable":"0","sponsored_post_logo":"","sponsored_post_desc":"","disable_ad":"0"},"jnews_primary_category":{"id":"","hide":""},"jnews_social_meta":{"fb_title":"","fb_description":"","fb_image":"","twitter_title":"","twitter_description":"","twitter_image":""},"jnews_override_counter":{"override_view_counter":"0","view_counter_number":"0","override_share_counter":"0","share_counter_number":"0","override_like_counter":"0","like_counter_number":"0","override_dislike_counter":"0","dislike_counter_number":"0"},"footnotes":""},"categories":[1831,41],"tags":[],"class_list":["post-88582","post","type-post","status-publish","format-standard","has-post-thumbnail","hentry","category-manicuras","category-maquillaje"],"_links":{"self":[{"href":"https:\/\/www.primor.eu\/blog\/wp-json\/wp\/v2\/posts\/88582","targetHints":{"allow":["GET"]}}],"collection":[{"href":"https:\/\/www.primor.eu\/blog\/wp-json\/wp\/v2\/posts"}],"about":[{"href":"https:\/\/www.primor.eu\/blog\/wp-json\/wp\/v2\/types\/post"}],"author":[{"embeddable":true,"href":"https:\/\/www.primor.eu\/blog\/wp-json\/wp\/v2\/users\/14"}],"replies":[{"embeddable":true,"href":"https:\/\/www.primor.eu\/blog\/wp-json\/wp\/v2\/comments?post=88582"}],"version-history":[{"count":1,"href":"https:\/\/www.primor.eu\/blog\/wp-json\/wp\/v2\/posts\/88582\/revisions"}],"predecessor-version":[{"id":88584,"href":"https:\/\/www.primor.eu\/blog\/wp-json\/wp\/v2\/posts\/88582\/revisions\/88584"}],"wp:featuredmedia":[{"embeddable":true,"href":"https:\/\/www.primor.eu\/blog\/wp-json\/wp\/v2\/media\/88583"}],"wp:attachment":[{"href":"https:\/\/www.primor.eu\/blog\/wp-json\/wp\/v2\/media?parent=88582"}],"wp:term":[{"taxonomy":"category","embeddable":true,"href":"https:\/\/www.primor.eu\/blog\/wp-json\/wp\/v2\/categories?post=88582"},{"taxonomy":"post_tag","embeddable":true,"href":"https:\/\/www.primor.eu\/blog\/wp-json\/wp\/v2\/tags?post=88582"}],"curies":[{"name":"wp","href":"https:\/\/api.w.org\/{rel}","templated":true}]}}