{"id":88570,"date":"2023-11-06T07:28:33","date_gmt":"2023-11-06T07:28:33","guid":{"rendered":"https:\/\/www.primor.eu\/blog\/?p=88570"},"modified":"2025-02-27T14:11:25","modified_gmt":"2025-02-27T14:11:25","slug":"mejores-tintes-cabello-gris-plata","status":"publish","type":"post","link":"https:\/\/www.primor.eu\/blog\/mejores-tintes-cabello-gris-plata\/","title":{"rendered":"C\u00f3mo puedes conseguir un precioso gris plata en tu cabello con estos tintes"},"content":{"rendered":"\n<p>Hoy en d\u00eda los looks son muy <strong>cambiantes<\/strong> y si buscas un <strong>aspecto moderno<\/strong> y a la moda, quiz\u00e1s est\u00e1s pensado en llevar el<strong> pelo rosa<\/strong> (el cual puedes conseguir con <a href=\"https:\/\/www.primor.eu\/blog\/pelo-rosa-tintes-mantenimiento\/\">alguno de estos tintes<\/a>), o quiz\u00e1s piensas que los <a href=\"https:\/\/www.primor.eu\/blog\/como-cuidar-pelo-rubio\/\">rubios<\/a> son tu <strong>mejor aliado<\/strong>. Pero lo cierto es que cualquier experto coincide en que, tanto si buscas envejecer bien, como si quieres un look atrevido que deje huella all\u00e1 donde vaya, lo \u00fanico que necesitas es usar alguno de los <strong>mejores tintes gris de color plata.<\/strong><\/p>\n\n\n\n<h2 class=\"wp-block-heading\">C\u00f3mo me ti\u00f1o el pelo de gris<\/h2>\n\n\n\n<p>Ten en cuenta que te\u00f1irte el pelo de gris incluye una decoloraci\u00f3n, por lo que, si vas a te\u00f1irte el pelo en casa, estos son los pasos que debes seguir:<\/p>\n\n\n\n<ul class=\"wp-block-list\">\n<li><strong>Preparaci\u00f3n del cabello<\/strong>. Aseg\u00farate de que tu cabello est\u00e9 en buenas condiciones antes de te\u00f1irlo. Si est\u00e1 da\u00f1ado, considera aplicar alg\u00fan tratamientopara fortalecerlo antes del proceso de coloraci\u00f3n.<\/li>\n\n\n\n<li><a href=\"https:\/\/www.primor.eu\/es_es\/decolorantes-para-el-pelo\"><strong>Decoloraci\u00f3n<\/strong><\/a>. Como os anticip\u00e1bamos, el cabello generalmente debe aclararse a un tono muy claro para lograr el gris plata. Esto implica decolorar el cabello para eliminar los pigmentos naturales. Dependiendo del tono de tu cabello actual, es posible que necesites varias sesiones de decoloraci\u00f3n para alcanzar un tono lo suficientemente claro.<\/li>\n\n\n\n<li><strong>Tono gris.<\/strong> Una vez que el cabello est\u00e9 lo suficientemente claro, se aplica el tono gris plata. Puedes lograr este tono utilizando tintes espec\u00edficos para cabello gris o plata que est\u00e9n disponibles en tiendas de suministros de belleza. Aseg\u00farate de seguir las instrucciones del producto y hacer una prueba de mech\u00f3n para verificar el color antes de aplicarlo en todo el cabello.<\/li>\n\n\n\n<li><strong>Mantenimiento del color<\/strong>. El cabello gris plata tiende a desvanecerse con el tiempo. Para mantenerlo fresco, es recomendable usar champ\u00fas y acondicionadores espec\u00edficos para cabello te\u00f1ido que ayuden a mantener el color por m\u00e1s tiempo. Adem\u00e1s, evita lavar el cabello con agua caliente, ya que esto puede acelerar la p\u00e9rdida de color.<\/li>\n\n\n\n<li><strong>Cuidado posterior<\/strong>. Despu\u00e9s de la coloraci\u00f3n, es esencial cuidar tu cabello para mantener su salud. Usa tratamientos acondicionadores y mascarillas para nutrirlo, ya que la decoloraci\u00f3n puede debilitar la estructura del cabello.<\/li>\n<\/ul>\n\n\n\n<h2 class=\"wp-block-heading\">La moda del cabello gris plata<\/h2>\n\n\n\n<p>La moda de llevar el pelo de color gris plata es para muchas mujeres algo pr\u00e1ctico. Y es que cuando aparecen las canas, una de las formas m\u00e1s elegantes de lucir su cabello al natural es dej\u00e1ndolas as\u00ed. Lo que pasa es que a veces, sobre todo cuando se est\u00e1 dejando de usar tinte para lucir las canas o cuando hay partes del cabello en las que hay menos canas, un tinte ayuda a matizar y a que todo quede homog\u00e9neo. <\/p>\n\n\n\n<p>No obstante, este no es el \u00fanico motivo de que est\u00e9 de moda llevar el cabello gris plata. Elegir este tono es sin duda una se\u00f1a de identidad y de sofisticaci\u00f3n y puede indicar madurez en quien lo lleva. <\/p>\n\n\n\n<h2 class=\"wp-block-heading\">Los mejores tintes de color gris plata<\/h2>\n\n\n        <product-table class=\"pr-slider\">\r\n            <product-headers class=\"grid-table-rows\">\r\n                <div>Foto<\/div>\r\n                <div>Producto<\/div>\r\n                <div>Marca<\/div>\r\n                <div>Valoraciones<\/div>\r\n                <div>Precio<\/div>\r\n            <\/product-headers>\r\n\r\n            <product-list>\r\n                                    <a href=\"https:\/\/www.primor.eu\/es_es\/palette-intensive-creme-color-permanente-113079.html?#755=40065\" class=\"product-item grid-table-rows\" target=\"_blank\">\r\n                        <div>\r\n                            <img decoding=\"async\" class=\"product-img\" width=\"80px\" height=\"80px\" src=\"https:\/\/cdn2.primor.eu\/media\/catalog\/product\/cache\/8d3aba296f7a18b5251ee30fa5db42b2\/8\/4\/8410436248136_6_1_Rubio_Oscuro_Ceniza__CS__Front_0727.jpg\" alt=\"Intensive Creme Color Permanente\">\r\n                        <\/div>\r\n\r\n                        <!-- Contenido de producto  -->\r\n                        <div>\r\n                            <div class=\"product-position\">\r\n                                #1 Top Ventas                            <\/div>\r\n\r\n                            <h2>\r\n                                Intensive Creme Color Permanente                            <\/h2>\r\n                        <\/div>\r\n\r\n                        <!-- Imagen y\/o nombre de la marca -->\r\n                        <div>\r\n                                                            <img decoding=\"async\" width=\"70\" src=\"https:\/\/www.primor.eu\/media\/catalog\/category\/Palette.jpg\" alt=\"Palette\">\r\n                                                    <\/div>\r\n\r\n                        <!-- Puntuaci\u00f3n del producto  -->\r\n                        <div class=\"rating\">\r\n                                                            <div class=\"rate\" style=\"--p:94;\"><\/div>\r\n                                <b>4.7\/5<\/b>\r\n                                <div class=\"rate-stars\">\r\n                                                                            <div\r\n                                            class=\"rate-star  \">\r\n                                        <\/div>\r\n                                                                            <div\r\n                                            class=\"rate-star  \">\r\n                                        <\/div>\r\n                                                                            <div\r\n                                            class=\"rate-star  \">\r\n                                        <\/div>\r\n                                                                            <div\r\n                                            class=\"rate-star  \">\r\n                                        <\/div>\r\n                                                                            <div\r\n                                            class=\"rate-star  \">\r\n                                        <\/div>\r\n                                                                    <\/div>\r\n                                                    <\/div>\r\n\r\n                        <!-- Bot\u00f3n de producto  -->\r\n                        <div>\r\n                            <span class=\"price-claim\">\r\n                                VER PRECIO                            <\/span>\r\n                        <\/div>\r\n                    <\/a>\r\n                                    <a href=\"https:\/\/www.primor.eu\/es_es\/palette-palette-naturals-coloracion-permanente-sin-amoniaco-113093.html?#755=39775\" class=\"product-item grid-table-rows\" target=\"_blank\">\r\n                        <div>\r\n                            <img decoding=\"async\" class=\"product-img\" width=\"80px\" height=\"80px\" src=\"https:\/\/cdn2.primor.eu\/media\/catalog\/product\/cache\/8d3aba296f7a18b5251ee30fa5db42b2\/2\/C\/2CT02181_1_ee7c.jpg\" alt=\"Palette Naturals Coloraci\u00f3n Permanente Sin Amoniaco\">\r\n                        <\/div>\r\n\r\n                        <!-- Contenido de producto  -->\r\n                        <div>\r\n                            <div class=\"product-position\">\r\n                                #2                            <\/div>\r\n\r\n                            <h2>\r\n                                Palette Naturals Coloraci\u00f3n Permanente Sin Amoniaco                            <\/h2>\r\n                        <\/div>\r\n\r\n                        <!-- Imagen y\/o nombre de la marca -->\r\n                        <div>\r\n                                                            <img decoding=\"async\" width=\"70\" src=\"https:\/\/www.primor.eu\/media\/catalog\/category\/Palette.jpg\" alt=\"Palette\">\r\n                                                    <\/div>\r\n\r\n                        <!-- Puntuaci\u00f3n del producto  -->\r\n                        <div class=\"rating\">\r\n                                                            <div class=\"rate\" style=\"--p:94;\"><\/div>\r\n                                <b>4.7\/5<\/b>\r\n                                <div class=\"rate-stars\">\r\n                                                                            <div\r\n                                            class=\"rate-star  \">\r\n                                        <\/div>\r\n                                                                            <div\r\n                                            class=\"rate-star  \">\r\n                                        <\/div>\r\n                                                                            <div\r\n                                            class=\"rate-star  \">\r\n                                        <\/div>\r\n                                                                            <div\r\n                                            class=\"rate-star  \">\r\n                                        <\/div>\r\n                                                                            <div\r\n                                            class=\"rate-star  \">\r\n                                        <\/div>\r\n                                                                    <\/div>\r\n                                                    <\/div>\r\n\r\n                        <!-- Bot\u00f3n de producto  -->\r\n                        <div>\r\n                            <span class=\"price-claim\">\r\n                                VER PRECIO                            <\/span>\r\n                        <\/div>\r\n                    <\/a>\r\n                                    <a href=\"https:\/\/www.primor.eu\/es_es\/l-oreal-paris-age-perfect-crema-embellecedora-con-color-113087.html?#755=40357\" class=\"product-item grid-table-rows\" target=\"_blank\">\r\n                        <div>\r\n                            <img decoding=\"async\" class=\"product-img\" width=\"80px\" height=\"80px\" src=\"https:\/\/cdn2.primor.eu\/media\/catalog\/product\/cache\/8d3aba296f7a18b5251ee30fa5db42b2\/2\/C\/2CT02010_1_5dc3.jpg\" alt=\"Age Perfect Crema Embellecedora con Color\">\r\n                        <\/div>\r\n\r\n                        <!-- Contenido de producto  -->\r\n                        <div>\r\n                            <div class=\"product-position\">\r\n                                #3                            <\/div>\r\n\r\n                            <h2>\r\n                                Age Perfect Crema Embellecedora con Color                            <\/h2>\r\n                        <\/div>\r\n\r\n                        <!-- Imagen y\/o nombre de la marca -->\r\n                        <div>\r\n                                                            <img decoding=\"async\" width=\"70\" src=\"https:\/\/www.primor.eu\/media\/catalog\/category\/loreal-paris.png\" alt=\"L Or\u00e9al Par\u00eds\">\r\n                                                    <\/div>\r\n\r\n                        <!-- Puntuaci\u00f3n del producto  -->\r\n                        <div class=\"rating\">\r\n                                                            <div class=\"rate\" style=\"--p:96;\"><\/div>\r\n                                <b>4.8\/5<\/b>\r\n                                <div class=\"rate-stars\">\r\n                                                                            <div\r\n                                            class=\"rate-star  \">\r\n                                        <\/div>\r\n                                                                            <div\r\n                                            class=\"rate-star  \">\r\n                                        <\/div>\r\n                                                                            <div\r\n                                            class=\"rate-star  \">\r\n                                        <\/div>\r\n                                                                            <div\r\n                                            class=\"rate-star  \">\r\n                                        <\/div>\r\n                                                                            <div\r\n                                            class=\"rate-star  \">\r\n                                        <\/div>\r\n                                                                    <\/div>\r\n                                                    <\/div>\r\n\r\n                        <!-- Bot\u00f3n de producto  -->\r\n                        <div>\r\n                            <span class=\"price-claim\">\r\n                                VER PRECIO                            <\/span>\r\n                        <\/div>\r\n                    <\/a>\r\n                            <\/product-list>\r\n        <\/product-table>\r\n\r\n        \n\n\n\n<h3 class=\"wp-block-heading\">Intensive Creme Color de Palette<\/h3>\n\n\n\n<p>Intensive Creme Color Palette es un excepcional tinte de cabello gris plateado, perteneciente a la prestigiosa marca Schwarzkopf, reconocida por su calidad y excelencia en productos capilares. Este producto garantiza un resultado profesional que superar\u00e1 tus expectativas.<\/p>\n\n\n\n<p>Se trata de una crema de coloraci\u00f3n permanente, dotada de pigmentos de color altamente efectivos que te brindar\u00e1n un tono vibrante y radiante, con una durabilidad prolongada de hasta 8 semanas. No obstante, se recomienda realizar un retoque a partir de la cuarta o quinta semana para mantener tu cabello impecable y radiante. Lo mejor es que ofrece una cobertura total del 100% de las canas.<\/p>\n\n\n    <a class='product' target='_blank' href='https:\/\/www.primor.eu\/es_es\/palette-intensive-creme-color-permanente-113079.html?#755=40065'>\r\n        <img loading='async' src='https:\/\/cdn2.primor.eu\/media\/catalog\/product\/cache\/8d3aba296f7a18b5251ee30fa5db42b2\/8\/4\/8410436248136_6_1_Rubio_Oscuro_Ceniza__CS__Front_0727.jpg' alt='COMPRAR AHORA'>\r\n            <div class=\"claim\">\r\n                COMPRAR AHORA            <\/div>\r\n        <\/a>\r\n    \n\n\n\n<h3 class=\"wp-block-heading\">Color Creme Tinte Sin Amoniaco de Palette Naturals <\/h3>\n\n\n\n<p>Es una opci\u00f3n m\u00e1s saludable para un color con aspecto incre\u00edblemente natural y un cabello profundamente cuidado. La crema colorante que contiene ingredientes con propiedades nutritivas y con una mezcla de pigmentos de color armonizada, respeta las alturas naturales del cabello.<\/p>\n\n\n    <a class='product' target='_blank' href='https:\/\/www.primor.eu\/es_es\/palette-palette-naturals-coloracion-permanente-sin-amoniaco-113093.html?#755=39775'>\r\n        <img loading='async' src='https:\/\/cdn2.primor.eu\/media\/catalog\/product\/cache\/8d3aba296f7a18b5251ee30fa5db42b2\/2\/C\/2CT02181_1_ee7c.jpg' alt='COMPRAR AHORA'>\r\n            <div class=\"claim\">\r\n                COMPRAR AHORA            <\/div>\r\n        <\/a>\r\n    \n\n\n\n<h3 class=\"wp-block-heading\">Age Perfect Crema Embellecedora con Color de L'Or\u00e9al Paris<\/h3>\n\n\n\n<p>A\u00f1ade un toque de color natural a tus canas, dejando tu cabello radiante, suave al tacto y f\u00e1cil de peinar. Nuestro tinte para cabello gris no permanente tiene una duraci\u00f3n de 2 a 10 lavados en promedio. Su aplicaci\u00f3n es sencilla, similar a una mascarilla capilar, con un enjuague f\u00e1cil.<\/p>\n\n\n    <a class='product' target='_blank' href='https:\/\/www.primor.eu\/es_es\/l-oreal-paris-age-perfect-crema-embellecedora-con-color-113087.html?#755=40357'>\r\n        <img loading='async' src='https:\/\/cdn2.primor.eu\/media\/catalog\/product\/cache\/8d3aba296f7a18b5251ee30fa5db42b2\/2\/C\/2CT02010_1_5dc3.jpg' alt='COMPRAR AHORA'>\r\n            <div class=\"claim\">\r\n                COMPRAR AHORA            <\/div>\r\n        <\/a>\r\n    \n\n\n<div class=\"kk-star-ratings kksr-auto kksr-align-center kksr-valign-bottom\"\n    data-payload='{&quot;align&quot;:&quot;center&quot;,&quot;id&quot;:&quot;88570&quot;,&quot;slug&quot;:&quot;default&quot;,&quot;valign&quot;:&quot;bottom&quot;,&quot;ignore&quot;:&quot;&quot;,&quot;reference&quot;:&quot;auto&quot;,&quot;class&quot;:&quot;&quot;,&quot;count&quot;:&quot;0&quot;,&quot;legendonly&quot;:&quot;&quot;,&quot;readonly&quot;:&quot;&quot;,&quot;score&quot;:&quot;0&quot;,&quot;starsonly&quot;:&quot;&quot;,&quot;best&quot;:&quot;5&quot;,&quot;gap&quot;:&quot;5&quot;,&quot;greet&quot;:&quot;Valora este art\u00edculo&quot;,&quot;legend&quot;:&quot;0\\\/5 - (0 votos)&quot;,&quot;size&quot;:&quot;24&quot;,&quot;title&quot;:&quot;C\u00f3mo puedes conseguir un precioso gris plata en tu cabello con estos tintes&quot;,&quot;width&quot;:&quot;0&quot;,&quot;_legend&quot;:&quot;{score}\\\/{best} - ({count} {votes})&quot;,&quot;font_factor&quot;:&quot;1.25&quot;}'>\n            \n<div class=\"kksr-stars\">\n    \n<div class=\"kksr-stars-inactive\">\n            <div class=\"kksr-star\" data-star=\"1\" style=\"padding-right: 5px\">\n            \n\n<div class=\"kksr-icon\" style=\"width: 24px; height: 24px;\"><\/div>\n        <\/div>\n            <div class=\"kksr-star\" data-star=\"2\" style=\"padding-right: 5px\">\n            \n\n<div class=\"kksr-icon\" style=\"width: 24px; height: 24px;\"><\/div>\n        <\/div>\n            <div class=\"kksr-star\" data-star=\"3\" style=\"padding-right: 5px\">\n            \n\n<div class=\"kksr-icon\" style=\"width: 24px; height: 24px;\"><\/div>\n        <\/div>\n            <div class=\"kksr-star\" data-star=\"4\" style=\"padding-right: 5px\">\n            \n\n<div class=\"kksr-icon\" style=\"width: 24px; height: 24px;\"><\/div>\n        <\/div>\n            <div class=\"kksr-star\" data-star=\"5\" style=\"padding-right: 5px\">\n            \n\n<div class=\"kksr-icon\" style=\"width: 24px; height: 24px;\"><\/div>\n        <\/div>\n    <\/div>\n    \n<div class=\"kksr-stars-active\" style=\"width: 0px;\">\n            <div class=\"kksr-star\" style=\"padding-right: 5px\">\n            \n\n<div class=\"kksr-icon\" style=\"width: 24px; height: 24px;\"><\/div>\n        <\/div>\n            <div class=\"kksr-star\" style=\"padding-right: 5px\">\n            \n\n<div class=\"kksr-icon\" style=\"width: 24px; height: 24px;\"><\/div>\n        <\/div>\n            <div class=\"kksr-star\" style=\"padding-right: 5px\">\n            \n\n<div class=\"kksr-icon\" style=\"width: 24px; height: 24px;\"><\/div>\n        <\/div>\n            <div class=\"kksr-star\" style=\"padding-right: 5px\">\n            \n\n<div class=\"kksr-icon\" style=\"width: 24px; height: 24px;\"><\/div>\n        <\/div>\n            <div class=\"kksr-star\" style=\"padding-right: 5px\">\n            \n\n<div class=\"kksr-icon\" style=\"width: 24px; height: 24px;\"><\/div>\n        <\/div>\n    <\/div>\n<\/div>\n                \n\n<div class=\"kksr-legend\" style=\"font-size: 19.2px;\">\n            <span class=\"kksr-muted\">Valora este art\u00edculo<\/span>\n    <\/div>\n    <\/div>\n","protected":false},"excerpt":{"rendered":"<p>Hoy en d\u00eda los looks son muy cambiantes y si buscas un aspecto moderno y a la moda, quiz\u00e1s est\u00e1s pensado en llevar el pelo rosa (el cual puedes conseguir con alguno de estos tintes), o quiz\u00e1s piensas que los rubios son tu mejor aliado. Pero lo cierto es que cualquier experto coincide en que, [&hellip;]<\/p>\n","protected":false},"author":14,"featured_media":88573,"comment_status":"closed","ping_status":"closed","sticky":false,"template":"","format":"standard","meta":{"jnews-multi-image_gallery":[],"jnews_single_post":{"subtitle":"","format":"standard","video":"","gallery":"","source_name":"","source_url":"","via_name":"","via_url":"","override_template":"0","override":[{"template":"1","single_blog_custom":"","parallax":"1","fullscreen":"1","layout":"right-sidebar","sidebar":"home-2","second_sidebar":"default-sidebar","sticky_sidebar":"0","share_position":"float","share_float_style":"share-monocrhome","show_share_counter":"0","show_view_counter":"0","show_featured":"1","show_post_meta":"1","show_post_author":"0","show_post_author_image":"1","show_post_date":"1","post_date_format":"default","post_date_format_custom":"Y\/m\/d","show_post_category":"1","show_post_reading_time":"0","post_reading_time_wpm":"300","show_zoom_button":"0","zoom_button_out_step":"2","zoom_button_in_step":"3","show_post_tag":"0","show_prev_next_post":"0","show_popup_post":"0","number_popup_post":"2","show_author_box":"0","show_post_related":"0","show_inline_post_related":"1"}],"override_image_size":"0","image_override":[{"single_post_thumbnail_size":"no-crop","single_post_gallery_size":"crop-500"}],"trending_post":"0","trending_post_position":"meta","trending_post_label":"Trending","sponsored_post":"0","sponsored_post_label":"Sponsored by","sponsored_post_name":"","sponsored_post_url":"","sponsored_post_logo_enable":"0","sponsored_post_logo":"","sponsored_post_desc":"","disable_ad":"0"},"jnews_primary_category":{"id":"","hide":""},"jnews_social_meta":{"fb_title":"","fb_description":"","fb_image":"","twitter_title":"","twitter_description":"","twitter_image":""},"jnews_override_counter":{"override_view_counter":"0","view_counter_number":"0","override_share_counter":"0","share_counter_number":"0","override_like_counter":"0","like_counter_number":"0","override_dislike_counter":"0","dislike_counter_number":"0"},"footnotes":""},"categories":[35],"tags":[],"class_list":["post-88570","post","type-post","status-publish","format-standard","has-post-thumbnail","hentry","category-cabello"],"_links":{"self":[{"href":"https:\/\/www.primor.eu\/blog\/wp-json\/wp\/v2\/posts\/88570","targetHints":{"allow":["GET"]}}],"collection":[{"href":"https:\/\/www.primor.eu\/blog\/wp-json\/wp\/v2\/posts"}],"about":[{"href":"https:\/\/www.primor.eu\/blog\/wp-json\/wp\/v2\/types\/post"}],"author":[{"embeddable":true,"href":"https:\/\/www.primor.eu\/blog\/wp-json\/wp\/v2\/users\/14"}],"replies":[{"embeddable":true,"href":"https:\/\/www.primor.eu\/blog\/wp-json\/wp\/v2\/comments?post=88570"}],"version-history":[{"count":5,"href":"https:\/\/www.primor.eu\/blog\/wp-json\/wp\/v2\/posts\/88570\/revisions"}],"predecessor-version":[{"id":122667,"href":"https:\/\/www.primor.eu\/blog\/wp-json\/wp\/v2\/posts\/88570\/revisions\/122667"}],"wp:featuredmedia":[{"embeddable":true,"href":"https:\/\/www.primor.eu\/blog\/wp-json\/wp\/v2\/media\/88573"}],"wp:attachment":[{"href":"https:\/\/www.primor.eu\/blog\/wp-json\/wp\/v2\/media?parent=88570"}],"wp:term":[{"taxonomy":"category","embeddable":true,"href":"https:\/\/www.primor.eu\/blog\/wp-json\/wp\/v2\/categories?post=88570"},{"taxonomy":"post_tag","embeddable":true,"href":"https:\/\/www.primor.eu\/blog\/wp-json\/wp\/v2\/tags?post=88570"}],"curies":[{"name":"wp","href":"https:\/\/api.w.org\/{rel}","templated":true}]}}