{"id":88427,"date":"2025-02-03T12:44:36","date_gmt":"2025-02-03T12:44:36","guid":{"rendered":"https:\/\/www.primor.eu\/blog\/?p=88427"},"modified":"2025-06-30T06:35:13","modified_gmt":"2025-06-30T06:35:13","slug":"manicura-discreta-color-pastel","status":"publish","type":"post","link":"https:\/\/www.primor.eu\/blog\/manicura-discreta-color-pastel\/","title":{"rendered":"Manicura discreta con colores pastel: 5 ideas que funcionan"},"content":{"rendered":"\n<p>Rom\u00e1nticas, femeninas y elegant\u00edsimas. Si te consideras de esos <strong>esp\u00edritus minimalistas y sencillos<\/strong>, tambi\u00e9n necesitas transmitir todo eso en tus u\u00f1as. En esta \u00e9poca todas buscamos <a href=\"https:\/\/www.primor.eu\/es_es\/decoracion-de-unas-y-nail-art\">ideas para pintarnos las u\u00f1as<\/a> y vernos muy favorecida con una <a href=\"https:\/\/blog.primor.eu\/unas-cortas-decoradas-elegantes-y-sencillas\/\" target=\"_blank\" rel=\"noopener\">manicura elegante, sencilla y bonita<\/a>. En este caso, muchas optan por pintarse las <strong>u\u00f1as de color pastel.<\/strong>&nbsp;<\/p>\n\n\n\n<p>A pesar de que las cl\u00e1sicas se decantan por tonos como el <a href=\"https:\/\/blog.primor.eu\/unas-rojas\/\" target=\"_blank\" rel=\"noopener\">rojo<\/a> o la manicura francesa, y las m\u00e1s modernas prefieren optar por <a href=\"https:\/\/blog.primor.eu\/unas-lila\/\" target=\"_blank\" rel=\"noopener\">u\u00f1as lilas,<\/a> azules o con estampados, el amplio abanico de tonos de estos colores puede sorprenderte (y m\u00e1s de lo que imaginas).<\/p>\n\n\n\n<h2 class=\"wp-block-heading\">Significados de llevar las u\u00f1as pintadas de color pastel<\/h2>\n\n\n\n<p>En moda y dise\u00f1o, los <strong>pasteles <\/strong>han sido popular en diversas \u00e9pocas y se utilizan en ropa, decoraci\u00f3n de interiores para darle un aire na\u00edf y precioso. Son colores vers\u00e1tiles que pueden ser tanto <strong>suaves<\/strong> y delicados como <strong>atemporales<\/strong> y <strong>elegantes<\/strong>, dependiendo de c\u00f3mo se combine y se utilice.<\/p>\n\n\n\n<p>No obstante, como pasa con cualquier color que escojas, <strong>depende<\/strong> de la cultura y el contexto en el que te encuentres. Por lo que, no hay una \u00fanica interpretaci\u00f3n, aunque alguna de las m\u00e1s comunes a la hora de pintarse las u\u00f1as de color color pastel residen:&nbsp;<\/p>\n\n\n\n<ul class=\"wp-block-list\">\n<li><strong>Suavidad y feminidad.<\/strong> Los tonos pastel suelen asociarse con la suavidad, delicadeza y feminidad. Los colores suaves como el rosa claro, lila, celeste o tonos pasteles transmiten una sensaci\u00f3n de ternura y dulzura.<\/li>\n\n\n\n<li><strong>Estilo sutil y discreto.<\/strong> Los colores pastel en las u\u00f1as a menudo sugieren un estilo m\u00e1s discreto y elegante. Son tonos que pueden ser m\u00e1s sutiles y menos llamativos en comparaci\u00f3n con colores m\u00e1s brillantes o intensos.<\/li>\n\n\n\n<li><strong>Inocencia y juventud<\/strong>. Los tonos pastel a menudo evocan una sensaci\u00f3n de inocencia y juventud. Se asocian con un aspecto fresco y juvenil, lo que puede transmitir una imagen amable y amigable.<\/li>\n\n\n\n<li><strong>Elegancia y refinamiento<\/strong>. Dependiendo del tono y la manera en que se llevan, los colores pastel pueden ser elegantes y sofisticados. Un esmalte de u\u00f1as de color pastel, aplicado con cuidado y combinado con un atuendo adecuado, puede a\u00f1adir un toque de refinamiento y elegancia.<\/li>\n\n\n\n<li><strong>Primavera y frescura<\/strong>. Los tonos pastel suelen recordar a la primavera y al renacer. Su aspecto fresco y claro puede transmitir una sensaci\u00f3n de renovaci\u00f3n y vitalidad.<\/li>\n<\/ul>\n\n\n\n<h2 class=\"wp-block-heading\">Ideas para u\u00f1as color pastel sencillas<\/h2>\n\n\n\n<figure class=\"wp-block-image alignwide size-large\"><img decoding=\"async\" width=\"963\" height=\"1024\" src=\"https:\/\/www.primor.eu\/blog\/wp-content\/uploads\/2023\/11\/UNAS-PASTEL-1-963x1024.jpg\" alt=\"Estas son las mejores ideas de u\u00f1as color pastel.\" class=\"wp-image-88402\" srcset=\"https:\/\/www.primor.eu\/blog\/wp-content\/uploads\/2023\/11\/UNAS-PASTEL-1-963x1024.jpg 963w, https:\/\/www.primor.eu\/blog\/wp-content\/uploads\/2023\/11\/UNAS-PASTEL-1-282x300.jpg 282w, https:\/\/www.primor.eu\/blog\/wp-content\/uploads\/2023\/11\/UNAS-PASTEL-1-768x816.jpg 768w, https:\/\/www.primor.eu\/blog\/wp-content\/uploads\/2023\/11\/UNAS-PASTEL-1-750x797.jpg 750w, https:\/\/www.primor.eu\/blog\/wp-content\/uploads\/2023\/11\/UNAS-PASTEL-1.jpg 1080w\" sizes=\"(max-width: 963px) 100vw, 963px\" \/><figcaption class=\"wp-element-caption\">@cloe_bodyspa<\/figcaption><\/figure>\n\n\n\n<h3 class=\"wp-block-heading\">U\u00f1as de color pastel con francesa<\/h3>\n\n\n\n<p>En lugar de la cl\u00e1sica combinaci\u00f3n de blanco y rosa en la manicura francesa, prueba tonos pastel como el lavanda, celeste o verde menta para un giro fresco y suave en esta manicura tradicional.<\/p>\n\n\n\n<figure class=\"wp-block-image alignwide size-large\"><img decoding=\"async\" width=\"819\" height=\"1024\" src=\"https:\/\/www.primor.eu\/blog\/wp-content\/uploads\/2023\/11\/UNAS-PASTEL-2-819x1024.jpg\" alt=\"Estas son las mejores ideas de u\u00f1as color pastel.\" class=\"wp-image-88401\" srcset=\"https:\/\/www.primor.eu\/blog\/wp-content\/uploads\/2023\/11\/UNAS-PASTEL-2-819x1024.jpg 819w, https:\/\/www.primor.eu\/blog\/wp-content\/uploads\/2023\/11\/UNAS-PASTEL-2-240x300.jpg 240w, https:\/\/www.primor.eu\/blog\/wp-content\/uploads\/2023\/11\/UNAS-PASTEL-2-768x960.jpg 768w, https:\/\/www.primor.eu\/blog\/wp-content\/uploads\/2023\/11\/UNAS-PASTEL-2-750x938.jpg 750w, https:\/\/www.primor.eu\/blog\/wp-content\/uploads\/2023\/11\/UNAS-PASTEL-2.jpg 1080w\" sizes=\"(max-width: 819px) 100vw, 819px\" \/><figcaption class=\"wp-element-caption\">@napaznokciach<\/figcaption><\/figure>\n\n\n\n<h3 class=\"wp-block-heading\">U\u00f1as de color pastel marmoladas<\/h3>\n\n\n\n<p>Experimenta con una t\u00e9cnica de efecto m\u00e1rmol utilizando tonos pastel. Mezcla colores como rosa, celeste, o amarillo p\u00e1lido para obtener un dise\u00f1o de m\u00e1rmol suave y elegante.&nbsp;<\/p>\n\n\n\n<figure class=\"wp-block-image alignwide size-large\"><img decoding=\"async\" width=\"1024\" height=\"1024\" src=\"https:\/\/www.primor.eu\/blog\/wp-content\/uploads\/2023\/11\/UNAS-PASTEL-3-1024x1024.jpg\" alt=\"Estas son las mejores ideas de u\u00f1as color pastel.\" class=\"wp-image-88400\" srcset=\"https:\/\/www.primor.eu\/blog\/wp-content\/uploads\/2023\/11\/UNAS-PASTEL-3-1024x1024.jpg 1024w, https:\/\/www.primor.eu\/blog\/wp-content\/uploads\/2023\/11\/UNAS-PASTEL-3-300x300.jpg 300w, https:\/\/www.primor.eu\/blog\/wp-content\/uploads\/2023\/11\/UNAS-PASTEL-3-150x150.jpg 150w, https:\/\/www.primor.eu\/blog\/wp-content\/uploads\/2023\/11\/UNAS-PASTEL-3-768x768.jpg 768w, https:\/\/www.primor.eu\/blog\/wp-content\/uploads\/2023\/11\/UNAS-PASTEL-3-75x75.jpg 75w, https:\/\/www.primor.eu\/blog\/wp-content\/uploads\/2023\/11\/UNAS-PASTEL-3-350x350.jpg 350w, https:\/\/www.primor.eu\/blog\/wp-content\/uploads\/2023\/11\/UNAS-PASTEL-3-750x750.jpg 750w, https:\/\/www.primor.eu\/blog\/wp-content\/uploads\/2023\/11\/UNAS-PASTEL-3.jpg 1080w\" sizes=\"(max-width: 1024px) 100vw, 1024px\" \/><figcaption class=\"wp-element-caption\">@thenailladylincoln<\/figcaption><\/figure>\n\n\n\n<h3 class=\"wp-block-heading\">U\u00f1as de color pastel con formas geom\u00e9tricas<\/h3>\n\n\n\n<p>Experimenta con l\u00edneas y formas geom\u00e9tricas usando colores pastel. Puedes crear l\u00edneas rectas, tri\u00e1ngulos, cuadrados o cualquier otro dise\u00f1o geom\u00e9trico para un aspecto moderno.<\/p>\n\n\n\n<figure class=\"wp-block-image alignwide size-large\"><img decoding=\"async\" width=\"1024\" height=\"1024\" src=\"https:\/\/www.primor.eu\/blog\/wp-content\/uploads\/2023\/11\/UNAS-PASTEL-4-1024x1024.jpg\" alt=\"Estas son las mejores ideas de u\u00f1as color pastel.\" class=\"wp-image-88399\" srcset=\"https:\/\/www.primor.eu\/blog\/wp-content\/uploads\/2023\/11\/UNAS-PASTEL-4-1024x1024.jpg 1024w, https:\/\/www.primor.eu\/blog\/wp-content\/uploads\/2023\/11\/UNAS-PASTEL-4-300x300.jpg 300w, https:\/\/www.primor.eu\/blog\/wp-content\/uploads\/2023\/11\/UNAS-PASTEL-4-150x150.jpg 150w, https:\/\/www.primor.eu\/blog\/wp-content\/uploads\/2023\/11\/UNAS-PASTEL-4-768x768.jpg 768w, https:\/\/www.primor.eu\/blog\/wp-content\/uploads\/2023\/11\/UNAS-PASTEL-4-75x75.jpg 75w, https:\/\/www.primor.eu\/blog\/wp-content\/uploads\/2023\/11\/UNAS-PASTEL-4-350x350.jpg 350w, https:\/\/www.primor.eu\/blog\/wp-content\/uploads\/2023\/11\/UNAS-PASTEL-4-750x750.jpg 750w, https:\/\/www.primor.eu\/blog\/wp-content\/uploads\/2023\/11\/UNAS-PASTEL-4.jpg 1080w\" sizes=\"(max-width: 1024px) 100vw, 1024px\" \/><figcaption class=\"wp-element-caption\">@nailsbymariangel\n<\/figcaption><\/figure>\n\n\n\n<h3 class=\"wp-block-heading\">U\u00f1as de color pastel con detalles minimalistas<\/h3>\n\n\n\n<p>A veces, menos es m\u00e1s. Opta por un dise\u00f1o minimalista utilizando tonos pastel con detalles simples como l\u00edneas delgadas, puntos o peque\u00f1as figuras geom\u00e9tricas para un aspecto elegante y sutil.<\/p>\n\n\n\n<figure class=\"wp-block-image alignwide size-large\"><img decoding=\"async\" width=\"881\" height=\"1024\" src=\"https:\/\/www.primor.eu\/blog\/wp-content\/uploads\/2023\/11\/UNAS-PASTEL-5-881x1024.jpg\" alt=\"Estas son las mejores ideas de u\u00f1as color pastel.\" class=\"wp-image-88441\" srcset=\"https:\/\/www.primor.eu\/blog\/wp-content\/uploads\/2023\/11\/UNAS-PASTEL-5-881x1024.jpg 881w, https:\/\/www.primor.eu\/blog\/wp-content\/uploads\/2023\/11\/UNAS-PASTEL-5-258x300.jpg 258w, https:\/\/www.primor.eu\/blog\/wp-content\/uploads\/2023\/11\/UNAS-PASTEL-5-768x893.jpg 768w, https:\/\/www.primor.eu\/blog\/wp-content\/uploads\/2023\/11\/UNAS-PASTEL-5-750x872.jpg 750w, https:\/\/www.primor.eu\/blog\/wp-content\/uploads\/2023\/11\/UNAS-PASTEL-5.jpg 1080w\" sizes=\"(max-width: 881px) 100vw, 881px\" \/><figcaption class=\"wp-element-caption\">@cosmeticosdelarosa<\/figcaption><\/figure>\n\n\n\n<h3 class=\"wp-block-heading\">U\u00f1as de color pastel cortas<\/h3>\n\n\n\n<p>A pesar de lo que puedas pensar, estos tonos quedan muy bien en las u\u00f1as cortas. Aprovecha y p\u00edntate una de cada color. Quedan fabulosamente bien y son aptas para cualquier ocasi\u00f3n.&nbsp;<\/p>\n\n\n<div class=\"kk-star-ratings kksr-auto kksr-align-center kksr-valign-bottom\"\n    data-payload='{&quot;align&quot;:&quot;center&quot;,&quot;id&quot;:&quot;88427&quot;,&quot;slug&quot;:&quot;default&quot;,&quot;valign&quot;:&quot;bottom&quot;,&quot;ignore&quot;:&quot;&quot;,&quot;reference&quot;:&quot;auto&quot;,&quot;class&quot;:&quot;&quot;,&quot;count&quot;:&quot;1&quot;,&quot;legendonly&quot;:&quot;&quot;,&quot;readonly&quot;:&quot;&quot;,&quot;score&quot;:&quot;5&quot;,&quot;starsonly&quot;:&quot;&quot;,&quot;best&quot;:&quot;5&quot;,&quot;gap&quot;:&quot;5&quot;,&quot;greet&quot;:&quot;Valora este art\u00edculo&quot;,&quot;legend&quot;:&quot;5\\\/5 - (1 voto)&quot;,&quot;size&quot;:&quot;24&quot;,&quot;title&quot;:&quot;Manicura discreta con colores pastel: 5 ideas que funcionan&quot;,&quot;width&quot;:&quot;142.5&quot;,&quot;_legend&quot;:&quot;{score}\\\/{best} - ({count} {votes})&quot;,&quot;font_factor&quot;:&quot;1.25&quot;}'>\n            \n<div class=\"kksr-stars\">\n    \n<div class=\"kksr-stars-inactive\">\n            <div class=\"kksr-star\" data-star=\"1\" style=\"padding-right: 5px\">\n            \n\n<div class=\"kksr-icon\" style=\"width: 24px; height: 24px;\"><\/div>\n        <\/div>\n            <div class=\"kksr-star\" data-star=\"2\" style=\"padding-right: 5px\">\n            \n\n<div class=\"kksr-icon\" style=\"width: 24px; height: 24px;\"><\/div>\n        <\/div>\n            <div class=\"kksr-star\" data-star=\"3\" style=\"padding-right: 5px\">\n            \n\n<div class=\"kksr-icon\" style=\"width: 24px; height: 24px;\"><\/div>\n        <\/div>\n            <div class=\"kksr-star\" data-star=\"4\" style=\"padding-right: 5px\">\n            \n\n<div class=\"kksr-icon\" style=\"width: 24px; height: 24px;\"><\/div>\n        <\/div>\n            <div class=\"kksr-star\" data-star=\"5\" style=\"padding-right: 5px\">\n            \n\n<div class=\"kksr-icon\" style=\"width: 24px; height: 24px;\"><\/div>\n        <\/div>\n    <\/div>\n    \n<div class=\"kksr-stars-active\" style=\"width: 142.5px;\">\n            <div class=\"kksr-star\" style=\"padding-right: 5px\">\n            \n\n<div class=\"kksr-icon\" style=\"width: 24px; height: 24px;\"><\/div>\n        <\/div>\n            <div class=\"kksr-star\" style=\"padding-right: 5px\">\n            \n\n<div class=\"kksr-icon\" style=\"width: 24px; height: 24px;\"><\/div>\n        <\/div>\n            <div class=\"kksr-star\" style=\"padding-right: 5px\">\n            \n\n<div class=\"kksr-icon\" style=\"width: 24px; height: 24px;\"><\/div>\n        <\/div>\n            <div class=\"kksr-star\" style=\"padding-right: 5px\">\n            \n\n<div class=\"kksr-icon\" style=\"width: 24px; height: 24px;\"><\/div>\n        <\/div>\n            <div class=\"kksr-star\" style=\"padding-right: 5px\">\n            \n\n<div class=\"kksr-icon\" style=\"width: 24px; height: 24px;\"><\/div>\n        <\/div>\n    <\/div>\n<\/div>\n                \n\n<div class=\"kksr-legend\" style=\"font-size: 19.2px;\">\n            5\/5 - (1 voto)    <\/div>\n    <\/div>\n","protected":false},"excerpt":{"rendered":"<p>Rom\u00e1nticas, femeninas y elegant\u00edsimas. Si te consideras de esos esp\u00edritus minimalistas y sencillos, tambi\u00e9n necesitas transmitir todo eso en tus u\u00f1as. En esta \u00e9poca todas buscamos ideas para pintarnos las u\u00f1as y vernos muy favorecida con una manicura elegante, sencilla y bonita. En este caso, muchas optan por pintarse las u\u00f1as de color pastel.&nbsp; A [&hellip;]<\/p>\n","protected":false},"author":14,"featured_media":88398,"comment_status":"closed","ping_status":"closed","sticky":false,"template":"","format":"standard","meta":{"jnews-multi-image_gallery":[],"jnews_single_post":{"subtitle":"","format":"standard","video":"","gallery":"","source_name":"","source_url":"","via_name":"","via_url":"","override_template":"0","override":[{"template":"1","single_blog_custom":"","parallax":"1","fullscreen":"1","layout":"right-sidebar","sidebar":"home-2","second_sidebar":"default-sidebar","sticky_sidebar":"0","share_position":"float","share_float_style":"share-monocrhome","show_share_counter":"0","show_view_counter":"0","show_featured":"1","show_post_meta":"1","show_post_author":"0","show_post_author_image":"1","show_post_date":"1","post_date_format":"default","post_date_format_custom":"Y\/m\/d","show_post_category":"1","show_post_reading_time":"0","post_reading_time_wpm":"300","show_zoom_button":"0","zoom_button_out_step":"2","zoom_button_in_step":"3","show_post_tag":"0","show_prev_next_post":"0","show_popup_post":"0","number_popup_post":"2","show_author_box":"0","show_post_related":"0","show_inline_post_related":"1"}],"override_image_size":"0","image_override":[{"single_post_thumbnail_size":"no-crop","single_post_gallery_size":"crop-500"}],"trending_post":"0","trending_post_position":"meta","trending_post_label":"Trending","sponsored_post":"0","sponsored_post_label":"Sponsored by","sponsored_post_name":"","sponsored_post_url":"","sponsored_post_logo_enable":"0","sponsored_post_logo":"","sponsored_post_desc":"","disable_ad":"0"},"jnews_primary_category":{"id":"","hide":""},"jnews_social_meta":{"fb_title":"","fb_description":"","fb_image":"","twitter_title":"","twitter_description":"","twitter_image":""},"jnews_override_counter":{"override_view_counter":"0","view_counter_number":"0","override_share_counter":"0","share_counter_number":"0","override_like_counter":"0","like_counter_number":"0","override_dislike_counter":"0","dislike_counter_number":"0"},"footnotes":""},"categories":[1831,41],"tags":[],"class_list":["post-88427","post","type-post","status-publish","format-standard","has-post-thumbnail","hentry","category-manicuras","category-maquillaje"],"_links":{"self":[{"href":"https:\/\/www.primor.eu\/blog\/wp-json\/wp\/v2\/posts\/88427","targetHints":{"allow":["GET"]}}],"collection":[{"href":"https:\/\/www.primor.eu\/blog\/wp-json\/wp\/v2\/posts"}],"about":[{"href":"https:\/\/www.primor.eu\/blog\/wp-json\/wp\/v2\/types\/post"}],"author":[{"embeddable":true,"href":"https:\/\/www.primor.eu\/blog\/wp-json\/wp\/v2\/users\/14"}],"replies":[{"embeddable":true,"href":"https:\/\/www.primor.eu\/blog\/wp-json\/wp\/v2\/comments?post=88427"}],"version-history":[{"count":6,"href":"https:\/\/www.primor.eu\/blog\/wp-json\/wp\/v2\/posts\/88427\/revisions"}],"predecessor-version":[{"id":128511,"href":"https:\/\/www.primor.eu\/blog\/wp-json\/wp\/v2\/posts\/88427\/revisions\/128511"}],"wp:featuredmedia":[{"embeddable":true,"href":"https:\/\/www.primor.eu\/blog\/wp-json\/wp\/v2\/media\/88398"}],"wp:attachment":[{"href":"https:\/\/www.primor.eu\/blog\/wp-json\/wp\/v2\/media?parent=88427"}],"wp:term":[{"taxonomy":"category","embeddable":true,"href":"https:\/\/www.primor.eu\/blog\/wp-json\/wp\/v2\/categories?post=88427"},{"taxonomy":"post_tag","embeddable":true,"href":"https:\/\/www.primor.eu\/blog\/wp-json\/wp\/v2\/tags?post=88427"}],"curies":[{"name":"wp","href":"https:\/\/api.w.org\/{rel}","templated":true}]}}