{"id":88204,"date":"2023-10-31T02:39:00","date_gmt":"2023-10-31T02:39:00","guid":{"rendered":"https:\/\/www.primor.eu\/blog\/?p=88204"},"modified":"2025-06-30T10:47:35","modified_gmt":"2025-06-30T10:47:35","slug":"metodo-curly-te-damos-las-claves-para-entender-el-metodo-que-esta-triunfando","status":"publish","type":"post","link":"https:\/\/www.primor.eu\/blog\/metodo-curly-te-damos-las-claves-para-entender-el-metodo-que-esta-triunfando\/","title":{"rendered":"M\u00e9todo Curly: Te damos las claves para entender el m\u00e9todo que est\u00e1 triunfando con Giorgi"},"content":{"rendered":"\n<p>Desde hace ya algunos a\u00f1os, cada vez son m\u00e1s las voces que reivindican la <strong>belleza natural<\/strong>, el poder lucir tal y como somos y en el mundo de capilar no puede ser de otra forma. En concreto, hablamos de los <a href=\"https:\/\/www.primor.eu\/blog\/mejores-serums-para-pelo-rizado\/\" data-type=\"post\" data-id=\"86122\">cabellos rizados<\/a> u ondulados, cabellos que de toda la vida se han intentado <strong>alisar<\/strong>, <strong>moldear<\/strong> y lucir de manera m\u00e1s est\u00e1ndar. Pero aquellos cabellos que antiguamente se pretend\u00edan \u201c<strong>esconder<\/strong>\u201d o <strong>disimular<\/strong>, ahora cuentan con multitud de <a href=\"https:\/\/www.primor.eu\/blog\/champu-pelo-rizado\/\" data-type=\"post\" data-id=\"42597\">productos<\/a> y utensilios especialmente formulados para este tipo de cabellos para poder lucir el cabello rizado de manera sana y natural y sacar el m\u00e1ximo partido a estos rizos. En este post te vamos a hablar de un m\u00e9todo que est\u00e1 causando sensaci\u00f3n y no puede ser otro que el \u201c<strong><a href=\"https:\/\/www.google.com\/url?sa=t&amp;rct=j&amp;q=&amp;esrc=s&amp;source=web&amp;cd=&amp;cad=rja&amp;uact=8&amp;ved=2ahUKEwjV7bj0w56CAxW-T6QEHRrLA5QQFnoECBkQAQ&amp;url=https%3A%2F%2Fwww.primor.eu%2Fes_es%2Fmetodo-curly-hair&amp;usg=AOvVaw3zFYaVira9knEprezw5sdu&amp;opi=89978449\">M\u00e9todo Curly<\/a><\/strong>\u201d.<\/p>\n\n\n\n<h2 class=\"wp-block-heading\"><strong>Pero \u00bfQu\u00e9 es el M\u00c9TODO CURLY y de d\u00f3nde viene?<\/strong><\/h2>\n\n\n\n<p>El m\u00e9todo curly es una rutina de cuidado capilar con varios pasos y productos que hay que seguir para conseguir unos rizos de revista. Las reglas de oro de este m\u00e9todo son:<\/p>\n\n\n\n<ul class=\"wp-block-list\">\n<li><strong>HIDRATACI\u00d3N<\/strong> de los rizos al m\u00e1ximo como premisa principal<\/li>\n\n\n\n<li>Los productos deben contener ingredientes vegetales y ser lo m\u00e1s <strong>NATURALES<\/strong> posibles<\/li>\n\n\n\n<li>Hay que <strong>EVITAR<\/strong> a toda costa estos ingredientes: las <strong>SILICONAS<\/strong>, el <strong>ALCOHOL<\/strong> y los <strong>SULFATOS<\/strong>.<\/li>\n<\/ul>\n\n\n\n<p>Y \u00bfqui\u00e9n dict\u00f3 y se invent\u00f3 estas reglas? La creadora de este m\u00e9todo se llama Lorraine Massey, peluquera y estilista estadounidense, y su objetivo era conseguir lucir unos rizos espectaculares de manera natural.<\/p>\n\n\n\n<h2 class=\"wp-block-heading\"><strong>5 mitos y verdades del M\u00e9todo Curly<\/strong><\/h2>\n\n\n\n<p>Puede ser que hayas o\u00eddo hablar de este m\u00e9todo o que hayas intentado buscar algo de informaci\u00f3n en Internet y que hayas desistido al ver tal cantidad de informaci\u00f3n y sin que est\u00e9 muy claro. Es por ello por lo que venimos a despejarte todas las dudas y a contarte cosas que son mito y otras verdades del m\u00e9todo curly.<\/p>\n\n\n\n<ol class=\"wp-block-list\">\n<li><strong>El m\u00e9todo curly solo sirve para cabellos afros.<\/strong><\/li>\n<\/ol>\n\n\n\n<p>Mito. El m\u00e9todo curly es un m\u00e9todo que tienen como objetivo mantener y recuperar la forma natural del rizo por lo que tanto si tienes el cabello afro, como rizado, como incluso ondulado, este m\u00e9todo s\u00ed es para ti.&nbsp;<\/p>\n\n\n\n<ol class=\"wp-block-list\" start=\"2\">\n<li><strong>No necesitas lavar el cabello rizado todos los d\u00edas.&nbsp;<\/strong><\/li>\n<\/ol>\n\n\n\n<p>Realidad. De hecho, no es nada recomendable lavar el cabello m\u00e1s de 2 o 3 veces por semana ya que el cabello rizado es un cabello que tiende a ser m\u00e1s seco por lo que si lo lavamos en exceso, estaremos eliminando los aceites naturales que genera el propio cabello y resec\u00e1ndolo de m\u00e1s.<\/p>\n\n\n\n<ol class=\"wp-block-list\" start=\"3\">\n<li><strong>Debes usar herramientas de calor como el secador para fijar los rizos una vez hecho el paso a paso del m\u00e9todo.<\/strong><\/li>\n<\/ol>\n\n\n\n<p><strong>Mito<\/strong>. Debes evitar a toda costa, aplicar calor en el cabello. Una vez hecho el m\u00e9todo y aplicado el \u00faltimo paso de la fijaci\u00f3n puedes dejar secar al aire o si te gusta con algo m\u00e1s de volumen, puedes usar el secador con difusor, pero a muy baja temperatura y potencia. As\u00ed, evitaremos da\u00f1ar los rizos.<\/p>\n\n\n\n<ol class=\"wp-block-list\" start=\"4\">\n<li><strong>El cabello rizado si puede peinarse.<\/strong><\/li>\n<\/ol>\n\n\n\n<p><strong>Realidad<\/strong>. Efectivamente el cabello rizado tambi\u00e9n se debe peinar. \u00bfC\u00f3mo? Hazlo con la mascarilla o el acondicionador puesto. As\u00ed, evitar\u00e1s que las cut\u00edculas del cabello se vean da\u00f1adas y se rompan.\u00a0<\/p>\n\n\n\n<ol class=\"wp-block-list\" start=\"5\">\n<li><strong>Si quieres seguir el m\u00e9todo, necesitas muchos productos para que el cabello quede bien.<\/strong><\/li>\n<\/ol>\n\n\n\n<p><strong>Mito<\/strong>. Con el m\u00e9todo curly de <a href=\"https:\/\/www.google.com\/url?sa=t&amp;rct=j&amp;q=&amp;esrc=s&amp;source=web&amp;cd=&amp;cad=rja&amp;uact=8&amp;ved=2ahUKEwjNmOjRw56CAxXmRqQEHSUkCHQQFnoECBQQAQ&amp;url=https%3A%2F%2Fwww.primor.eu%2Fes_es%2Fgiorgi&amp;usg=AOvVaw3sS8z5PMlAK_XlPgpCHv5f&amp;opi=89978449\">Giorgi<\/a> puedes conseguir unos rizos espectaculares en tan solo 3 pasos. Los <strong>esenciales<\/strong> para sacar el m\u00e1ximo partido a tus rizos. \u00bfNo los conoces? Te lo contamos.<\/p>\n\n\n\n<h3 class=\"wp-block-heading\"><strong>\u00bfQu\u00e9 es el m\u00e9todo curly de GIORGI? una rutina muy f\u00e1cil con solo 3 productos<\/strong><\/h3>\n\n\n\n<p>Se trata de una gama formulada para cuidar el cabello rizado y para que los rizos recuperen su forma natural.&nbsp;<\/p>\n\n\n\n<p>Son formulas <strong>VEGANAS<\/strong>, BIODEGRADABLES, <strong>SIN ALCOHOL<\/strong>, <a href=\"https:\/\/www.primor.eu\/blog\/mejores-champus-sin-sulfatos\/\" data-type=\"post\" data-id=\"66594\">SIN SULFATOS<\/a> y <strong>SIN SILICONAS<\/strong> y con ingredientes naturales: prote\u00ednas vegetales y aguacate, dos ingredientes que sellan las cut\u00edculas del cabello evitando que la humedad penetre y que el cabello se rompa y a la misma vez, nutren todas las capas de la fibra capilar.\u00a0<\/p>\n\n\n\n<h3 class=\"wp-block-heading\">La rutina consta de solo 3 pasos:&nbsp;<\/h3>\n\n\n\n<ol class=\"wp-block-list\">\n<li>Un champ\u00fa muy suave para limpiar bien, pero sin arrastrar los aceites naturales del propio cabello. Desde este primer paso ya aportamos nutrici\u00f3n al cabello gracias a sus formulas con prote\u00ednas vegetales y aguacate. El lavado debe ser de 2 a 3 veces por semana.&nbsp;<\/li>\n<\/ol>\n\n\n\n<ul class=\"wp-block-list\">\n<li><em><strong>CONSEJO<\/strong>: te recomendamos que antes de iniciarte por primera vez en el m\u00e9todo utilices un champ\u00fa CON SULFATOS y SIN SILICONAS, \u00bfpor qu\u00e9? Para hacer una limpieza profunda del cabello y arrastrar todos los residuos que el pelo pueda tener de tratamientos o productos anteriores.\u00a0<\/em><\/li>\n<\/ul>\n\n\n\n<figure class=\"wp-block-image size-large\"><img decoding=\"async\" width=\"819\" height=\"1024\" src=\"https:\/\/www.primor.eu\/blog\/wp-content\/uploads\/2023\/10\/294038646_3168397346808771_4835039766328421510_n-819x1024.jpg\" alt=\"\" class=\"wp-image-88205\" srcset=\"https:\/\/www.primor.eu\/blog\/wp-content\/uploads\/2023\/10\/294038646_3168397346808771_4835039766328421510_n-819x1024.jpg 819w, https:\/\/www.primor.eu\/blog\/wp-content\/uploads\/2023\/10\/294038646_3168397346808771_4835039766328421510_n-240x300.jpg 240w, https:\/\/www.primor.eu\/blog\/wp-content\/uploads\/2023\/10\/294038646_3168397346808771_4835039766328421510_n-768x960.jpg 768w, https:\/\/www.primor.eu\/blog\/wp-content\/uploads\/2023\/10\/294038646_3168397346808771_4835039766328421510_n-750x938.jpg 750w, https:\/\/www.primor.eu\/blog\/wp-content\/uploads\/2023\/10\/294038646_3168397346808771_4835039766328421510_n.jpg 1080w\" sizes=\"(max-width: 819px) 100vw, 819px\" \/><\/figure>\n\n\n\n<ol class=\"wp-block-list\" start=\"2\">\n<li>Una mascarilla nutritiva para hidratar bien el pelo rizado ya que hemos dicho que necesita de mucha hidrataci\u00f3n aportando suavidad y flexibilidad a los rizos sin apelmazar. Como particularidad, este producto tiene un doble uso: se puede usar con aclarado, el uso habitual de una mascarilla o bien, si tu cabello necesita de un plus de hidrataci\u00f3n puedes aplicarte la mascarilla y no aclar\u00e1rtela despu\u00e9s.&nbsp;<\/li>\n<\/ol>\n\n\n\n<ul class=\"wp-block-list\">\n<li><em><strong>CONSEJO<\/strong>: aprovecha este paso con la mascarilla puesta siempre para peinar y desenredarte el pelo, NUNCA peines tus rizos con el pelo seco.\u00a0<\/em><\/li>\n<\/ul>\n\n\n\n<figure class=\"wp-block-image size-large\"><img decoding=\"async\" width=\"819\" height=\"1024\" src=\"https:\/\/www.primor.eu\/blog\/wp-content\/uploads\/2023\/10\/294091437_3813386475452393_2643868174986469296_n-819x1024.jpg\" alt=\"\" class=\"wp-image-88206\" srcset=\"https:\/\/www.primor.eu\/blog\/wp-content\/uploads\/2023\/10\/294091437_3813386475452393_2643868174986469296_n-819x1024.jpg 819w, https:\/\/www.primor.eu\/blog\/wp-content\/uploads\/2023\/10\/294091437_3813386475452393_2643868174986469296_n-240x300.jpg 240w, https:\/\/www.primor.eu\/blog\/wp-content\/uploads\/2023\/10\/294091437_3813386475452393_2643868174986469296_n-768x960.jpg 768w, https:\/\/www.primor.eu\/blog\/wp-content\/uploads\/2023\/10\/294091437_3813386475452393_2643868174986469296_n-750x938.jpg 750w, https:\/\/www.primor.eu\/blog\/wp-content\/uploads\/2023\/10\/294091437_3813386475452393_2643868174986469296_n.jpg 1080w\" sizes=\"(max-width: 819px) 100vw, 819px\" \/><\/figure>\n\n\n\n<ol class=\"wp-block-list\" start=\"3\">\n<li>Un producto de definici\u00f3n para definir bien estos rizos sin resecarlos, en este caso el producto es un gel definidor, para definir y activar los rizos. Tambi\u00e9n sirve para refrescar los rizos entre lavados y llevar siempre unos rizos perfectos.&nbsp;<\/li>\n<\/ol>\n\n\n\n<ul class=\"wp-block-list\">\n<li><em><strong>CONSEJO<\/strong>: Recomendamos un secado al aire, pero si quieres utilizar secador recuerda hacerlo SIEMPRE con difusor y a muy baja potencia para no da\u00f1ar el pelo.<\/em>\u00a0<\/li>\n<\/ul>\n\n\n\n<figure class=\"wp-block-image size-large\"><img decoding=\"async\" width=\"819\" height=\"1024\" src=\"https:\/\/www.primor.eu\/blog\/wp-content\/uploads\/2023\/10\/294184408_5083842381735413_8560507508408259095_n-819x1024.jpg\" alt=\"\" class=\"wp-image-88207\" srcset=\"https:\/\/www.primor.eu\/blog\/wp-content\/uploads\/2023\/10\/294184408_5083842381735413_8560507508408259095_n-819x1024.jpg 819w, https:\/\/www.primor.eu\/blog\/wp-content\/uploads\/2023\/10\/294184408_5083842381735413_8560507508408259095_n-240x300.jpg 240w, https:\/\/www.primor.eu\/blog\/wp-content\/uploads\/2023\/10\/294184408_5083842381735413_8560507508408259095_n-768x960.jpg 768w, https:\/\/www.primor.eu\/blog\/wp-content\/uploads\/2023\/10\/294184408_5083842381735413_8560507508408259095_n-750x938.jpg 750w, https:\/\/www.primor.eu\/blog\/wp-content\/uploads\/2023\/10\/294184408_5083842381735413_8560507508408259095_n.jpg 1080w\" sizes=\"(max-width: 819px) 100vw, 819px\" \/><\/figure>\n\n\n\n<p>Ya sabes un poco m\u00e1s del M\u00e9todo curly y qu\u00e9 afirmaciones son ciertas y cuales falsas. Esperamos que despu\u00e9s de leer este art\u00edculo te animes a probar este m\u00e9todo que est\u00e1 causando sensaci\u00f3n y ya estar\u00e1s un poco m\u00e1s cerca de conseguir unos rizos definidos, preciosos y sanos.<\/p>\n\n\n<div class=\"kk-star-ratings kksr-auto kksr-align-center kksr-valign-bottom\"\n    data-payload='{&quot;align&quot;:&quot;center&quot;,&quot;id&quot;:&quot;88204&quot;,&quot;slug&quot;:&quot;default&quot;,&quot;valign&quot;:&quot;bottom&quot;,&quot;ignore&quot;:&quot;&quot;,&quot;reference&quot;:&quot;auto&quot;,&quot;class&quot;:&quot;&quot;,&quot;count&quot;:&quot;1&quot;,&quot;legendonly&quot;:&quot;&quot;,&quot;readonly&quot;:&quot;&quot;,&quot;score&quot;:&quot;5&quot;,&quot;starsonly&quot;:&quot;&quot;,&quot;best&quot;:&quot;5&quot;,&quot;gap&quot;:&quot;5&quot;,&quot;greet&quot;:&quot;Valora este art\u00edculo&quot;,&quot;legend&quot;:&quot;5\\\/5 - (1 voto)&quot;,&quot;size&quot;:&quot;24&quot;,&quot;title&quot;:&quot;M\u00e9todo Curly: Te damos las claves para entender el m\u00e9todo que est\u00e1 triunfando con Giorgi&quot;,&quot;width&quot;:&quot;142.5&quot;,&quot;_legend&quot;:&quot;{score}\\\/{best} - ({count} {votes})&quot;,&quot;font_factor&quot;:&quot;1.25&quot;}'>\n            \n<div class=\"kksr-stars\">\n    \n<div class=\"kksr-stars-inactive\">\n            <div class=\"kksr-star\" data-star=\"1\" style=\"padding-right: 5px\">\n            \n\n<div class=\"kksr-icon\" style=\"width: 24px; height: 24px;\"><\/div>\n        <\/div>\n            <div class=\"kksr-star\" data-star=\"2\" style=\"padding-right: 5px\">\n            \n\n<div class=\"kksr-icon\" style=\"width: 24px; height: 24px;\"><\/div>\n        <\/div>\n            <div class=\"kksr-star\" data-star=\"3\" style=\"padding-right: 5px\">\n            \n\n<div class=\"kksr-icon\" style=\"width: 24px; height: 24px;\"><\/div>\n        <\/div>\n            <div class=\"kksr-star\" data-star=\"4\" style=\"padding-right: 5px\">\n            \n\n<div class=\"kksr-icon\" style=\"width: 24px; height: 24px;\"><\/div>\n        <\/div>\n            <div class=\"kksr-star\" data-star=\"5\" style=\"padding-right: 5px\">\n            \n\n<div class=\"kksr-icon\" style=\"width: 24px; height: 24px;\"><\/div>\n        <\/div>\n    <\/div>\n    \n<div class=\"kksr-stars-active\" style=\"width: 142.5px;\">\n            <div class=\"kksr-star\" style=\"padding-right: 5px\">\n            \n\n<div class=\"kksr-icon\" style=\"width: 24px; height: 24px;\"><\/div>\n        <\/div>\n            <div class=\"kksr-star\" style=\"padding-right: 5px\">\n            \n\n<div class=\"kksr-icon\" style=\"width: 24px; height: 24px;\"><\/div>\n        <\/div>\n            <div class=\"kksr-star\" style=\"padding-right: 5px\">\n            \n\n<div class=\"kksr-icon\" style=\"width: 24px; height: 24px;\"><\/div>\n        <\/div>\n            <div class=\"kksr-star\" style=\"padding-right: 5px\">\n            \n\n<div class=\"kksr-icon\" style=\"width: 24px; height: 24px;\"><\/div>\n        <\/div>\n            <div class=\"kksr-star\" style=\"padding-right: 5px\">\n            \n\n<div class=\"kksr-icon\" style=\"width: 24px; height: 24px;\"><\/div>\n        <\/div>\n    <\/div>\n<\/div>\n                \n\n<div class=\"kksr-legend\" style=\"font-size: 19.2px;\">\n            5\/5 - (1 voto)    <\/div>\n    <\/div>\n","protected":false},"excerpt":{"rendered":"<p>Desde hace ya algunos a\u00f1os, cada vez son m\u00e1s las voces que reivindican la belleza natural, el poder lucir tal y como somos y en el mundo de capilar no puede ser de otra forma. En concreto, hablamos de los cabellos rizados u ondulados, cabellos que de toda la vida se han intentado alisar, moldear [&hellip;]<\/p>\n","protected":false},"author":14,"featured_media":88208,"comment_status":"closed","ping_status":"closed","sticky":false,"template":"","format":"standard","meta":{"jnews-multi-image_gallery":[],"jnews_single_post":{"subtitle":"","format":"standard","video":"","gallery":"","source_name":"","source_url":"","via_name":"","via_url":"","override_template":"0","override":[{"template":"1","single_blog_custom":"","parallax":"1","fullscreen":"1","layout":"right-sidebar","sidebar":"home-2","second_sidebar":"default-sidebar","sticky_sidebar":"0","share_position":"float","share_float_style":"share-monocrhome","show_share_counter":"0","show_view_counter":"0","show_featured":"1","show_post_meta":"1","show_post_author":"0","show_post_author_image":"1","show_post_date":"1","post_date_format":"default","post_date_format_custom":"Y\/m\/d","show_post_category":"1","show_post_reading_time":"0","post_reading_time_wpm":"300","show_zoom_button":"0","zoom_button_out_step":"2","zoom_button_in_step":"3","show_post_tag":"0","show_prev_next_post":"0","show_popup_post":"0","number_popup_post":"2","show_author_box":"0","show_post_related":"0","show_inline_post_related":"1"}],"override_image_size":"0","image_override":[{"single_post_thumbnail_size":"no-crop","single_post_gallery_size":"crop-500"}],"trending_post":"0","trending_post_position":"meta","trending_post_label":"Trending","sponsored_post":"0","sponsored_post_label":"Sponsored by","sponsored_post_name":"","sponsored_post_url":"","sponsored_post_logo_enable":"0","sponsored_post_logo":"","sponsored_post_desc":"","disable_ad":"0"},"jnews_primary_category":{"id":"","hide":""},"jnews_social_meta":{"fb_title":"","fb_description":"","fb_image":"","twitter_title":"","twitter_description":"","twitter_image":""},"jnews_override_counter":{"override_view_counter":"0","view_counter_number":"0","override_share_counter":"0","share_counter_number":"0","override_like_counter":"0","like_counter_number":"0","override_dislike_counter":"0","dislike_counter_number":"0"},"footnotes":""},"categories":[26],"tags":[],"class_list":["post-88204","post","type-post","status-publish","format-standard","has-post-thumbnail","hentry","category-noticias-beauty"],"_links":{"self":[{"href":"https:\/\/www.primor.eu\/blog\/wp-json\/wp\/v2\/posts\/88204","targetHints":{"allow":["GET"]}}],"collection":[{"href":"https:\/\/www.primor.eu\/blog\/wp-json\/wp\/v2\/posts"}],"about":[{"href":"https:\/\/www.primor.eu\/blog\/wp-json\/wp\/v2\/types\/post"}],"author":[{"embeddable":true,"href":"https:\/\/www.primor.eu\/blog\/wp-json\/wp\/v2\/users\/14"}],"replies":[{"embeddable":true,"href":"https:\/\/www.primor.eu\/blog\/wp-json\/wp\/v2\/comments?post=88204"}],"version-history":[{"count":3,"href":"https:\/\/www.primor.eu\/blog\/wp-json\/wp\/v2\/posts\/88204\/revisions"}],"predecessor-version":[{"id":127946,"href":"https:\/\/www.primor.eu\/blog\/wp-json\/wp\/v2\/posts\/88204\/revisions\/127946"}],"wp:featuredmedia":[{"embeddable":true,"href":"https:\/\/www.primor.eu\/blog\/wp-json\/wp\/v2\/media\/88208"}],"wp:attachment":[{"href":"https:\/\/www.primor.eu\/blog\/wp-json\/wp\/v2\/media?parent=88204"}],"wp:term":[{"taxonomy":"category","embeddable":true,"href":"https:\/\/www.primor.eu\/blog\/wp-json\/wp\/v2\/categories?post=88204"},{"taxonomy":"post_tag","embeddable":true,"href":"https:\/\/www.primor.eu\/blog\/wp-json\/wp\/v2\/tags?post=88204"}],"curies":[{"name":"wp","href":"https:\/\/api.w.org\/{rel}","templated":true}]}}