{"id":87390,"date":"2025-11-04T07:04:39","date_gmt":"2025-11-04T07:04:39","guid":{"rendered":"https:\/\/blog.primor.eu\/?p=87390"},"modified":"2026-01-29T08:58:55","modified_gmt":"2026-01-29T08:58:55","slug":"black-friday-the-ordinary","status":"publish","type":"post","link":"https:\/\/www.primor.eu\/blog\/black-friday-the-ordinary\/","title":{"rendered":"Ofertas de The Ordinary en Black Friday: cu\u00e1ndo comienzan, cu\u00e1nto duran y cu\u00e1les son las mejores"},"content":{"rendered":"\n<p>Con la llegada esperad\u00edsima del <a href=\"https:\/\/www.primor.eu\/es_es\/black-friday\">Viernes Negro<\/a>, las beauty addicts tienen en mente muchos de los <strong>imprescindibles de The Ordinary para Black Friday<\/strong> con los que conseguir\u00e1n una piel radiante, saludable y de aspecto jovial. Te contamos cu\u00e1les son sus mejores b\u00e1sicos para conseguirlo.<\/p>\n\n\n\n<h2 class=\"wp-block-heading\">\u00bfCu\u00e1ndo es Black Friday en The Ordinary?<\/h2>\n\n\n\n<p>El pr\u00f3ximo Black Friday se celebrar\u00e1 el d\u00eda<strong> 025<\/strong>, justo el viernes despu\u00e9s del D\u00eda de Acci\u00f3n de Gracias en Estados Unidos. Durante este d\u00eda podr\u00e9is encontrar un sinf\u00edn de ofertas y descuentos con las que lograr vuestros productos favoritos a precios de esc\u00e1ndalo. \u00a1Que no te lo cuenten!&nbsp;<\/p>\n\n\n\n<h2 class=\"wp-block-heading\">C\u00f3mo conseguir los mejores descuentos de Black Friday de The Ordinary&nbsp;<\/h2>\n\n\n\n<p>Conseguir los mejores descuentos del Black Friday 2026 no es solo cuesti\u00f3n de suerte. Aqu\u00ed te dejamos algunos trucos de experto con los que conseguir <strong>los mejores descuentos en perfumes, maquillaje y cosm\u00e9tica del Black Friday en Primor:<\/strong><\/p>\n\n\n\n<ul class=\"wp-block-list\">\n<li><strong>Ten claras tus prioridades. <\/strong>Durante el Black Friday abundan las ofertas en un sinf\u00edn de productos que nos pueden incitar a perder de vista nuestro objetivo.<\/li>\n\n\n\n<li><strong>Utiliza tu lista de deseos o carrito para prepararte.<\/strong> Este paso es fundamental para tener a mano tus imprescindibles y conseguirlos todos al mejor precio.<\/li>\n\n\n\n<li><strong>Guarda enlaces y referencias importantes. <\/strong>Toda precauci\u00f3n es poca y si buscas hacerte con un producto s\u00ed o s\u00ed, no hay nada como tenerlo bien localizado para evitar que se nos escape.\u00a0<\/li>\n\n\n\n<li><strong>Prioriza siempre lo primero que se pueda agotar.<\/strong> Todos sabemos que hay marcas y productos top ventas que vuelan durante todo el a\u00f1o y mucho m\u00e1s durante Black Friday.<\/li>\n\n\n\n<li><strong>Suscr\u00edbete a nuestra newsletter para enterarte de todas las ofertas.<\/strong> Conseguir\u00e1s los mejores chollos y estar\u00e1s al d\u00eda de los descuentos m\u00e1s jugosos.<\/li>\n<\/ul>\n\n\n\n<h2 class=\"wp-block-heading\">Adem\u00e1s de las rebajas de The Ordinary\u2026<\/h2>\n\n\n\n<p>\u00a1Un aut\u00e9ntico sinf\u00edn! D\u00e9jate sorprender por nuestra gran selecci\u00f3n de ofertas en perfumes, <a href=\"https:\/\/www.primor.eu\/es_es\/maquillaje\">maquillaje<\/a>, <a href=\"https:\/\/www.primor.eu\/es_es\/cosmetica-de-lujo\">cosm\u00e9tica<\/a>, <a href=\"https:\/\/www.primor.eu\/es_es\/bebes-y-ninos\">productos para beb\u00e9s<\/a>, <a href=\"https:\/\/www.primor.eu\/es_es\/parafarmacia\">parafarmacia<\/a>, <a href=\"https:\/\/www.primor.eu\/es_es\/corporales\">corporales<\/a>, <a href=\"https:\/\/www.primor.eu\/es_es\/cabello\">tratamientos capilares<\/a>, <a href=\"https:\/\/www.primor.eu\/es_es\/higiene-personal\">higiene<\/a> e incluso <a href=\"https:\/\/www.primor.eu\/es_es\/proteccion-solar\">protectores solares<\/a>. Y no te olvides de nuestros universos como <a href=\"https:\/\/www.primor.eu\/es_es\/cosmetica-coreana\">Korea Republic<\/a>, <a href=\"https:\/\/www.primor.eu\/es_es\/hombre\">Primor Man<\/a> y nuestra <a href=\"https:\/\/www.primor.eu\/es_es\/sex-shop\">tienda er\u00f3tica<\/a> en la encontrar\u00e1s cientos de sorpresas.&nbsp;&nbsp;<\/p>\n\n\n\n<h2 class=\"wp-block-heading\">\u00bfPor qu\u00e9 se llama Viernes Negro o Black Friday?<\/h2>\n\n\n\n<p>Existen muchas teor\u00edas acerca del origen del Viernes Negro. Una de las hip\u00f3tesis apunta a los sucesos transcurridos en Filadelfia a mediados de la d\u00e9cada de 1950 el d\u00eda despu\u00e9s de Acci\u00f3n de Gracias. El s\u00e1bado estaba previsto un partido de f\u00fatbol americano entre la marina y el ej\u00e9rcito. Ante el furor de este acontecimiento, toda la ciudad acudi\u00f3 en masa a anticipar sus compras de Navidad para poder asistir al evento. Los agentes de seguridad que controlaron las avalanchas de personas a lo largo de toda la ciudad bautizaron el d\u00eda como el Viernes Negro.&nbsp;<\/p>\n\n\n\n<h2 class=\"wp-block-heading\">Imprescindibles de The Ordinary: qu\u00e9 comprar en Black Friday&nbsp;<\/h2>\n\n\n        <product-table class=\"pr-slider\">\r\n            <product-headers class=\"grid-table-rows\">\r\n                <div>Foto<\/div>\r\n                <div>Producto<\/div>\r\n                <div>Marca<\/div>\r\n                <div>Valoraciones<\/div>\r\n                <div>Precio<\/div>\r\n            <\/product-headers>\r\n\r\n            <product-list>\r\n                                    <a href=\"https:\/\/www.primor.eu\/es_es\/the-ordinary-aha-30-bha-2-peeling-solution-14762.html\" class=\"product-item grid-table-rows\" target=\"_blank\">\r\n                        <div>\r\n                            <img decoding=\"async\" class=\"product-img\" width=\"80px\" height=\"80px\" src=\"https:\/\/www.primor.eu\/blog\/wp-content\/uploads\/2023\/09\/6XS08967_1_570c.jpg\" alt=\"The Ordinary AHA 30% + BHA 2% Peeling Solution\">\r\n                        <\/div>\r\n\r\n                        <!-- Contenido de producto  -->\r\n                        <div>\r\n                            <div class=\"product-position\">\r\n                                #1 Top Ventas                            <\/div>\r\n\r\n                            <h2>\r\n                                The Ordinary AHA 30% + BHA 2% Peeling Solution                            <\/h2>\r\n                        <\/div>\r\n\r\n                        <!-- Imagen y\/o nombre de la marca -->\r\n                        <div>\r\n                                                            <img decoding=\"async\" width=\"70\" src=\"https:\/\/www.primor.eu\/blog\/wp-content\/uploads\/2023\/08\/The_Ordinary.png\" alt=\"84920\">\r\n                                                    <\/div>\r\n\r\n                        <!-- Puntuaci\u00f3n del producto  -->\r\n                        <div class=\"rating\">\r\n                                                            <div class=\"rate\" style=\"--p:94;\"><\/div>\r\n                                <b>4.7\/5<\/b>\r\n                                <div class=\"rate-stars\">\r\n                                                                            <div\r\n                                            class=\"rate-star  \">\r\n                                        <\/div>\r\n                                                                            <div\r\n                                            class=\"rate-star  \">\r\n                                        <\/div>\r\n                                                                            <div\r\n                                            class=\"rate-star  \">\r\n                                        <\/div>\r\n                                                                            <div\r\n                                            class=\"rate-star  \">\r\n                                        <\/div>\r\n                                                                            <div\r\n                                            class=\"rate-star  \">\r\n                                        <\/div>\r\n                                                                    <\/div>\r\n                                                    <\/div>\r\n\r\n                        <!-- Bot\u00f3n de producto  -->\r\n                        <div>\r\n                            <span class=\"price-claim\">\r\n                                VER PRECIO                            <\/span>\r\n                        <\/div>\r\n                    <\/a>\r\n                                    <a href=\"https:\/\/www.primor.eu\/es_es\/the-ordinary-vitamina-c-23-esferas-de-acido-hialuronico-2-14779.html\" class=\"product-item grid-table-rows\" target=\"_blank\">\r\n                        <div>\r\n                            <img decoding=\"async\" class=\"product-img\" width=\"80px\" height=\"80px\" src=\"https:\/\/www.primor.eu\/blog\/wp-content\/uploads\/2023\/09\/6XS08943_1_9fae.jpg\" alt=\"The Ordinary Vitamina C 23% + Esferas de \u00e1cido hialur\u00f3nico 2%\">\r\n                        <\/div>\r\n\r\n                        <!-- Contenido de producto  -->\r\n                        <div>\r\n                            <div class=\"product-position\">\r\n                                #2                            <\/div>\r\n\r\n                            <h2>\r\n                                The Ordinary Vitamina C 23% + Esferas de \u00e1cido hialur\u00f3nico 2%                            <\/h2>\r\n                        <\/div>\r\n\r\n                        <!-- Imagen y\/o nombre de la marca -->\r\n                        <div>\r\n                                                            <img decoding=\"async\" width=\"70\" src=\"https:\/\/www.primor.eu\/blog\/wp-content\/uploads\/2023\/08\/The_Ordinary.png\" alt=\"84920\">\r\n                                                    <\/div>\r\n\r\n                        <!-- Puntuaci\u00f3n del producto  -->\r\n                        <div class=\"rating\">\r\n                                                            <div class=\"rate\" style=\"--p:88;\"><\/div>\r\n                                <b>4.4\/5<\/b>\r\n                                <div class=\"rate-stars\">\r\n                                                                            <div\r\n                                            class=\"rate-star  \">\r\n                                        <\/div>\r\n                                                                            <div\r\n                                            class=\"rate-star  \">\r\n                                        <\/div>\r\n                                                                            <div\r\n                                            class=\"rate-star  \">\r\n                                        <\/div>\r\n                                                                            <div\r\n                                            class=\"rate-star  \">\r\n                                        <\/div>\r\n                                                                            <div\r\n                                            class=\"rate-star  \">\r\n                                        <\/div>\r\n                                                                    <\/div>\r\n                                                    <\/div>\r\n\r\n                        <!-- Bot\u00f3n de producto  -->\r\n                        <div>\r\n                            <span class=\"price-claim\">\r\n                                VER PRECIO                            <\/span>\r\n                        <\/div>\r\n                    <\/a>\r\n                                    <a href=\"https:\/\/www.primor.eu\/es_es\/the-ordinary-contorno-de-ojos-caffeine-solution-5-egcg-14770.html\" class=\"product-item grid-table-rows\" target=\"_blank\">\r\n                        <div>\r\n                            <img decoding=\"async\" class=\"product-img\" width=\"80px\" height=\"80px\" src=\"https:\/\/www.primor.eu\/blog\/wp-content\/uploads\/2024\/03\/6XS08958_1_0394.jpg\" alt=\"The Ordinary Contorno de ojos Caffeine Solution 5% + EGCG\">\r\n                        <\/div>\r\n\r\n                        <!-- Contenido de producto  -->\r\n                        <div>\r\n                            <div class=\"product-position\">\r\n                                #3                            <\/div>\r\n\r\n                            <h2>\r\n                                The Ordinary Contorno de ojos Caffeine Solution 5% + EGCG                            <\/h2>\r\n                        <\/div>\r\n\r\n                        <!-- Imagen y\/o nombre de la marca -->\r\n                        <div>\r\n                                                            <img decoding=\"async\" width=\"70\" src=\"https:\/\/www.primor.eu\/blog\/wp-content\/uploads\/2023\/08\/The_Ordinary.png\" alt=\"84920\">\r\n                                                    <\/div>\r\n\r\n                        <!-- Puntuaci\u00f3n del producto  -->\r\n                        <div class=\"rating\">\r\n                                                            <div class=\"rate\" style=\"--p:90;\"><\/div>\r\n                                <b>4.5\/5<\/b>\r\n                                <div class=\"rate-stars\">\r\n                                                                            <div\r\n                                            class=\"rate-star  \">\r\n                                        <\/div>\r\n                                                                            <div\r\n                                            class=\"rate-star  \">\r\n                                        <\/div>\r\n                                                                            <div\r\n                                            class=\"rate-star  \">\r\n                                        <\/div>\r\n                                                                            <div\r\n                                            class=\"rate-star  \">\r\n                                        <\/div>\r\n                                                                            <div\r\n                                            class=\"rate-star  middle\">\r\n                                        <\/div>\r\n                                                                    <\/div>\r\n                                                    <\/div>\r\n\r\n                        <!-- Bot\u00f3n de producto  -->\r\n                        <div>\r\n                            <span class=\"price-claim\">\r\n                                VER PRECIO                            <\/span>\r\n                        <\/div>\r\n                    <\/a>\r\n                                    <a href=\"https:\/\/www.primor.eu\/es_es\/the-ordinary-tonico-exfoliante-con-acido-glicolico-al-7-106654.html\" class=\"product-item grid-table-rows\" target=\"_blank\">\r\n                        <div>\r\n                            <img decoding=\"async\" class=\"product-img\" width=\"80px\" height=\"80px\" src=\"https:\/\/www.primor.eu\/blog\/wp-content\/uploads\/2024\/10\/769915233339_preview_rev_1_1d2c.png\" alt=\"The Ordinary T\u00f3nico Exfoliante con \u00c1cido Glic\u00f3lico al 7%\">\r\n                        <\/div>\r\n\r\n                        <!-- Contenido de producto  -->\r\n                        <div>\r\n                            <div class=\"product-position\">\r\n                                #4                            <\/div>\r\n\r\n                            <h2>\r\n                                The Ordinary T\u00f3nico Exfoliante con \u00c1cido Glic\u00f3lico al 7%                            <\/h2>\r\n                        <\/div>\r\n\r\n                        <!-- Imagen y\/o nombre de la marca -->\r\n                        <div>\r\n                                                            <img decoding=\"async\" width=\"70\" src=\"https:\/\/www.primor.eu\/blog\/wp-content\/uploads\/2023\/08\/The_Ordinary.png\" alt=\"84920\">\r\n                                                    <\/div>\r\n\r\n                        <!-- Puntuaci\u00f3n del producto  -->\r\n                        <div class=\"rating\">\r\n                                                            <div class=\"rate\" style=\"--p:96;\"><\/div>\r\n                                <b>4.8\/5<\/b>\r\n                                <div class=\"rate-stars\">\r\n                                                                            <div\r\n                                            class=\"rate-star  \">\r\n                                        <\/div>\r\n                                                                            <div\r\n                                            class=\"rate-star  \">\r\n                                        <\/div>\r\n                                                                            <div\r\n                                            class=\"rate-star  \">\r\n                                        <\/div>\r\n                                                                            <div\r\n                                            class=\"rate-star  \">\r\n                                        <\/div>\r\n                                                                            <div\r\n                                            class=\"rate-star  \">\r\n                                        <\/div>\r\n                                                                    <\/div>\r\n                                                    <\/div>\r\n\r\n                        <!-- Bot\u00f3n de producto  -->\r\n                        <div>\r\n                            <span class=\"price-claim\">\r\n                                VER PRECIO                            <\/span>\r\n                        <\/div>\r\n                    <\/a>\r\n                                    <a href=\"https:\/\/www.primor.eu\/es_es\/the-ordinary-acido-lactico-5-acido-hialuronico-2-14774.html\" class=\"product-item grid-table-rows\" target=\"_blank\">\r\n                        <div>\r\n                            <img decoding=\"async\" class=\"product-img\" width=\"80px\" height=\"80px\" src=\"https:\/\/www.primor.eu\/blog\/wp-content\/uploads\/2024\/10\/6XS08948_1_8df5.jpg\" alt=\"The Ordinary \u00c1cido l\u00e1ctico 5% + \u00c1cido hialur\u00f3nico 2%\">\r\n                        <\/div>\r\n\r\n                        <!-- Contenido de producto  -->\r\n                        <div>\r\n                            <div class=\"product-position\">\r\n                                #5                            <\/div>\r\n\r\n                            <h2>\r\n                                The Ordinary \u00c1cido l\u00e1ctico 5% + \u00c1cido hialur\u00f3nico 2%                            <\/h2>\r\n                        <\/div>\r\n\r\n                        <!-- Imagen y\/o nombre de la marca -->\r\n                        <div>\r\n                                                            <img decoding=\"async\" width=\"70\" src=\"https:\/\/www.primor.eu\/blog\/wp-content\/uploads\/2023\/08\/The_Ordinary.png\" alt=\"84920\">\r\n                                                    <\/div>\r\n\r\n                        <!-- Puntuaci\u00f3n del producto  -->\r\n                        <div class=\"rating\">\r\n                                                            <div class=\"rate\" style=\"--p:94;\"><\/div>\r\n                                <b>4.7\/5<\/b>\r\n                                <div class=\"rate-stars\">\r\n                                                                            <div\r\n                                            class=\"rate-star  \">\r\n                                        <\/div>\r\n                                                                            <div\r\n                                            class=\"rate-star  \">\r\n                                        <\/div>\r\n                                                                            <div\r\n                                            class=\"rate-star  \">\r\n                                        <\/div>\r\n                                                                            <div\r\n                                            class=\"rate-star  \">\r\n                                        <\/div>\r\n                                                                            <div\r\n                                            class=\"rate-star  \">\r\n                                        <\/div>\r\n                                                                    <\/div>\r\n                                                    <\/div>\r\n\r\n                        <!-- Bot\u00f3n de producto  -->\r\n                        <div>\r\n                            <span class=\"price-claim\">\r\n                                VER PRECIO                            <\/span>\r\n                        <\/div>\r\n                    <\/a>\r\n                            <\/product-list>\r\n        <\/product-table>\r\n\r\n        \n\n\n\n<h3 class=\"wp-block-heading\">Peeling solution AHA 30% + BHA 2%<\/h3>\n\n\n\n<p>Este exfoliante facial combina el poder de los Alfa Hidroxi\u00e1cidos y un Beta Hidroxi\u00e1cido, dos de los exfoliantes m\u00e1s potentes de la naturaleza, para romper los enlaces con las c\u00e9lulas muertas. Gracias a esta innovadora f\u00f3rmula, este tratamiento mejora la textura de la dermis y reduce las imperfecciones desde el primer uso.<\/p>\n\n\n    <a class='product' target='_blank' href='https:\/\/www.primor.eu\/es_es\/the-ordinary-aha-30-bha-2-peeling-solution-14762.html'>\r\n        <img loading='async' src='https:\/\/cdn2.primor.eu\/media\/catalog\/product\/cache\/8d3aba296f7a18b5251ee30fa5db42b2\/7\/6\/769915195606_1_4716.png' alt='COMPRAR AHORA'>\r\n            <div class=\"claim\">\r\n                COMPRAR AHORA            <\/div>\r\n        <\/a>\r\n    \n\n\n\n<h3 class=\"wp-block-heading\">The Ordinary Vitamina C<\/h3>\n\n\n\n<p>Este \u00c1cido Asc\u00f3rbico ha revolucionado el mundo de la cosm\u00e9tica gracias a sus innumerables propiedades capaces de iluminar el rostro. Con The Ordinary encontrar\u00e1s una amplia selecci\u00f3n de productos elaborados a base de altas concentraciones de este compuesto milagroso. Alguno de los m\u00e1s famosos son <a href=\"https:\/\/www.primor.eu\/es_es\/the-ordinary-fosfato-de-ascorbil-magnesio-10-14757.html#\/volumen-30_ml\">Magnesium Ascorbyl Phosphate 10%<\/a> (una crema hidratante ligera), <a href=\"https:\/\/www.primor.eu\/es_es\/the-ordinary-solucion-de-ascorbil-tetraisopalmitato-20-en-vitamina-f-14767.html#\/volumen-30_ml\">Ascorbyl Tetraisopalmitate Solution 20% in Vitamin F<\/a> (un s\u00e9rum iluminador) y <a href=\"https:\/\/www.primor.eu\/es_es\/the-ordinary-vitamina-c-23-esferas-de-acido-hialuronico-2-14779.html#\/volumen-30_ml\">Vitamin C Suspensi\u00f3n 23% + HA Spheres 2%<\/a> (una crema altamente concentrada).&nbsp;<\/p>\n\n\n    <a class='product' target='_blank' href='https:\/\/www.primor.eu\/es_es\/the-ordinary-vitamina-c-23-esferas-de-acido-hialuronico-2-14779.html'>\r\n        <img loading='async' src='https:\/\/cdn2.primor.eu\/media\/catalog\/product\/cache\/8d3aba296f7a18b5251ee30fa5db42b2\/6\/X\/6XS08943_1_9fae.jpg' alt='COMPRAR AHORA'>\r\n            <div class=\"claim\">\r\n                COMPRAR AHORA            <\/div>\r\n        <\/a>\r\n    \n\n\n\n<h3 class=\"wp-block-heading\">Caffeine Solution 5% + EGCG<\/h3>\n\n\n\n<p>Este s\u00e9rum est\u00e1 dise\u00f1ado para tratar la pigmentaci\u00f3n e hinchaz\u00f3n en el \u00e1rea del contorno de ojos. Su f\u00f3rmula altamente concentrada nos ayuda a minimizar las ojeras y bolsas descongestionando la mirada.&nbsp;<\/p>\n\n\n    <a class='product' target='_blank' href='https:\/\/www.primor.eu\/es_es\/the-ordinary-contorno-de-ojos-caffeine-solution-5-egcg-14770.html'>\r\n        <img loading='async' src='https:\/\/cdn2.primor.eu\/media\/catalog\/product\/cache\/8d3aba296f7a18b5251ee30fa5db42b2\/7\/6\/769915195712_1_acf7.png' alt='COMPRAR AHORA'>\r\n            <div class=\"claim\">\r\n                COMPRAR AHORA            <\/div>\r\n        <\/a>\r\n    \n\n\n\n<h3 class=\"wp-block-heading\">Glycolic Acid 7% Toning Solution<\/h3>\n\n\n\n<p>Su combinaci\u00f3n de \u00c1cido Glic\u00f3lico, Amino\u00e1cidos, Aloe Vera, Ginseng, Agua de Rosas y Bayas de Tasmania lo convierten en una soluci\u00f3n milagrosa con la que regenerar la piel de forma inmediata.&nbsp;<\/p>\n\n\n    <a class='product' target='_blank' href='https:\/\/www.primor.eu\/es_es\/the-ordinary-tonico-exfoliante-con-acido-glicolico-al-7-106654.html?#854=66339'>\r\n        <img loading='async' src='https:\/\/cdn2.primor.eu\/media\/catalog\/product\/cache\/8d3aba296f7a18b5251ee30fa5db42b2\/7\/6\/769915234060_1_d84e.png' alt='COMPRAR AHORA'>\r\n            <div class=\"claim\">\r\n                COMPRAR AHORA            <\/div>\r\n        <\/a>\r\n    \n\n\n\n<h3 class=\"wp-block-heading\">The Ordinary Lactic Acid 5% + HA<\/h3>\n\n\n\n<p>Se trata de un s\u00e9rum exfoliante recomendado para pieles sensibles. Su f\u00f3rmula natural es respetuosa con la dermis, reduce los s\u00edntomas de la inflamaci\u00f3n y aumenta la firmeza del cutis.&nbsp;<\/p>\n\n\n    <a class='product' target='_blank' href='https:\/\/www.primor.eu\/es_es\/the-ordinary-acido-lactico-5-acido-hialuronico-2-14774.html'>\r\n        <img loading='async' src='https:\/\/cdn2.primor.eu\/media\/catalog\/product\/cache\/8d3aba296f7a18b5251ee30fa5db42b2\/6\/X\/6XS08948_1_8df5.jpg' alt='COMPRAR AHORA'>\r\n            <div class=\"claim\">\r\n                COMPRAR AHORA            <\/div>\r\n        <\/a>\r\n    \n\n\n\n<h3 class=\"wp-block-heading\">Salicylic Acid 2% Masque&nbsp;<\/h3>\n\n\n\n<p>Este tratamiento exfoliante compuesto a base de \u00c1cido Beta Hidr\u00f3xido es un gran aliado para combatir el acn\u00e9 y desobstruir los poros. Este poderoso activo disuelve la grasa, elimina las c\u00e9lulas muertas y evita que los poros se taponen. Adem\u00e1s, calma la piel y reduce las rojeces e irritaciones.&nbsp;<\/p>\n\n\n    <a class='product' target='_blank' href='https:\/\/www.primor.eu\/es_es\/the-ordinary-salicylic-acid-2-masque-17533.html'>\r\n        <img loading='async' src='https:\/\/cdn2.primor.eu\/media\/catalog\/product\/cache\/8d3aba296f7a18b5251ee30fa5db42b2\/6\/X\/6XS14291_1_3d5d.jpg' alt='COMPRAR AHORA'>\r\n            <div class=\"claim\">\r\n                COMPRAR AHORA            <\/div>\r\n        <\/a>\r\n    \n\n\n\n<h3 class=\"wp-block-heading\">Niacinamide 10% + Zinc 1%<\/h3>\n\n\n\n<p>Se trata de un poderoso s\u00e9rum enriquecido con Vitamina B3 con el que combatir los s\u00edntomas del acn\u00e9, prevenir nuevos brotes, reducir los poros y regular la producci\u00f3n natural de sebo. La combinaci\u00f3n de estos poderosos activos es la soluci\u00f3n perfecta para conseguir que las pieles grasas y acneicas se despidan por fin de los molestos granitos.&nbsp;<\/p>\n\n\n    <a class='product' target='_blank' href='https:\/\/www.primor.eu\/es_es\/the-ordinary-niacinamida-10-zinc-1-14777.html'>\r\n        <img loading='async' src='https:\/\/cdn2.primor.eu\/media\/catalog\/product\/cache\/8d3aba296f7a18b5251ee30fa5db42b2\/6\/X\/6XS08949_1_eb02.jpg' alt='COMPRAR AHORA'>\r\n            <div class=\"claim\">\r\n                COMPRAR AHORA            <\/div>\r\n        <\/a>\r\n    \n\n\n\n<h3 class=\"wp-block-heading\">Alpha Arbutin 2% + HA<\/h3>\n\n\n\n<p>Este s\u00e9rum altamente concentrado posee propiedades inhibitorias de la melanina que combaten la hiperpigmentaci\u00f3n y unifican el tono de la piel. Su uso est\u00e1 recomendado para reducir las manchas oscuras, cicatrices del acn\u00e9, las manchas del sol y de la edad de la dermis.&nbsp;<\/p>\n\n\n    <a class='product' target='_blank' href='https:\/\/www.primor.eu\/es_es\/the-ordinary-alfa-arbutina-al-2-acido-hialuronico-106601.html?#854=66334'>\r\n        <img loading='async' src='https:\/\/cdn2.primor.eu\/media\/catalog\/product\/cache\/8d3aba296f7a18b5251ee30fa5db42b2\/a\/l\/alpha_removebg_preview_7071.png' alt='COMPRAR AHORA'>\r\n            <div class=\"claim\">\r\n                COMPRAR AHORA            <\/div>\r\n        <\/a>\r\n    \n\n\n\n<h2 class=\"wp-block-heading\">La historia de The Ordinary&nbsp;<\/h2>\n\n\n\n<p><strong>The Ordinary<\/strong> es una marca canadiense creada en 2013 por Brandon Truaxe, un j\u00f3ven cient\u00edfico con ideas revolucionarias. Desde sus inicios, la fama y el \u00e9xito han acompa\u00f1ado a esta compa\u00f1\u00eda hasta posicionarla como una de las grandes firmas de cosm\u00e9ticos de nuestros d\u00edas. \u00bfC\u00f3mo? Gracias a su filosof\u00eda basada en la calidad de los ingredientes naturales, la est\u00e9tica minimalista y unos precios asequibles para todos los bolsillos.&nbsp;<\/p>\n\n\n\n<p>Si por algo se caracteriza <strong>esta marca<\/strong> es por salir fuera de los l\u00edmites de lo com\u00fan. Esta firma apuesta por un equipo especializado en qu\u00edmica y bioqu\u00edmica para el desarrollo de cada uno de sus productos. Adem\u00e1s, su <strong>compromiso con la transparencia<\/strong> de sus tratamientos nos aporta un extra de confianza a la hora de a\u00f1adirlos a nuestra rutina. Sus packagings son sencillos y directos, sin marketing ni palabras bonitas, demostrando que no hay nada que esconder.&nbsp;<\/p>\n\n\n\n<p>Otro aspecto que ha conquistado el coraz\u00f3n de los consumidores son sus <strong>f\u00f3rmulas profesionales<\/strong> que ofrecen ingredientes concretos dif\u00edciles de encontrar en el mercado como la Niacinamida o el <a href=\"https:\/\/www.primor.eu\/es_es\/beauty-drops-acido-mandelico-8-gluconolactona-5-16525.html#\/volumen-30_ml\">\u00c1cido Mand\u00e9lico<\/a>. Esto unido a su <strong>amplio cat\u00e1logo<\/strong>, sus <strong>precios dif\u00edciles de mejorar<\/strong> y su <strong>constante innovaci\u00f3n<\/strong>, hacen de la firma una de las favoritas de los amantes del cuidado de la piel.&nbsp;<\/p>\n\n\n<div class=\"kk-star-ratings kksr-auto kksr-align-center kksr-valign-bottom\"\n    data-payload='{&quot;align&quot;:&quot;center&quot;,&quot;id&quot;:&quot;87390&quot;,&quot;slug&quot;:&quot;default&quot;,&quot;valign&quot;:&quot;bottom&quot;,&quot;ignore&quot;:&quot;&quot;,&quot;reference&quot;:&quot;auto&quot;,&quot;class&quot;:&quot;&quot;,&quot;count&quot;:&quot;1&quot;,&quot;legendonly&quot;:&quot;&quot;,&quot;readonly&quot;:&quot;&quot;,&quot;score&quot;:&quot;5&quot;,&quot;starsonly&quot;:&quot;&quot;,&quot;best&quot;:&quot;5&quot;,&quot;gap&quot;:&quot;5&quot;,&quot;greet&quot;:&quot;Valora este art\u00edculo&quot;,&quot;legend&quot;:&quot;5\\\/5 - (1 voto)&quot;,&quot;size&quot;:&quot;24&quot;,&quot;title&quot;:&quot;Ofertas de The Ordinary en Black Friday: cu\u00e1ndo comienzan, cu\u00e1nto duran y cu\u00e1les son las mejores&quot;,&quot;width&quot;:&quot;142.5&quot;,&quot;_legend&quot;:&quot;{score}\\\/{best} - ({count} {votes})&quot;,&quot;font_factor&quot;:&quot;1.25&quot;}'>\n            \n<div class=\"kksr-stars\">\n    \n<div class=\"kksr-stars-inactive\">\n            <div class=\"kksr-star\" data-star=\"1\" style=\"padding-right: 5px\">\n            \n\n<div class=\"kksr-icon\" style=\"width: 24px; height: 24px;\"><\/div>\n        <\/div>\n            <div class=\"kksr-star\" data-star=\"2\" style=\"padding-right: 5px\">\n            \n\n<div class=\"kksr-icon\" style=\"width: 24px; height: 24px;\"><\/div>\n        <\/div>\n            <div class=\"kksr-star\" data-star=\"3\" style=\"padding-right: 5px\">\n            \n\n<div class=\"kksr-icon\" style=\"width: 24px; height: 24px;\"><\/div>\n        <\/div>\n            <div class=\"kksr-star\" data-star=\"4\" style=\"padding-right: 5px\">\n            \n\n<div class=\"kksr-icon\" style=\"width: 24px; height: 24px;\"><\/div>\n        <\/div>\n            <div class=\"kksr-star\" data-star=\"5\" style=\"padding-right: 5px\">\n            \n\n<div class=\"kksr-icon\" style=\"width: 24px; height: 24px;\"><\/div>\n        <\/div>\n    <\/div>\n    \n<div class=\"kksr-stars-active\" style=\"width: 142.5px;\">\n            <div class=\"kksr-star\" style=\"padding-right: 5px\">\n            \n\n<div class=\"kksr-icon\" style=\"width: 24px; height: 24px;\"><\/div>\n        <\/div>\n            <div class=\"kksr-star\" style=\"padding-right: 5px\">\n            \n\n<div class=\"kksr-icon\" style=\"width: 24px; height: 24px;\"><\/div>\n        <\/div>\n            <div class=\"kksr-star\" style=\"padding-right: 5px\">\n            \n\n<div class=\"kksr-icon\" style=\"width: 24px; height: 24px;\"><\/div>\n        <\/div>\n            <div class=\"kksr-star\" style=\"padding-right: 5px\">\n            \n\n<div class=\"kksr-icon\" style=\"width: 24px; height: 24px;\"><\/div>\n        <\/div>\n            <div class=\"kksr-star\" style=\"padding-right: 5px\">\n            \n\n<div class=\"kksr-icon\" style=\"width: 24px; height: 24px;\"><\/div>\n        <\/div>\n    <\/div>\n<\/div>\n                \n\n<div class=\"kksr-legend\" style=\"font-size: 19.2px;\">\n            5\/5 - (1 voto)    <\/div>\n    <\/div>\n","protected":false},"excerpt":{"rendered":"<p>Con la llegada esperad\u00edsima del Viernes Negro, las beauty addicts tienen en mente muchos de los imprescindibles de The Ordinary para Black Friday con los que conseguir\u00e1n una piel radiante, saludable y de aspecto jovial. Te contamos cu\u00e1les son sus mejores b\u00e1sicos para conseguirlo. \u00bfCu\u00e1ndo es Black Friday en The Ordinary? El pr\u00f3ximo Black Friday [&hellip;]<\/p>\n","protected":false},"author":14,"featured_media":134246,"comment_status":"closed","ping_status":"closed","sticky":false,"template":"","format":"standard","meta":{"jnews-multi-image_gallery":[],"jnews_single_post":{"subtitle":"","format":"standard","video":"","gallery":"","source_name":"","source_url":"","via_name":"","via_url":"","override_template":"0","override":[{"template":"1","single_blog_custom":"","parallax":"1","fullscreen":"1","layout":"right-sidebar","sidebar":"home-2","second_sidebar":"default-sidebar","sticky_sidebar":"0","share_position":"float","share_float_style":"share-monocrhome","show_share_counter":"0","show_view_counter":"0","show_featured":"1","show_post_meta":"1","show_post_author":"0","show_post_author_image":"1","show_post_date":"1","post_date_format":"default","post_date_format_custom":"Y\/m\/d","show_post_category":"1","show_post_reading_time":"0","post_reading_time_wpm":"300","show_zoom_button":"0","zoom_button_out_step":"2","zoom_button_in_step":"3","show_post_tag":"0","show_prev_next_post":"0","show_popup_post":"0","number_popup_post":"2","show_author_box":"0","show_post_related":"0","show_inline_post_related":"1"}],"override_image_size":"0","image_override":[{"single_post_thumbnail_size":"no-crop","single_post_gallery_size":"crop-500"}],"trending_post":"0","trending_post_position":"meta","trending_post_label":"Trending","sponsored_post":"0","sponsored_post_label":"Sponsored by","sponsored_post_name":"","sponsored_post_url":"","sponsored_post_logo_enable":"0","sponsored_post_logo":"","sponsored_post_desc":"","disable_ad":"0"},"jnews_primary_category":{"id":"","hide":""},"jnews_social_meta":{"fb_title":"","fb_description":"","fb_image":"","twitter_title":"","twitter_description":"","twitter_image":""},"jnews_override_counter":{"override_view_counter":"0","view_counter_number":"0","override_share_counter":"0","share_counter_number":"0","override_like_counter":"0","like_counter_number":"0","override_dislike_counter":"0","dislike_counter_number":"0"},"footnotes":""},"categories":[6323],"tags":[],"class_list":["post-87390","post","type-post","status-publish","format-standard","has-post-thumbnail","hentry","category-black-friday"],"_links":{"self":[{"href":"https:\/\/www.primor.eu\/blog\/wp-json\/wp\/v2\/posts\/87390","targetHints":{"allow":["GET"]}}],"collection":[{"href":"https:\/\/www.primor.eu\/blog\/wp-json\/wp\/v2\/posts"}],"about":[{"href":"https:\/\/www.primor.eu\/blog\/wp-json\/wp\/v2\/types\/post"}],"author":[{"embeddable":true,"href":"https:\/\/www.primor.eu\/blog\/wp-json\/wp\/v2\/users\/14"}],"replies":[{"embeddable":true,"href":"https:\/\/www.primor.eu\/blog\/wp-json\/wp\/v2\/comments?post=87390"}],"version-history":[{"count":4,"href":"https:\/\/www.primor.eu\/blog\/wp-json\/wp\/v2\/posts\/87390\/revisions"}],"predecessor-version":[{"id":138385,"href":"https:\/\/www.primor.eu\/blog\/wp-json\/wp\/v2\/posts\/87390\/revisions\/138385"}],"wp:featuredmedia":[{"embeddable":true,"href":"https:\/\/www.primor.eu\/blog\/wp-json\/wp\/v2\/media\/134246"}],"wp:attachment":[{"href":"https:\/\/www.primor.eu\/blog\/wp-json\/wp\/v2\/media?parent=87390"}],"wp:term":[{"taxonomy":"category","embeddable":true,"href":"https:\/\/www.primor.eu\/blog\/wp-json\/wp\/v2\/categories?post=87390"},{"taxonomy":"post_tag","embeddable":true,"href":"https:\/\/www.primor.eu\/blog\/wp-json\/wp\/v2\/tags?post=87390"}],"curies":[{"name":"wp","href":"https:\/\/api.w.org\/{rel}","templated":true}]}}