{"id":87386,"date":"2025-11-10T08:31:31","date_gmt":"2025-11-10T08:31:31","guid":{"rendered":"https:\/\/blog.primor.eu\/?p=87386"},"modified":"2026-01-29T08:58:41","modified_gmt":"2026-01-29T08:58:41","slug":"black-friday-w7","status":"publish","type":"post","link":"https:\/\/www.primor.eu\/blog\/black-friday-w7\/","title":{"rendered":"Ofertas de W7 en Black Friday: cu\u00e1ndo comienzan, cu\u00e1nto duran y cu\u00e1les son las mejores"},"content":{"rendered":"\n<p>Con el <a href=\"https:\/\/www.primor.eu\/es_es\/black-friday\">Viernes Negro<\/a> a la vuelta de la esquina es imposible pasar por alto algunos de los fichajes beauty m\u00e1s irresistibles como los <strong>imprescindibles de w7 para Black Friday<\/strong>, ya que con ellos podr\u00e1s crear cientos de looks profesionales a precios completamente imposibles. Te contamos qu\u00e9 iconos deber\u00edas tener bajo el radar.<\/p>\n\n\n\n<h2 class=\"wp-block-heading\">\u00bfCu\u00e1ndo es Black Friday en W7?<\/h2>\n\n\n\n<p>El pr\u00f3ximo Black Friday se celebrar\u00e1 el d\u00eda<strong> 025<\/strong>, justo el viernes despu\u00e9s del D\u00eda de Acci\u00f3n de Gracias en Estados Unidos. Durante este d\u00eda podr\u00e9is encontrar un sinf\u00edn de ofertas y descuentos con las que lograr vuestros productos favoritos a precios de esc\u00e1ndalo. \u00a1Que no te lo cuenten!&nbsp;<\/p>\n\n\n\n<h2 class=\"wp-block-heading\">C\u00f3mo conseguir los mejores descuentos de Black Friday de W7&nbsp;<\/h2>\n\n\n\n<p>Conseguir los mejores descuentos del Black Friday 2026 no es solo cuesti\u00f3n de suerte. Aqu\u00ed te dejamos algunos trucos de experto con los que conseguir <strong>los mejores descuentos en perfumes, maquillaje y cosm\u00e9tica del Black Friday en Primor:<\/strong><\/p>\n\n\n\n<ul class=\"wp-block-list\">\n<li><strong>Ten claras tus prioridades. <\/strong>Durante el Black Friday abundan las ofertas en un sinf\u00edn de productos que nos pueden incitar a perder de vista nuestro objetivo.<\/li>\n\n\n\n<li><strong>Utiliza tu lista de deseos o carrito para prepararte.<\/strong> Este paso es fundamental para tener a mano tus imprescindibles y conseguirlos todos al mejor precio.<\/li>\n\n\n\n<li><strong>Guarda enlaces y referencias importantes. <\/strong>Toda precauci\u00f3n es poca y si buscas hacerte con un producto s\u00ed o s\u00ed, no hay nada como tenerlo bien localizado para evitar que se nos escape.\u00a0<\/li>\n\n\n\n<li><strong>Prioriza siempre lo primero que se pueda agotar.<\/strong> Todos sabemos que hay marcas y productos top ventas que vuelan durante todo el a\u00f1o y mucho m\u00e1s durante Black Friday.<\/li>\n\n\n\n<li><strong>Suscr\u00edbete a nuestra newsletter para enterarte de todas las ofertas.<\/strong> Conseguir\u00e1s los mejores chollos y estar\u00e1s al d\u00eda de los descuentos m\u00e1s jugosos.<\/li>\n<\/ul>\n\n\n\n<h2 class=\"wp-block-heading\">Adem\u00e1s de las rebajas de W7\u2026<\/h2>\n\n\n\n<p>\u00a1Un aut\u00e9ntico sinf\u00edn! D\u00e9jate sorprender por nuestra gran selecci\u00f3n de ofertas en perfumes, <a href=\"https:\/\/www.primor.eu\/es_es\/maquillaje\">maquillaje<\/a>, <a href=\"https:\/\/www.primor.eu\/es_es\/cosmetica-de-lujo\">cosm\u00e9tica<\/a>, <a href=\"https:\/\/www.primor.eu\/es_es\/bebes-y-ninos\">productos para beb\u00e9s<\/a>, <a href=\"https:\/\/www.primor.eu\/es_es\/parafarmacia\">parafarmacia<\/a>, <a href=\"https:\/\/www.primor.eu\/es_es\/corporales\">corporales<\/a>, <a href=\"https:\/\/www.primor.eu\/es_es\/cabello\">tratamientos capilares<\/a>, <a href=\"https:\/\/www.primor.eu\/es_es\/higiene-personal\">higiene<\/a> e incluso <a href=\"https:\/\/www.primor.eu\/es_es\/proteccion-solar\">protectores solares<\/a>. Y no te olvides de nuestros universos como <a href=\"https:\/\/www.primor.eu\/es_es\/cosmetica-coreana\">Korea Republic<\/a>, <a href=\"https:\/\/www.primor.eu\/es_es\/hombre\">Primor Man<\/a> y nuestra <a href=\"https:\/\/www.primor.eu\/es_es\/sex-shop\">tienda er\u00f3tica<\/a> en la encontrar\u00e1s cientos de sorpresas.&nbsp;&nbsp;<\/p>\n\n\n\n<h2 class=\"wp-block-heading\">\u00bfPor qu\u00e9 se llama Viernes Negro o Black Friday?<\/h2>\n\n\n\n<p>Existen muchas teor\u00edas acerca del origen del Viernes Negro. Una de las hip\u00f3tesis apunta a los sucesos transcurridos en Filadelfia a mediados de la d\u00e9cada de 1950 el d\u00eda despu\u00e9s de Acci\u00f3n de Gracias. El s\u00e1bado estaba previsto un partido de f\u00fatbol americano entre la marina y el ej\u00e9rcito. Ante el furor de este acontecimiento, toda la ciudad acudi\u00f3 en masa a anticipar sus compras de Navidad para poder asistir al evento. Los agentes de seguridad que controlaron las avalanchas de personas a lo largo de toda la ciudad bautizaron el d\u00eda como el Viernes Negro.&nbsp;<\/p>\n\n\n\n<h2 class=\"wp-block-heading\">Imprescindibles de W7: qu\u00e9 comprar en Black Friday&nbsp;<\/h2>\n\n\n        <product-table class=\"pr-slider\">\r\n            <product-headers class=\"grid-table-rows\">\r\n                <div>Foto<\/div>\r\n                <div>Producto<\/div>\r\n                <div>Marca<\/div>\r\n                <div>Valoraciones<\/div>\r\n                <div>Precio<\/div>\r\n            <\/product-headers>\r\n\r\n            <product-list>\r\n                                    <a href=\"https:\/\/www.primor.eu\/es_es\/w7-polvos-bronceadores-honolulu-35540.html\" class=\"product-item grid-table-rows\" target=\"_blank\">\r\n                        <div>\r\n                            <img decoding=\"async\" class=\"product-img\" width=\"80px\" height=\"80px\" src=\"https:\/\/www.primor.eu\/blog\/wp-content\/uploads\/2024\/10\/0MR09146_1_d8d7.jpg\" alt=\"W7 Polvos Bronceadores Honolulu\">\r\n                        <\/div>\r\n\r\n                        <!-- Contenido de producto  -->\r\n                        <div>\r\n                            <div class=\"product-position\">\r\n                                #1 Top Ventas                            <\/div>\r\n\r\n                            <h2>\r\n                                W7 Polvos Bronceadores Honolulu                            <\/h2>\r\n                        <\/div>\r\n\r\n                        <!-- Imagen y\/o nombre de la marca -->\r\n                        <div>\r\n                                                            <img decoding=\"async\" width=\"70\" src=\"https:\/\/www.primor.eu\/blog\/wp-content\/uploads\/2023\/09\/893_w7_1.png\" alt=\"85685\">\r\n                                                    <\/div>\r\n\r\n                        <!-- Puntuaci\u00f3n del producto  -->\r\n                        <div class=\"rating\">\r\n                                                            <div class=\"rate\" style=\"--p:94;\"><\/div>\r\n                                <b>4.7\/5<\/b>\r\n                                <div class=\"rate-stars\">\r\n                                                                            <div\r\n                                            class=\"rate-star  \">\r\n                                        <\/div>\r\n                                                                            <div\r\n                                            class=\"rate-star  \">\r\n                                        <\/div>\r\n                                                                            <div\r\n                                            class=\"rate-star  \">\r\n                                        <\/div>\r\n                                                                            <div\r\n                                            class=\"rate-star  \">\r\n                                        <\/div>\r\n                                                                            <div\r\n                                            class=\"rate-star  \">\r\n                                        <\/div>\r\n                                                                    <\/div>\r\n                                                    <\/div>\r\n\r\n                        <!-- Bot\u00f3n de producto  -->\r\n                        <div>\r\n                            <span class=\"price-claim\">\r\n                                VER PRECIO                            <\/span>\r\n                        <\/div>\r\n                    <\/a>\r\n                                    <a href=\"https:\/\/www.primor.eu\/es_es\/w7-paleta-de-sombras-socialite-36567.html\" class=\"product-item grid-table-rows\" target=\"_blank\">\r\n                        <div>\r\n                            <img decoding=\"async\" class=\"product-img\" width=\"80px\" height=\"80px\" src=\"https:\/\/www.primor.eu\/blog\/wp-content\/uploads\/2024\/10\/0MO18466_1_e81e.jpg\" alt=\"W7 Paleta de Sombras Socialite\">\r\n                        <\/div>\r\n\r\n                        <!-- Contenido de producto  -->\r\n                        <div>\r\n                            <div class=\"product-position\">\r\n                                #2                            <\/div>\r\n\r\n                            <h2>\r\n                                W7 Paleta de Sombras Socialite                            <\/h2>\r\n                        <\/div>\r\n\r\n                        <!-- Imagen y\/o nombre de la marca -->\r\n                        <div>\r\n                                                            <img decoding=\"async\" width=\"70\" src=\"https:\/\/www.primor.eu\/blog\/wp-content\/uploads\/2023\/09\/893_w7_1.png\" alt=\"85685\">\r\n                                                    <\/div>\r\n\r\n                        <!-- Puntuaci\u00f3n del producto  -->\r\n                        <div class=\"rating\">\r\n                                                            <div class=\"rate\" style=\"--p:96;\"><\/div>\r\n                                <b>4.8\/5<\/b>\r\n                                <div class=\"rate-stars\">\r\n                                                                            <div\r\n                                            class=\"rate-star  \">\r\n                                        <\/div>\r\n                                                                            <div\r\n                                            class=\"rate-star  \">\r\n                                        <\/div>\r\n                                                                            <div\r\n                                            class=\"rate-star  \">\r\n                                        <\/div>\r\n                                                                            <div\r\n                                            class=\"rate-star  \">\r\n                                        <\/div>\r\n                                                                            <div\r\n                                            class=\"rate-star  \">\r\n                                        <\/div>\r\n                                                                    <\/div>\r\n                                                    <\/div>\r\n\r\n                        <!-- Bot\u00f3n de producto  -->\r\n                        <div>\r\n                            <span class=\"price-claim\">\r\n                                VER PRECIO                            <\/span>\r\n                        <\/div>\r\n                    <\/a>\r\n                                    <a href=\"https:\/\/www.primor.eu\/es_es\/w7-paleta-contorno-hollywood-bronze-glow-35621.html\" class=\"product-item grid-table-rows\" target=\"_blank\">\r\n                        <div>\r\n                            <img decoding=\"async\" class=\"product-img\" width=\"80px\" height=\"80px\" src=\"https:\/\/www.primor.eu\/blog\/wp-content\/uploads\/2024\/10\/0MR10710_1_5aae.jpg\" alt=\"W7 Paleta Contorno Hollywood Bronze & Glow\">\r\n                        <\/div>\r\n\r\n                        <!-- Contenido de producto  -->\r\n                        <div>\r\n                            <div class=\"product-position\">\r\n                                #3                            <\/div>\r\n\r\n                            <h2>\r\n                                W7 Paleta Contorno Hollywood Bronze & Glow                            <\/h2>\r\n                        <\/div>\r\n\r\n                        <!-- Imagen y\/o nombre de la marca -->\r\n                        <div>\r\n                                                            <img decoding=\"async\" width=\"70\" src=\"https:\/\/www.primor.eu\/blog\/wp-content\/uploads\/2023\/09\/893_w7_1.png\" alt=\"85685\">\r\n                                                    <\/div>\r\n\r\n                        <!-- Puntuaci\u00f3n del producto  -->\r\n                        <div class=\"rating\">\r\n                                                            <div class=\"rate\" style=\"--p:94;\"><\/div>\r\n                                <b>4.7\/5<\/b>\r\n                                <div class=\"rate-stars\">\r\n                                                                            <div\r\n                                            class=\"rate-star  \">\r\n                                        <\/div>\r\n                                                                            <div\r\n                                            class=\"rate-star  \">\r\n                                        <\/div>\r\n                                                                            <div\r\n                                            class=\"rate-star  \">\r\n                                        <\/div>\r\n                                                                            <div\r\n                                            class=\"rate-star  \">\r\n                                        <\/div>\r\n                                                                            <div\r\n                                            class=\"rate-star  \">\r\n                                        <\/div>\r\n                                                                    <\/div>\r\n                                                    <\/div>\r\n\r\n                        <!-- Bot\u00f3n de producto  -->\r\n                        <div>\r\n                            <span class=\"price-claim\">\r\n                                VER PRECIO                            <\/span>\r\n                        <\/div>\r\n                    <\/a>\r\n                            <\/product-list>\r\n        <\/product-table>\r\n\r\n        \n\n\n\n<h3 class=\"wp-block-heading\">Polvos bronceadores Honolulu de W7<\/h3>\n\n\n\n<p>Tiene el tono perfecto para el contorno, ni demasiado c\u00e1lido ni demasiado fr\u00edo. Es totalmente modulable, consigue la intensidad deseada aplicando tus polvos Honolulu de W7 con brocha m\u00e1s suelta o m\u00e1s compacta.&nbsp;<\/p>\n\n\n    <a class='product' target='_blank' href='https:\/\/www.primor.eu\/es_es\/w7-polvos-bronceadores-honolulu-35540.html'>\r\n        <img loading='async' src='https:\/\/cdn2.primor.eu\/media\/catalog\/product\/cache\/8d3aba296f7a18b5251ee30fa5db42b2\/0\/M\/0MR09146_1_d8d7.jpg' alt='COMPRAR AHORA'>\r\n            <div class=\"claim\">\r\n                COMPRAR AHORA            <\/div>\r\n        <\/a>\r\n    \n\n\n\n<h3 class=\"wp-block-heading\">Paleta Socialite de W7<\/h3>\n\n\n\n<p>Es una paleta de sombras con 18 tonos en acabados en mate y brillo con la que podr\u00e1s hacer desde un look sencillo y natural de d\u00eda, a un look para una mirada felina para la noche. Combina la variada gama de colores neutros, nude, rosa, marr\u00f3n y dorado de esta paleta de sombras para lograr diferentes maquillajes.<\/p>\n\n\n    <a class='product' target='_blank' href='https:\/\/www.primor.eu\/es_es\/w7-paleta-de-sombras-socialite-36567.html'>\r\n        <img loading='async' src='https:\/\/cdn2.primor.eu\/media\/catalog\/product\/cache\/8d3aba296f7a18b5251ee30fa5db42b2\/0\/M\/0MO18466_1_e81e.jpg' alt='COMPRAR AHORA'>\r\n            <div class=\"claim\">\r\n                COMPRAR AHORA            <\/div>\r\n        <\/a>\r\n    \n\n\n\n<h3 class=\"wp-block-heading\">W7 Hollywood Bronze and Glow<\/h3>\n\n\n\n<p>Contiene bronceador e iluminador en una misma paleta. Este bronceador W7 tiene acabado satinado, el iluminador W7 reflejos dorados muy sutiles, ambos con una pigmentaci\u00f3n media.<\/p>\n\n\n    <a class='product' target='_blank' href='https:\/\/www.primor.eu\/es_es\/w7-paleta-contorno-hollywood-bronze-glow-35621.html'>\r\n        <img loading='async' src='https:\/\/cdn2.primor.eu\/media\/catalog\/product\/cache\/8d3aba296f7a18b5251ee30fa5db42b2\/0\/M\/0MR10710_1_5aae.jpg' alt='COMPRAR AHORA'>\r\n            <div class=\"claim\">\r\n                COMPRAR AHORA            <\/div>\r\n        <\/a>\r\n    \n\n\n\n<h3 class=\"wp-block-heading\">W7 Romanced Paleta de Sombras<\/h3>\n\n\n\n<p>Destaca porque tiene una selecci\u00f3n de tonos naturales donde encontrar\u00e1s rosas, dorados, melocotones,... Comb\u00ednalos para crear looks naturales, rom\u00e1nticos y\/o glamorosos.<\/p>\n\n\n    <a class='product' target='_blank' href='https:\/\/www.primor.eu\/es_es\/w7-paleta-de-sombras-romanced-36208.html'>\r\n        <img loading='async' src='https:\/\/cdn2.primor.eu\/media\/catalog\/product\/cache\/8d3aba296f7a18b5251ee30fa5db42b2\/0\/M\/0MO17541_1_5b40.jpg' alt='COMPRAR AHORA'>\r\n            <div class=\"claim\">\r\n                COMPRAR AHORA            <\/div>\r\n        <\/a>\r\n    \n\n\n\n<h3 class=\"wp-block-heading\">Princess Potion Booster &amp; Primer de W7<\/h3>\n\n\n\n<p>Funciona a la vez como prebase maquillaje y tratamiento para la piel. Formulada con \u00e1cido hialur\u00f3nico, aceite de rosa mosqueta, aceite de almendras dulces, aloe vera, aceite de arg\u00e1n, hojas de uva y manzanilla, esta prebase maquillaje dejar\u00e1 tu piel suave, hidratada y luminosa.vv<\/p>\n\n\n    <a class='product' target='_blank' href='https:\/\/www.primor.eu\/es_es\/w7-prebase-princess-potion-booster-primer-36041.html'>\r\n        <img loading='async' src='https:\/\/cdn2.primor.eu\/media\/catalog\/product\/cache\/8d3aba296f7a18b5251ee30fa5db42b2\/0\/M\/0MR14304_1_424d.jpg' alt='COMPRAR AHORA'>\r\n            <div class=\"claim\">\r\n                COMPRAR AHORA            <\/div>\r\n        <\/a>\r\n    \n\n\n\n<h3 class=\"wp-block-heading\">Eyeliner en gel de W7<\/h3>\n\n\n\n<p>Disponible en formato l\u00e1piz, suave, muy pigmentado y dise\u00f1ado para deslizarse con facilidad en tus ojos. Este l\u00e1piz eyeliner est\u00e1 disponible en 8 tonos brillantes para que puedas darle un toque de color a tu look de ojos.<\/p>\n\n\n    <a class='product' target='_blank' href='https:\/\/www.primor.eu\/es_es\/w7-eyeliner-oh-my-gel-36118.html'>\r\n        <img loading='async' src='https:\/\/cdn2.primor.eu\/media\/catalog\/product\/cache\/8d3aba296f7a18b5251ee30fa5db42b2\/0\/M\/0MO16657_1_3549.jpg' alt='COMPRAR AHORA'>\r\n            <div class=\"claim\">\r\n                COMPRAR AHORA            <\/div>\r\n        <\/a>\r\n    \n\n\n\n<h2 class=\"wp-block-heading\">La historia de W7<\/h2>\n\n\n\n<p>El sue\u00f1o de sus creadores siempre ha tenido un objetivo fijo: <a href=\"https:\/\/www.primor.eu\/102-maquillaje\"><strong>productos de maquillaje<\/strong><\/a> <strong>asequibles de buena calidad<\/strong> que sean afines a todas las tendencias beauty del momento. De esta forma, <strong>W7 vio la luz en 2002<\/strong> con el \u00fanico objetivo de ofrecer lo mejor de los dos mundos: <strong>moda y precios competitivos.<\/strong><\/p>\n\n\n\n<p>A\u00f1os despu\u00e9s, la marca ha conseguido hacerse un hueco en el panorama internacional con best sellers que se anticipan a todas las tendencias, siendo pionera en tener las \u00faltimas novedades del momento. <strong>W7<\/strong> est\u00e1 repleta de <strong>moda, pasi\u00f3n por el color<\/strong> y una <strong>excelente calidad<\/strong> que no testa en animales y que cuenta con <strong>f\u00f3rmulas 100% veganas y cruelty free.<\/strong><\/p>\n\n\n\n<p>Dentro de su abanico podr\u00e1s encontrar lo \u00faltimo en <strong>sombras de ojos,<\/strong> <a href=\"https:\/\/www.primor.eu\/es_es\/mascaras-de-pestanas\"><strong>m\u00e1scaras de pesta\u00f1as<\/strong><\/a>, <a href=\"https:\/\/www.primor.eu\/es_es\/coloretes\"><strong>coloretes<\/strong><\/a>, <a href=\"https:\/\/www.primor.eu\/es_es\/bases-de-maquillaje\"><strong>bases de maquillaje<\/strong><\/a>, <a href=\"https:\/\/www.primor.eu\/es_es\/correctores-de-maquillaje-para-ojeras-y-antiojeras\"><strong>correctores<\/strong><\/a>, <strong>labiales, esmaltes\u2026.<\/strong> \u00a1Y mucho m\u00e1s!<\/p>\n\n\n<div class=\"kk-star-ratings kksr-auto kksr-align-center kksr-valign-bottom\"\n    data-payload='{&quot;align&quot;:&quot;center&quot;,&quot;id&quot;:&quot;87386&quot;,&quot;slug&quot;:&quot;default&quot;,&quot;valign&quot;:&quot;bottom&quot;,&quot;ignore&quot;:&quot;&quot;,&quot;reference&quot;:&quot;auto&quot;,&quot;class&quot;:&quot;&quot;,&quot;count&quot;:&quot;1&quot;,&quot;legendonly&quot;:&quot;&quot;,&quot;readonly&quot;:&quot;&quot;,&quot;score&quot;:&quot;5&quot;,&quot;starsonly&quot;:&quot;&quot;,&quot;best&quot;:&quot;5&quot;,&quot;gap&quot;:&quot;5&quot;,&quot;greet&quot;:&quot;Valora este art\u00edculo&quot;,&quot;legend&quot;:&quot;5\\\/5 - (1 voto)&quot;,&quot;size&quot;:&quot;24&quot;,&quot;title&quot;:&quot;Ofertas de W7 en Black Friday: cu\u00e1ndo comienzan, cu\u00e1nto duran y cu\u00e1les son las mejores&quot;,&quot;width&quot;:&quot;142.5&quot;,&quot;_legend&quot;:&quot;{score}\\\/{best} - ({count} {votes})&quot;,&quot;font_factor&quot;:&quot;1.25&quot;}'>\n            \n<div class=\"kksr-stars\">\n    \n<div class=\"kksr-stars-inactive\">\n            <div class=\"kksr-star\" data-star=\"1\" style=\"padding-right: 5px\">\n            \n\n<div class=\"kksr-icon\" style=\"width: 24px; height: 24px;\"><\/div>\n        <\/div>\n            <div class=\"kksr-star\" data-star=\"2\" style=\"padding-right: 5px\">\n            \n\n<div class=\"kksr-icon\" style=\"width: 24px; height: 24px;\"><\/div>\n        <\/div>\n            <div class=\"kksr-star\" data-star=\"3\" style=\"padding-right: 5px\">\n            \n\n<div class=\"kksr-icon\" style=\"width: 24px; height: 24px;\"><\/div>\n        <\/div>\n            <div class=\"kksr-star\" data-star=\"4\" style=\"padding-right: 5px\">\n            \n\n<div class=\"kksr-icon\" style=\"width: 24px; height: 24px;\"><\/div>\n        <\/div>\n            <div class=\"kksr-star\" data-star=\"5\" style=\"padding-right: 5px\">\n            \n\n<div class=\"kksr-icon\" style=\"width: 24px; height: 24px;\"><\/div>\n        <\/div>\n    <\/div>\n    \n<div class=\"kksr-stars-active\" style=\"width: 142.5px;\">\n            <div class=\"kksr-star\" style=\"padding-right: 5px\">\n            \n\n<div class=\"kksr-icon\" style=\"width: 24px; height: 24px;\"><\/div>\n        <\/div>\n            <div class=\"kksr-star\" style=\"padding-right: 5px\">\n            \n\n<div class=\"kksr-icon\" style=\"width: 24px; height: 24px;\"><\/div>\n        <\/div>\n            <div class=\"kksr-star\" style=\"padding-right: 5px\">\n            \n\n<div class=\"kksr-icon\" style=\"width: 24px; height: 24px;\"><\/div>\n        <\/div>\n            <div class=\"kksr-star\" style=\"padding-right: 5px\">\n            \n\n<div class=\"kksr-icon\" style=\"width: 24px; height: 24px;\"><\/div>\n        <\/div>\n            <div class=\"kksr-star\" style=\"padding-right: 5px\">\n            \n\n<div class=\"kksr-icon\" style=\"width: 24px; height: 24px;\"><\/div>\n        <\/div>\n    <\/div>\n<\/div>\n                \n\n<div class=\"kksr-legend\" style=\"font-size: 19.2px;\">\n            5\/5 - (1 voto)    <\/div>\n    <\/div>\n","protected":false},"excerpt":{"rendered":"<p>Con el Viernes Negro a la vuelta de la esquina es imposible pasar por alto algunos de los fichajes beauty m\u00e1s irresistibles como los imprescindibles de w7 para Black Friday, ya que con ellos podr\u00e1s crear cientos de looks profesionales a precios completamente imposibles. Te contamos qu\u00e9 iconos deber\u00edas tener bajo el radar. \u00bfCu\u00e1ndo es [&hellip;]<\/p>\n","protected":false},"author":14,"featured_media":115028,"comment_status":"closed","ping_status":"closed","sticky":false,"template":"","format":"standard","meta":{"jnews-multi-image_gallery":[],"jnews_single_post":{"subtitle":"","format":"standard","video":"","gallery":"","source_name":"","source_url":"","via_name":"","via_url":"","override_template":"0","override":[{"template":"1","single_blog_custom":"","parallax":"1","fullscreen":"1","layout":"right-sidebar","sidebar":"home-2","second_sidebar":"default-sidebar","sticky_sidebar":"0","share_position":"float","share_float_style":"share-monocrhome","show_share_counter":"0","show_view_counter":"0","show_featured":"1","show_post_meta":"1","show_post_author":"0","show_post_author_image":"1","show_post_date":"1","post_date_format":"default","post_date_format_custom":"Y\/m\/d","show_post_category":"1","show_post_reading_time":"0","post_reading_time_wpm":"300","show_zoom_button":"0","zoom_button_out_step":"2","zoom_button_in_step":"3","show_post_tag":"0","show_prev_next_post":"0","show_popup_post":"0","number_popup_post":"2","show_author_box":"0","show_post_related":"0","show_inline_post_related":"1"}],"override_image_size":"0","image_override":[{"single_post_thumbnail_size":"no-crop","single_post_gallery_size":"crop-500"}],"trending_post":"0","trending_post_position":"meta","trending_post_label":"Trending","sponsored_post":"0","sponsored_post_label":"Sponsored by","sponsored_post_name":"","sponsored_post_url":"","sponsored_post_logo_enable":"0","sponsored_post_logo":"","sponsored_post_desc":"","disable_ad":"0"},"jnews_primary_category":{"id":"","hide":""},"jnews_social_meta":{"fb_title":"","fb_description":"","fb_image":"","twitter_title":"","twitter_description":"","twitter_image":""},"jnews_override_counter":{"override_view_counter":"0","view_counter_number":"0","override_share_counter":"0","share_counter_number":"0","override_like_counter":"0","like_counter_number":"0","override_dislike_counter":"0","dislike_counter_number":"0"},"footnotes":""},"categories":[6323],"tags":[],"class_list":["post-87386","post","type-post","status-publish","format-standard","has-post-thumbnail","hentry","category-black-friday"],"_links":{"self":[{"href":"https:\/\/www.primor.eu\/blog\/wp-json\/wp\/v2\/posts\/87386","targetHints":{"allow":["GET"]}}],"collection":[{"href":"https:\/\/www.primor.eu\/blog\/wp-json\/wp\/v2\/posts"}],"about":[{"href":"https:\/\/www.primor.eu\/blog\/wp-json\/wp\/v2\/types\/post"}],"author":[{"embeddable":true,"href":"https:\/\/www.primor.eu\/blog\/wp-json\/wp\/v2\/users\/14"}],"replies":[{"embeddable":true,"href":"https:\/\/www.primor.eu\/blog\/wp-json\/wp\/v2\/comments?post=87386"}],"version-history":[{"count":5,"href":"https:\/\/www.primor.eu\/blog\/wp-json\/wp\/v2\/posts\/87386\/revisions"}],"predecessor-version":[{"id":138373,"href":"https:\/\/www.primor.eu\/blog\/wp-json\/wp\/v2\/posts\/87386\/revisions\/138373"}],"wp:featuredmedia":[{"embeddable":true,"href":"https:\/\/www.primor.eu\/blog\/wp-json\/wp\/v2\/media\/115028"}],"wp:attachment":[{"href":"https:\/\/www.primor.eu\/blog\/wp-json\/wp\/v2\/media?parent=87386"}],"wp:term":[{"taxonomy":"category","embeddable":true,"href":"https:\/\/www.primor.eu\/blog\/wp-json\/wp\/v2\/categories?post=87386"},{"taxonomy":"post_tag","embeddable":true,"href":"https:\/\/www.primor.eu\/blog\/wp-json\/wp\/v2\/tags?post=87386"}],"curies":[{"name":"wp","href":"https:\/\/api.w.org\/{rel}","templated":true}]}}