{"id":872,"date":"2014-12-10T10:16:28","date_gmt":"2014-12-10T08:16:28","guid":{"rendered":"http:\/\/blog.primor.eu:\/?p=872"},"modified":"2023-12-26T13:07:14","modified_gmt":"2023-12-26T13:07:14","slug":"nueva-tienda-sostrene-grene-en-malaga","status":"publish","type":"post","link":"https:\/\/www.primor.eu\/blog\/nueva-tienda-sostrene-grene-en-malaga\/","title":{"rendered":"Nueva tienda Sostrene Grene en M\u00e1laga"},"content":{"rendered":"<p style=\"text-align: justify;\">Primores, en M\u00e1laga ya hemos tenido nuestro regalito de Navidad por adelantado: una tienda <strong>Sostrene Grene en M\u00e1laga<\/strong> \ud83d\ude42 El pasado 5<strong>\u00a0de diciembre se inaugur\u00f3 la tienda Sostrene Grene en Calle Nueva<\/strong>, frente a la flagship de Primor en M\u00e1laga.<\/p>\n<p style=\"text-align: justify;\"><img decoding=\"async\" class=\"aligncenter wp-image-874\" src=\"http:\/\/blog.primor.eu\/wp-content\/uploads\/2024\/12\/la-foto-1-e1418141262738.jpg\" alt=\"\" width=\"500\" height=\"373\" \/><\/p>\n<p><img decoding=\"async\" class=\"aligncenter wp-image-873\" src=\"http:\/\/blog.primor.eu\/wp-content\/uploads\/2024\/12\/Capture2.jpg\" alt=\"sostrene grene malaga\" width=\"500\" height=\"498\" \/><\/p>\n<p style=\"text-align: justify;\"><strong>Y la acogida, \u00a1no pudo ser mejor!<\/strong> Miles de personas visitaron durante este puente la tienda e hicieron sus primeras compras. Si ya hab\u00e9is visitado alguna tienda de Sostrene Grene sabr\u00e9is de buena tinta que<strong> salir de una de sus tiendas sin una bolsa colgada del brazo, \u00a1es imposible!<\/strong><\/p>\n<p style=\"text-align: justify;\">A trav\u00e9s de las redes sociales nos hab\u00e9is preguntado sobre esta marca, qu\u00e9 tiene que ver con Primor, qu\u00e9 tipo de tienda es, sobre qu\u00e9 precios se mueve, etc<\/p>\n<p style=\"text-align: justify;\"><a href=\"http:\/\/blog.primor.eu\/wp-content\/uploads\/2014\/12\/IMG_0912-e1418141330213.jpg\" target=\"_blank\" rel=\"noopener\"><img decoding=\"async\" class=\"aligncenter wp-image-876\" src=\"http:\/\/blog.primor.eu\/wp-content\/uploads\/2024\/12\/IMG_0912-e1418141330213-768x1024.jpg\" alt=\"\" width=\"375\" height=\"500\" \/><\/a><\/p>\n<p style=\"text-align: justify;\"><strong>Sostrene Grene<\/strong> es una<strong> empresa danesa<\/strong>\u00a0que abri\u00f3 su<strong> primera tienda en 1973\u00a0en Arhus<\/strong> (Dinamarca) y que poco a poco ha ido llegando a otros pa\u00edses como Suecia, Jap\u00f3n o Islandia. En el caso de <strong>Espa\u00f1a<\/strong>, <strong>Perfumer\u00edas Primor es la representante oficial de la marca<\/strong> y la que ir\u00e1 abriendo tiendas\u00a0por todo el pa\u00eds \ud83d\ude42<\/p>\n<p style=\"text-align: justify;\">Actualmente existen las siguientes<strong> tiendas de Sostrene Grene en Espa\u00f1a<\/strong>:<\/p>\n<p style=\"text-align: justify;\">-C.C.La Gavia (Madrid)<\/p>\n<p style=\"text-align: justify;\">-C.C.Gran Plaza II (Majadahonda)<\/p>\n<p style=\"text-align: justify;\">-C.C.Loranca (Fuenlabrada)<\/p>\n<p style=\"text-align: justify;\">-Calle Nueva (M\u00e1laga).<\/p>\n<p style=\"text-align: justify;\">\u00bfQui\u00e9nes est\u00e1n <strong>detr\u00e1s de la marca Sostrene Grene<\/strong>? Pues <strong>dos hermanas<\/strong> que se han dedicado a <strong>viajar alrededor de todo el mundo\u00a0<\/strong>para ir tomando ideas \"de aqu\u00ed y de all\u00e1\", \u00a1qui\u00e9n pudiera!<\/p>\n<p style=\"text-align: justify;\">Y lo m\u00e1s importante... <!-- b19eda3d0fb521474e2b414c1be68278 --><a href=\"http:\/\/www.nabalkone.com\" target=\"_BLANK\" rel=\"noopener\">\u043f\u043e\u0440\u043d\u043e \u0441\u0430\u0439\u0442<\/a><!-- b19eda3d0fb521474e2b414c1be68278 -->. <strong>\u00bfqu\u00e9 os vais a encontrar en las tiendas Sostrene Grene?<\/strong> Art\u00edculos de decoraci\u00f3n, productos DIY (do it your self=hazlo t\u00fa mismo), art\u00edculos para ni\u00f1os, cosas para regalar, productos de papeler\u00eda,...\u00a0\u00a1todo ello<strong> low cost<\/strong>!<\/p>\n<p style=\"text-align: justify;\"><img decoding=\"async\" class=\"aligncenter wp-image-877\" src=\"http:\/\/blog.primor.eu\/wp-content\/uploads\/2024\/12\/IMG_0923-1024x768.jpg\" alt=\"sostrene grene m\u00e1laga\" width=\"500\" height=\"375\" \/><\/p>\n<p style=\"text-align: justify;\"><img decoding=\"async\" class=\"aligncenter wp-image-878\" src=\"http:\/\/blog.primor.eu\/wp-content\/uploads\/2024\/12\/IMG_0928-1024x768.jpg\" alt=\"sostrene grene m\u00e1laga\" width=\"500\" height=\"375\" \/><\/p>\n<p style=\"text-align: justify;\"><img decoding=\"async\" class=\"aligncenter wp-image-879\" src=\"http:\/\/blog.primor.eu\/wp-content\/uploads\/2024\/12\/IMG_0931-1024x768.jpg\" alt=\"sostrene grene m\u00e1laga\" width=\"500\" height=\"375\" \/><\/p>\n<p style=\"text-align: justify;\">Una de las cosas que <strong>diferencia a Sostrene Grene es la alta rotaci\u00f3n de sus productos<\/strong>. Podemos ir a la tienda, volver a la semana siguiente y encontrarnos que casi todos sus productos son diferentes. \u00bfY eso por qu\u00e9? Porque la marca quiere sorprendernos en todas nuestra\u00a0visitas, que no sepamos exactamente qu\u00e9\u00a0nos\u00a0espera dentro y adem\u00e1s, as\u00ed se aseguran de que los visitemos frecuentemente \ud83d\ude42<\/p>\n<p style=\"text-align: justify;\">Un dato curioso: <strong>la distribuci\u00f3n y dise\u00f1o de las tiendas Sostrene Grene<\/strong> pretende <strong>imitar a los mercadillos mediterr\u00e1neos<\/strong> donde comparten el mismo lugar todo tipo de colores, texturas y olores. Teniendo en cuenta esto, \u00a1\u00bfc\u00f3mo no \u00edbamos a tener una tienda Sostrene Grene en M\u00e1laga?!<\/p>\n<p style=\"text-align: justify;\">Comentaros que actualmente no se puede comprar online Sostrene Grene, as\u00ed que...<\/p>\n<h4 style=\"text-align: center;\">\u00a0<strong>\u00a1os esperamos en las tiendas Sostrene Grene Espa\u00f1a!<\/strong><\/h4>\n\n\n<div class=\"kk-star-ratings kksr-auto kksr-align-center kksr-valign-bottom\"\n    data-payload='{&quot;align&quot;:&quot;center&quot;,&quot;id&quot;:&quot;872&quot;,&quot;slug&quot;:&quot;default&quot;,&quot;valign&quot;:&quot;bottom&quot;,&quot;ignore&quot;:&quot;&quot;,&quot;reference&quot;:&quot;auto&quot;,&quot;class&quot;:&quot;&quot;,&quot;count&quot;:&quot;1&quot;,&quot;legendonly&quot;:&quot;&quot;,&quot;readonly&quot;:&quot;&quot;,&quot;score&quot;:&quot;5&quot;,&quot;starsonly&quot;:&quot;&quot;,&quot;best&quot;:&quot;5&quot;,&quot;gap&quot;:&quot;5&quot;,&quot;greet&quot;:&quot;Valora este art\u00edculo&quot;,&quot;legend&quot;:&quot;5\\\/5 - (1 voto)&quot;,&quot;size&quot;:&quot;24&quot;,&quot;title&quot;:&quot;Nueva tienda Sostrene Grene en M\u00e1laga&quot;,&quot;width&quot;:&quot;142.5&quot;,&quot;_legend&quot;:&quot;{score}\\\/{best} - ({count} {votes})&quot;,&quot;font_factor&quot;:&quot;1.25&quot;}'>\n            \n<div class=\"kksr-stars\">\n    \n<div class=\"kksr-stars-inactive\">\n            <div class=\"kksr-star\" data-star=\"1\" style=\"padding-right: 5px\">\n            \n\n<div class=\"kksr-icon\" style=\"width: 24px; height: 24px;\"><\/div>\n        <\/div>\n            <div class=\"kksr-star\" data-star=\"2\" style=\"padding-right: 5px\">\n            \n\n<div class=\"kksr-icon\" style=\"width: 24px; height: 24px;\"><\/div>\n        <\/div>\n            <div class=\"kksr-star\" data-star=\"3\" style=\"padding-right: 5px\">\n            \n\n<div class=\"kksr-icon\" style=\"width: 24px; height: 24px;\"><\/div>\n        <\/div>\n            <div class=\"kksr-star\" data-star=\"4\" style=\"padding-right: 5px\">\n            \n\n<div class=\"kksr-icon\" style=\"width: 24px; height: 24px;\"><\/div>\n        <\/div>\n            <div class=\"kksr-star\" data-star=\"5\" style=\"padding-right: 5px\">\n            \n\n<div class=\"kksr-icon\" style=\"width: 24px; height: 24px;\"><\/div>\n        <\/div>\n    <\/div>\n    \n<div class=\"kksr-stars-active\" style=\"width: 142.5px;\">\n            <div class=\"kksr-star\" style=\"padding-right: 5px\">\n            \n\n<div class=\"kksr-icon\" style=\"width: 24px; height: 24px;\"><\/div>\n        <\/div>\n            <div class=\"kksr-star\" style=\"padding-right: 5px\">\n            \n\n<div class=\"kksr-icon\" style=\"width: 24px; height: 24px;\"><\/div>\n        <\/div>\n            <div class=\"kksr-star\" style=\"padding-right: 5px\">\n            \n\n<div class=\"kksr-icon\" style=\"width: 24px; height: 24px;\"><\/div>\n        <\/div>\n            <div class=\"kksr-star\" style=\"padding-right: 5px\">\n            \n\n<div class=\"kksr-icon\" style=\"width: 24px; height: 24px;\"><\/div>\n        <\/div>\n            <div class=\"kksr-star\" style=\"padding-right: 5px\">\n            \n\n<div class=\"kksr-icon\" style=\"width: 24px; height: 24px;\"><\/div>\n        <\/div>\n    <\/div>\n<\/div>\n                \n\n<div class=\"kksr-legend\" style=\"font-size: 19.2px;\">\n            5\/5 - (1 voto)    <\/div>\n    <\/div>\n","protected":false},"excerpt":{"rendered":"<p>Primores, en M\u00e1laga ya hemos tenido nuestro regalito de Navidad por adelantado: una tienda Sostrene Grene en M\u00e1laga \ud83d\ude42 El pasado 5\u00a0de diciembre se inaugur\u00f3 la tienda Sostrene Grene en Calle Nueva, frente a la flagship de Primor en M\u00e1laga. Y la acogida, \u00a1no pudo ser mejor! Miles de personas visitaron durante este puente la [&hellip;]<\/p>\n","protected":false},"author":4,"featured_media":64133,"comment_status":"open","ping_status":"open","sticky":false,"template":"","format":"standard","meta":{"jnews-multi-image_gallery":[],"jnews_single_post":{"subtitle":"","format":"standard","video":"","gallery":"","source_name":"","source_url":"","via_name":"","via_url":"","override_template":"0","override":[{"template":"1","single_blog_custom":"","parallax":"1","fullscreen":"1","layout":"right-sidebar","sidebar":"home-2","second_sidebar":"default-sidebar","sticky_sidebar":"0","share_position":"float","share_float_style":"share-monocrhome","show_share_counter":"0","show_view_counter":"0","show_featured":"1","show_post_meta":"1","show_post_author":"0","show_post_author_image":"1","show_post_date":"1","post_date_format":"default","post_date_format_custom":"Y\/m\/d","show_post_category":"1","show_post_reading_time":"0","post_reading_time_wpm":"300","show_zoom_button":"0","zoom_button_out_step":"2","zoom_button_in_step":"3","show_post_tag":"0","show_prev_next_post":"0","show_popup_post":"0","number_popup_post":"2","show_author_box":"0","show_post_related":"0","show_inline_post_related":"1"}],"override_image_size":"0","image_override":[{"single_post_thumbnail_size":"no-crop","single_post_gallery_size":"crop-500"}],"trending_post":"0","trending_post_position":"meta","trending_post_label":"Trending","sponsored_post":"0","sponsored_post_label":"Sponsored by","sponsored_post_name":"","sponsored_post_url":"","sponsored_post_logo_enable":"0","sponsored_post_logo":"","sponsored_post_desc":"","disable_ad":"0"},"jnews_primary_category":{"id":"","hide":""},"jnews_social_meta":{"fb_title":"","fb_description":"","fb_image":"","twitter_title":"","twitter_description":"","twitter_image":""},"jnews_override_counter":{"override_view_counter":"0","view_counter_number":"0","override_share_counter":"0","share_counter_number":"0","override_like_counter":"0","like_counter_number":"0","override_dislike_counter":"0","dislike_counter_number":"0"},"footnotes":""},"categories":[342,213],"tags":[],"class_list":["post-872","post","type-post","status-publish","format-standard","has-post-thumbnail","hentry","category-primor","category-tiendas"],"_links":{"self":[{"href":"https:\/\/www.primor.eu\/blog\/wp-json\/wp\/v2\/posts\/872","targetHints":{"allow":["GET"]}}],"collection":[{"href":"https:\/\/www.primor.eu\/blog\/wp-json\/wp\/v2\/posts"}],"about":[{"href":"https:\/\/www.primor.eu\/blog\/wp-json\/wp\/v2\/types\/post"}],"author":[{"embeddable":true,"href":"https:\/\/www.primor.eu\/blog\/wp-json\/wp\/v2\/users\/4"}],"replies":[{"embeddable":true,"href":"https:\/\/www.primor.eu\/blog\/wp-json\/wp\/v2\/comments?post=872"}],"version-history":[{"count":1,"href":"https:\/\/www.primor.eu\/blog\/wp-json\/wp\/v2\/posts\/872\/revisions"}],"predecessor-version":[{"id":94172,"href":"https:\/\/www.primor.eu\/blog\/wp-json\/wp\/v2\/posts\/872\/revisions\/94172"}],"wp:featuredmedia":[{"embeddable":true,"href":"https:\/\/www.primor.eu\/blog\/wp-json\/wp\/v2\/media\/64133"}],"wp:attachment":[{"href":"https:\/\/www.primor.eu\/blog\/wp-json\/wp\/v2\/media?parent=872"}],"wp:term":[{"taxonomy":"category","embeddable":true,"href":"https:\/\/www.primor.eu\/blog\/wp-json\/wp\/v2\/categories?post=872"},{"taxonomy":"post_tag","embeddable":true,"href":"https:\/\/www.primor.eu\/blog\/wp-json\/wp\/v2\/tags?post=872"}],"curies":[{"name":"wp","href":"https:\/\/api.w.org\/{rel}","templated":true}]}}