{"id":87185,"date":"2023-10-23T02:44:00","date_gmt":"2023-10-23T02:44:00","guid":{"rendered":"https:\/\/blog.primor.eu\/?p=87185"},"modified":"2023-10-20T11:00:58","modified_gmt":"2023-10-20T11:00:58","slug":"repara-el-cabello-danado-con-ultimate-repair-de-wella","status":"publish","type":"post","link":"https:\/\/www.primor.eu\/blog\/repara-el-cabello-danado-con-ultimate-repair-de-wella\/","title":{"rendered":"Repara el cabello da\u00f1ado con Ultimate Repair de Wella"},"content":{"rendered":"\n<p>El nuevo tratamiento de reparaci\u00f3n capilar <a href=\"https:\/\/www.primor.eu\/es_es\/wella-professionals-ultimate-repair-73113?gclid=CjwKCAjwysipBhBXEiwApJOcu19AoWTHgr9gyGixev9yzr8vG2uLEweuhPr6Wf_okMFLFNNxRVM9EBoCVNQQAvD_BwE\">Ultimate Repair de Wella Professionals<\/a> repara el cabello da\u00f1ado por <strong>dentro<\/strong> y por <strong>fuera<\/strong>. Con <strong>tecnolog\u00eda patentada <\/strong>para una reparaci\u00f3n definitiva del cabello con resultados visibles desde el primer uso.<\/p>\n\n\n\n<p><strong><a href=\"https:\/\/www.primor.eu\/blog\/aha-y-bha\/\" data-type=\"post\" data-id=\"66774\">AHA<\/a>:<\/strong> reconstruye los enlaces en el interior\u00a0<\/p>\n\n\n\n<p><strong>OMEGA-9:<\/strong> rellena la barrera exterior<\/p>\n\n\n\n<p>La combinaci\u00f3n especial de AHA y Omega-9 bioid\u00e9ntico proporciona la reparaci\u00f3n definitiva, que puedes ver y sentir.<\/p>\n\n\n\n<h2 class=\"wp-block-heading\"><strong><strong>Sigue la rutina completa para obtener resultados definitivos<\/strong><\/strong><\/h2>\n\n\n\n<ul class=\"wp-block-list\">\n<li><strong>LIMPIAR Y PREPARAR CHAMP\u00da ULTIMATE REPAIR<\/strong> Un champ\u00fa rico y cremoso que limpia suave y eficazmente con una lujosa espuma. Elimina todas las peque\u00f1as impurezas que pueden ser perjudiciales para el cabello gracias a la tecnolog\u00eda Mental Purifier.&nbsp;<\/li>\n<\/ul>\n\n\n       \r\n        \n\n\n\n<ul class=\"wp-block-list\">\n<li><strong>ACONDICIONAR Y MANTENER ACONDICIONADOR ULTIMATE REPAIR<\/strong> Un acondicionador profundo de textura cremosa y uso diario para desenredar, fortalecer y reparar en profundidad. Proporciona una intensa fuerza interior sin apelmazar el cabello, dej\u00e1ndolo suave al tacto, con una sensaci\u00f3n de limpieza y frescor.<\/li>\n<\/ul>\n\n\n    <a class='product' target='_blank' href='https:\/\/www.primor.eu\/es_es\/wella-professionals-ultimate-repair-acondicionador-85668.html'>\r\n        <img loading='async' src='https:\/\/cdn2.primor.eu\/media\/catalog\/product\/cache\/8d3aba296f7a18b5251ee30fa5db42b2\/4\/0\/4064666336169_1_8757.png' alt='COMPRAR AHORA'>\r\n            <div class=\"claim\">\r\n                COMPRAR AHORA            <\/div>\r\n        <\/a>\r\n    \n\n\n\n<ul class=\"wp-block-list\">\n<li><strong>TRATAR Y REVERTIR ULTIMATE REPAIR MIRACLE HAIR RESCUE<\/strong> Un tratamiento que repara el cabello da\u00f1ado en 90 segundos. Suaviza y fortalece intensamente el cabello gracias a su f\u00f3rmula enriquecida con AHA y Omega-9.<\/li>\n<\/ul>\n\n\n    <a class='product' target='_blank' href='https:\/\/www.primor.eu\/es_es\/wella-ultimate-repair-serum-protector-leave-in-85669.html'>\r\n        <img loading='async' src='https:\/\/cdn2.primor.eu\/media\/catalog\/product\/cache\/8d3aba296f7a18b5251ee30fa5db42b2\/4\/0\/4064666580098_1_5f5b.png' alt='COMPRAR AHORA'>\r\n            <div class=\"claim\">\r\n                COMPRAR AHORA            <\/div>\r\n        <\/a>\r\n    \n\n\n\n<ul class=\"wp-block-list\">\n<li><strong>PROTEGER Y PREVENIR ULTIMATE REPAIR PROTECTIVE LEAVE-IN<\/strong> Un s\u00e9rum delicado en crema que protege, repara y suaviza todo tipo de cabellos. Proporciona un control del encrespamiento al instante y facilita el peinado.&nbsp;<\/li>\n<\/ul>\n\n\n    <a class='product' target='_blank' href='https:\/\/www.primor.eu\/es_es\/wella-ultimate-repair-serum-protector-leave-in-85669.html'>\r\n        <img loading='async' src='https:\/\/cdn2.primor.eu\/media\/catalog\/product\/cache\/8d3aba296f7a18b5251ee30fa5db42b2\/4\/0\/4064666580098_1_5f5b.png' alt='COMPRAR AHORA'>\r\n            <div class=\"claim\">\r\n                COMPRAR AHORA            <\/div>\r\n        <\/a>\r\n    \n\n\n\n<h2 class=\"wp-block-heading\"><strong>PROTEGE DE LAS 5 PREOCUPACIONES PRINCIPALES:<\/strong>&nbsp;<\/h2>\n\n\n\n<p>Rotura | rayos uv | calor hasta 230\u00b0c | da\u00f1o mec\u00e1nico | encrespamiento<\/p>\n\n\n<div class=\"kk-star-ratings kksr-auto kksr-align-center kksr-valign-bottom\"\n    data-payload='{&quot;align&quot;:&quot;center&quot;,&quot;id&quot;:&quot;87185&quot;,&quot;slug&quot;:&quot;default&quot;,&quot;valign&quot;:&quot;bottom&quot;,&quot;ignore&quot;:&quot;&quot;,&quot;reference&quot;:&quot;auto&quot;,&quot;class&quot;:&quot;&quot;,&quot;count&quot;:&quot;0&quot;,&quot;legendonly&quot;:&quot;&quot;,&quot;readonly&quot;:&quot;&quot;,&quot;score&quot;:&quot;0&quot;,&quot;starsonly&quot;:&quot;&quot;,&quot;best&quot;:&quot;5&quot;,&quot;gap&quot;:&quot;5&quot;,&quot;greet&quot;:&quot;Valora este art\u00edculo&quot;,&quot;legend&quot;:&quot;0\\\/5 - (0 votos)&quot;,&quot;size&quot;:&quot;24&quot;,&quot;title&quot;:&quot;Repara el cabello da\u00f1ado con Ultimate Repair de Wella&quot;,&quot;width&quot;:&quot;0&quot;,&quot;_legend&quot;:&quot;{score}\\\/{best} - ({count} {votes})&quot;,&quot;font_factor&quot;:&quot;1.25&quot;}'>\n            \n<div class=\"kksr-stars\">\n    \n<div class=\"kksr-stars-inactive\">\n            <div class=\"kksr-star\" data-star=\"1\" style=\"padding-right: 5px\">\n            \n\n<div class=\"kksr-icon\" style=\"width: 24px; height: 24px;\"><\/div>\n        <\/div>\n            <div class=\"kksr-star\" data-star=\"2\" style=\"padding-right: 5px\">\n            \n\n<div class=\"kksr-icon\" style=\"width: 24px; height: 24px;\"><\/div>\n        <\/div>\n            <div class=\"kksr-star\" data-star=\"3\" style=\"padding-right: 5px\">\n            \n\n<div class=\"kksr-icon\" style=\"width: 24px; height: 24px;\"><\/div>\n        <\/div>\n            <div class=\"kksr-star\" data-star=\"4\" style=\"padding-right: 5px\">\n            \n\n<div class=\"kksr-icon\" style=\"width: 24px; height: 24px;\"><\/div>\n        <\/div>\n            <div class=\"kksr-star\" data-star=\"5\" style=\"padding-right: 5px\">\n            \n\n<div class=\"kksr-icon\" style=\"width: 24px; height: 24px;\"><\/div>\n        <\/div>\n    <\/div>\n    \n<div class=\"kksr-stars-active\" style=\"width: 0px;\">\n            <div class=\"kksr-star\" style=\"padding-right: 5px\">\n            \n\n<div class=\"kksr-icon\" style=\"width: 24px; height: 24px;\"><\/div>\n        <\/div>\n            <div class=\"kksr-star\" style=\"padding-right: 5px\">\n            \n\n<div class=\"kksr-icon\" style=\"width: 24px; height: 24px;\"><\/div>\n        <\/div>\n            <div class=\"kksr-star\" style=\"padding-right: 5px\">\n            \n\n<div class=\"kksr-icon\" style=\"width: 24px; height: 24px;\"><\/div>\n        <\/div>\n            <div class=\"kksr-star\" style=\"padding-right: 5px\">\n            \n\n<div class=\"kksr-icon\" style=\"width: 24px; height: 24px;\"><\/div>\n        <\/div>\n            <div class=\"kksr-star\" style=\"padding-right: 5px\">\n            \n\n<div class=\"kksr-icon\" style=\"width: 24px; height: 24px;\"><\/div>\n        <\/div>\n    <\/div>\n<\/div>\n                \n\n<div class=\"kksr-legend\" style=\"font-size: 19.2px;\">\n            <span class=\"kksr-muted\">Valora este art\u00edculo<\/span>\n    <\/div>\n    <\/div>\n","protected":false},"excerpt":{"rendered":"<p>El nuevo tratamiento de reparaci\u00f3n capilar Ultimate Repair de Wella Professionals repara el cabello da\u00f1ado por dentro y por fuera. Con tecnolog\u00eda patentada para una reparaci\u00f3n definitiva del cabello con resultados visibles desde el primer uso. AHA: reconstruye los enlaces en el interior\u00a0 OMEGA-9: rellena la barrera exterior La combinaci\u00f3n especial de AHA y Omega-9 [&hellip;]<\/p>\n","protected":false},"author":14,"featured_media":87192,"comment_status":"closed","ping_status":"closed","sticky":false,"template":"","format":"standard","meta":{"jnews-multi-image_gallery":[],"jnews_single_post":{"subtitle":"","format":"standard","video":"","gallery":"","source_name":"","source_url":"","via_name":"","via_url":"","override_template":"0","override":[{"template":"1","single_blog_custom":"","parallax":"1","fullscreen":"1","layout":"right-sidebar","sidebar":"home-2","second_sidebar":"default-sidebar","sticky_sidebar":"0","share_position":"float","share_float_style":"share-monocrhome","show_share_counter":"0","show_view_counter":"0","show_featured":"1","show_post_meta":"1","show_post_author":"0","show_post_author_image":"1","show_post_date":"1","post_date_format":"default","post_date_format_custom":"Y\/m\/d","show_post_category":"1","show_post_reading_time":"0","post_reading_time_wpm":"300","show_zoom_button":"0","zoom_button_out_step":"2","zoom_button_in_step":"3","show_post_tag":"0","show_prev_next_post":"0","show_popup_post":"0","number_popup_post":"2","show_author_box":"0","show_post_related":"0","show_inline_post_related":"1"}],"override_image_size":"0","image_override":[{"single_post_thumbnail_size":"no-crop","single_post_gallery_size":"crop-500"}],"trending_post":"0","trending_post_position":"meta","trending_post_label":"Trending","sponsored_post":"0","sponsored_post_label":"Sponsored by","sponsored_post_name":"","sponsored_post_url":"","sponsored_post_logo_enable":"0","sponsored_post_logo":"","sponsored_post_desc":"","disable_ad":"0"},"jnews_primary_category":{"id":"","hide":""},"jnews_social_meta":{"fb_title":"","fb_description":"","fb_image":"","twitter_title":"","twitter_description":"","twitter_image":""},"jnews_override_counter":{"override_view_counter":"0","view_counter_number":"0","override_share_counter":"0","share_counter_number":"0","override_like_counter":"0","like_counter_number":"0","override_dislike_counter":"0","dislike_counter_number":"0"},"footnotes":""},"categories":[26],"tags":[],"class_list":["post-87185","post","type-post","status-publish","format-standard","has-post-thumbnail","hentry","category-noticias-beauty"],"_links":{"self":[{"href":"https:\/\/www.primor.eu\/blog\/wp-json\/wp\/v2\/posts\/87185","targetHints":{"allow":["GET"]}}],"collection":[{"href":"https:\/\/www.primor.eu\/blog\/wp-json\/wp\/v2\/posts"}],"about":[{"href":"https:\/\/www.primor.eu\/blog\/wp-json\/wp\/v2\/types\/post"}],"author":[{"embeddable":true,"href":"https:\/\/www.primor.eu\/blog\/wp-json\/wp\/v2\/users\/14"}],"replies":[{"embeddable":true,"href":"https:\/\/www.primor.eu\/blog\/wp-json\/wp\/v2\/comments?post=87185"}],"version-history":[{"count":1,"href":"https:\/\/www.primor.eu\/blog\/wp-json\/wp\/v2\/posts\/87185\/revisions"}],"predecessor-version":[{"id":87187,"href":"https:\/\/www.primor.eu\/blog\/wp-json\/wp\/v2\/posts\/87185\/revisions\/87187"}],"wp:featuredmedia":[{"embeddable":true,"href":"https:\/\/www.primor.eu\/blog\/wp-json\/wp\/v2\/media\/87192"}],"wp:attachment":[{"href":"https:\/\/www.primor.eu\/blog\/wp-json\/wp\/v2\/media?parent=87185"}],"wp:term":[{"taxonomy":"category","embeddable":true,"href":"https:\/\/www.primor.eu\/blog\/wp-json\/wp\/v2\/categories?post=87185"},{"taxonomy":"post_tag","embeddable":true,"href":"https:\/\/www.primor.eu\/blog\/wp-json\/wp\/v2\/tags?post=87185"}],"curies":[{"name":"wp","href":"https:\/\/api.w.org\/{rel}","templated":true}]}}