{"id":87107,"date":"2026-04-22T13:42:01","date_gmt":"2026-04-22T13:42:01","guid":{"rendered":"https:\/\/blog.primor.eu\/?p=87107"},"modified":"2026-04-28T12:24:20","modified_gmt":"2026-04-28T12:24:20","slug":"inspiracion-manicura-unas-azules","status":"publish","type":"post","link":"https:\/\/www.primor.eu\/blog\/inspiracion-manicura-unas-azules\/","title":{"rendered":"Mejores ideas de u\u00f1as azules 2026: los dise\u00f1os que te inspirar\u00e1n"},"content":{"rendered":"\n<p>Lo sabemos. No es tan f\u00e1cil, porque a la hora de buscar <a href=\"https:\/\/www.primor.eu\/es_es\/decoracion-de-unas-y-nail-art\"><strong>ideas para pintarte las u\u00f1as<\/strong><\/a> y verte muy favorecida con una <a href=\"https:\/\/www.primor.eu\/blog\/unas-cortas-decoradas-elegantes-y-sencillas\/\"><strong>manicura elegante y bonita<\/strong><\/a>, muchas optan por pintarse las <strong>u\u00f1as azules<\/strong>. A pesar de que las cl\u00e1sicas se decantan por tonos como el <strong><a href=\"https:\/\/www.primor.eu\/blog\/unas-rojas\/\">rojo<\/a> <\/strong>o la manicura francesa, y las m\u00e1s modernas prefieren optar por <a href=\"https:\/\/www.primor.eu\/blog\/unas-lila\/\"><strong>u\u00f1as lilas<\/strong>,<\/a> naranjas o con estampados llamativos, este tono tiene mucho que ofrecernos, y en este art\u00edculo de <strong><a href=\"https:\/\/www.primor.eu\/es_es\/\">Primor <\/a><\/strong>te contamos por qu\u00e9.<\/p>\n\n\n\n<h2 class=\"wp-block-heading\">Pintarse las u\u00f1as de azul: significado&nbsp;<\/h2>\n\n\n\n<p>Lo hemos dicho por activa y por pasiva: <strong>depende<\/strong>. El significado del color de tu <a href=\"https:\/\/www.primor.eu\/es_es\/unas-lujo\"><strong>manicura <\/strong><\/a>depende mucho del lugar, la cultura y el contexto en el que te encuentres. Sin embargo, el color azul posee varias connotaciones claras que merece la pena tener presente:<\/p>\n\n\n\n<ul class=\"wp-block-list\">\n<li><strong>Tranquilidad y calma. <\/strong>El azul es un color asociado com\u00fanmente con la tranquilidad, la calma y la paz. Pintarse las u\u00f1as de azul puede reflejar un deseo de sentirse relajado y en paz.<\/li>\n\n\n\n<li><strong>Serenidad y equilibrio.<\/strong> El azul tambi\u00e9n puede simbolizar serenidad y equilibrio. Algunas personas eligen este color para mantener un estado de \u00e1nimo equilibrado y pac\u00edfico.<\/li>\n\n\n\n<li><strong>Comunicaci\u00f3n y expresi\u00f3n.<\/strong> En psicolog\u00eda del color, el azul se relaciona con la comunicaci\u00f3n y la expresi\u00f3n. Pintarse las u\u00f1as de azul puede indicar una disposici\u00f3n a comunicar, expresar ideas o escuchar a los dem\u00e1s.<\/li>\n\n\n\n<li>Al igual que con cualquier color de esmalte de u\u00f1as, el azul puede ser una <strong>elecci\u00f3n de estilo personal. <\/strong>Las personas a menudo eligen colores que se ajustan a su personalidad o que les hacen sentirse bien consigo mismas. Con el azul no iba a ser diferente.<\/li>\n\n\n\n<li><strong>Creatividad y originalidad.<\/strong> Algunas personas pueden optar por el azul en sus u\u00f1as como un medio para expresar su creatividad y originalidad en la moda y el arte de las u\u00f1as.<\/li>\n\n\n\n<li><strong>Simbolismo cultural o de identidad.<\/strong> En ciertos contextos culturales o identitarios, el azul puede tener un significado espec\u00edfico. Por ejemplo, en algunos casos, el azul puede ser un color importante en la identidad de g\u00e9nero o en la representaci\u00f3n de una causa o movimiento social.<\/li>\n<\/ul>\n\n\n\n<h2 class=\"wp-block-heading\">Ideas de u\u00f1as azules 2026 muy sencillas y elegantes<\/h2>\n\n\n\n<figure class=\"wp-block-image alignwide size-large\"><img decoding=\"async\" width=\"1024\" height=\"1024\" src=\"https:\/\/www.primor.eu\/blog\/wp-content\/uploads\/2023\/10\/UNAS-AZULES-1-1024x1024.jpg\" alt=\"Estas son las mejores ideas de u\u00f1as azules\" class=\"wp-image-87115\" srcset=\"https:\/\/www.primor.eu\/blog\/wp-content\/uploads\/2023\/10\/UNAS-AZULES-1-1024x1024.jpg 1024w, https:\/\/www.primor.eu\/blog\/wp-content\/uploads\/2023\/10\/UNAS-AZULES-1-300x300.jpg 300w, https:\/\/www.primor.eu\/blog\/wp-content\/uploads\/2023\/10\/UNAS-AZULES-1-150x150.jpg 150w, https:\/\/www.primor.eu\/blog\/wp-content\/uploads\/2023\/10\/UNAS-AZULES-1-768x768.jpg 768w, https:\/\/www.primor.eu\/blog\/wp-content\/uploads\/2023\/10\/UNAS-AZULES-1-75x75.jpg 75w, https:\/\/www.primor.eu\/blog\/wp-content\/uploads\/2023\/10\/UNAS-AZULES-1-350x350.jpg 350w, https:\/\/www.primor.eu\/blog\/wp-content\/uploads\/2023\/10\/UNAS-AZULES-1-750x750.jpg 750w, https:\/\/www.primor.eu\/blog\/wp-content\/uploads\/2023\/10\/UNAS-AZULES-1.jpg 1080w\" sizes=\"(max-width: 1024px) 100vw, 1024px\" \/><figcaption class=\"wp-element-caption\">@aymiinails_<\/figcaption><\/figure>\n\n\n\n<h3 class=\"wp-block-heading\">U\u00f1as azul klein<\/h3>\n\n\n\n<p>Concretamente, es el azul que est\u00e1 de moda, por lo que es una gran oportunidad para matar dos p\u00e1jaros de un tiro. Adem\u00e1s, es el tono favorito de las royals como Kate Middleton o la reina Letizia.&nbsp;<\/p>\n\n\n\n<figure class=\"wp-block-image alignwide size-large\"><img decoding=\"async\" width=\"1024\" height=\"1024\" src=\"https:\/\/www.primor.eu\/blog\/wp-content\/uploads\/2023\/10\/UNAS-AZULES-2-1024x1024.jpg\" alt=\"Estas son las mejores ideas de u\u00f1as azules\" class=\"wp-image-87116\" srcset=\"https:\/\/www.primor.eu\/blog\/wp-content\/uploads\/2023\/10\/UNAS-AZULES-2-1024x1024.jpg 1024w, https:\/\/www.primor.eu\/blog\/wp-content\/uploads\/2023\/10\/UNAS-AZULES-2-300x300.jpg 300w, https:\/\/www.primor.eu\/blog\/wp-content\/uploads\/2023\/10\/UNAS-AZULES-2-150x150.jpg 150w, https:\/\/www.primor.eu\/blog\/wp-content\/uploads\/2023\/10\/UNAS-AZULES-2-768x768.jpg 768w, https:\/\/www.primor.eu\/blog\/wp-content\/uploads\/2023\/10\/UNAS-AZULES-2-75x75.jpg 75w, https:\/\/www.primor.eu\/blog\/wp-content\/uploads\/2023\/10\/UNAS-AZULES-2-350x350.jpg 350w, https:\/\/www.primor.eu\/blog\/wp-content\/uploads\/2023\/10\/UNAS-AZULES-2-750x750.jpg 750w, https:\/\/www.primor.eu\/blog\/wp-content\/uploads\/2023\/10\/UNAS-AZULES-2.jpg 1080w\" sizes=\"(max-width: 1024px) 100vw, 1024px\" \/><figcaption class=\"wp-element-caption\">@pirela.beauty<\/figcaption><\/figure>\n\n\n\n<h3 class=\"wp-block-heading\">U\u00f1as azules cortas<\/h3>\n\n\n\n<p>Toma nota, porque s\u00ed, es un color que tambi\u00e9n queda estupendamente bien en u\u00f1as cortas. Lo importante es no tenerle miedo y atreverse, ya que es un tono que, de por s\u00ed, te har\u00e1 destacar entre la multitud.&nbsp;<\/p>\n\n\n\n<figure class=\"wp-block-image alignwide size-large\"><img decoding=\"async\" width=\"822\" height=\"1024\" src=\"https:\/\/www.primor.eu\/blog\/wp-content\/uploads\/2023\/10\/UNAS-AZULES-3-822x1024.jpg\" alt=\"Estas son las mejores ideas de u\u00f1as azules\" class=\"wp-image-87117\" srcset=\"https:\/\/www.primor.eu\/blog\/wp-content\/uploads\/2023\/10\/UNAS-AZULES-3-822x1024.jpg 822w, https:\/\/www.primor.eu\/blog\/wp-content\/uploads\/2023\/10\/UNAS-AZULES-3-241x300.jpg 241w, https:\/\/www.primor.eu\/blog\/wp-content\/uploads\/2023\/10\/UNAS-AZULES-3-768x957.jpg 768w, https:\/\/www.primor.eu\/blog\/wp-content\/uploads\/2023\/10\/UNAS-AZULES-3-750x935.jpg 750w, https:\/\/www.primor.eu\/blog\/wp-content\/uploads\/2023\/10\/UNAS-AZULES-3.jpg 1080w\" sizes=\"(max-width: 822px) 100vw, 822px\" \/><figcaption class=\"wp-element-caption\">@artdecom<\/figcaption><\/figure>\n\n\n\n<h3 class=\"wp-block-heading\">U\u00f1as azules estampadas con francesa<\/h3>\n\n\n\n<p>Debemos reconocer que es una de nuestras manicuras favoritas, porque lo tiene todo. Est\u00e1 a medio camino entre modernidad y elegancia, es bonita, perfecta para cualquier ocasi\u00f3n y momento y combina varios tonos de azul.\u00a0<\/p>\n\n\n\n<figure class=\"wp-block-image alignwide size-large\"><img decoding=\"async\" width=\"1024\" height=\"1024\" src=\"https:\/\/www.primor.eu\/blog\/wp-content\/uploads\/2023\/10\/UNAS-AZULES-4-1024x1024.jpg\" alt=\"Estas son las mejores ideas de u\u00f1as azules\" class=\"wp-image-87118\" srcset=\"https:\/\/www.primor.eu\/blog\/wp-content\/uploads\/2023\/10\/UNAS-AZULES-4-1024x1024.jpg 1024w, https:\/\/www.primor.eu\/blog\/wp-content\/uploads\/2023\/10\/UNAS-AZULES-4-300x300.jpg 300w, https:\/\/www.primor.eu\/blog\/wp-content\/uploads\/2023\/10\/UNAS-AZULES-4-150x150.jpg 150w, https:\/\/www.primor.eu\/blog\/wp-content\/uploads\/2023\/10\/UNAS-AZULES-4-768x768.jpg 768w, https:\/\/www.primor.eu\/blog\/wp-content\/uploads\/2023\/10\/UNAS-AZULES-4-75x75.jpg 75w, https:\/\/www.primor.eu\/blog\/wp-content\/uploads\/2023\/10\/UNAS-AZULES-4-350x350.jpg 350w, https:\/\/www.primor.eu\/blog\/wp-content\/uploads\/2023\/10\/UNAS-AZULES-4-750x750.jpg 750w, https:\/\/www.primor.eu\/blog\/wp-content\/uploads\/2023\/10\/UNAS-AZULES-4.jpg 1080w\" sizes=\"(max-width: 1024px) 100vw, 1024px\" \/><figcaption class=\"wp-element-caption\">@lizbetaguero<\/figcaption><\/figure>\n\n\n\n<h3 class=\"wp-block-heading\">U\u00f1as azules clarito con francesa<\/h3>\n\n\n\n<p>Si por el contrario lo que buscas es un tono un poco m\u00e1s claro, este azul pastel nos ha cautivado el coraz\u00f3n porque son elegantes, femeninas y toda una declaraci\u00f3n de intenciones dispuesta a arrasar.&nbsp;<\/p>\n\n\n\n<figure class=\"wp-block-image alignwide size-large\"><img decoding=\"async\" width=\"819\" height=\"1024\" src=\"https:\/\/www.primor.eu\/blog\/wp-content\/uploads\/2023\/10\/UNAS-AZULES-5-819x1024.jpg\" alt=\"Estas son las mejores ideas de u\u00f1as azules\" class=\"wp-image-87119\" srcset=\"https:\/\/www.primor.eu\/blog\/wp-content\/uploads\/2023\/10\/UNAS-AZULES-5-819x1024.jpg 819w, https:\/\/www.primor.eu\/blog\/wp-content\/uploads\/2023\/10\/UNAS-AZULES-5-240x300.jpg 240w, https:\/\/www.primor.eu\/blog\/wp-content\/uploads\/2023\/10\/UNAS-AZULES-5-768x960.jpg 768w, https:\/\/www.primor.eu\/blog\/wp-content\/uploads\/2023\/10\/UNAS-AZULES-5-750x938.jpg 750w, https:\/\/www.primor.eu\/blog\/wp-content\/uploads\/2023\/10\/UNAS-AZULES-5.jpg 1080w\" sizes=\"(max-width: 819px) 100vw, 819px\" \/><figcaption class=\"wp-element-caption\">@thehotblend<\/figcaption><\/figure>\n\n\n\n<h3 class=\"wp-block-heading\">U\u00f1as azules estampadas<\/h3>\n\n\n\n<p>Otro dise\u00f1o sutil y bonito de u\u00f1as azules es este con formas geom\u00e9tricas y estrellas. Arrasar\u00e1s all\u00e1 donde vayas.&nbsp;<\/p>\n\n\n\n<figure class=\"wp-block-image size-large\"><img decoding=\"async\" width=\"1024\" height=\"1024\" src=\"https:\/\/www.primor.eu\/blog\/wp-content\/uploads\/2023\/10\/UNAS-AZULES-6-1024x1024.jpg\" alt=\"Estas son las mejores ideas de u\u00f1as azules\" class=\"wp-image-87120\" srcset=\"https:\/\/www.primor.eu\/blog\/wp-content\/uploads\/2023\/10\/UNAS-AZULES-6-1024x1024.jpg 1024w, https:\/\/www.primor.eu\/blog\/wp-content\/uploads\/2023\/10\/UNAS-AZULES-6-300x300.jpg 300w, https:\/\/www.primor.eu\/blog\/wp-content\/uploads\/2023\/10\/UNAS-AZULES-6-150x150.jpg 150w, https:\/\/www.primor.eu\/blog\/wp-content\/uploads\/2023\/10\/UNAS-AZULES-6-768x768.jpg 768w, https:\/\/www.primor.eu\/blog\/wp-content\/uploads\/2023\/10\/UNAS-AZULES-6-75x75.jpg 75w, https:\/\/www.primor.eu\/blog\/wp-content\/uploads\/2023\/10\/UNAS-AZULES-6-350x350.jpg 350w, https:\/\/www.primor.eu\/blog\/wp-content\/uploads\/2023\/10\/UNAS-AZULES-6-750x750.jpg 750w, https:\/\/www.primor.eu\/blog\/wp-content\/uploads\/2023\/10\/UNAS-AZULES-6.jpg 1080w\" sizes=\"(max-width: 1024px) 100vw, 1024px\" \/><figcaption class=\"wp-element-caption\">@pegi_nails<\/figcaption><\/figure>\n\n\n\n<h3 class=\"wp-block-heading\">U\u00f1as azules con acabado metalizado<\/h3>\n\n\n\n<p>Perfectas si lo que buscas es un resultado met\u00e1lico que sea perfecto para a\u00f1adir ese toque de glamour diferencial. Sientan bien a todas las manos y resultan elegantes.&nbsp;<\/p>\n\n\n<div class=\"kk-star-ratings kksr-auto kksr-align-center kksr-valign-bottom\"\n    data-payload='{&quot;align&quot;:&quot;center&quot;,&quot;id&quot;:&quot;87107&quot;,&quot;slug&quot;:&quot;default&quot;,&quot;valign&quot;:&quot;bottom&quot;,&quot;ignore&quot;:&quot;&quot;,&quot;reference&quot;:&quot;auto&quot;,&quot;class&quot;:&quot;&quot;,&quot;count&quot;:&quot;0&quot;,&quot;legendonly&quot;:&quot;&quot;,&quot;readonly&quot;:&quot;&quot;,&quot;score&quot;:&quot;0&quot;,&quot;starsonly&quot;:&quot;&quot;,&quot;best&quot;:&quot;5&quot;,&quot;gap&quot;:&quot;5&quot;,&quot;greet&quot;:&quot;Valora este art\u00edculo&quot;,&quot;legend&quot;:&quot;0\\\/5 - (0 votos)&quot;,&quot;size&quot;:&quot;24&quot;,&quot;title&quot;:&quot;Mejores ideas de u\u00f1as azules 2026: los dise\u00f1os que te inspirar\u00e1n&quot;,&quot;width&quot;:&quot;0&quot;,&quot;_legend&quot;:&quot;{score}\\\/{best} - ({count} {votes})&quot;,&quot;font_factor&quot;:&quot;1.25&quot;}'>\n            \n<div class=\"kksr-stars\">\n    \n<div class=\"kksr-stars-inactive\">\n            <div class=\"kksr-star\" data-star=\"1\" style=\"padding-right: 5px\">\n            \n\n<div class=\"kksr-icon\" style=\"width: 24px; height: 24px;\"><\/div>\n        <\/div>\n            <div class=\"kksr-star\" data-star=\"2\" style=\"padding-right: 5px\">\n            \n\n<div class=\"kksr-icon\" style=\"width: 24px; height: 24px;\"><\/div>\n        <\/div>\n            <div class=\"kksr-star\" data-star=\"3\" style=\"padding-right: 5px\">\n            \n\n<div class=\"kksr-icon\" style=\"width: 24px; height: 24px;\"><\/div>\n        <\/div>\n            <div class=\"kksr-star\" data-star=\"4\" style=\"padding-right: 5px\">\n            \n\n<div class=\"kksr-icon\" style=\"width: 24px; height: 24px;\"><\/div>\n        <\/div>\n            <div class=\"kksr-star\" data-star=\"5\" style=\"padding-right: 5px\">\n            \n\n<div class=\"kksr-icon\" style=\"width: 24px; height: 24px;\"><\/div>\n        <\/div>\n    <\/div>\n    \n<div class=\"kksr-stars-active\" style=\"width: 0px;\">\n            <div class=\"kksr-star\" style=\"padding-right: 5px\">\n            \n\n<div class=\"kksr-icon\" style=\"width: 24px; height: 24px;\"><\/div>\n        <\/div>\n            <div class=\"kksr-star\" style=\"padding-right: 5px\">\n            \n\n<div class=\"kksr-icon\" style=\"width: 24px; height: 24px;\"><\/div>\n        <\/div>\n            <div class=\"kksr-star\" style=\"padding-right: 5px\">\n            \n\n<div class=\"kksr-icon\" style=\"width: 24px; height: 24px;\"><\/div>\n        <\/div>\n            <div class=\"kksr-star\" style=\"padding-right: 5px\">\n            \n\n<div class=\"kksr-icon\" style=\"width: 24px; height: 24px;\"><\/div>\n        <\/div>\n            <div class=\"kksr-star\" style=\"padding-right: 5px\">\n            \n\n<div class=\"kksr-icon\" style=\"width: 24px; height: 24px;\"><\/div>\n        <\/div>\n    <\/div>\n<\/div>\n                \n\n<div class=\"kksr-legend\" style=\"font-size: 19.2px;\">\n            <span class=\"kksr-muted\">Valora este art\u00edculo<\/span>\n    <\/div>\n    <\/div>\n","protected":false},"excerpt":{"rendered":"<p>Lo sabemos. No es tan f\u00e1cil, porque a la hora de buscar ideas para pintarte las u\u00f1as y verte muy favorecida con una manicura elegante y bonita, muchas optan por pintarse las u\u00f1as azules. A pesar de que las cl\u00e1sicas se decantan por tonos como el rojo o la manicura francesa, y las m\u00e1s modernas [&hellip;]<\/p>\n","protected":false},"author":14,"featured_media":87114,"comment_status":"closed","ping_status":"closed","sticky":false,"template":"","format":"standard","meta":{"jnews-multi-image_gallery":[],"jnews_single_post":{"subtitle":"","format":"standard","video":"","gallery":"","source_name":"","source_url":"","via_name":"","via_url":"","override_template":"0","override":[{"template":"1","single_blog_custom":"","parallax":"1","fullscreen":"1","layout":"right-sidebar","sidebar":"home-2","second_sidebar":"default-sidebar","sticky_sidebar":"0","share_position":"float","share_float_style":"share-monocrhome","show_share_counter":"0","show_view_counter":"0","show_featured":"1","show_post_meta":"1","show_post_author":"0","show_post_author_image":"1","show_post_date":"1","post_date_format":"default","post_date_format_custom":"Y\/m\/d","show_post_category":"1","show_post_reading_time":"0","post_reading_time_wpm":"300","show_zoom_button":"0","zoom_button_out_step":"2","zoom_button_in_step":"3","show_post_tag":"0","show_prev_next_post":"0","show_popup_post":"0","number_popup_post":"2","show_author_box":"0","show_post_related":"0","show_inline_post_related":"1"}],"override_image_size":"0","image_override":[{"single_post_thumbnail_size":"no-crop","single_post_gallery_size":"crop-500"}],"trending_post":"0","trending_post_position":"meta","trending_post_label":"Trending","sponsored_post":"0","sponsored_post_label":"Sponsored by","sponsored_post_name":"","sponsored_post_url":"","sponsored_post_logo_enable":"0","sponsored_post_logo":"","sponsored_post_desc":"","disable_ad":"0"},"jnews_primary_category":{"id":"","hide":""},"jnews_social_meta":{"fb_title":"","fb_description":"","fb_image":"","twitter_title":"","twitter_description":"","twitter_image":""},"jnews_override_counter":{"override_view_counter":"0","view_counter_number":"0","override_share_counter":"0","share_counter_number":"0","override_like_counter":"0","like_counter_number":"0","override_dislike_counter":"0","dislike_counter_number":"0"},"footnotes":""},"categories":[1831],"tags":[],"class_list":["post-87107","post","type-post","status-publish","format-standard","has-post-thumbnail","hentry","category-manicuras"],"_links":{"self":[{"href":"https:\/\/www.primor.eu\/blog\/wp-json\/wp\/v2\/posts\/87107","targetHints":{"allow":["GET"]}}],"collection":[{"href":"https:\/\/www.primor.eu\/blog\/wp-json\/wp\/v2\/posts"}],"about":[{"href":"https:\/\/www.primor.eu\/blog\/wp-json\/wp\/v2\/types\/post"}],"author":[{"embeddable":true,"href":"https:\/\/www.primor.eu\/blog\/wp-json\/wp\/v2\/users\/14"}],"replies":[{"embeddable":true,"href":"https:\/\/www.primor.eu\/blog\/wp-json\/wp\/v2\/comments?post=87107"}],"version-history":[{"count":7,"href":"https:\/\/www.primor.eu\/blog\/wp-json\/wp\/v2\/posts\/87107\/revisions"}],"predecessor-version":[{"id":141832,"href":"https:\/\/www.primor.eu\/blog\/wp-json\/wp\/v2\/posts\/87107\/revisions\/141832"}],"wp:featuredmedia":[{"embeddable":true,"href":"https:\/\/www.primor.eu\/blog\/wp-json\/wp\/v2\/media\/87114"}],"wp:attachment":[{"href":"https:\/\/www.primor.eu\/blog\/wp-json\/wp\/v2\/media?parent=87107"}],"wp:term":[{"taxonomy":"category","embeddable":true,"href":"https:\/\/www.primor.eu\/blog\/wp-json\/wp\/v2\/categories?post=87107"},{"taxonomy":"post_tag","embeddable":true,"href":"https:\/\/www.primor.eu\/blog\/wp-json\/wp\/v2\/tags?post=87107"}],"curies":[{"name":"wp","href":"https:\/\/api.w.org\/{rel}","templated":true}]}}