{"id":87085,"date":"2025-02-03T12:46:34","date_gmt":"2025-02-03T12:46:34","guid":{"rendered":"https:\/\/blog.primor.eu\/?p=87085"},"modified":"2025-06-30T06:35:14","modified_gmt":"2025-06-30T06:35:14","slug":"inspiracion-manicura-unas-naranjas","status":"publish","type":"post","link":"https:\/\/www.primor.eu\/blog\/inspiracion-manicura-unas-naranjas\/","title":{"rendered":"U\u00f1as naranjas, la inspiraci\u00f3n que necesitas en tu pr\u00f3xima manicura"},"content":{"rendered":"\n<p>A la hora de buscar i<a href=\"https:\/\/www.primor.eu\/es_es\/decoracion-de-unas-y-nail-art\">deas para pintarte las u\u00f1as<\/a> y verte muy favorecida con una <a href=\"https:\/\/www.primor.eu\/blog\/unas-cortas-decoradas-elegantes-y-sencillas\/\">manicura elegante, sencilla y bonita<\/a>, muchas optan por pintarse las<strong> u\u00f1as naranjas<\/strong>. A pesar de que las cl\u00e1sicas se decantan por tonos como el <a href=\"https:\/\/www.primor.eu\/blog\/unas-rojas\/\">rojo<\/a> o la manicura francesa, y las m\u00e1s modernas prefieren optar por <a href=\"https:\/\/www.primor.eu\/blog\/unas-lila\/\">u\u00f1as lilas,<\/a> azules o con estampados, este tono tiene mucho que ofrecernos.&nbsp;<\/p>\n\n\n\n<h2 class=\"wp-block-heading\">Qu\u00e9 significa llevar las u\u00f1as pintadas de naranja<\/h2>\n\n\n\n<p>Como pasa con cualquier color que escojas, depende de la cultura y el contexto en el que te encuentres. Por lo que, no hay una \u00fanica interpretaci\u00f3n para pintarse las u\u00f1as de naranja, ya que la elecci\u00f3n del color de esmalte de u\u00f1as generalmente est\u00e1 relacionada con el gusto personal y la moda. Sin embargo, los expertos en color sugieren que podr\u00eda tener uno de estos significados:<\/p>\n\n\n\n<ul class=\"wp-block-list\">\n<li><strong>Energ\u00eda y vitalidad.<\/strong> El color naranja se asocia a menudo con la energ\u00eda, la vitalidad y la creatividad. Pintarse las u\u00f1as de naranja puede reflejar un deseo de expresar una personalidad en\u00e9rgica y optimista.<\/li>\n\n\n\n<li><strong>Alegr\u00eda y positividad.<\/strong> El naranja es un color brillante que puede evocar sentimientos de alegr\u00eda y positividad. Algunas personas pueden optar por este color cuando quieren a\u00f1adir un toque de felicidad a su apariencia.<\/li>\n\n\n\n<li><strong>Tendencias<\/strong>. El naranja ha sido el color favorito de muchas estilistas en verano, por lo que, es un tono que, por norma general, est\u00e1 marcando tendencia.&nbsp;&nbsp;<\/li>\n\n\n\n<li><strong>Atracci\u00f3n y seducci\u00f3n<\/strong>. El naranja, al ser un color llamativo, tambi\u00e9n puede tener connotaciones de atracci\u00f3n y seducci\u00f3n.&nbsp;<\/li>\n<\/ul>\n\n\n\n<h2 class=\"wp-block-heading\">Ideas para llevar las u\u00f1as de color naranja sencillas<\/h2>\n\n\n\n<figure class=\"wp-block-image alignwide size-large\"><img decoding=\"async\" width=\"819\" height=\"1024\" src=\"https:\/\/www.primor.eu\/blog\/wp-content\/uploads\/2023\/10\/unas-naranja-1-819x1024.jpg\" alt=\"Estas son las mejores ideas de u\u00f1as naranjas\" class=\"wp-image-87096\" srcset=\"https:\/\/www.primor.eu\/blog\/wp-content\/uploads\/2023\/10\/unas-naranja-1-819x1024.jpg 819w, https:\/\/www.primor.eu\/blog\/wp-content\/uploads\/2023\/10\/unas-naranja-1-240x300.jpg 240w, https:\/\/www.primor.eu\/blog\/wp-content\/uploads\/2023\/10\/unas-naranja-1-768x960.jpg 768w, https:\/\/www.primor.eu\/blog\/wp-content\/uploads\/2023\/10\/unas-naranja-1-750x938.jpg 750w, https:\/\/www.primor.eu\/blog\/wp-content\/uploads\/2023\/10\/unas-naranja-1.jpg 1080w\" sizes=\"(max-width: 819px) 100vw, 819px\" \/><figcaption class=\"wp-element-caption\">@gel.bymegan<\/figcaption><\/figure>\n\n\n\n<h3 class=\"wp-block-heading\">U\u00f1as naranjas&nbsp;<\/h3>\n\n\n\n<p>Si te gusta el color pero te consideras una persona bastante sencilla, nuestro consejo es claro: no te compliques. Apuesta por un tono de naranja que te guste y voil\u00e0.&nbsp;<\/p>\n\n\n\n<figure class=\"wp-block-image alignwide size-large\"><img decoding=\"async\" width=\"853\" height=\"1024\" src=\"https:\/\/www.primor.eu\/blog\/wp-content\/uploads\/2023\/10\/unas-naranja-2-853x1024.jpg\" alt=\"Estas son las mejores ideas de u\u00f1as naranjas\" class=\"wp-image-87097\" srcset=\"https:\/\/www.primor.eu\/blog\/wp-content\/uploads\/2023\/10\/unas-naranja-2-853x1024.jpg 853w, https:\/\/www.primor.eu\/blog\/wp-content\/uploads\/2023\/10\/unas-naranja-2-250x300.jpg 250w, https:\/\/www.primor.eu\/blog\/wp-content\/uploads\/2023\/10\/unas-naranja-2-768x922.jpg 768w, https:\/\/www.primor.eu\/blog\/wp-content\/uploads\/2023\/10\/unas-naranja-2-750x900.jpg 750w, https:\/\/www.primor.eu\/blog\/wp-content\/uploads\/2023\/10\/unas-naranja-2.jpg 1080w\" sizes=\"(max-width: 853px) 100vw, 853px\" \/><figcaption class=\"wp-element-caption\">@nail_blisss_<\/figcaption><\/figure>\n\n\n\n<h3 class=\"wp-block-heading\">U\u00f1as naranjas con estampado floral<\/h3>\n\n\n\n<p>Nos parece una de las u\u00f1as m\u00e1s bonitas que hemos visto. Son elegantes, preciosas y perfectas para aquellas mano que vayan buscando un color con el que destacar sin ser demasiado llamativo.<\/p>\n\n\n\n<figure class=\"wp-block-image alignwide size-large\"><img decoding=\"async\" width=\"1024\" height=\"1024\" src=\"https:\/\/www.primor.eu\/blog\/wp-content\/uploads\/2023\/10\/unas-naranja-3-1024x1024.jpg\" alt=\"Estas son las mejores ideas de u\u00f1as naranjas\" class=\"wp-image-87098\" srcset=\"https:\/\/www.primor.eu\/blog\/wp-content\/uploads\/2023\/10\/unas-naranja-3-1024x1024.jpg 1024w, https:\/\/www.primor.eu\/blog\/wp-content\/uploads\/2023\/10\/unas-naranja-3-300x300.jpg 300w, https:\/\/www.primor.eu\/blog\/wp-content\/uploads\/2023\/10\/unas-naranja-3-150x150.jpg 150w, https:\/\/www.primor.eu\/blog\/wp-content\/uploads\/2023\/10\/unas-naranja-3-768x768.jpg 768w, https:\/\/www.primor.eu\/blog\/wp-content\/uploads\/2023\/10\/unas-naranja-3-75x75.jpg 75w, https:\/\/www.primor.eu\/blog\/wp-content\/uploads\/2023\/10\/unas-naranja-3-350x350.jpg 350w, https:\/\/www.primor.eu\/blog\/wp-content\/uploads\/2023\/10\/unas-naranja-3-750x750.jpg 750w, https:\/\/www.primor.eu\/blog\/wp-content\/uploads\/2023\/10\/unas-naranja-3.jpg 1080w\" sizes=\"(max-width: 1024px) 100vw, 1024px\" \/><figcaption class=\"wp-element-caption\">@nailstore.rg<\/figcaption><\/figure>\n\n\n\n<h3 class=\"wp-block-heading\">U\u00f1as naranjas con estampado animal<\/h3>\n\n\n\n<p>Si lo que vas buscando es llamar la atenci\u00f3n nuestro consejo es que te atrevas con todo y busques una manicura que te haga destacar. Esta es un gran ejemplo.&nbsp;<\/p>\n\n\n\n<figure class=\"wp-block-image alignwide size-large\"><img decoding=\"async\" width=\"922\" height=\"1024\" src=\"https:\/\/www.primor.eu\/blog\/wp-content\/uploads\/2023\/10\/unas-naranja-4-922x1024.jpg\" alt=\"Estas son las mejores ideas de u\u00f1as naranjas\" class=\"wp-image-87099\" srcset=\"https:\/\/www.primor.eu\/blog\/wp-content\/uploads\/2023\/10\/unas-naranja-4-922x1024.jpg 922w, https:\/\/www.primor.eu\/blog\/wp-content\/uploads\/2023\/10\/unas-naranja-4-270x300.jpg 270w, https:\/\/www.primor.eu\/blog\/wp-content\/uploads\/2023\/10\/unas-naranja-4-768x853.jpg 768w, https:\/\/www.primor.eu\/blog\/wp-content\/uploads\/2023\/10\/unas-naranja-4-750x833.jpg 750w, https:\/\/www.primor.eu\/blog\/wp-content\/uploads\/2023\/10\/unas-naranja-4.jpg 1080w\" sizes=\"(max-width: 922px) 100vw, 922px\" \/><figcaption class=\"wp-element-caption\">@nalas_bellezafemenina<\/figcaption><\/figure>\n\n\n\n<h3 class=\"wp-block-heading\">U\u00f1as naranjas con l\u00edneas<\/h3>\n\n\n\n<p>Te las recomendamos si lo que buscas es que tus dedos parezcan m\u00e1s largos, ya que su estampado vertical estiliza el dedo.&nbsp;<\/p>\n\n\n\n<figure class=\"wp-block-image alignwide size-large\"><img decoding=\"async\" width=\"822\" height=\"1024\" src=\"https:\/\/www.primor.eu\/blog\/wp-content\/uploads\/2023\/10\/unas-naranja-5-822x1024.jpg\" alt=\"Estas son las mejores ideas de u\u00f1as naranjas\" class=\"wp-image-87100\" srcset=\"https:\/\/www.primor.eu\/blog\/wp-content\/uploads\/2023\/10\/unas-naranja-5-822x1024.jpg 822w, https:\/\/www.primor.eu\/blog\/wp-content\/uploads\/2023\/10\/unas-naranja-5-241x300.jpg 241w, https:\/\/www.primor.eu\/blog\/wp-content\/uploads\/2023\/10\/unas-naranja-5-768x957.jpg 768w, https:\/\/www.primor.eu\/blog\/wp-content\/uploads\/2023\/10\/unas-naranja-5-750x935.jpg 750w, https:\/\/www.primor.eu\/blog\/wp-content\/uploads\/2023\/10\/unas-naranja-5.jpg 1080w\" sizes=\"(max-width: 822px) 100vw, 822px\" \/><figcaption class=\"wp-element-caption\">@stefanynails.art<\/figcaption><\/figure>\n\n\n\n<h3 class=\"wp-block-heading\">U\u00f1as naranjas con diferentes tonos<\/h3>\n\n\n\n<p>Son elegantes, femeninas y a pesar de ser estampadas, no son demasiado cargantes. Por lo que nos parece una manicura ideal si lo que vas buscando es lo mejor de los dos mundos.&nbsp;<\/p>\n\n\n\n<figure class=\"wp-block-image alignwide size-large\"><img decoding=\"async\" width=\"819\" height=\"1024\" src=\"https:\/\/www.primor.eu\/blog\/wp-content\/uploads\/2023\/10\/unas-naranja-6-819x1024.jpg\" alt=\"Estas son las mejores ideas de u\u00f1as naranjas\" class=\"wp-image-87101\" srcset=\"https:\/\/www.primor.eu\/blog\/wp-content\/uploads\/2023\/10\/unas-naranja-6-819x1024.jpg 819w, https:\/\/www.primor.eu\/blog\/wp-content\/uploads\/2023\/10\/unas-naranja-6-240x300.jpg 240w, https:\/\/www.primor.eu\/blog\/wp-content\/uploads\/2023\/10\/unas-naranja-6-768x960.jpg 768w, https:\/\/www.primor.eu\/blog\/wp-content\/uploads\/2023\/10\/unas-naranja-6-750x938.jpg 750w, https:\/\/www.primor.eu\/blog\/wp-content\/uploads\/2023\/10\/unas-naranja-6.jpg 1080w\" sizes=\"(max-width: 819px) 100vw, 819px\" \/><figcaption class=\"wp-element-caption\">@sylwia.ka_1982<\/figcaption><\/figure>\n\n\n\n<h3 class=\"wp-block-heading\">U\u00f1as naranjas con calabazas<\/h3>\n\n\n\n<p>El oto\u00f1o nos anima a buscar dise\u00f1os con inspiraci\u00f3n estival, y debemos reconocer que esta manicura nos parece ideal para celebrar por todo lo alto la llegada del oto\u00f1o.&nbsp;<\/p>\n\n\n\n<figure class=\"wp-block-image alignwide size-large\"><img decoding=\"async\" width=\"1024\" height=\"1024\" src=\"https:\/\/www.primor.eu\/blog\/wp-content\/uploads\/2023\/10\/unas-naranja-7-1024x1024.jpg\" alt=\"Estas son las mejores ideas de u\u00f1as naranjas\" class=\"wp-image-87102\" srcset=\"https:\/\/www.primor.eu\/blog\/wp-content\/uploads\/2023\/10\/unas-naranja-7-1024x1024.jpg 1024w, https:\/\/www.primor.eu\/blog\/wp-content\/uploads\/2023\/10\/unas-naranja-7-300x300.jpg 300w, https:\/\/www.primor.eu\/blog\/wp-content\/uploads\/2023\/10\/unas-naranja-7-150x150.jpg 150w, https:\/\/www.primor.eu\/blog\/wp-content\/uploads\/2023\/10\/unas-naranja-7-768x768.jpg 768w, https:\/\/www.primor.eu\/blog\/wp-content\/uploads\/2023\/10\/unas-naranja-7-75x75.jpg 75w, https:\/\/www.primor.eu\/blog\/wp-content\/uploads\/2023\/10\/unas-naranja-7-350x350.jpg 350w, https:\/\/www.primor.eu\/blog\/wp-content\/uploads\/2023\/10\/unas-naranja-7-750x750.jpg 750w, https:\/\/www.primor.eu\/blog\/wp-content\/uploads\/2023\/10\/unas-naranja-7.jpg 1080w\" sizes=\"(max-width: 1024px) 100vw, 1024px\" \/><figcaption class=\"wp-element-caption\">@nailphases<\/figcaption><\/figure>\n\n\n\n<h3 class=\"wp-block-heading\">U\u00f1as naranjas con tem\u00e1tica halloween<\/h3>\n\n\n\n<p>Octubre significa la llegada de halloween y si buscas algo m\u00e1s especial en tu manicura, atr\u00e9vete con dise\u00f1os que sean toda una revoluci\u00f3n de intenciones. Eso s\u00ed, aseg\u00farate de que tu u\u00f1as est\u00e9n lo suficientemente largas como para pintar detalles sobre ellas.&nbsp;<\/p>\n\n\n\n<figure class=\"wp-block-image alignwide size-large\"><img decoding=\"async\" width=\"819\" height=\"1024\" src=\"https:\/\/www.primor.eu\/blog\/wp-content\/uploads\/2023\/10\/unas-naranja-8-819x1024.jpg\" alt=\"Estas son las mejores ideas de u\u00f1as naranjas\" class=\"wp-image-87094\" srcset=\"https:\/\/www.primor.eu\/blog\/wp-content\/uploads\/2023\/10\/unas-naranja-8-819x1024.jpg 819w, https:\/\/www.primor.eu\/blog\/wp-content\/uploads\/2023\/10\/unas-naranja-8-240x300.jpg 240w, https:\/\/www.primor.eu\/blog\/wp-content\/uploads\/2023\/10\/unas-naranja-8-768x960.jpg 768w, https:\/\/www.primor.eu\/blog\/wp-content\/uploads\/2023\/10\/unas-naranja-8-1229x1536.jpg 1229w, https:\/\/www.primor.eu\/blog\/wp-content\/uploads\/2023\/10\/unas-naranja-8-750x938.jpg 750w, https:\/\/www.primor.eu\/blog\/wp-content\/uploads\/2023\/10\/unas-naranja-8-1140x1425.jpg 1140w, https:\/\/www.primor.eu\/blog\/wp-content\/uploads\/2023\/10\/unas-naranja-8.jpg 1440w\" sizes=\"(max-width: 819px) 100vw, 819px\" \/><figcaption class=\"wp-element-caption\">@mynailgirl_emily<\/figcaption><\/figure>\n\n\n\n<h3 class=\"wp-block-heading\">U\u00f1as naranjas estampadas con diferentes tonos<\/h3>\n\n\n\n<p>El consejo de todos los manicuristas siempre es que dejes volar tu imaginaci\u00f3n, y no seremos nosotras quien te diga lo contrario. Escoge dos tonos de naranja y voil\u00e0.&nbsp;<\/p>\n\n\n<div class=\"kk-star-ratings kksr-auto kksr-align-center kksr-valign-bottom\"\n    data-payload='{&quot;align&quot;:&quot;center&quot;,&quot;id&quot;:&quot;87085&quot;,&quot;slug&quot;:&quot;default&quot;,&quot;valign&quot;:&quot;bottom&quot;,&quot;ignore&quot;:&quot;&quot;,&quot;reference&quot;:&quot;auto&quot;,&quot;class&quot;:&quot;&quot;,&quot;count&quot;:&quot;3&quot;,&quot;legendonly&quot;:&quot;&quot;,&quot;readonly&quot;:&quot;&quot;,&quot;score&quot;:&quot;3.3&quot;,&quot;starsonly&quot;:&quot;&quot;,&quot;best&quot;:&quot;5&quot;,&quot;gap&quot;:&quot;5&quot;,&quot;greet&quot;:&quot;Valora este art\u00edculo&quot;,&quot;legend&quot;:&quot;3.3\\\/5 - (3 votos)&quot;,&quot;size&quot;:&quot;24&quot;,&quot;title&quot;:&quot;U\u00f1as naranjas, la inspiraci\u00f3n que necesitas en tu pr\u00f3xima manicura&quot;,&quot;width&quot;:&quot;93.2&quot;,&quot;_legend&quot;:&quot;{score}\\\/{best} - ({count} {votes})&quot;,&quot;font_factor&quot;:&quot;1.25&quot;}'>\n            \n<div class=\"kksr-stars\">\n    \n<div class=\"kksr-stars-inactive\">\n            <div class=\"kksr-star\" data-star=\"1\" style=\"padding-right: 5px\">\n            \n\n<div class=\"kksr-icon\" style=\"width: 24px; height: 24px;\"><\/div>\n        <\/div>\n            <div class=\"kksr-star\" data-star=\"2\" style=\"padding-right: 5px\">\n            \n\n<div class=\"kksr-icon\" style=\"width: 24px; height: 24px;\"><\/div>\n        <\/div>\n            <div class=\"kksr-star\" data-star=\"3\" style=\"padding-right: 5px\">\n            \n\n<div class=\"kksr-icon\" style=\"width: 24px; height: 24px;\"><\/div>\n        <\/div>\n            <div class=\"kksr-star\" data-star=\"4\" style=\"padding-right: 5px\">\n            \n\n<div class=\"kksr-icon\" style=\"width: 24px; height: 24px;\"><\/div>\n        <\/div>\n            <div class=\"kksr-star\" data-star=\"5\" style=\"padding-right: 5px\">\n            \n\n<div class=\"kksr-icon\" style=\"width: 24px; height: 24px;\"><\/div>\n        <\/div>\n    <\/div>\n    \n<div class=\"kksr-stars-active\" style=\"width: 93.2px;\">\n            <div class=\"kksr-star\" style=\"padding-right: 5px\">\n            \n\n<div class=\"kksr-icon\" style=\"width: 24px; height: 24px;\"><\/div>\n        <\/div>\n            <div class=\"kksr-star\" style=\"padding-right: 5px\">\n            \n\n<div class=\"kksr-icon\" style=\"width: 24px; height: 24px;\"><\/div>\n        <\/div>\n            <div class=\"kksr-star\" style=\"padding-right: 5px\">\n            \n\n<div class=\"kksr-icon\" style=\"width: 24px; height: 24px;\"><\/div>\n        <\/div>\n            <div class=\"kksr-star\" style=\"padding-right: 5px\">\n            \n\n<div class=\"kksr-icon\" style=\"width: 24px; height: 24px;\"><\/div>\n        <\/div>\n            <div class=\"kksr-star\" style=\"padding-right: 5px\">\n            \n\n<div class=\"kksr-icon\" style=\"width: 24px; height: 24px;\"><\/div>\n        <\/div>\n    <\/div>\n<\/div>\n                \n\n<div class=\"kksr-legend\" style=\"font-size: 19.2px;\">\n            3.3\/5 - (3 votos)    <\/div>\n    <\/div>\n","protected":false},"excerpt":{"rendered":"<p>A la hora de buscar ideas para pintarte las u\u00f1as y verte muy favorecida con una manicura elegante, sencilla y bonita, muchas optan por pintarse las u\u00f1as naranjas. A pesar de que las cl\u00e1sicas se decantan por tonos como el rojo o la manicura francesa, y las m\u00e1s modernas prefieren optar por u\u00f1as lilas, azules [&hellip;]<\/p>\n","protected":false},"author":14,"featured_media":87095,"comment_status":"closed","ping_status":"closed","sticky":false,"template":"","format":"standard","meta":{"jnews-multi-image_gallery":[],"jnews_single_post":{"subtitle":"","format":"standard","video":"","gallery":"","source_name":"","source_url":"","via_name":"","via_url":"","override_template":"0","override":[{"template":"1","single_blog_custom":"","parallax":"1","fullscreen":"1","layout":"right-sidebar","sidebar":"home-2","second_sidebar":"default-sidebar","sticky_sidebar":"0","share_position":"float","share_float_style":"share-monocrhome","show_share_counter":"0","show_view_counter":"0","show_featured":"1","show_post_meta":"1","show_post_author":"0","show_post_author_image":"1","show_post_date":"1","post_date_format":"default","post_date_format_custom":"Y\/m\/d","show_post_category":"1","show_post_reading_time":"0","post_reading_time_wpm":"300","show_zoom_button":"0","zoom_button_out_step":"2","zoom_button_in_step":"3","show_post_tag":"0","show_prev_next_post":"0","show_popup_post":"0","number_popup_post":"2","show_author_box":"0","show_post_related":"0","show_inline_post_related":"1"}],"override_image_size":"0","image_override":[{"single_post_thumbnail_size":"no-crop","single_post_gallery_size":"crop-500"}],"trending_post":"0","trending_post_position":"meta","trending_post_label":"Trending","sponsored_post":"0","sponsored_post_label":"Sponsored by","sponsored_post_name":"","sponsored_post_url":"","sponsored_post_logo_enable":"0","sponsored_post_logo":"","sponsored_post_desc":"","disable_ad":"0"},"jnews_primary_category":{"id":"","hide":""},"jnews_social_meta":{"fb_title":"","fb_description":"","fb_image":"","twitter_title":"","twitter_description":"","twitter_image":""},"jnews_override_counter":{"override_view_counter":"0","view_counter_number":"0","override_share_counter":"0","share_counter_number":"0","override_like_counter":"0","like_counter_number":"0","override_dislike_counter":"0","dislike_counter_number":"0"},"footnotes":""},"categories":[1831,41],"tags":[],"class_list":["post-87085","post","type-post","status-publish","format-standard","has-post-thumbnail","hentry","category-manicuras","category-maquillaje"],"_links":{"self":[{"href":"https:\/\/www.primor.eu\/blog\/wp-json\/wp\/v2\/posts\/87085","targetHints":{"allow":["GET"]}}],"collection":[{"href":"https:\/\/www.primor.eu\/blog\/wp-json\/wp\/v2\/posts"}],"about":[{"href":"https:\/\/www.primor.eu\/blog\/wp-json\/wp\/v2\/types\/post"}],"author":[{"embeddable":true,"href":"https:\/\/www.primor.eu\/blog\/wp-json\/wp\/v2\/users\/14"}],"replies":[{"embeddable":true,"href":"https:\/\/www.primor.eu\/blog\/wp-json\/wp\/v2\/comments?post=87085"}],"version-history":[{"count":4,"href":"https:\/\/www.primor.eu\/blog\/wp-json\/wp\/v2\/posts\/87085\/revisions"}],"predecessor-version":[{"id":128512,"href":"https:\/\/www.primor.eu\/blog\/wp-json\/wp\/v2\/posts\/87085\/revisions\/128512"}],"wp:featuredmedia":[{"embeddable":true,"href":"https:\/\/www.primor.eu\/blog\/wp-json\/wp\/v2\/media\/87095"}],"wp:attachment":[{"href":"https:\/\/www.primor.eu\/blog\/wp-json\/wp\/v2\/media?parent=87085"}],"wp:term":[{"taxonomy":"category","embeddable":true,"href":"https:\/\/www.primor.eu\/blog\/wp-json\/wp\/v2\/categories?post=87085"},{"taxonomy":"post_tag","embeddable":true,"href":"https:\/\/www.primor.eu\/blog\/wp-json\/wp\/v2\/tags?post=87085"}],"curies":[{"name":"wp","href":"https:\/\/api.w.org\/{rel}","templated":true}]}}