{"id":87077,"date":"2023-10-19T06:49:09","date_gmt":"2023-10-19T06:49:09","guid":{"rendered":"https:\/\/blog.primor.eu\/?p=87077"},"modified":"2025-08-13T12:11:41","modified_gmt":"2025-08-13T12:11:41","slug":"que-es-tipos-flequillo-abierto","status":"publish","type":"post","link":"https:\/\/www.primor.eu\/blog\/que-es-tipos-flequillo-abierto\/","title":{"rendered":"Qu\u00e9 es el flequillo abierto y cu\u00e1les son las opciones para llevarlo"},"content":{"rendered":"\n<p>En materia de <a href=\"https:\/\/www.primor.eu\/blog\/flequillo-para-cara-redonda\/\">flequillos<\/a>, los <strong>flequillos abiertos<\/strong> se han convertido en una de los m\u00e1s virales por personalidades como <strong>Kate Middleton, Aitana, Dakota Johnson<\/strong> o <strong>Heidi Klum <\/strong>entre otras. Sin embargo, merece la pena tener en cuenta a qui\u00e9n queda bien y c\u00f3mo debes cuidarlo, y en este art\u00edculo de Primor te contamos todos los <strong>secretos<\/strong> y <strong>trucos<\/strong>.&nbsp;<\/p>\n\n\n\n<h2 class=\"wp-block-heading\">Qu\u00e9 es exactamente un flequillo abierto<\/h2>\n\n\n\n<p>Un <strong>flequillo abierto<\/strong> o <strong>flequillo cortina <\/strong>es un estilo de flequillo o franja de cabello que se caracteriza por tener una separaci\u00f3n o apertura en el centro, dividiendo el flequillo en dos partes que caen a <strong>ambos lados de la frente<\/strong>. Este flequillo se peina hacia los lados, creando una apertura en el medio que expone la frente.<\/p>\n\n\n\n<p>Su <strong>longitud<\/strong> y <strong>grosor<\/strong> puede variar seg\u00fan las <strong>preferencias personales<\/strong>. Puede ser una opci\u00f3n elegante y favorecedora para muchos, ya que enmarca el rostro y<strong> suaviza los rasgos <\/strong>faciales.<\/p>\n\n\n\n<h2 class=\"wp-block-heading\">\u00bfA qui\u00e9n queda bien el flequillo abierto o cortina?<\/h2>\n\n\n\n<p>Los flequillos abiertos o estilo cortina pueden quedar bien a muchas personas, pero como pasa con todos los <a href=\"https:\/\/www.primor.eu\/blog\/cortes-de-pelo\/\">cortes de pelo,<\/a> su apariencia en funci\u00f3n a tu <strong>rostro<\/strong> o tus <strong>rasgos<\/strong>, te ver\u00e1s m\u00e1s favorecida o menos. Es un tipo de flequillo que se recomienda especialmente a:<\/p>\n\n\n\n<ul class=\"wp-block-list\">\n<li><strong>Rostros ovalados<\/strong>. Las personas con rostros ovalados suelen ser las m\u00e1s afortunadas, ya que este tipo de rostro tiende a verse bien con cualquier estilo de flequillo, incluido el flequillo abierto.<\/li>\n\n\n\n<li><strong>Rostro alargado o rectangular<\/strong>. Los flequillos abiertos pueden ser una excelente opci\u00f3n para las personas con rostros alargados o rectangulares, ya que ayudan a acortar visualmente la longitud del rostro.<\/li>\n\n\n\n<li><strong>Rostro redondo<\/strong>. Si tienes un rostro redondo, un flequillo abierto puede ayudar a darle estructura y definici\u00f3n a tu frente, lo que puede ser bastante favorecedor en tu caso.<\/li>\n\n\n\n<li><strong>Rostro cuadrado<\/strong>. Los flequillos abiertos tambi\u00e9n pueden ser favorecedores para las personas con rostros cuadrados, ya que suavizan las l\u00edneas fuertes del rostro.<\/li>\n\n\n\n<li><strong>Ten en cuenta tu tipo de cabello<\/strong>. Tambi\u00e9n es importante. Los flequillos abiertos suelen funcionar mejor en cabello liso o con ligeras ondas. En <a href=\"https:\/\/www.primor.eu\/es_es\/productos-para-pelo-rizado\">cabello rizado<\/a>, puede ser m\u00e1s dif\u00edcil mantener la apariencia deseada.<\/li>\n\n\n\n<li><strong>Ten en cuenta la textura del cabello.<\/strong> La textura del cabello, como su grosor y densidad, tambi\u00e9n puede influir en c\u00f3mo se ve un flequillo abierto. Si tienes dudas, un estilista puede asesorarte sobre la mejor manera de adaptar el estilo a tu tipo de cabello.<\/li>\n<\/ul>\n\n\n\n<h2 class=\"wp-block-heading\">\u00bfC\u00f3mo cortar un flequillo abierto o cortina?<\/h2>\n\n\n\n<p>Cortar un flequillo abierto o estilo cortina no es especialmente complicado, pero es importante hacerlo con cuidado para lograr el aspecto deseado. Necesitar\u00e1s:<\/p>\n\n\n\n<h3 class=\"wp-block-heading\">Materiales necesarios<\/h3>\n\n\n\n<ul class=\"wp-block-list\">\n<li>Tijeras de peluquer\u00eda de buena calidad.<\/li>\n\n\n\n<li>Un <a href=\"https:\/\/www.primor.eu\/es_es\/peines-y-cepillos-de-pelo\">peine<\/a>.<\/li>\n\n\n\n<li>Tijeras de entresacar (opcionales) para un efecto m\u00e1s desfilado.<\/li>\n<\/ul>\n\n\n\n<h3 class=\"wp-block-heading\">Pasos<\/h3>\n\n\n\n<ul class=\"wp-block-list\">\n<li><strong>Lava y seca tu cabello.<\/strong> Lo recomiendan los peluqueros. Comienza con el cabello limpio y seco para que puedas ver c\u00f3mo se comporta naturalmente.<\/li>\n\n\n\n<li><strong>Peina tu cabello hacia adelante.<\/strong> Peina todo tu cabello hacia adelante para que cubra tus ojos y forme una cortina sobre tu frente.<\/li>\n\n\n\n<li><strong>Determina la longitud.<\/strong> Decide la longitud deseada para tu flequillo. Si es la primera vez que cortas un flequillo, es recomendable que comiences un poco m\u00e1s largo de lo que piensas, ya que siempre puedes cortar m\u00e1s si es necesario.<\/li>\n\n\n\n<li><strong>Separa el flequillo en dos secciones.<\/strong> Haz una divisi\u00f3n en el centro para que el flequillo est\u00e9 dividido en dos partes iguales, creando la apertura en el centro.<\/li>\n\n\n\n<li><strong>Corta el flequillo.<\/strong> Sujeta una secci\u00f3n de flequillo en una mano y corta en un \u00e1ngulo ligeramente diagonal. T\u00f3mate tu tiempo. Comienza cortando poco a poco y recuerda que es m\u00e1s f\u00e1cil cortar m\u00e1s si es necesario que corregir un corte demasiado corto. Luego, sigue el mismo proceso en el lado opuesto.<\/li>\n\n\n\n<li><strong>Ajusta la longitud.<\/strong> Una vez que hayas cortado ambos lados, verifica que el largo sea el deseado.&nbsp;<\/li>\n\n\n\n<li><strong>Desfila el flequillo (opcional).<\/strong> Si deseas un flequillo m\u00e1s ligero y desfilado, puedes usar tijeras de entresacar para quitar un poco de volumen y crear una textura m\u00e1s suave.<\/li>\n\n\n\n<li><strong>Peina y estiliza.<\/strong> Peina el flequillo hacia los lados y dale la forma que quieras seg\u00fan tus preferencias. Puedes usar productos para el cabello, como gel o espuma, para un acabado m\u00e1s preciso. Tambi\u00e9n planchas o secadores.<\/li>\n<\/ul>\n\n\n\n<h2 class=\"wp-block-heading\">Lo que necesitas para un flequillo perfecto<\/h2>\n\n\n\n<h3 class=\"wp-block-heading\">Plancha de Pelo Creativity de Bellissima<\/h3>\n\n\n\n<p>Incluye un pa\u00f1o de limpieza y un carrete de cable. Cuenta con un recubrimiento cer\u00e1mico de diamante, enriquecido con micropart\u00edculas de diamante, que protege el cabello del calor y garantiza suavidad y brillo. El sistema Heat Control asegura una temperatura uniforme para un peinado perfecto. Sus placas especiales redondeadas y perfil ondulado facilitan la creaci\u00f3n de ondas definidas. La tecnolog\u00eda de placas activas y el control digital de temperatura entre 150\u00b0C y 230\u00b0C (5 niveles) se complementan con una pantalla LED.<\/p>\n\n\n    <a class='product' target='_blank' href='https:\/\/www.primor.eu\/es_es\/bellissima-plancha-de-pelo-creativity-multistyler-102069.html'>\r\n        <img loading='async' src='https:\/\/cdn2.primor.eu\/media\/catalog\/product\/cache\/8d3aba296f7a18b5251ee30fa5db42b2\/1\/1\/11876_creativity_multistyle_2000__3__6424.jpg' alt='COMPRAR AHORA'>\r\n            <div class=\"claim\">\r\n                COMPRAR AHORA            <\/div>\r\n        <\/a>\r\n    \n\n\n<h3 class=\"wp-block-heading\">Oh My Hair Cepillo Roller 360\u00ba de You Are The Princess<\/h3>\n\n\n\n<p>1.BRUSHING &amp; STYLING. Ideal para alisar tu melena, moldear las puntas o dar volumen a tu flequillo.<\/p>\n\n\n\n<p>2.SIN ENREDOS. Sus cerdas pioneras en forma de punta desenredan f\u00e1cilmente el cabello sin romperlo ni da\u00f1arlo. Puedes usarlo con el cabello seco o mojado. Gracias a su forma, podr\u00e1s enrollar tu pelo para crear ondas y dar volumen, sin miedo a que los mechones queden enrollados en el cepillo.<\/p>\n\n\n\n<p>3.MASAJEA Y ESTIMULA EL CUERO CABELLUDO. Masajea el cuero cabelludo mientras cepillas el cabello y estimula la circulaci\u00f3n sangu\u00ednea para darle m\u00e1s vida y brillo a tu melena.<\/p>\n\n\n\n<p>4.TERMORRESISTENTE 120\u00aa. Realizado en poli\u00e9ster termopl\u00e1stico, con un material especialmente flexible y resistente al calor hasta 120\u00aa C. Para proteger tu cabello y cuidar tu cepillo se aconseja manterner el secador a una distancia m\u00ednima de 15 cm.<\/p>\n\n\n\n<p>5.ERGON\u00d3MICO. El mango est\u00e1 dise\u00f1ado con una forma que se adpta a tu mano y un material de acabado \"soft touch\" y antideslizante para un uso m\u00e1s facil del cepillo.<\/p>\n\n\n\n<p>6.SECADO R\u00c1PIDO. El dise\u00f1o con ventilaci\u00f3n abieta permite que la humedad se elimine de tu cabello y reduce el tiempo de secado.<\/p>\n\n\n    <a class='product' target='_blank' href='https:\/\/www.primor.eu\/es_es\/you-are-the-princess-oh-my-hair-cepillo-roller-360-104321.html?#863=68088'>\r\n        <img loading='async' src='https:\/\/cdn2.primor.eu\/media\/catalog\/product\/cache\/8d3aba296f7a18b5251ee30fa5db42b2\/8\/4\/8436589535619_CEPILLO_ROLLER_360___LARGE_4a99.jpg' alt='COMPRAR AHORA'>\r\n            <div class=\"claim\">\r\n                COMPRAR AHORA            <\/div>\r\n        <\/a>\r\n    \n\n<div class=\"kk-star-ratings kksr-auto kksr-align-center kksr-valign-bottom\"\n    data-payload='{&quot;align&quot;:&quot;center&quot;,&quot;id&quot;:&quot;87077&quot;,&quot;slug&quot;:&quot;default&quot;,&quot;valign&quot;:&quot;bottom&quot;,&quot;ignore&quot;:&quot;&quot;,&quot;reference&quot;:&quot;auto&quot;,&quot;class&quot;:&quot;&quot;,&quot;count&quot;:&quot;0&quot;,&quot;legendonly&quot;:&quot;&quot;,&quot;readonly&quot;:&quot;&quot;,&quot;score&quot;:&quot;0&quot;,&quot;starsonly&quot;:&quot;&quot;,&quot;best&quot;:&quot;5&quot;,&quot;gap&quot;:&quot;5&quot;,&quot;greet&quot;:&quot;Valora este art\u00edculo&quot;,&quot;legend&quot;:&quot;0\\\/5 - (0 votos)&quot;,&quot;size&quot;:&quot;24&quot;,&quot;title&quot;:&quot;Qu\u00e9 es el flequillo abierto y cu\u00e1les son las opciones para llevarlo&quot;,&quot;width&quot;:&quot;0&quot;,&quot;_legend&quot;:&quot;{score}\\\/{best} - ({count} {votes})&quot;,&quot;font_factor&quot;:&quot;1.25&quot;}'>\n            \n<div class=\"kksr-stars\">\n    \n<div class=\"kksr-stars-inactive\">\n            <div class=\"kksr-star\" data-star=\"1\" style=\"padding-right: 5px\">\n            \n\n<div class=\"kksr-icon\" style=\"width: 24px; height: 24px;\"><\/div>\n        <\/div>\n            <div class=\"kksr-star\" data-star=\"2\" style=\"padding-right: 5px\">\n            \n\n<div class=\"kksr-icon\" style=\"width: 24px; height: 24px;\"><\/div>\n        <\/div>\n            <div class=\"kksr-star\" data-star=\"3\" style=\"padding-right: 5px\">\n            \n\n<div class=\"kksr-icon\" style=\"width: 24px; height: 24px;\"><\/div>\n        <\/div>\n            <div class=\"kksr-star\" data-star=\"4\" style=\"padding-right: 5px\">\n            \n\n<div class=\"kksr-icon\" style=\"width: 24px; height: 24px;\"><\/div>\n        <\/div>\n            <div class=\"kksr-star\" data-star=\"5\" style=\"padding-right: 5px\">\n            \n\n<div class=\"kksr-icon\" style=\"width: 24px; height: 24px;\"><\/div>\n        <\/div>\n    <\/div>\n    \n<div class=\"kksr-stars-active\" style=\"width: 0px;\">\n            <div class=\"kksr-star\" style=\"padding-right: 5px\">\n            \n\n<div class=\"kksr-icon\" style=\"width: 24px; height: 24px;\"><\/div>\n        <\/div>\n            <div class=\"kksr-star\" style=\"padding-right: 5px\">\n            \n\n<div class=\"kksr-icon\" style=\"width: 24px; height: 24px;\"><\/div>\n        <\/div>\n            <div class=\"kksr-star\" style=\"padding-right: 5px\">\n            \n\n<div class=\"kksr-icon\" style=\"width: 24px; height: 24px;\"><\/div>\n        <\/div>\n            <div class=\"kksr-star\" style=\"padding-right: 5px\">\n            \n\n<div class=\"kksr-icon\" style=\"width: 24px; height: 24px;\"><\/div>\n        <\/div>\n            <div class=\"kksr-star\" style=\"padding-right: 5px\">\n            \n\n<div class=\"kksr-icon\" style=\"width: 24px; height: 24px;\"><\/div>\n        <\/div>\n    <\/div>\n<\/div>\n                \n\n<div class=\"kksr-legend\" style=\"font-size: 19.2px;\">\n            <span class=\"kksr-muted\">Valora este art\u00edculo<\/span>\n    <\/div>\n    <\/div>\n","protected":false},"excerpt":{"rendered":"<p>En materia de flequillos, los flequillos abiertos se han convertido en una de los m\u00e1s virales por personalidades como Kate Middleton, Aitana, Dakota Johnson o Heidi Klum entre otras. Sin embargo, merece la pena tener en cuenta a qui\u00e9n queda bien y c\u00f3mo debes cuidarlo, y en este art\u00edculo de Primor te contamos todos los [&hellip;]<\/p>\n","protected":false},"author":14,"featured_media":87080,"comment_status":"closed","ping_status":"closed","sticky":false,"template":"","format":"standard","meta":{"jnews-multi-image_gallery":[],"jnews_single_post":{"subtitle":"","format":"standard","video":"","gallery":"","source_name":"","source_url":"","via_name":"","via_url":"","override_template":"0","override":[{"template":"1","single_blog_custom":"","parallax":"1","fullscreen":"1","layout":"right-sidebar","sidebar":"home-2","second_sidebar":"default-sidebar","sticky_sidebar":"0","share_position":"float","share_float_style":"share-monocrhome","show_share_counter":"0","show_view_counter":"0","show_featured":"1","show_post_meta":"1","show_post_author":"0","show_post_author_image":"1","show_post_date":"1","post_date_format":"default","post_date_format_custom":"Y\/m\/d","show_post_category":"1","show_post_reading_time":"0","post_reading_time_wpm":"300","show_zoom_button":"0","zoom_button_out_step":"2","zoom_button_in_step":"3","show_post_tag":"0","show_prev_next_post":"0","show_popup_post":"0","number_popup_post":"2","show_author_box":"0","show_post_related":"0","show_inline_post_related":"1"}],"override_image_size":"0","image_override":[{"single_post_thumbnail_size":"no-crop","single_post_gallery_size":"crop-500"}],"trending_post":"0","trending_post_position":"meta","trending_post_label":"Trending","sponsored_post":"0","sponsored_post_label":"Sponsored by","sponsored_post_name":"","sponsored_post_url":"","sponsored_post_logo_enable":"0","sponsored_post_logo":"","sponsored_post_desc":"","disable_ad":"0"},"jnews_primary_category":{"id":"","hide":""},"jnews_social_meta":{"fb_title":"","fb_description":"","fb_image":"","twitter_title":"","twitter_description":"","twitter_image":""},"jnews_override_counter":{"override_view_counter":"0","view_counter_number":"0","override_share_counter":"0","share_counter_number":"0","override_like_counter":"0","like_counter_number":"0","override_dislike_counter":"0","dislike_counter_number":"0"},"footnotes":""},"categories":[35],"tags":[],"class_list":["post-87077","post","type-post","status-publish","format-standard","has-post-thumbnail","hentry","category-cabello"],"_links":{"self":[{"href":"https:\/\/www.primor.eu\/blog\/wp-json\/wp\/v2\/posts\/87077","targetHints":{"allow":["GET"]}}],"collection":[{"href":"https:\/\/www.primor.eu\/blog\/wp-json\/wp\/v2\/posts"}],"about":[{"href":"https:\/\/www.primor.eu\/blog\/wp-json\/wp\/v2\/types\/post"}],"author":[{"embeddable":true,"href":"https:\/\/www.primor.eu\/blog\/wp-json\/wp\/v2\/users\/14"}],"replies":[{"embeddable":true,"href":"https:\/\/www.primor.eu\/blog\/wp-json\/wp\/v2\/comments?post=87077"}],"version-history":[{"count":2,"href":"https:\/\/www.primor.eu\/blog\/wp-json\/wp\/v2\/posts\/87077\/revisions"}],"predecessor-version":[{"id":130522,"href":"https:\/\/www.primor.eu\/blog\/wp-json\/wp\/v2\/posts\/87077\/revisions\/130522"}],"wp:featuredmedia":[{"embeddable":true,"href":"https:\/\/www.primor.eu\/blog\/wp-json\/wp\/v2\/media\/87080"}],"wp:attachment":[{"href":"https:\/\/www.primor.eu\/blog\/wp-json\/wp\/v2\/media?parent=87077"}],"wp:term":[{"taxonomy":"category","embeddable":true,"href":"https:\/\/www.primor.eu\/blog\/wp-json\/wp\/v2\/categories?post=87077"},{"taxonomy":"post_tag","embeddable":true,"href":"https:\/\/www.primor.eu\/blog\/wp-json\/wp\/v2\/tags?post=87077"}],"curies":[{"name":"wp","href":"https:\/\/api.w.org\/{rel}","templated":true}]}}