{"id":86929,"date":"2024-12-16T08:49:23","date_gmt":"2024-12-16T08:49:23","guid":{"rendered":"https:\/\/blog.primor.eu\/?p=86929"},"modified":"2025-06-30T06:36:32","modified_gmt":"2025-06-30T06:36:32","slug":"unas-rojas","status":"publish","type":"post","link":"https:\/\/www.primor.eu\/blog\/unas-rojas\/","title":{"rendered":"Insp\u00edrate con los mejores dise\u00f1os en rojo para tus u\u00f1as"},"content":{"rendered":"\n<p>Es tiempo de pintarse las u\u00f1as. No obstante, hay tantas <a href=\"https:\/\/www.primor.eu\/blog\/unas-decoradas-sencillas-y-elegantes\/\">ideas sencillas y elegantes<\/a>, que da igual que tengas las <a href=\"https:\/\/www.primor.eu\/blog\/unas-cortas-decoradas-elegantes-y-sencillas\/\">u\u00f1as cortas<\/a> o no; porque la decisi\u00f3n se complica. Al final, siempre acabas decant\u00e1ndote por uno de los cl\u00e1sicos, y no, no hablamos de la <strong>manicura francesa <\/strong>que se ha convertido en la favorita de las m\u00e1s elegantes, hablamos de las <strong>u\u00f1as rojas.<\/strong><\/p>\n\n\n\n<p>Pintarse las u\u00f1as de color rojo sigue siendo una de las opciones m\u00e1s demandadas en los salones de peluquer\u00eda y en las tiendas de <a href=\"https:\/\/www.primor.eu\/es_es\/esmaltes-de-u-as\">esmaltes de gran calidad<\/a>. Podemos entenderlo: es un color que <strong>destaca<\/strong>, que <strong>siempre queda bien<\/strong> y que siempre (SIEMPRE) est\u00e1 dispuesto a arrasar.&nbsp;<\/p>\n\n\n\n<h2 class=\"wp-block-heading\">\u00bfPor qu\u00e9 nos pintamos las u\u00f1as de color de rojo?<\/h2>\n\n\n\n<p>Por muchas razones, y var\u00eda en funci\u00f3n a la cultura en la que nos encontremos. Sin embargo, los expertos coinciden en que lo hacemos por:<\/p>\n\n\n\n<ul class=\"wp-block-list\">\n<li><strong>Elegancia y sofisticaci\u00f3n<\/strong>. Pintarse las u\u00f1as de rojo puede transmitir una sensaci\u00f3n de glamour y estilo cl\u00e1sico.<\/li>\n\n\n\n<li><strong>Pasi\u00f3n y confianza.<\/strong> El color rojo es a menudo visto como un color apasionado y en\u00e9rgico. Llevar las u\u00f1as rojas puede expresar confianza en uno mismo y una personalidad apasionada.<\/li>\n\n\n\n<li><strong>Feminidad.<\/strong> El rojo es un color que a menudo se asocia con la feminidad y la sensualidad.&nbsp;<\/li>\n\n\n\n<li><strong>S\u00edmbolo de amor y romance<\/strong>. El rojo es el color del amor y la pasi\u00f3n. En ocasiones, llevar u\u00f1as rojas puede ser una declaraci\u00f3n de romanticismo o un s\u00edmbolo de amor.<\/li>\n\n\n\n<li><strong>Seguridad en la individualidad.<\/strong> Es una forma de destacar y expresar nuestra individualidad. Muestra que te sientes c\u00f3moda siendo el centro de atenci\u00f3n y no temes destacar.<\/li>\n\n\n\n<li><strong>Estilo cl\u00e1sico.<\/strong> Sin embargo, el esmalte de u\u00f1as rojo sigue siendo un color cl\u00e1sico que nunca jam\u00e1s pasa de moda y que enamora a todos los estilos y edades.&nbsp;<\/li>\n<\/ul>\n\n\n\n<h2 class=\"wp-block-heading\">Ideas de u\u00f1as rojas sencillas para hacer en casa o en tu sal\u00f3n<\/h2>\n\n\n\n<figure class=\"wp-block-image alignwide size-large\"><img decoding=\"async\" width=\"1024\" height=\"1024\" src=\"https:\/\/www.primor.eu\/blog\/wp-content\/uploads\/2023\/10\/Estas-son-las-mejores-ideas-de-unas-rojas-para-el-otono-2-1024x1024.jpg\" alt=\"Estas son las mejores ideas de u\u00f1as rojas para el oto\u00f1o\" class=\"wp-image-86937\" srcset=\"https:\/\/www.primor.eu\/blog\/wp-content\/uploads\/2023\/10\/Estas-son-las-mejores-ideas-de-unas-rojas-para-el-otono-2-1024x1024.jpg 1024w, https:\/\/www.primor.eu\/blog\/wp-content\/uploads\/2023\/10\/Estas-son-las-mejores-ideas-de-unas-rojas-para-el-otono-2-300x300.jpg 300w, https:\/\/www.primor.eu\/blog\/wp-content\/uploads\/2023\/10\/Estas-son-las-mejores-ideas-de-unas-rojas-para-el-otono-2-150x150.jpg 150w, https:\/\/www.primor.eu\/blog\/wp-content\/uploads\/2023\/10\/Estas-son-las-mejores-ideas-de-unas-rojas-para-el-otono-2-768x768.jpg 768w, https:\/\/www.primor.eu\/blog\/wp-content\/uploads\/2023\/10\/Estas-son-las-mejores-ideas-de-unas-rojas-para-el-otono-2-75x75.jpg 75w, https:\/\/www.primor.eu\/blog\/wp-content\/uploads\/2023\/10\/Estas-son-las-mejores-ideas-de-unas-rojas-para-el-otono-2-350x350.jpg 350w, https:\/\/www.primor.eu\/blog\/wp-content\/uploads\/2023\/10\/Estas-son-las-mejores-ideas-de-unas-rojas-para-el-otono-2-750x750.jpg 750w, https:\/\/www.primor.eu\/blog\/wp-content\/uploads\/2023\/10\/Estas-son-las-mejores-ideas-de-unas-rojas-para-el-otono-2.jpg 1080w\" sizes=\"(max-width: 1024px) 100vw, 1024px\" \/><figcaption class=\"wp-element-caption\">@__caty.nails__<\/figcaption><\/figure>\n\n\n\n<h3 class=\"wp-block-heading\">U\u00f1as rojas 2025: color s\u00f3lido<\/h3>\n\n\n\n<p>Si quieres pintarte las u\u00f1as de color rojo, pero no quieres complicarte la vida, nuestro consejo es que no lo hagas. Apuesta por pintarlas del mismo color y sin detalles.&nbsp;<\/p>\n\n\n\n<figure class=\"wp-block-image alignwide size-large\"><img decoding=\"async\" width=\"819\" height=\"1024\" src=\"https:\/\/www.primor.eu\/blog\/wp-content\/uploads\/2023\/10\/302041480_594402605685130_3586791837690543210_n-819x1024.jpg\" alt=\"Estas son las mejores ideas de u\u00f1as rojas para el oto\u00f1o\" class=\"wp-image-86938\" srcset=\"https:\/\/www.primor.eu\/blog\/wp-content\/uploads\/2023\/10\/302041480_594402605685130_3586791837690543210_n-819x1024.jpg 819w, https:\/\/www.primor.eu\/blog\/wp-content\/uploads\/2023\/10\/302041480_594402605685130_3586791837690543210_n-240x300.jpg 240w, https:\/\/www.primor.eu\/blog\/wp-content\/uploads\/2023\/10\/302041480_594402605685130_3586791837690543210_n-768x960.jpg 768w, https:\/\/www.primor.eu\/blog\/wp-content\/uploads\/2023\/10\/302041480_594402605685130_3586791837690543210_n-1229x1536.jpg 1229w, https:\/\/www.primor.eu\/blog\/wp-content\/uploads\/2023\/10\/302041480_594402605685130_3586791837690543210_n-750x938.jpg 750w, https:\/\/www.primor.eu\/blog\/wp-content\/uploads\/2023\/10\/302041480_594402605685130_3586791837690543210_n-1140x1425.jpg 1140w, https:\/\/www.primor.eu\/blog\/wp-content\/uploads\/2023\/10\/302041480_594402605685130_3586791837690543210_n.jpg 1440w\" sizes=\"(max-width: 819px) 100vw, 819px\" \/><figcaption class=\"wp-element-caption\">@betina_goldstein<\/figcaption><\/figure>\n\n\n\n<h3 class=\"wp-block-heading\">U\u00f1as rojas 2025: U\u00f1as estampadas<\/h3>\n\n\n\n<p>Son divertidas, desenfadadas y tan originales como perfectas para el d\u00eda a d\u00eda. Podr\u00e1s llevarlas a diario para un toque diferente que marque la diferencia.<\/p>\n\n\n\n<figure class=\"wp-block-image alignwide size-large\"><img decoding=\"async\" width=\"1024\" height=\"1024\" src=\"https:\/\/www.primor.eu\/blog\/wp-content\/uploads\/2023\/10\/271433025_102157199019633_4675277944904525663_n-1024x1024.jpg\" alt=\"Estas son las mejores ideas de u\u00f1as rojas para el oto\u00f1o\" class=\"wp-image-86939\" srcset=\"https:\/\/www.primor.eu\/blog\/wp-content\/uploads\/2023\/10\/271433025_102157199019633_4675277944904525663_n-1024x1024.jpg 1024w, https:\/\/www.primor.eu\/blog\/wp-content\/uploads\/2023\/10\/271433025_102157199019633_4675277944904525663_n-300x300.jpg 300w, https:\/\/www.primor.eu\/blog\/wp-content\/uploads\/2023\/10\/271433025_102157199019633_4675277944904525663_n-150x150.jpg 150w, https:\/\/www.primor.eu\/blog\/wp-content\/uploads\/2023\/10\/271433025_102157199019633_4675277944904525663_n-768x768.jpg 768w, https:\/\/www.primor.eu\/blog\/wp-content\/uploads\/2023\/10\/271433025_102157199019633_4675277944904525663_n-75x75.jpg 75w, https:\/\/www.primor.eu\/blog\/wp-content\/uploads\/2023\/10\/271433025_102157199019633_4675277944904525663_n-350x350.jpg 350w, https:\/\/www.primor.eu\/blog\/wp-content\/uploads\/2023\/10\/271433025_102157199019633_4675277944904525663_n-750x750.jpg 750w, https:\/\/www.primor.eu\/blog\/wp-content\/uploads\/2023\/10\/271433025_102157199019633_4675277944904525663_n.jpg 1080w\" sizes=\"(max-width: 1024px) 100vw, 1024px\" \/><figcaption class=\"wp-element-caption\">@manic.nailbar<\/figcaption><\/figure>\n\n\n\n<h3 class=\"wp-block-heading\">U\u00f1as rojas 2025: Toques rom\u00e1nticos\u00a0<\/h3>\n\n\n\n<p>El rojo es el color del romanticismo y la pasi\u00f3n, por lo que es una buena idea aprovechar para hacerte una manicura as\u00ed de bonita y as\u00ed de elegante y sutil. Arrasar\u00e1s.<\/p>\n\n\n\n<figure class=\"wp-block-image alignwide size-large\"><img decoding=\"async\" width=\"1024\" height=\"1024\" src=\"https:\/\/www.primor.eu\/blog\/wp-content\/uploads\/2023\/10\/391517228_2326303747579878_9181094118233655886_n-1024x1024.jpg\" alt=\"Estas son las mejores ideas de u\u00f1as rojas para el oto\u00f1o\" class=\"wp-image-86940\" srcset=\"https:\/\/www.primor.eu\/blog\/wp-content\/uploads\/2023\/10\/391517228_2326303747579878_9181094118233655886_n-1024x1024.jpg 1024w, https:\/\/www.primor.eu\/blog\/wp-content\/uploads\/2023\/10\/391517228_2326303747579878_9181094118233655886_n-300x300.jpg 300w, https:\/\/www.primor.eu\/blog\/wp-content\/uploads\/2023\/10\/391517228_2326303747579878_9181094118233655886_n-150x150.jpg 150w, https:\/\/www.primor.eu\/blog\/wp-content\/uploads\/2023\/10\/391517228_2326303747579878_9181094118233655886_n-768x768.jpg 768w, https:\/\/www.primor.eu\/blog\/wp-content\/uploads\/2023\/10\/391517228_2326303747579878_9181094118233655886_n-75x75.jpg 75w, https:\/\/www.primor.eu\/blog\/wp-content\/uploads\/2023\/10\/391517228_2326303747579878_9181094118233655886_n-350x350.jpg 350w, https:\/\/www.primor.eu\/blog\/wp-content\/uploads\/2023\/10\/391517228_2326303747579878_9181094118233655886_n-750x750.jpg 750w, https:\/\/www.primor.eu\/blog\/wp-content\/uploads\/2023\/10\/391517228_2326303747579878_9181094118233655886_n.jpg 1080w\" sizes=\"(max-width: 1024px) 100vw, 1024px\" \/><figcaption class=\"wp-element-caption\">@meena_nails_spa<\/figcaption><\/figure>\n\n\n\n<h3 class=\"wp-block-heading\">U\u00f1as rojas 2025: Color vino<\/h3>\n\n\n\n<p>Si el rojo pasi\u00f3n no es lo tuyo, este tono es el cl\u00e1sico para convertir tus u\u00f1as en toda una declaraci\u00f3n de intenciones que deje huella all\u00e1 donde vayas.&nbsp;<\/p>\n\n\n\n<figure class=\"wp-block-image alignwide size-large\"><img decoding=\"async\" width=\"1024\" height=\"1024\" src=\"https:\/\/www.primor.eu\/blog\/wp-content\/uploads\/2023\/10\/329417457_1399377857530354_3908981803648978540_n-1024x1024.jpg\" alt=\"Estas son las mejores ideas de u\u00f1as rojas para el oto\u00f1o\" class=\"wp-image-86941\" srcset=\"https:\/\/www.primor.eu\/blog\/wp-content\/uploads\/2023\/10\/329417457_1399377857530354_3908981803648978540_n-1024x1024.jpg 1024w, https:\/\/www.primor.eu\/blog\/wp-content\/uploads\/2023\/10\/329417457_1399377857530354_3908981803648978540_n-300x300.jpg 300w, https:\/\/www.primor.eu\/blog\/wp-content\/uploads\/2023\/10\/329417457_1399377857530354_3908981803648978540_n-150x150.jpg 150w, https:\/\/www.primor.eu\/blog\/wp-content\/uploads\/2023\/10\/329417457_1399377857530354_3908981803648978540_n-768x768.jpg 768w, https:\/\/www.primor.eu\/blog\/wp-content\/uploads\/2023\/10\/329417457_1399377857530354_3908981803648978540_n-75x75.jpg 75w, https:\/\/www.primor.eu\/blog\/wp-content\/uploads\/2023\/10\/329417457_1399377857530354_3908981803648978540_n-350x350.jpg 350w, https:\/\/www.primor.eu\/blog\/wp-content\/uploads\/2023\/10\/329417457_1399377857530354_3908981803648978540_n-750x750.jpg 750w, https:\/\/www.primor.eu\/blog\/wp-content\/uploads\/2023\/10\/329417457_1399377857530354_3908981803648978540_n.jpg 1080w\" sizes=\"(max-width: 1024px) 100vw, 1024px\" \/><\/figure>\n\n\n\n<h3 class=\"wp-block-heading\">U\u00f1as rojas 2025: Con detalles rojos<\/h3>\n\n\n\n<p>Es una de nuestras favoritas porque son elegantes, sutiles y toda una declaraci\u00f3n de intenciones que gusta a las m\u00e1s cl\u00e1sicas, pero tambi\u00e9n a las m\u00e1s modernas.<\/p>\n\n\n\n<figure class=\"wp-block-image alignwide size-large\"><img decoding=\"async\" width=\"968\" height=\"1024\" src=\"https:\/\/www.primor.eu\/blog\/wp-content\/uploads\/2023\/10\/385861313_199907216448361_1511490010118442689_n-968x1024.jpg\" alt=\"Estas son las mejores ideas de u\u00f1as rojas para el oto\u00f1o\" class=\"wp-image-86942\" srcset=\"https:\/\/www.primor.eu\/blog\/wp-content\/uploads\/2023\/10\/385861313_199907216448361_1511490010118442689_n-968x1024.jpg 968w, https:\/\/www.primor.eu\/blog\/wp-content\/uploads\/2023\/10\/385861313_199907216448361_1511490010118442689_n-284x300.jpg 284w, https:\/\/www.primor.eu\/blog\/wp-content\/uploads\/2023\/10\/385861313_199907216448361_1511490010118442689_n-768x812.jpg 768w, https:\/\/www.primor.eu\/blog\/wp-content\/uploads\/2023\/10\/385861313_199907216448361_1511490010118442689_n-750x793.jpg 750w, https:\/\/www.primor.eu\/blog\/wp-content\/uploads\/2023\/10\/385861313_199907216448361_1511490010118442689_n.jpg 1080w\" sizes=\"(max-width: 968px) 100vw, 968px\" \/><figcaption class=\"wp-element-caption\">@maryamjafari_nail<\/figcaption><\/figure>\n\n\n\n<h3 class=\"wp-block-heading\">U\u00f1as rojas 2025: Manicura francesa roja\u00a0<\/h3>\n\n\n\n<p>A medio camino entre elegantes e innovadoras, este tipo de manicura roja posee lo mejor de los dos mundos: es atemporal y cl\u00e1sico, y es innovador, moderno y actual. Por lo que, es todo un acierto.&nbsp;<\/p>\n\n\n\n<figure class=\"wp-block-image alignwide size-large\"><img decoding=\"async\" width=\"821\" height=\"1024\" src=\"https:\/\/www.primor.eu\/blog\/wp-content\/uploads\/2023\/10\/387264821_993568638414369_2699073069351220291_n-821x1024.jpg\" alt=\"Estas son las mejores ideas de u\u00f1as rojas para el oto\u00f1o\" class=\"wp-image-86943\" srcset=\"https:\/\/www.primor.eu\/blog\/wp-content\/uploads\/2023\/10\/387264821_993568638414369_2699073069351220291_n-821x1024.jpg 821w, https:\/\/www.primor.eu\/blog\/wp-content\/uploads\/2023\/10\/387264821_993568638414369_2699073069351220291_n-241x300.jpg 241w, https:\/\/www.primor.eu\/blog\/wp-content\/uploads\/2023\/10\/387264821_993568638414369_2699073069351220291_n-768x958.jpg 768w, https:\/\/www.primor.eu\/blog\/wp-content\/uploads\/2023\/10\/387264821_993568638414369_2699073069351220291_n-750x935.jpg 750w, https:\/\/www.primor.eu\/blog\/wp-content\/uploads\/2023\/10\/387264821_993568638414369_2699073069351220291_n.jpg 1080w\" sizes=\"(max-width: 821px) 100vw, 821px\" \/><figcaption class=\"wp-element-caption\">@ninna.nails.studio<\/figcaption><\/figure>\n\n\n\n<h3 class=\"wp-block-heading\">U\u00f1as rojas 2025: Con detalles rojos (versi\u00f3n dos)<\/h3>\n\n\n\n<p>Es otra opci\u00f3n para aquellas que no quieren destacar, pero que quieren usar detalles rojos en su manicura para obtener un resultado atemporal y listo para arrasar en cualquiera de sus versiones.&nbsp;<\/p>\n\n\n<div class=\"kk-star-ratings kksr-auto kksr-align-center kksr-valign-bottom\"\n    data-payload='{&quot;align&quot;:&quot;center&quot;,&quot;id&quot;:&quot;86929&quot;,&quot;slug&quot;:&quot;default&quot;,&quot;valign&quot;:&quot;bottom&quot;,&quot;ignore&quot;:&quot;&quot;,&quot;reference&quot;:&quot;auto&quot;,&quot;class&quot;:&quot;&quot;,&quot;count&quot;:&quot;2&quot;,&quot;legendonly&quot;:&quot;&quot;,&quot;readonly&quot;:&quot;&quot;,&quot;score&quot;:&quot;4.5&quot;,&quot;starsonly&quot;:&quot;&quot;,&quot;best&quot;:&quot;5&quot;,&quot;gap&quot;:&quot;5&quot;,&quot;greet&quot;:&quot;Valora este art\u00edculo&quot;,&quot;legend&quot;:&quot;4.5\\\/5 - (2 votos)&quot;,&quot;size&quot;:&quot;24&quot;,&quot;title&quot;:&quot;Insp\u00edrate con los mejores dise\u00f1os en rojo para tus u\u00f1as&quot;,&quot;width&quot;:&quot;128&quot;,&quot;_legend&quot;:&quot;{score}\\\/{best} - ({count} {votes})&quot;,&quot;font_factor&quot;:&quot;1.25&quot;}'>\n            \n<div class=\"kksr-stars\">\n    \n<div class=\"kksr-stars-inactive\">\n            <div class=\"kksr-star\" data-star=\"1\" style=\"padding-right: 5px\">\n            \n\n<div class=\"kksr-icon\" style=\"width: 24px; height: 24px;\"><\/div>\n        <\/div>\n            <div class=\"kksr-star\" data-star=\"2\" style=\"padding-right: 5px\">\n            \n\n<div class=\"kksr-icon\" style=\"width: 24px; height: 24px;\"><\/div>\n        <\/div>\n            <div class=\"kksr-star\" data-star=\"3\" style=\"padding-right: 5px\">\n            \n\n<div class=\"kksr-icon\" style=\"width: 24px; height: 24px;\"><\/div>\n        <\/div>\n            <div class=\"kksr-star\" data-star=\"4\" style=\"padding-right: 5px\">\n            \n\n<div class=\"kksr-icon\" style=\"width: 24px; height: 24px;\"><\/div>\n        <\/div>\n            <div class=\"kksr-star\" data-star=\"5\" style=\"padding-right: 5px\">\n            \n\n<div class=\"kksr-icon\" style=\"width: 24px; height: 24px;\"><\/div>\n        <\/div>\n    <\/div>\n    \n<div class=\"kksr-stars-active\" style=\"width: 128px;\">\n            <div class=\"kksr-star\" style=\"padding-right: 5px\">\n            \n\n<div class=\"kksr-icon\" style=\"width: 24px; height: 24px;\"><\/div>\n        <\/div>\n            <div class=\"kksr-star\" style=\"padding-right: 5px\">\n            \n\n<div class=\"kksr-icon\" style=\"width: 24px; height: 24px;\"><\/div>\n        <\/div>\n            <div class=\"kksr-star\" style=\"padding-right: 5px\">\n            \n\n<div class=\"kksr-icon\" style=\"width: 24px; height: 24px;\"><\/div>\n        <\/div>\n            <div class=\"kksr-star\" style=\"padding-right: 5px\">\n            \n\n<div class=\"kksr-icon\" style=\"width: 24px; height: 24px;\"><\/div>\n        <\/div>\n            <div class=\"kksr-star\" style=\"padding-right: 5px\">\n            \n\n<div class=\"kksr-icon\" style=\"width: 24px; height: 24px;\"><\/div>\n        <\/div>\n    <\/div>\n<\/div>\n                \n\n<div class=\"kksr-legend\" style=\"font-size: 19.2px;\">\n            4.5\/5 - (2 votos)    <\/div>\n    <\/div>\n","protected":false},"excerpt":{"rendered":"<p>Es tiempo de pintarse las u\u00f1as. No obstante, hay tantas ideas sencillas y elegantes, que da igual que tengas las u\u00f1as cortas o no; porque la decisi\u00f3n se complica. Al final, siempre acabas decant\u00e1ndote por uno de los cl\u00e1sicos, y no, no hablamos de la manicura francesa que se ha convertido en la favorita de [&hellip;]<\/p>\n","protected":false},"author":14,"featured_media":86944,"comment_status":"closed","ping_status":"closed","sticky":false,"template":"","format":"standard","meta":{"jnews-multi-image_gallery":[],"jnews_single_post":{"subtitle":"","format":"standard","video":"","gallery":"","source_name":"","source_url":"","via_name":"","via_url":"","override_template":"0","override":[{"template":"1","single_blog_custom":"","parallax":"1","fullscreen":"1","layout":"right-sidebar","sidebar":"home-2","second_sidebar":"default-sidebar","sticky_sidebar":"0","share_position":"float","share_float_style":"share-monocrhome","show_share_counter":"0","show_view_counter":"0","show_featured":"1","show_post_meta":"1","show_post_author":"0","show_post_author_image":"1","show_post_date":"1","post_date_format":"default","post_date_format_custom":"Y\/m\/d","show_post_category":"1","show_post_reading_time":"0","post_reading_time_wpm":"300","show_zoom_button":"0","zoom_button_out_step":"2","zoom_button_in_step":"3","show_post_tag":"0","show_prev_next_post":"0","show_popup_post":"0","number_popup_post":"2","show_author_box":"0","show_post_related":"0","show_inline_post_related":"1"}],"override_image_size":"0","image_override":[{"single_post_thumbnail_size":"no-crop","single_post_gallery_size":"crop-500"}],"trending_post":"0","trending_post_position":"meta","trending_post_label":"Trending","sponsored_post":"0","sponsored_post_label":"Sponsored by","sponsored_post_name":"","sponsored_post_url":"","sponsored_post_logo_enable":"0","sponsored_post_logo":"","sponsored_post_desc":"","disable_ad":"0"},"jnews_primary_category":{"id":"","hide":""},"jnews_social_meta":{"fb_title":"","fb_description":"","fb_image":"","twitter_title":"","twitter_description":"","twitter_image":""},"jnews_override_counter":{"override_view_counter":"0","view_counter_number":"0","override_share_counter":"0","share_counter_number":"0","override_like_counter":"0","like_counter_number":"0","override_dislike_counter":"0","dislike_counter_number":"0"},"footnotes":""},"categories":[41],"tags":[],"class_list":["post-86929","post","type-post","status-publish","format-standard","has-post-thumbnail","hentry","category-maquillaje"],"_links":{"self":[{"href":"https:\/\/www.primor.eu\/blog\/wp-json\/wp\/v2\/posts\/86929","targetHints":{"allow":["GET"]}}],"collection":[{"href":"https:\/\/www.primor.eu\/blog\/wp-json\/wp\/v2\/posts"}],"about":[{"href":"https:\/\/www.primor.eu\/blog\/wp-json\/wp\/v2\/types\/post"}],"author":[{"embeddable":true,"href":"https:\/\/www.primor.eu\/blog\/wp-json\/wp\/v2\/users\/14"}],"replies":[{"embeddable":true,"href":"https:\/\/www.primor.eu\/blog\/wp-json\/wp\/v2\/comments?post=86929"}],"version-history":[{"count":3,"href":"https:\/\/www.primor.eu\/blog\/wp-json\/wp\/v2\/posts\/86929\/revisions"}],"predecessor-version":[{"id":128526,"href":"https:\/\/www.primor.eu\/blog\/wp-json\/wp\/v2\/posts\/86929\/revisions\/128526"}],"wp:featuredmedia":[{"embeddable":true,"href":"https:\/\/www.primor.eu\/blog\/wp-json\/wp\/v2\/media\/86944"}],"wp:attachment":[{"href":"https:\/\/www.primor.eu\/blog\/wp-json\/wp\/v2\/media?parent=86929"}],"wp:term":[{"taxonomy":"category","embeddable":true,"href":"https:\/\/www.primor.eu\/blog\/wp-json\/wp\/v2\/categories?post=86929"},{"taxonomy":"post_tag","embeddable":true,"href":"https:\/\/www.primor.eu\/blog\/wp-json\/wp\/v2\/tags?post=86929"}],"curies":[{"name":"wp","href":"https:\/\/api.w.org\/{rel}","templated":true}]}}