{"id":86819,"date":"2023-10-12T07:49:40","date_gmt":"2023-10-12T07:49:40","guid":{"rendered":"https:\/\/blog.primor.eu\/?p=86819"},"modified":"2023-10-12T07:49:41","modified_gmt":"2023-10-12T07:49:41","slug":"consejos-barba-tres-dias-arreglada","status":"publish","type":"post","link":"https:\/\/www.primor.eu\/blog\/consejos-barba-tres-dias-arreglada\/","title":{"rendered":"Consejos para llevar una barba de tres d\u00edas arreglada"},"content":{"rendered":"\n<p>Ah\u00ed donde lo ves, llevar una <strong>barba de tres d\u00edas<\/strong> es lo m\u00e1s com\u00fan. Los hombres <a href=\"https:\/\/www.primor.eu\/blog\/como-arreglar-la-barba-trucos\/\">no se arreglan la barba a diario<\/a>, sino que la dejan crecer y cuando ya lleva unos d\u00edas (donde se dan cuenta que eso ya no tiene maneje), recortan, afeitan y le dan forma.<\/p>\n\n\n\n<p>El <strong>problema<\/strong> es que muchos de ellos no saben <strong>c\u00f3mo hacerlo<\/strong>, o no saben cu\u00e1l es la mejor forma de proceder. Y es muy importante hacerlo para no transmitir una imagen desarreglada o desali\u00f1ada. Por eso, en este art\u00edculo de Primor os damos los <strong>mejores trucos y consejos para arreglar una barba de tres d\u00edas<\/strong> (y no morir en el intento).<\/p>\n\n\n\n<h2 class=\"wp-block-heading\">C\u00f3mo arreglar una barba de tres d\u00edas<\/h2>\n\n\n\n<p>Lo m\u00e1s importante en estos casos es mantenerla limpia y cuidada. Hemos preguntado a los expertos y todos coinciden en que estos son los pasos que hay que seguir:<\/p>\n\n\n\n<ul class=\"wp-block-list\">\n<li><strong>Lava la barba.<\/strong> Antes de empezar, lava tu barba con un champ\u00fa espec\u00edfico para barba o un <a href=\"https:\/\/www.googleadservices.com\/pagead\/aclk?sa=L&amp;ai=DChcSEwiS3eaR1uqBAxUmkmgJHWMyB84YABAlGgJ3Zg&amp;ase=2&amp;gclid=CjwKCAjwyY6pBhA9EiwAMzmfwb6DynfnNGBbKryRszr4c43EZ87j8Bqh02TzWLahVpqW0Cz1lufUXBoCKOAQAvD_BwE&amp;ohost=www.google.com&amp;cid=CAESVeD2wvnC6xClC7hdP1SooRakDKk326DgZ1JlAB6WVwESvX3nw2v3A46Y-Xkqk8xP7h_46BfQ2FoEDw5niaHz_zVHKOwtoqRGvJUO1UMVaH9AVXl_u7s&amp;sig=AOD64_378ZijVQOvj-wZeNyU_ljbyDgl1w&amp;q&amp;nis=4&amp;adurl&amp;ved=2ahUKEwiDheKR1uqBAxXjT6QEHYyPA4YQ0Qx6BAgPEAE\" target=\"_blank\" rel=\"noopener\">limpiador suave<\/a>. Esto eliminar\u00e1 la suciedad y el aceite, facilitando el proceso de afeitado y ayudando a evitar la irritaci\u00f3n de la piel.<\/li>\n\n\n\n<li><strong>Prepara la piel.<\/strong> Siempre es recomendable preparar la piel antes de afeitarse. Puedes hacerlo con una ducha caliente o una toalla caliente aplicada sobre la barba durante unos minutos. Esto ablandar\u00e1 los fol\u00edculos pilosos y facilitar\u00e1 el afeitado.<\/li>\n\n\n\n<li><strong>Escoge la longitud.<\/strong> Decide la longitud que deseas para tu barba de tres d\u00edas. Utiliza una m\u00e1quina de afeitar el\u00e9ctrica o una recortadora de barba con el ajuste de longitud adecuado. La longitud t\u00edpica para una barba de tres d\u00edas suele ser de 3 a 5 mm, pero puedes ajustarla seg\u00fan tu preferencia.<\/li>\n\n\n\n<li><strong>Recorta la barba.<\/strong> Pasa la m\u00e1quina o la recortadora por toda la barba, siguiendo la direcci\u00f3n del crecimiento del vello. Aseg\u00farate de mantener un movimiento suave y constante para lograr un aspecto uniforme.<\/li>\n\n\n\n<li><strong>Define los bordes.<\/strong> Utiliza una cuchilla de afeitar o una recortadora de precisi\u00f3n para definir los bordes de la barba. Esto incluye el cuello, las mejillas y la l\u00ednea de la mand\u00edbula. Aseg\u00farate de que los bordes est\u00e9n limpios y bien definidos.<\/li>\n\n\n\n<li><strong>Hidrata y cuida<\/strong>. Despu\u00e9s de afeitarte, enjuaga tu rostro con agua fr\u00eda para cerrar los poros y aplica una <a href=\"https:\/\/www.primor.eu\/blog\/como-usar-el-aftershave\/\">loci\u00f3n<\/a> o aceite para barba para hidratar y suavizar la piel. Esto tambi\u00e9n ayudar\u00e1 a prevenir la irritaci\u00f3n.<\/li>\n\n\n\n<li><strong>Mantenimiento<\/strong>. Para mantener una barba de tres d\u00edas, es importante recortarla regularmente y mantenerla limpia. Usa un peine o cepillo de barba para darle forma y desenredar el vello si es necesario.<\/li>\n<\/ul>\n\n\n\n<h2 class=\"wp-block-heading\">Qu\u00e9 necesitas para arreglar tu barba<\/h2>\n\n\n\n<h3 class=\"wp-block-heading\">L\u2019Or\u00e9al Men Expert Barber Club Champ\u00fa 3 en 1 para barba, cabello y rostro<\/h3>\n\n\n\n<p>Enriquecido con Aceite Esencial de Madera de Cedro, para un cuidado experto de tu barba, cabello y rostro.<\/p>\n\n\n    <a class=\"product\" target=\"_blank\" href=\"https:\/\/www.primor.eu\/es_es\/l-oreal-paris-barber-club-champu-3-en-1-para-barba-cabello-y-rostro-10113.html\">\r\n        <img loading='async' src='https:\/\/cdn2.primor.eu\/media\/catalog\/product\/cache\/8d3aba296f7a18b5251ee30fa5db42b2\/0\/T\/0TM01116_1_64f5.jpg' alt='COMPRAR AHORA'>\r\n            <div class=\"claim\">\r\n                COMPRAR AHORA            <\/div>\r\n        <\/a>\r\n    \n\n\n\n<h3 class=\"wp-block-heading\">Waterclouds Cepillo Para Barba<\/h3>\n\n\n\n<p>El nuevo cepillo para hombres barbudos totalmente natural y hecho a mano, es suave pero a\u00fan da masaje, alisa y contrarresta la piel seca. Deja la barba bien arreglada.<\/p>\n\n\n    <a class=\"product\" target=\"_blank\" href=\"https:\/\/www.primor.eu\/es_es\/waterclouds-cepillo-para-barba-25867.html\">\r\n        <img loading='async' src='https:\/\/cdn2.primor.eu\/media\/catalog\/product\/cache\/8d3aba296f7a18b5251ee30fa5db42b2\/6\/V\/6VA25313_1_6d5a.jpg' alt='COMPRAR AHORA'>\r\n            <div class=\"claim\">\r\n                COMPRAR AHORA            <\/div>\r\n        <\/a>\r\n    \n\n\n\n<h3 class=\"wp-block-heading\">Gillette King C. M\u00e1quina De Afeitar Doble Filo M\u00e1quina de Afeitar + 5 Recambios<\/h3>\n\n\n\n<p>Esta m\u00e1quina de afeitar presenta un dise\u00f1o emblem\u00e1tico inspirado en la tradici\u00f3n de Gillette que te permite perfilarte con la m\u00e1xima precisi\u00f3n. La hoja individual de doble filo con revestimiento de platino proporciona una gran precisi\u00f3n, ideal para afeitar las patillas y l\u00edneas de la barba. El dise\u00f1o de peine cerrado de Gillette ofrece un control excelente, mientras que el mango cromado de alta calidad garantiza una gran durabilidad.<\/p>\n\n\n       \r\n        \n\n\n\n<h3 class=\"wp-block-heading\">Flo\u00efd Aftershave The Genuine<\/h3>\n\n\n\n<p>Con 5 extractos naturales (Romero, Tomillo, Lavanda, Salvia...) que contribuyen a una excelente composici\u00f3n por sus propiedades calmantes e hidratantes. Su perfume original e inimitable, hoy redescubierto, es un himno que encierra los aromas de las barber\u00edas de todos los tiempos.<\/p>\n\n\n    <a class=\"product\" target=\"_blank\" href=\"https:\/\/www.primor.eu\/es_es\/floid-the-genuine-aftershave-107474.html?#854=66331\">\r\n        <img loading='async' src='https:\/\/cdn2.primor.eu\/media\/catalog\/product\/cache\/8d3aba296f7a18b5251ee30fa5db42b2\/1\/S\/1SP00720_1_60d5.jpg' alt='COMPRAR AHORA'>\r\n            <div class=\"claim\">\r\n                COMPRAR AHORA            <\/div>\r\n        <\/a>\r\n    \n\n\n<div class=\"kk-star-ratings kksr-auto kksr-align-center kksr-valign-bottom\"\n    data-payload='{&quot;align&quot;:&quot;center&quot;,&quot;id&quot;:&quot;86819&quot;,&quot;slug&quot;:&quot;default&quot;,&quot;valign&quot;:&quot;bottom&quot;,&quot;ignore&quot;:&quot;&quot;,&quot;reference&quot;:&quot;auto&quot;,&quot;class&quot;:&quot;&quot;,&quot;count&quot;:&quot;0&quot;,&quot;legendonly&quot;:&quot;&quot;,&quot;readonly&quot;:&quot;&quot;,&quot;score&quot;:&quot;0&quot;,&quot;starsonly&quot;:&quot;&quot;,&quot;best&quot;:&quot;5&quot;,&quot;gap&quot;:&quot;5&quot;,&quot;greet&quot;:&quot;Valora este art\u00edculo&quot;,&quot;legend&quot;:&quot;0\\\/5 - (0 votos)&quot;,&quot;size&quot;:&quot;24&quot;,&quot;title&quot;:&quot;Consejos para llevar una barba de tres d\u00edas arreglada&quot;,&quot;width&quot;:&quot;0&quot;,&quot;_legend&quot;:&quot;{score}\\\/{best} - ({count} {votes})&quot;,&quot;font_factor&quot;:&quot;1.25&quot;}'>\n            \n<div class=\"kksr-stars\">\n    \n<div class=\"kksr-stars-inactive\">\n            <div class=\"kksr-star\" data-star=\"1\" style=\"padding-right: 5px\">\n            \n\n<div class=\"kksr-icon\" style=\"width: 24px; height: 24px;\"><\/div>\n        <\/div>\n            <div class=\"kksr-star\" data-star=\"2\" style=\"padding-right: 5px\">\n            \n\n<div class=\"kksr-icon\" style=\"width: 24px; height: 24px;\"><\/div>\n        <\/div>\n            <div class=\"kksr-star\" data-star=\"3\" style=\"padding-right: 5px\">\n            \n\n<div class=\"kksr-icon\" style=\"width: 24px; height: 24px;\"><\/div>\n        <\/div>\n            <div class=\"kksr-star\" data-star=\"4\" style=\"padding-right: 5px\">\n            \n\n<div class=\"kksr-icon\" style=\"width: 24px; height: 24px;\"><\/div>\n        <\/div>\n            <div class=\"kksr-star\" data-star=\"5\" style=\"padding-right: 5px\">\n            \n\n<div class=\"kksr-icon\" style=\"width: 24px; height: 24px;\"><\/div>\n        <\/div>\n    <\/div>\n    \n<div class=\"kksr-stars-active\" style=\"width: 0px;\">\n            <div class=\"kksr-star\" style=\"padding-right: 5px\">\n            \n\n<div class=\"kksr-icon\" style=\"width: 24px; height: 24px;\"><\/div>\n        <\/div>\n            <div class=\"kksr-star\" style=\"padding-right: 5px\">\n            \n\n<div class=\"kksr-icon\" style=\"width: 24px; height: 24px;\"><\/div>\n        <\/div>\n            <div class=\"kksr-star\" style=\"padding-right: 5px\">\n            \n\n<div class=\"kksr-icon\" style=\"width: 24px; height: 24px;\"><\/div>\n        <\/div>\n            <div class=\"kksr-star\" style=\"padding-right: 5px\">\n            \n\n<div class=\"kksr-icon\" style=\"width: 24px; height: 24px;\"><\/div>\n        <\/div>\n            <div class=\"kksr-star\" style=\"padding-right: 5px\">\n            \n\n<div class=\"kksr-icon\" style=\"width: 24px; height: 24px;\"><\/div>\n        <\/div>\n    <\/div>\n<\/div>\n                \n\n<div class=\"kksr-legend\" style=\"font-size: 19.2px;\">\n            <span class=\"kksr-muted\">Valora este art\u00edculo<\/span>\n    <\/div>\n    <\/div>\n","protected":false},"excerpt":{"rendered":"<p>Ah\u00ed donde lo ves, llevar una barba de tres d\u00edas es lo m\u00e1s com\u00fan. Los hombres no se arreglan la barba a diario, sino que la dejan crecer y cuando ya lleva unos d\u00edas (donde se dan cuenta que eso ya no tiene maneje), recortan, afeitan y le dan forma. El problema es que muchos [&hellip;]<\/p>\n","protected":false},"author":14,"featured_media":86820,"comment_status":"closed","ping_status":"closed","sticky":false,"template":"","format":"standard","meta":{"jnews-multi-image_gallery":[],"jnews_single_post":{"subtitle":"","format":"standard","video":"","gallery":"","source_name":"","source_url":"","via_name":"","via_url":"","override_template":"0","override":[{"template":"1","single_blog_custom":"","parallax":"1","fullscreen":"1","layout":"right-sidebar","sidebar":"home-2","second_sidebar":"default-sidebar","sticky_sidebar":"0","share_position":"float","share_float_style":"share-monocrhome","show_share_counter":"0","show_view_counter":"0","show_featured":"1","show_post_meta":"1","show_post_author":"0","show_post_author_image":"1","show_post_date":"1","post_date_format":"default","post_date_format_custom":"Y\/m\/d","show_post_category":"1","show_post_reading_time":"0","post_reading_time_wpm":"300","show_zoom_button":"0","zoom_button_out_step":"2","zoom_button_in_step":"3","show_post_tag":"0","show_prev_next_post":"0","show_popup_post":"0","number_popup_post":"2","show_author_box":"0","show_post_related":"0","show_inline_post_related":"1"}],"override_image_size":"0","image_override":[{"single_post_thumbnail_size":"no-crop","single_post_gallery_size":"crop-500"}],"trending_post":"0","trending_post_position":"meta","trending_post_label":"Trending","sponsored_post":"0","sponsored_post_label":"Sponsored by","sponsored_post_name":"","sponsored_post_url":"","sponsored_post_logo_enable":"0","sponsored_post_logo":"","sponsored_post_desc":"","disable_ad":"0"},"jnews_primary_category":{"id":"","hide":""},"jnews_social_meta":{"fb_title":"","fb_description":"","fb_image":"","twitter_title":"","twitter_description":"","twitter_image":""},"jnews_override_counter":{"override_view_counter":"0","view_counter_number":"0","override_share_counter":"0","share_counter_number":"0","override_like_counter":"0","like_counter_number":"0","override_dislike_counter":"0","dislike_counter_number":"0"},"footnotes":""},"categories":[6303],"tags":[],"class_list":["post-86819","post","type-post","status-publish","format-standard","has-post-thumbnail","hentry","category-trucos-de-belleza"],"_links":{"self":[{"href":"https:\/\/www.primor.eu\/blog\/wp-json\/wp\/v2\/posts\/86819","targetHints":{"allow":["GET"]}}],"collection":[{"href":"https:\/\/www.primor.eu\/blog\/wp-json\/wp\/v2\/posts"}],"about":[{"href":"https:\/\/www.primor.eu\/blog\/wp-json\/wp\/v2\/types\/post"}],"author":[{"embeddable":true,"href":"https:\/\/www.primor.eu\/blog\/wp-json\/wp\/v2\/users\/14"}],"replies":[{"embeddable":true,"href":"https:\/\/www.primor.eu\/blog\/wp-json\/wp\/v2\/comments?post=86819"}],"version-history":[{"count":1,"href":"https:\/\/www.primor.eu\/blog\/wp-json\/wp\/v2\/posts\/86819\/revisions"}],"predecessor-version":[{"id":86821,"href":"https:\/\/www.primor.eu\/blog\/wp-json\/wp\/v2\/posts\/86819\/revisions\/86821"}],"wp:featuredmedia":[{"embeddable":true,"href":"https:\/\/www.primor.eu\/blog\/wp-json\/wp\/v2\/media\/86820"}],"wp:attachment":[{"href":"https:\/\/www.primor.eu\/blog\/wp-json\/wp\/v2\/media?parent=86819"}],"wp:term":[{"taxonomy":"category","embeddable":true,"href":"https:\/\/www.primor.eu\/blog\/wp-json\/wp\/v2\/categories?post=86819"},{"taxonomy":"post_tag","embeddable":true,"href":"https:\/\/www.primor.eu\/blog\/wp-json\/wp\/v2\/tags?post=86819"}],"curies":[{"name":"wp","href":"https:\/\/api.w.org\/{rel}","templated":true}]}}