{"id":86816,"date":"2026-03-19T08:15:06","date_gmt":"2026-03-19T08:15:06","guid":{"rendered":"https:\/\/blog.primor.eu\/?p=86816"},"modified":"2026-03-19T08:15:07","modified_gmt":"2026-03-19T08:15:07","slug":"eliminar-arrugas-debajo-ojos","status":"publish","type":"post","link":"https:\/\/www.primor.eu\/blog\/eliminar-arrugas-debajo-ojos\/","title":{"rendered":"C\u00f3mo eliminar las arrugas que aparecen debajo de los ojos en 2026"},"content":{"rendered":"\n<p>Lo sabes, la <strong>piel que rodea el contorno de ojos <\/strong>es hasta <strong>cinco veces m\u00e1s fina<\/strong> que la del resto de la cara. Debido a eso, es m\u00e1s <strong>sensible<\/strong> y <strong>envejece<\/strong> <strong>antes<\/strong>. Eso la convierte en una de las \u00e1reas donde las <strong>arrugas<\/strong> y las<strong> l\u00edneas de expresi\u00f3n<\/strong>, temidas se\u00f1ales de envejecimiento, tienden a manifestarse primero. Dado que la mirada es el espejo del alma, todas buscamos lo mismo:<strong> eliminar las arrugas de debajo de los ojos<\/strong>. Es una de las preocupaciones m\u00e1s <strong>comunes<\/strong>: c\u00f3mo eliminarlas y, sobre todo, c\u00f3mo prevenirlas.<\/p>\n\n\n\n<h2 class=\"wp-block-heading\">\u00bfQu\u00e9 causa las arrugas?<\/h2>\n\n\n\n<p>Las arrugas bajo los ojos son el resultado de la disminuci\u00f3n natural en la <strong>producci\u00f3n de <\/strong><a href=\"https:\/\/www.primor.eu\/es_es\/colageno\"><strong>col\u00e1geno<\/strong><\/a><strong> y elastina<\/strong>, dos prote\u00ednas esenciales en la piel que proporcionan resistencia y elasticidad.<strong>A partir de los 30 a\u00f1os<\/strong>, nuestro cuerpo comienza a producir menos de estas prote\u00ednas de forma natural, lo que conduce a una piel m\u00e1s delgada, <strong>menos firme<\/strong> y menos capaz de recuperarse, lo que finalmente resulta en la aparici\u00f3n de arrugas. Adem\u00e1s de la gen\u00e9tica, la falta de sue\u00f1o, cambios en el peso y la alimentaci\u00f3n tambi\u00e9n pueden contribuir al desarrollo de arrugas bajo los ojos.<\/p>\n\n\n\n<p>Dada la preocupaci\u00f3n constante que muchas personas tienen acerca de las arrugas en esta \u00e1rea, en <strong>Perfumer\u00edas Primor<\/strong> hemos preguntado a los mejores expertos para evitar que cunda el p\u00e1nico y presumamos de una mirada joven, preciosa y sin arrugas. Vamos a ello.<\/p>\n\n\n\n<h2 class=\"wp-block-heading\">Consejos y h\u00e1bitos para prevenir las arrugas de debajo de los ojos<\/h2>\n\n\n\n<p>Si deseas quitar las arrugas debajo de los ojos y mantener tu piel joven y saludable, los tips m\u00e1s efectivos que podemos ofrecerte son:<\/p>\n\n\n\n<ul class=\"wp-block-list\">\n<li><strong>Cuida tu alimentaci\u00f3n. <\/strong>Lo hemos dicho en repetidas ocasiones, pero insistimos una vez m\u00e1s: somos lo que comemos. Una dieta saludable es clave para prevenir y combatir las arrugas bajo los ojos. Incorpora alimentos ricos en \u00e1cidos grasos Omega 3, como aguacate y pescado, que nutren la piel y la mantienen m\u00e1s joven.<\/li>\n\n\n\n<li><strong>Deja de fumar.<\/strong> El tabaco acelera el envejecimiento de la piel, incluyendo la aparici\u00f3n de arrugas en los ojos. El humo del tabaco libera enzimas que da\u00f1an el col\u00e1geno, una prote\u00edna crucial para mantener la piel firme y el\u00e1stica.<\/li>\n\n\n\n<li><strong><a href=\"https:\/\/www.primor.eu\/es_es\/proteccion-solar\">Protecci\u00f3n solar<\/a><\/strong>. Evita la exposici\u00f3n prolongada al sol y utiliza protector solar de calidad para proteger tu piel de los da\u00f1inos rayos UVA. La radiaci\u00f3n solar excesiva contribuye al envejecimiento prematuro y al desarrollo de arrugas en la zona de los ojos.<\/li>\n\n\n\n<li><strong>Descanso adecuado<\/strong>. El cansancio puede acelerar la aparici\u00f3n de arrugas y hacerlas m\u00e1s visibles. Aseg\u00farate de dormir un m\u00ednimo de 7-8 horas por noche. El descanso adecuado no solo te har\u00e1 sentir m\u00e1s fresco y descansado, sino que tambi\u00e9n ayudar\u00e1 a mantener la elasticidad de la piel y a prevenir la formaci\u00f3n de arrugas y ojeras.<\/li>\n\n\n\n<li><strong>Hidrataci\u00f3n<\/strong>. Beber al menos dos litros de agua al d\u00eda es esencial para mantener la piel bien hidratada. La sequedad cut\u00e1nea puede propiciar la formaci\u00f3n temprana de arrugas y l\u00edneas de expresi\u00f3n. Mant\u00e9n tus c\u00e9lulas cut\u00e1neas hidratadas para una piel m\u00e1s suave y joven.<\/li>\n<\/ul>\n\n\n\n<h2 class=\"wp-block-heading\">C\u00f3mo eliminar las arrugas de debajo de los ojos: aplica un contorno de ojos<\/h2>\n\n\n\n<p>Para eliminar las arrugas debajo de los ojos y mantener una mirada joven y radiante, considera el uso de una <strong>crema para el contorno de ojos<\/strong>. Estas cremas no solo te ayudar\u00e1n a <strong>retrasar la aparici\u00f3n de arrugas<\/strong>, sino que tambi\u00e9n revitalizar\u00e1n y dar\u00e1n luminosidad a tu piel.<\/p>\n\n\n\n<p>Las <a href=\"https:\/\/www.primor.eu\/es_es\/cremas-contorno-de-ojos\">cremas para el contorno de ojos<\/a> est\u00e1n <strong>dise\u00f1adas para aliviar los signos de cansancio<\/strong> y <strong>fatiga<\/strong>, <a href=\"https:\/\/www.primor.eu\/blog\/como-quitar-las-ojeras-oscuras\/\">reducir la aparici\u00f3n de ojeras<\/a> y atenuar eficazmente las <strong>arrugas<\/strong> y las <a href=\"https:\/\/www.primor.eu\/blog\/mejores-cremas-para-eliminar-patas-de-gallo\/\">patas de gallo<\/a>. Esto se logra mediante una nutrici\u00f3n intensiva que repara esta zona tan delicada. Aseg\u00farate de elegir una crema que contenga <strong>ingredientes antiarrugas<\/strong> e <strong>hidratantes<\/strong>, ya que la deshidrataci\u00f3n de la piel es uno de los factores que contribuyen a la formaci\u00f3n temprana de arrugas.<\/p>\n\n\n\n<p>Aplica la crema con <strong>movimientos circulares suave<\/strong>s en el \u00e1rea debajo de los ojos. Este masaje no solo facilita la absorci\u00f3n de la crema, sino que <strong>tambi\u00e9n estimula el flujo sangu\u00edneo <\/strong>y favorece el drenaje linf\u00e1tico, lo que puede tener un<strong> efecto tonificador <\/strong>y reducir la hinchaz\u00f3n en la zona.<\/p>\n\n\n\n<h2 class=\"wp-block-heading\">Los mejores contornos de ojos antiarrugas disponibles en Primor<\/h2>\n\n\n        <product-table class=\"pr-slider\">\r\n            <product-headers class=\"grid-table-rows\">\r\n                <div>Foto<\/div>\r\n                <div>Producto<\/div>\r\n                <div>Marca<\/div>\r\n                <div>Valoraciones<\/div>\r\n                <div>Precio<\/div>\r\n            <\/product-headers>\r\n\r\n            <product-list>\r\n                                    <a href=\"https:\/\/www.primor.eu\/es_es\/la-roche-posay-hydraphase-intense-ojos-14292.html\" class=\"product-item grid-table-rows\" target=\"_blank\">\r\n                        <div>\r\n                            <img decoding=\"async\" class=\"product-img\" width=\"80px\" height=\"80px\" src=\"https:\/\/www.primor.eu\/blog\/wp-content\/uploads\/2023\/11\/6XS02147_1_4718.jpg\" alt=\"Hydraphase Intense Ojos\">\r\n                        <\/div>\r\n\r\n                        <!-- Contenido de producto  -->\r\n                        <div>\r\n                            <div class=\"product-position\">\r\n                                #1 Top Ventas                            <\/div>\r\n\r\n                            <h2>\r\n                                Hydraphase Intense Ojos                            <\/h2>\r\n                        <\/div>\r\n\r\n                        <!-- Imagen y\/o nombre de la marca -->\r\n                        <div>\r\n                                                            <img decoding=\"async\" width=\"70\" src=\"https:\/\/www.primor.eu\/blog\/wp-content\/uploads\/2023\/07\/la-roche-posay.png\" alt=\"83041\">\r\n                                                    <\/div>\r\n\r\n                        <!-- Puntuaci\u00f3n del producto  -->\r\n                        <div class=\"rating\">\r\n                                                            <div class=\"rate\" style=\"--p:80;\"><\/div>\r\n                                <b>4\/5<\/b>\r\n                                <div class=\"rate-stars\">\r\n                                                                            <div\r\n                                            class=\"rate-star  \">\r\n                                        <\/div>\r\n                                                                            <div\r\n                                            class=\"rate-star  \">\r\n                                        <\/div>\r\n                                                                            <div\r\n                                            class=\"rate-star  \">\r\n                                        <\/div>\r\n                                                                            <div\r\n                                            class=\"rate-star  \">\r\n                                        <\/div>\r\n                                                                            <div\r\n                                            class=\"rate-star disable \">\r\n                                        <\/div>\r\n                                                                    <\/div>\r\n                                                    <\/div>\r\n\r\n                        <!-- Bot\u00f3n de producto  -->\r\n                        <div>\r\n                            <span class=\"price-claim\">\r\n                                VER PRECIO                            <\/span>\r\n                        <\/div>\r\n                    <\/a>\r\n                                    <a href=\"https:\/\/www.primor.eu\/es_es\/eucerin-hyaluron-filler-elasticity-contorno-de-ojos-13885.html\" class=\"product-item grid-table-rows\" target=\"_blank\">\r\n                        <div>\r\n                            <img decoding=\"async\" class=\"product-img\" width=\"80px\" height=\"80px\" src=\"https:\/\/www.primor.eu\/blog\/wp-content\/uploads\/2023\/11\/01220004GLenEUCMotownHyaluronFiller__ElasticityEye202206SV1_cb45.webp\" alt=\"Hyaluron Filler + Elasticity Contorno de Ojos\">\r\n                        <\/div>\r\n\r\n                        <!-- Contenido de producto  -->\r\n                        <div>\r\n                            <div class=\"product-position\">\r\n                                #2                            <\/div>\r\n\r\n                            <h2>\r\n                                Hyaluron Filler + Elasticity Contorno de Ojos                            <\/h2>\r\n                        <\/div>\r\n\r\n                        <!-- Imagen y\/o nombre de la marca -->\r\n                        <div>\r\n                                                            <img decoding=\"async\" width=\"70\" src=\"https:\/\/www.primor.eu\/blog\/wp-content\/uploads\/2023\/08\/Eucerin_logo.svg_1.png\" alt=\"84289\">\r\n                                                    <\/div>\r\n\r\n                        <!-- Puntuaci\u00f3n del producto  -->\r\n                        <div class=\"rating\">\r\n                                                            <div class=\"rate\" style=\"--p:60;\"><\/div>\r\n                                <b>3\/5<\/b>\r\n                                <div class=\"rate-stars\">\r\n                                                                            <div\r\n                                            class=\"rate-star  \">\r\n                                        <\/div>\r\n                                                                            <div\r\n                                            class=\"rate-star  \">\r\n                                        <\/div>\r\n                                                                            <div\r\n                                            class=\"rate-star  \">\r\n                                        <\/div>\r\n                                                                            <div\r\n                                            class=\"rate-star disable \">\r\n                                        <\/div>\r\n                                                                            <div\r\n                                            class=\"rate-star disable \">\r\n                                        <\/div>\r\n                                                                    <\/div>\r\n                                                    <\/div>\r\n\r\n                        <!-- Bot\u00f3n de producto  -->\r\n                        <div>\r\n                            <span class=\"price-claim\">\r\n                                VER PRECIO                            <\/span>\r\n                        <\/div>\r\n                    <\/a>\r\n                                    <a href=\"https:\/\/www.primor.eu\/es_es\/l-oreal-paris-revitalift-laser-x3-ojos-13429.html\" class=\"product-item grid-table-rows\" target=\"_blank\">\r\n                        <div>\r\n                            <img decoding=\"async\" class=\"product-img\" width=\"80px\" height=\"80px\" src=\"https:\/\/www.primor.eu\/blog\/wp-content\/uploads\/2023\/09\/0TF18209_1_327d.jpg\" alt=\"Revitalift Laser x3 Ojos\">\r\n                        <\/div>\r\n\r\n                        <!-- Contenido de producto  -->\r\n                        <div>\r\n                            <div class=\"product-position\">\r\n                                #3                            <\/div>\r\n\r\n                            <h2>\r\n                                Revitalift Laser x3 Ojos                            <\/h2>\r\n                        <\/div>\r\n\r\n                        <!-- Imagen y\/o nombre de la marca -->\r\n                        <div>\r\n                                                            <img decoding=\"async\" width=\"70\" src=\"https:\/\/www.primor.eu\/blog\/wp-content\/uploads\/2023\/08\/loreal-paris.png\" alt=\"84251\">\r\n                                                    <\/div>\r\n\r\n                        <!-- Puntuaci\u00f3n del producto  -->\r\n                        <div class=\"rating\">\r\n                                                            <div class=\"rate\" style=\"--p:80;\"><\/div>\r\n                                <b>4\/5<\/b>\r\n                                <div class=\"rate-stars\">\r\n                                                                            <div\r\n                                            class=\"rate-star  \">\r\n                                        <\/div>\r\n                                                                            <div\r\n                                            class=\"rate-star  \">\r\n                                        <\/div>\r\n                                                                            <div\r\n                                            class=\"rate-star  \">\r\n                                        <\/div>\r\n                                                                            <div\r\n                                            class=\"rate-star  \">\r\n                                        <\/div>\r\n                                                                            <div\r\n                                            class=\"rate-star disable \">\r\n                                        <\/div>\r\n                                                                    <\/div>\r\n                                                    <\/div>\r\n\r\n                        <!-- Bot\u00f3n de producto  -->\r\n                        <div>\r\n                            <span class=\"price-claim\">\r\n                                VER PRECIO                            <\/span>\r\n                        <\/div>\r\n                    <\/a>\r\n                                    <a href=\"https:\/\/www.primor.eu\/es_es\/clarins-total-eye-revive-17762.html\" class=\"product-item grid-table-rows\" target=\"_blank\">\r\n                        <div>\r\n                            <img decoding=\"async\" class=\"product-img\" width=\"80px\" height=\"80px\" src=\"https:\/\/www.primor.eu\/blog\/wp-content\/uploads\/2023\/11\/0TF21985_1_bde1.jpg\" alt=\"Contorno de ojos Total Eye Revive\">\r\n                        <\/div>\r\n\r\n                        <!-- Contenido de producto  -->\r\n                        <div>\r\n                            <div class=\"product-position\">\r\n                                #4                            <\/div>\r\n\r\n                            <h2>\r\n                                Contorno de ojos Total Eye Revive                            <\/h2>\r\n                        <\/div>\r\n\r\n                        <!-- Imagen y\/o nombre de la marca -->\r\n                        <div>\r\n                                                            <img decoding=\"async\" width=\"70\" src=\"https:\/\/www.primor.eu\/blog\/wp-content\/uploads\/2023\/07\/clarins.png\" alt=\"83106\">\r\n                                                    <\/div>\r\n\r\n                        <!-- Puntuaci\u00f3n del producto  -->\r\n                        <div class=\"rating\">\r\n                                                            <div class=\"rate\" style=\"--p:40;\"><\/div>\r\n                                <b>2\/5<\/b>\r\n                                <div class=\"rate-stars\">\r\n                                                                            <div\r\n                                            class=\"rate-star  \">\r\n                                        <\/div>\r\n                                                                            <div\r\n                                            class=\"rate-star  \">\r\n                                        <\/div>\r\n                                                                            <div\r\n                                            class=\"rate-star disable \">\r\n                                        <\/div>\r\n                                                                            <div\r\n                                            class=\"rate-star disable \">\r\n                                        <\/div>\r\n                                                                            <div\r\n                                            class=\"rate-star disable \">\r\n                                        <\/div>\r\n                                                                    <\/div>\r\n                                                    <\/div>\r\n\r\n                        <!-- Bot\u00f3n de producto  -->\r\n                        <div>\r\n                            <span class=\"price-claim\">\r\n                                VER PRECIO                            <\/span>\r\n                        <\/div>\r\n                    <\/a>\r\n                                    <a href=\"https:\/\/www.primor.eu\/es_es\/ziaja-leche-de-cabra-contorno-de-ojos-14426.html\" class=\"product-item grid-table-rows\" target=\"_blank\">\r\n                        <div>\r\n                            <img decoding=\"async\" class=\"product-img\" width=\"80px\" height=\"80px\" src=\"https:\/\/www.primor.eu\/blog\/wp-content\/uploads\/2023\/11\/0TF09251_1_f600.jpg\" alt=\"Leche de Cabra Contorno de Ojos\">\r\n                        <\/div>\r\n\r\n                        <!-- Contenido de producto  -->\r\n                        <div>\r\n                            <div class=\"product-position\">\r\n                                #5                            <\/div>\r\n\r\n                            <h2>\r\n                                Leche de Cabra Contorno de Ojos                            <\/h2>\r\n                        <\/div>\r\n\r\n                        <!-- Imagen y\/o nombre de la marca -->\r\n                        <div>\r\n                                                            <img decoding=\"async\" width=\"70\" src=\"https:\/\/www.primor.eu\/blog\/wp-content\/uploads\/2023\/08\/ziaja.png\" alt=\"84302\">\r\n                                                    <\/div>\r\n\r\n                        <!-- Puntuaci\u00f3n del producto  -->\r\n                        <div class=\"rating\">\r\n                                                            <div class=\"rate\" style=\"--p:80;\"><\/div>\r\n                                <b>4\/5<\/b>\r\n                                <div class=\"rate-stars\">\r\n                                                                            <div\r\n                                            class=\"rate-star  \">\r\n                                        <\/div>\r\n                                                                            <div\r\n                                            class=\"rate-star  \">\r\n                                        <\/div>\r\n                                                                            <div\r\n                                            class=\"rate-star  \">\r\n                                        <\/div>\r\n                                                                            <div\r\n                                            class=\"rate-star  \">\r\n                                        <\/div>\r\n                                                                            <div\r\n                                            class=\"rate-star disable \">\r\n                                        <\/div>\r\n                                                                    <\/div>\r\n                                                    <\/div>\r\n\r\n                        <!-- Bot\u00f3n de producto  -->\r\n                        <div>\r\n                            <span class=\"price-claim\">\r\n                                VER PRECIO                            <\/span>\r\n                        <\/div>\r\n                    <\/a>\r\n                            <\/product-list>\r\n        <\/product-table>\r\n\r\n        \n\n\n\n<h3 class=\"wp-block-heading\">Hydraphase Intense Ojos de La Roche-Posay<\/h3>\n\n\n\n<p>&nbsp;es un contorno de ojos que hidrata y suaviza las l\u00edneas ocasionadas por la deshidrataci\u00f3n. Contiene Sodio Hialuronado y Glicerina para hidratar la zona; cafe\u00edna drenante para reducir las bolsas; y agua termal de La Roche Posay para descongestionar, suavizar y calmar.<\/p>\n\n\n    <a class='product' target='_blank' href='https:\/\/www.primor.eu\/es_es\/la-roche-posay-hydraphase-intense-ojos-14292.html'>\r\n        <img loading='async' src='https:\/\/cdn2.primor.eu\/media\/catalog\/product\/cache\/8d3aba296f7a18b5251ee30fa5db42b2\/3\/3\/3337872412646_707d.jpg' alt='COMPRAR AHORA'>\r\n            <div class=\"claim\">\r\n                COMPRAR AHORA            <\/div>\r\n        <\/a>\r\n    \n\n\n\n<h3 class=\"wp-block-heading\">Hyaluron Filler + Elasticity Contorno de Ojos de Eucerin<\/h3>\n\n\n\n<p>Una crema antiedad para cuidar el contorno de ojos.<\/p>\n\n\n\n<p>Este s\u00e9rum para el contorno de ojos aumenta la elasticidad y aten\u00faa los signos del envejecimiento para una piel m\u00e1s lisa y firme. Esta crema antiojeras para el cuidado facial:<\/p>\n\n\n\n<p>1. Suaviza las ojeras.<\/p>\n\n\n\n<p>2. Revitaliza la producci\u00f3n de col\u00e1geno y mejora la elasticidad.<\/p>\n\n\n\n<p>3. Rellena las arrugas profundas desde el interior.<\/p>\n\n\n\n<p>4. Reafirma la piel del contorno de ojos.<\/p>\n\n\n    <a class='product' target='_blank' href='https:\/\/www.primor.eu\/es_es\/eucerin-hyaluron-filler-elasticity-contorno-de-ojos-13885.html'>\r\n        <img loading='async' src='https:\/\/cdn2.primor.eu\/media\/catalog\/product\/cache\/8d3aba296f7a18b5251ee30fa5db42b2\/4\/0\/4005900650412_1_4462.jpg' alt='COMPRAR AHORA'>\r\n            <div class=\"claim\">\r\n                COMPRAR AHORA            <\/div>\r\n        <\/a>\r\n    \n\n\n\n<h3 class=\"wp-block-heading\">Revitalift Laser x3 Ojos de L'Oreal<\/h3>\n\n\n\n<p>Es un contorno de ojos de triple acci\u00f3n correctora que reduce las arrugas y las l\u00edneas de expresi\u00f3n gracias al \u00e1cido Hialur\u00f3nico fermentado de su f\u00f3rmula. Adem\u00e1s, tambi\u00e9n deshincha las bolsas con un \u201cefecto fr\u00edo\u201d que drena y tonifica; y reafirma la piel de las zonas sensibles. Especialmente, de los p\u00e1rpados, como un tratamiento l\u00e1ser tensor que rellena y fortifica.&nbsp;<\/p>\n\n\n    <a class='product' target='_blank' href='https:\/\/www.primor.eu\/es_es\/l-oreal-paris-revitalift-laser-x3-ojos-13429.html'>\r\n        <img loading='async' src='https:\/\/cdn2.primor.eu\/media\/catalog\/product\/cache\/8d3aba296f7a18b5251ee30fa5db42b2\/0\/T\/0TF18209_1_327d.jpg' alt='COMPRAR AHORA'>\r\n            <div class=\"claim\">\r\n                COMPRAR AHORA            <\/div>\r\n        <\/a>\r\n    \n\n\n\n<h3 class=\"wp-block-heading\">Contorno de ojos Total Eye Revive de Clarins<\/h3>\n\n\n\n<p>Un avanzado&nbsp;<strong>contorno de ojos<\/strong>&nbsp;en textura gel-crema dise\u00f1ado por&nbsp;<strong>Clarins<\/strong>. Este producto especializado act\u00faa eficazmente sobre las primeras arrugas, proporcionando una piel m\u00e1s suave y previniendo la aparici\u00f3n de nuevas l\u00edneas de expresi\u00f3n.<\/p>\n\n\n    <a class='product' target='_blank' href='https:\/\/www.primor.eu\/es_es\/clarins-contorno-de-ojos-total-eye-revive-17762.html'>\r\n        <img loading='async' src='https:\/\/cdn2.primor.eu\/media\/catalog\/product\/cache\/8d3aba296f7a18b5251ee30fa5db42b2\/0\/T\/0TF21985_1_bde1.jpg' alt='COMPRAR AHORA'>\r\n            <div class=\"claim\">\r\n                COMPRAR AHORA            <\/div>\r\n        <\/a>\r\n    \n\n\n\n<h3 class=\"wp-block-heading\">Leche de Cabra Contorno de Ojos de Ziaja<\/h3>\n\n\n\n<p>Hidrata, tonifica y reafirma la piel, a la vez que previene eficazmente la p\u00e9rdida de firmeza en esta \u00e1rea sensible. Ayuda a reducir la apariencia de las peque\u00f1as arrugas, dejando una piel m\u00e1s fresca y revitalizada.<\/p>\n\n\n    <a class='product' target='_blank' href='https:\/\/www.primor.eu\/es_es\/ziaja-leche-de-cabra-contorno-de-ojos-14426.html'>\r\n        <img loading='async' src='https:\/\/cdn2.primor.eu\/media\/catalog\/product\/cache\/8d3aba296f7a18b5251ee30fa5db42b2\/0\/T\/0TF09251_1_f600.jpg' alt='COMPRAR AHORA'>\r\n            <div class=\"claim\">\r\n                COMPRAR AHORA            <\/div>\r\n        <\/a>\r\n    \n\n\n<div class=\"kk-star-ratings kksr-auto kksr-align-center kksr-valign-bottom\"\n    data-payload='{&quot;align&quot;:&quot;center&quot;,&quot;id&quot;:&quot;86816&quot;,&quot;slug&quot;:&quot;default&quot;,&quot;valign&quot;:&quot;bottom&quot;,&quot;ignore&quot;:&quot;&quot;,&quot;reference&quot;:&quot;auto&quot;,&quot;class&quot;:&quot;&quot;,&quot;count&quot;:&quot;0&quot;,&quot;legendonly&quot;:&quot;&quot;,&quot;readonly&quot;:&quot;&quot;,&quot;score&quot;:&quot;0&quot;,&quot;starsonly&quot;:&quot;&quot;,&quot;best&quot;:&quot;5&quot;,&quot;gap&quot;:&quot;5&quot;,&quot;greet&quot;:&quot;Valora este art\u00edculo&quot;,&quot;legend&quot;:&quot;0\\\/5 - (0 votos)&quot;,&quot;size&quot;:&quot;24&quot;,&quot;title&quot;:&quot;C\u00f3mo eliminar las arrugas que aparecen debajo de los ojos en 2026&quot;,&quot;width&quot;:&quot;0&quot;,&quot;_legend&quot;:&quot;{score}\\\/{best} - ({count} {votes})&quot;,&quot;font_factor&quot;:&quot;1.25&quot;}'>\n            \n<div class=\"kksr-stars\">\n    \n<div class=\"kksr-stars-inactive\">\n            <div class=\"kksr-star\" data-star=\"1\" style=\"padding-right: 5px\">\n            \n\n<div class=\"kksr-icon\" style=\"width: 24px; height: 24px;\"><\/div>\n        <\/div>\n            <div class=\"kksr-star\" data-star=\"2\" style=\"padding-right: 5px\">\n            \n\n<div class=\"kksr-icon\" style=\"width: 24px; height: 24px;\"><\/div>\n        <\/div>\n            <div class=\"kksr-star\" data-star=\"3\" style=\"padding-right: 5px\">\n            \n\n<div class=\"kksr-icon\" style=\"width: 24px; height: 24px;\"><\/div>\n        <\/div>\n            <div class=\"kksr-star\" data-star=\"4\" style=\"padding-right: 5px\">\n            \n\n<div class=\"kksr-icon\" style=\"width: 24px; height: 24px;\"><\/div>\n        <\/div>\n            <div class=\"kksr-star\" data-star=\"5\" style=\"padding-right: 5px\">\n            \n\n<div class=\"kksr-icon\" style=\"width: 24px; height: 24px;\"><\/div>\n        <\/div>\n    <\/div>\n    \n<div class=\"kksr-stars-active\" style=\"width: 0px;\">\n            <div class=\"kksr-star\" style=\"padding-right: 5px\">\n            \n\n<div class=\"kksr-icon\" style=\"width: 24px; height: 24px;\"><\/div>\n        <\/div>\n            <div class=\"kksr-star\" style=\"padding-right: 5px\">\n            \n\n<div class=\"kksr-icon\" style=\"width: 24px; height: 24px;\"><\/div>\n        <\/div>\n            <div class=\"kksr-star\" style=\"padding-right: 5px\">\n            \n\n<div class=\"kksr-icon\" style=\"width: 24px; height: 24px;\"><\/div>\n        <\/div>\n            <div class=\"kksr-star\" style=\"padding-right: 5px\">\n            \n\n<div class=\"kksr-icon\" style=\"width: 24px; height: 24px;\"><\/div>\n        <\/div>\n            <div class=\"kksr-star\" style=\"padding-right: 5px\">\n            \n\n<div class=\"kksr-icon\" style=\"width: 24px; height: 24px;\"><\/div>\n        <\/div>\n    <\/div>\n<\/div>\n                \n\n<div class=\"kksr-legend\" style=\"font-size: 19.2px;\">\n            <span class=\"kksr-muted\">Valora este art\u00edculo<\/span>\n    <\/div>\n    <\/div>\n","protected":false},"excerpt":{"rendered":"<p>Lo sabes, la piel que rodea el contorno de ojos es hasta cinco veces m\u00e1s fina que la del resto de la cara. Debido a eso, es m\u00e1s sensible y envejece antes. Eso la convierte en una de las \u00e1reas donde las arrugas y las l\u00edneas de expresi\u00f3n, temidas se\u00f1ales de envejecimiento, tienden a manifestarse [&hellip;]<\/p>\n","protected":false},"author":28,"featured_media":86817,"comment_status":"closed","ping_status":"closed","sticky":false,"template":"","format":"standard","meta":{"jnews-multi-image_gallery":[],"jnews_single_post":{"subtitle":"","format":"standard","video":"","gallery":"","source_name":"","source_url":"","via_name":"","via_url":"","override_template":"0","override":[{"template":"1","single_blog_custom":"","parallax":"1","fullscreen":"1","layout":"right-sidebar","sidebar":"home-2","second_sidebar":"default-sidebar","sticky_sidebar":"0","share_position":"float","share_float_style":"share-monocrhome","show_share_counter":"0","show_view_counter":"0","show_featured":"1","show_post_meta":"1","show_post_author":"0","show_post_author_image":"1","show_post_date":"1","post_date_format":"default","post_date_format_custom":"Y\/m\/d","show_post_category":"1","show_post_reading_time":"0","post_reading_time_wpm":"300","show_zoom_button":"0","zoom_button_out_step":"2","zoom_button_in_step":"3","show_post_tag":"0","show_prev_next_post":"0","show_popup_post":"0","number_popup_post":"2","show_author_box":"0","show_post_related":"0","show_inline_post_related":"1"}],"override_image_size":"0","image_override":[{"single_post_thumbnail_size":"no-crop","single_post_gallery_size":"crop-500"}],"trending_post":"0","trending_post_position":"meta","trending_post_label":"Trending","sponsored_post":"0","sponsored_post_label":"Sponsored by","sponsored_post_name":"","sponsored_post_url":"","sponsored_post_logo_enable":"0","sponsored_post_logo":"","sponsored_post_desc":"","disable_ad":"0"},"jnews_primary_category":{"id":"","hide":""},"jnews_social_meta":{"fb_title":"","fb_description":"","fb_image":"","twitter_title":"","twitter_description":"","twitter_image":""},"jnews_override_counter":{"override_view_counter":"0","view_counter_number":"0","override_share_counter":"0","share_counter_number":"0","override_like_counter":"0","like_counter_number":"0","override_dislike_counter":"0","dislike_counter_number":"0"},"footnotes":""},"categories":[6321,29],"tags":[],"class_list":["post-86816","post","type-post","status-publish","format-standard","has-post-thumbnail","hentry","category-banner-home","category-cosmetica"],"_links":{"self":[{"href":"https:\/\/www.primor.eu\/blog\/wp-json\/wp\/v2\/posts\/86816","targetHints":{"allow":["GET"]}}],"collection":[{"href":"https:\/\/www.primor.eu\/blog\/wp-json\/wp\/v2\/posts"}],"about":[{"href":"https:\/\/www.primor.eu\/blog\/wp-json\/wp\/v2\/types\/post"}],"author":[{"embeddable":true,"href":"https:\/\/www.primor.eu\/blog\/wp-json\/wp\/v2\/users\/28"}],"replies":[{"embeddable":true,"href":"https:\/\/www.primor.eu\/blog\/wp-json\/wp\/v2\/comments?post=86816"}],"version-history":[{"count":8,"href":"https:\/\/www.primor.eu\/blog\/wp-json\/wp\/v2\/posts\/86816\/revisions"}],"predecessor-version":[{"id":140398,"href":"https:\/\/www.primor.eu\/blog\/wp-json\/wp\/v2\/posts\/86816\/revisions\/140398"}],"wp:featuredmedia":[{"embeddable":true,"href":"https:\/\/www.primor.eu\/blog\/wp-json\/wp\/v2\/media\/86817"}],"wp:attachment":[{"href":"https:\/\/www.primor.eu\/blog\/wp-json\/wp\/v2\/media?parent=86816"}],"wp:term":[{"taxonomy":"category","embeddable":true,"href":"https:\/\/www.primor.eu\/blog\/wp-json\/wp\/v2\/categories?post=86816"},{"taxonomy":"post_tag","embeddable":true,"href":"https:\/\/www.primor.eu\/blog\/wp-json\/wp\/v2\/tags?post=86816"}],"curies":[{"name":"wp","href":"https:\/\/api.w.org\/{rel}","templated":true}]}}