{"id":86282,"date":"2024-10-23T10:08:37","date_gmt":"2024-10-23T10:08:37","guid":{"rendered":"https:\/\/blog.primor.eu\/?p=86282"},"modified":"2025-09-25T11:54:19","modified_gmt":"2025-09-25T11:54:19","slug":"mejores-perfumes-para-hombres-otono","status":"publish","type":"post","link":"https:\/\/www.primor.eu\/blog\/mejores-perfumes-para-hombres-otono\/","title":{"rendered":"Qu\u00e9 perfumes para hombres se van a llevar este oto\u00f1o"},"content":{"rendered":"\n<p>Partimos de la base de que elegir un <a href=\"https:\/\/www.primor.eu\/es_es\/perfumes-para-hombres\">perfume<\/a> es algo muy personal que var\u00eda en funci\u00f3n de los gustos y preferencias de la persona que lo lleva. Sin embargo, a la hora de hablar de los <strong>mejores perfumes para hombres<\/strong> de oto\u00f1o todos coinciden en algo: suelen caracterizarse por tener <strong>aromas m\u00e1s c\u00e1lidos,<\/strong> <strong>especiados<\/strong> y <strong>amaderados<\/strong> para reflejar la temporada y adaptarse a las temperaturas m\u00e1s frescas.<\/p>\n\n\n\n<p>Esto se traduce a que dejan de un lado los <a href=\"https:\/\/www.primor.eu\/blog\/mejores-perfumes-acuaticos-hombre\/\">aromas m\u00e1s acu\u00e1ticos<\/a> y m\u00e1s fresquitos para centrarse en <a href=\"https:\/\/www.primor.eu\/blog\/perfumes-amaderados-de-mujer\/\">perfumes con olor a madera<\/a>, perfumes que huelen a cuero y a especias, o perfumes mucho m\u00e1s reconfortantes y ambarinos que juegan con notas como la <strong>canela<\/strong>, el <strong>cardamomo<\/strong> o la <strong>vainilla<\/strong>. Lo mejor es que <strong>duran much\u00edsimo<\/strong> y que siempre son una estela olfativa elegante y duradera que deja huella all\u00e1 donde va.&nbsp;<\/p>\n\n\n\n<h2 class=\"wp-block-heading\">\u00bfCu\u00e1les son los mejores perfumes para hombres de oto\u00f1o que huelen bien y duran todo el d\u00eda?<\/h2>\n\n\n        <product-table class=\"pr-slider\">\r\n            <product-headers class=\"grid-table-rows\">\r\n                <div>Foto<\/div>\r\n                <div>Producto<\/div>\r\n                <div>Marca<\/div>\r\n                <div>Valoraciones<\/div>\r\n                <div>Precio<\/div>\r\n            <\/product-headers>\r\n\r\n            <product-list>\r\n                                    <a href=\"https:\/\/www.primor.eu\/es_es\/cartier-pasha-edition-noire-sport-eau-de-toilette-83862.html\" class=\"product-item grid-table-rows\" target=\"_blank\">\r\n                        <div>\r\n                            <img decoding=\"async\" class=\"product-img\" width=\"80px\" height=\"80px\" src=\"https:\/\/www.primor.eu\/blog\/wp-content\/uploads\/2023\/08\/4AM01869_1_2d43.jpg\" alt=\"Pasha Edition Noire Sport Eau de Toilette\">\r\n                        <\/div>\r\n\r\n                        <!-- Contenido de producto  -->\r\n                        <div>\r\n                            <div class=\"product-position\">\r\n                                #1 Top Ventas                            <\/div>\r\n\r\n                            <h2>\r\n                                Pasha Edition Noire Sport Eau de Toilette                            <\/h2>\r\n                        <\/div>\r\n\r\n                        <!-- Imagen y\/o nombre de la marca -->\r\n                        <div>\r\n                                                            <img decoding=\"async\" width=\"70\" src=\"https:\/\/www.primor.eu\/blog\/wp-content\/uploads\/2023\/08\/Cartier.png\" alt=\"85067\">\r\n                                                    <\/div>\r\n\r\n                        <!-- Puntuaci\u00f3n del producto  -->\r\n                        <div class=\"rating\">\r\n                                                            <div class=\"rate\" style=\"--p:100;\"><\/div>\r\n                                <b>5\/5<\/b>\r\n                                <div class=\"rate-stars\">\r\n                                                                            <div\r\n                                            class=\"rate-star  \">\r\n                                        <\/div>\r\n                                                                            <div\r\n                                            class=\"rate-star  \">\r\n                                        <\/div>\r\n                                                                            <div\r\n                                            class=\"rate-star  \">\r\n                                        <\/div>\r\n                                                                            <div\r\n                                            class=\"rate-star  \">\r\n                                        <\/div>\r\n                                                                            <div\r\n                                            class=\"rate-star  \">\r\n                                        <\/div>\r\n                                                                    <\/div>\r\n                                                    <\/div>\r\n\r\n                        <!-- Bot\u00f3n de producto  -->\r\n                        <div>\r\n                            <span class=\"price-claim\">\r\n                                VER PRECIO                            <\/span>\r\n                        <\/div>\r\n                    <\/a>\r\n                                    <a href=\"https:\/\/www.primor.eu\/es_es\/dior-dior-homme-intense-eau-de-parfum-intense-53687.html\" class=\"product-item grid-table-rows\" target=\"_blank\">\r\n                        <div>\r\n                            <img decoding=\"async\" class=\"product-img\" width=\"80px\" height=\"80px\" src=\"https:\/\/www.primor.eu\/blog\/wp-content\/uploads\/2023\/09\/img_M_4AM00949_1_16b7.jpg\" alt=\"DIOR HOMME INTENSE Eau de Parfum Intense\">\r\n                        <\/div>\r\n\r\n                        <!-- Contenido de producto  -->\r\n                        <div>\r\n                            <div class=\"product-position\">\r\n                                #2                            <\/div>\r\n\r\n                            <h2>\r\n                                DIOR HOMME INTENSE Eau de Parfum Intense                            <\/h2>\r\n                        <\/div>\r\n\r\n                        <!-- Imagen y\/o nombre de la marca -->\r\n                        <div>\r\n                                                            <img decoding=\"async\" width=\"70\" src=\"https:\/\/www.primor.eu\/blog\/wp-content\/uploads\/2023\/08\/Dior.png\" alt=\"84355\">\r\n                                                    <\/div>\r\n\r\n                        <!-- Puntuaci\u00f3n del producto  -->\r\n                        <div class=\"rating\">\r\n                                                            <div class=\"rate\" style=\"--p:100;\"><\/div>\r\n                                <b>5\/5<\/b>\r\n                                <div class=\"rate-stars\">\r\n                                                                            <div\r\n                                            class=\"rate-star  \">\r\n                                        <\/div>\r\n                                                                            <div\r\n                                            class=\"rate-star  \">\r\n                                        <\/div>\r\n                                                                            <div\r\n                                            class=\"rate-star  \">\r\n                                        <\/div>\r\n                                                                            <div\r\n                                            class=\"rate-star  \">\r\n                                        <\/div>\r\n                                                                            <div\r\n                                            class=\"rate-star  \">\r\n                                        <\/div>\r\n                                                                    <\/div>\r\n                                                    <\/div>\r\n\r\n                        <!-- Bot\u00f3n de producto  -->\r\n                        <div>\r\n                            <span class=\"price-claim\">\r\n                                VER PRECIO                            <\/span>\r\n                        <\/div>\r\n                    <\/a>\r\n                                    <a href=\"https:\/\/www.primor.eu\/es_es\/tom-ford-noir-54405.html\" class=\"product-item grid-table-rows\" target=\"_blank\">\r\n                        <div>\r\n                            <img decoding=\"async\" class=\"product-img\" width=\"80px\" height=\"80px\" src=\"https:\/\/www.primor.eu\/blog\/wp-content\/uploads\/2023\/08\/img_M_4AM01393_1_da56.jpg\" alt=\"Noir\">\r\n                        <\/div>\r\n\r\n                        <!-- Contenido de producto  -->\r\n                        <div>\r\n                            <div class=\"product-position\">\r\n                                #3                            <\/div>\r\n\r\n                            <h2>\r\n                                Noir                            <\/h2>\r\n                        <\/div>\r\n\r\n                        <!-- Imagen y\/o nombre de la marca -->\r\n                        <div>\r\n                                                            <img decoding=\"async\" width=\"70\" src=\"https:\/\/www.primor.eu\/blog\/wp-content\/uploads\/2023\/08\/tom_ford.jpg\" alt=\"84489\">\r\n                                                    <\/div>\r\n\r\n                        <!-- Puntuaci\u00f3n del producto  -->\r\n                        <div class=\"rating\">\r\n                                                            <div class=\"rate\" style=\"--p:100;\"><\/div>\r\n                                <b>5\/5<\/b>\r\n                                <div class=\"rate-stars\">\r\n                                                                            <div\r\n                                            class=\"rate-star  \">\r\n                                        <\/div>\r\n                                                                            <div\r\n                                            class=\"rate-star  \">\r\n                                        <\/div>\r\n                                                                            <div\r\n                                            class=\"rate-star  \">\r\n                                        <\/div>\r\n                                                                            <div\r\n                                            class=\"rate-star  \">\r\n                                        <\/div>\r\n                                                                            <div\r\n                                            class=\"rate-star  \">\r\n                                        <\/div>\r\n                                                                    <\/div>\r\n                                                    <\/div>\r\n\r\n                        <!-- Bot\u00f3n de producto  -->\r\n                        <div>\r\n                            <span class=\"price-claim\">\r\n                                VER PRECIO                            <\/span>\r\n                        <\/div>\r\n                    <\/a>\r\n                                    <a href=\"https:\/\/www.primor.eu\/es_es\/paco-rabanne-invictus-edt-53765.html\" class=\"product-item grid-table-rows\" target=\"_blank\">\r\n                        <div>\r\n                            <img decoding=\"async\" class=\"product-img\" width=\"80px\" height=\"80px\" src=\"https:\/\/www.primor.eu\/blog\/wp-content\/uploads\/2023\/08\/img_M_4AM01501_1_62d6.jpg\" alt=\"Invictus EDT\">\r\n                        <\/div>\r\n\r\n                        <!-- Contenido de producto  -->\r\n                        <div>\r\n                            <div class=\"product-position\">\r\n                                #4                            <\/div>\r\n\r\n                            <h2>\r\n                                Invictus EDT                            <\/h2>\r\n                        <\/div>\r\n\r\n                        <!-- Imagen y\/o nombre de la marca -->\r\n                        <div>\r\n                                                            <img decoding=\"async\" width=\"70\" src=\"https:\/\/www.primor.eu\/blog\/wp-content\/uploads\/2023\/09\/pr-logo-ok.png\" alt=\"86285\">\r\n                                                    <\/div>\r\n\r\n                        <!-- Puntuaci\u00f3n del producto  -->\r\n                        <div class=\"rating\">\r\n                                                            <div class=\"rate\" style=\"--p:100;\"><\/div>\r\n                                <b>5\/5<\/b>\r\n                                <div class=\"rate-stars\">\r\n                                                                            <div\r\n                                            class=\"rate-star  \">\r\n                                        <\/div>\r\n                                                                            <div\r\n                                            class=\"rate-star  \">\r\n                                        <\/div>\r\n                                                                            <div\r\n                                            class=\"rate-star  \">\r\n                                        <\/div>\r\n                                                                            <div\r\n                                            class=\"rate-star  \">\r\n                                        <\/div>\r\n                                                                            <div\r\n                                            class=\"rate-star  \">\r\n                                        <\/div>\r\n                                                                    <\/div>\r\n                                                    <\/div>\r\n\r\n                        <!-- Bot\u00f3n de producto  -->\r\n                        <div>\r\n                            <span class=\"price-claim\">\r\n                                VER PRECIO                            <\/span>\r\n                        <\/div>\r\n                    <\/a>\r\n                                    <a href=\"https:\/\/www.primor.eu\/es_es\/hermes-terre-d-hermes-edp-53671.html\" class=\"product-item grid-table-rows\" target=\"_blank\">\r\n                        <div>\r\n                            <img decoding=\"async\" class=\"product-img\" width=\"80px\" height=\"80px\" src=\"https:\/\/www.primor.eu\/blog\/wp-content\/uploads\/2023\/08\/img_M_4AM01154_1_9e5a.jpg\" alt=\"Terre d'Hermes EDP\">\r\n                        <\/div>\r\n\r\n                        <!-- Contenido de producto  -->\r\n                        <div>\r\n                            <div class=\"product-position\">\r\n                                #5                            <\/div>\r\n\r\n                            <h2>\r\n                                Terre d'Hermes EDP                            <\/h2>\r\n                        <\/div>\r\n\r\n                        <!-- Imagen y\/o nombre de la marca -->\r\n                        <div>\r\n                                                            <img decoding=\"async\" width=\"70\" src=\"https:\/\/www.primor.eu\/blog\/wp-content\/uploads\/2023\/09\/hermes_1.png\" alt=\"86286\">\r\n                                                    <\/div>\r\n\r\n                        <!-- Puntuaci\u00f3n del producto  -->\r\n                        <div class=\"rating\">\r\n                                                            <div class=\"rate\" style=\"--p:100;\"><\/div>\r\n                                <b>5\/5<\/b>\r\n                                <div class=\"rate-stars\">\r\n                                                                            <div\r\n                                            class=\"rate-star  \">\r\n                                        <\/div>\r\n                                                                            <div\r\n                                            class=\"rate-star  \">\r\n                                        <\/div>\r\n                                                                            <div\r\n                                            class=\"rate-star  \">\r\n                                        <\/div>\r\n                                                                            <div\r\n                                            class=\"rate-star  \">\r\n                                        <\/div>\r\n                                                                            <div\r\n                                            class=\"rate-star  \">\r\n                                        <\/div>\r\n                                                                    <\/div>\r\n                                                    <\/div>\r\n\r\n                        <!-- Bot\u00f3n de producto  -->\r\n                        <div>\r\n                            <span class=\"price-claim\">\r\n                                VER PRECIO                            <\/span>\r\n                        <\/div>\r\n                    <\/a>\r\n                            <\/product-list>\r\n        <\/product-table>\r\n\r\n        \n\n\n\n<h3 class=\"wp-block-heading\">Pasha Edition Noire Sport Eau de Toilette de Cartier<\/h3>\n\n\n\n<p>Es un perfume envuelto en elegancia, compuesto alrededor de un acorde helecho. Una versi\u00f3n din\u00e1mica y vivificante del Pasha de Cartier \u00c9dition Noire. El acorde helecho y la profundidad del cedro refrescados por una bruma marina hesp\u00e9ride y afrutada.<\/p>\n\n\n    <a class='product' target='_blank' href='https:\/\/www.primor.eu\/es_es\/cartier-pasha-edition-noire-sport-eau-de-toilette-112336.html?#854=66333'>\r\n        <img loading='async' src='https:\/\/cdn2.primor.eu\/media\/catalog\/product\/cache\/8d3aba296f7a18b5251ee30fa5db42b2\/3\/4\/3432240506214_65100038_Pasha_EDT_Edition_Noire_Sport_100ml_1_e575.jpg' alt='COMPRAR AHORA'>\r\n            <div class=\"claim\">\r\n                COMPRAR AHORA            <\/div>\r\n        <\/a>\r\n    \n\n\n\n<h3 class=\"wp-block-heading\">Homme Intense de Dior<\/h3>\n\n\n\n<p>Esta fragancia tiene notas de iris, cacao y \u00e1mbar, lo que la hace rica y sofisticada, perfecta para las noches frescas de oto\u00f1o.<\/p>\n\n\n    <a class='product' target='_blank' href='https:\/\/www.primor.eu\/es_es\/dior-dior-homme-intense-eau-de-parfum-intense-112289.html?#854=66330'>\r\n        <img loading='async' src='https:\/\/cdn2.primor.eu\/media\/catalog\/product\/cache\/8d3aba296f7a18b5251ee30fa5db42b2\/3\/3\/3348900838178_1f94.jpg' alt='COMPRAR AHORA'>\r\n            <div class=\"claim\">\r\n                COMPRAR AHORA            <\/div>\r\n        <\/a>\r\n    \n\n\n\n<h3 class=\"wp-block-heading\">Noir de Tom Ford<\/h3>\n\n\n\n<p>Capta las facetas id\u00e9nticas de un hombre Tom Ford con c\u00edtricos, pimienta negra, nuez moscada y \u00e1mbar, que representan al hombre sofisticado, refinado y urbano que el mundo puede apreciar y al hombre misterioso, sensual y privado en la intimidad.<\/p>\n\n\n    <a class='product' target='_blank' href='https:\/\/www.primor.eu\/es_es\/tom-ford-noir-112306.html?#854=66333'>\r\n        <img loading='async' src='https:\/\/cdn2.primor.eu\/media\/catalog\/product\/cache\/8d3aba296f7a18b5251ee30fa5db42b2\/4\/A\/4AM01394_1_2a86.jpg' alt='COMPRAR AHORA'>\r\n            <div class=\"claim\">\r\n                COMPRAR AHORA            <\/div>\r\n        <\/a>\r\n    \n\n\n\n<h3 class=\"wp-block-heading\">Invictus de Paco Rabanne<\/h3>\n\n\n\n<p>Magn\u00e9tica, en\u00e9rgica y muy masculina. Paco Rabanne Invictus Eau de Toilette (EDT) es el perfume para hombres m\u00e1s din\u00e1mico y fresco de su gama. Creado por los perfumistas Veronique Nyberg, Anne Flipo, Olivier Polge y Dominique Ropion, representa el carisma deportivo que da vitalidad y fuerza al hombre que la usa.&nbsp;<\/p>\n\n\n    <a class='product' target='_blank' href='https:\/\/www.primor.eu\/es_es\/rabanne-invictus-eau-de-toilette-para-hombre-112315.html?#854=66337'>\r\n        <img loading='async' src='https:\/\/cdn2.primor.eu\/media\/catalog\/product\/cache\/8d3aba296f7a18b5251ee30fa5db42b2\/R\/A\/RABANNE_INVICTUS_EDT_2025_200ml_L4_RVB_d6fa.png' alt='COMPRAR AHORA'>\r\n            <div class=\"claim\">\r\n                COMPRAR AHORA            <\/div>\r\n        <\/a>\r\n    \n\n\n\n<h3 class=\"wp-block-heading\">Herm\u00e8s Terre d'Herm\u00e8s<\/h3>\n\n\n\n<p>Esta fragancia tiene notas terrosas y amaderadas, lo que la hace ideal para el oto\u00f1o. Es fresca pero con suficiente calidez para la temporada.<\/p>\n\n\n    <a class='product' target='_blank' href='https:\/\/www.primor.eu\/es_es\/hermes-terre-d-hermes-eau-de-toilette-112283.html?#854=66333'>\r\n        <img loading='async' src='https:\/\/cdn2.primor.eu\/media\/catalog\/product\/cache\/8d3aba296f7a18b5251ee30fa5db42b2\/3\/3\/3346130009603_2000x2000_PAR_1_c7e6.jpg' alt='COMPRAR AHORA'>\r\n            <div class=\"claim\">\r\n                COMPRAR AHORA            <\/div>\r\n        <\/a>\r\n    \n\n\n\n<h3 class=\"wp-block-heading\">Herrera Men EDT de Carolina Herrera<\/h3>\n\n\n\n<p>Combina notas frescas y transparentes de neroli y hojas de frutos c\u00edtricos en su apertura. Estas notas se magnifican con una mezcla de intensas notas arom\u00e1ticas y especiadas, destacando la pimienta verde y el geranio. La base amaderada de este elegante <strong>perfume Carolina Herrera<\/strong> a\u00f1ade una mezcla ecl\u00e9ctica que realza la masculinidad distinguida del hombre Herrera.<br><\/p>\n\n\n    <a class='product' target='_blank' href='https:\/\/www.primor.eu\/es_es\/carolina-herrera-herrera-men-edt-51057.html'>\r\n        <img loading='async' src='https:\/\/cdn2.primor.eu\/media\/catalog\/product\/cache\/8d3aba296f7a18b5251ee30fa5db42b2\/4\/A\/4AM00025_1_59c2.jpg' alt='COMPRAR AHORA'>\r\n            <div class=\"claim\">\r\n                COMPRAR AHORA            <\/div>\r\n        <\/a>\r\n    \n\n\n\n<h3 class=\"wp-block-heading\">La Nuit de l'Homme de Yves Saint Laurent<\/h3>\n\n\n\n<p>Con notas de cardamomo, lavanda y vetiver, es una fragancia sensual y elegante que puede ser una elecci\u00f3n s\u00f3lida para las noches de oto\u00f1o.<\/p>\n\n\n    <a class='product' target='_blank' href='https:\/\/www.primor.eu\/es_es\/yves-saint-laurent-rive-gauche-edt-111595.html?#854=66333'>\r\n        <img loading='async' src='https:\/\/cdn2.primor.eu\/media\/catalog\/product\/cache\/8d3aba296f7a18b5251ee30fa5db42b2\/4\/A\/4AF01001_1_9a65.jpg' alt='COMPRAR AHORA'>\r\n            <div class=\"claim\">\r\n                COMPRAR AHORA            <\/div>\r\n        <\/a>\r\n    \n\n\n\n<h3 class=\"wp-block-heading\">Luna Rossa Black\u00a0de Prada<\/h3>\n\n\n\n<p>Esta fragancia tiene notas de bergamota, \u00e1mbar y pachul\u00ed, lo que la hace adecuada para el oto\u00f1o debido a su calidez y profundidad.<\/p>\n\n\n    <a class='product' target='_blank' href='https:\/\/www.primor.eu\/es_es\/prada-luna-rossa-black-eau-de-parfum-112369.html?#854=66333'>\r\n        <img loading='async' src='https:\/\/cdn2.primor.eu\/media\/catalog\/product\/cache\/8d3aba296f7a18b5251ee30fa5db42b2\/8\/4\/8435137782949_1_5fb7.jpg' alt='COMPRAR AHORA'>\r\n            <div class=\"claim\">\r\n                COMPRAR AHORA            <\/div>\r\n        <\/a>\r\n    \n\n\n\n<h3 class=\"wp-block-heading\">Man in Black de Bvlgari <\/h3>\n\n\n\n<p>Con notas de especias, tabaco y cuero, esta fragancia es intensa y masculina, perfecta para el oto\u00f1o.<\/p>\n\n\n    <a class='product' target='_blank' href='https:\/\/www.primor.eu\/es_es\/bvlgari-man-in-black-edp-111388.html?#854=66336'>\r\n        <img loading='async' src='https:\/\/cdn2.primor.eu\/media\/catalog\/product\/cache\/8d3aba296f7a18b5251ee30fa5db42b2\/4\/A\/4AM01637_1_d6d4.jpg' alt='COMPRAR AHORA'>\r\n            <div class=\"claim\">\r\n                COMPRAR AHORA            <\/div>\r\n        <\/a>\r\n    \n\n\n\n<h3 class=\"wp-block-heading\">Boss Bottled EDT de Hugo Boss&nbsp;<\/h3>\n\n\n\n<p>Es un perfume para hombres vers\u00e1til y lleno de contrastes que se inspira en los esp\u00edritus m\u00e1s ecl\u00e9cticos, misteriosos y masculinos.<\/p>\n\n\n    <a class='product' target='_blank' href='https:\/\/www.primor.eu\/es_es\/hugo-boss-boss-bottled-edt-112267.html?#854=66330'>\r\n        <img loading='async' src='https:\/\/cdn2.primor.eu\/media\/catalog\/product\/cache\/8d3aba296f7a18b5251ee30fa5db42b2\/M\/A\/MAIN_737052351018_48b7.jpeg' alt='COMPRAR AHORA'>\r\n            <div class=\"claim\">\r\n                COMPRAR AHORA            <\/div>\r\n        <\/a>\r\n    \n\n\n\n<h3 class=\"wp-block-heading\">Emporio Armani Stronger With You Intensely Eau de Parfum de Armani<\/h3>\n\n\n\n<p>Este adictivo aroma foug\u00e8re presenta notas de pimienta rosa, vainilla y acorde ambarino amaderado. Refleja la personalidad del joven actual en busca de una potente fragancia que ilumine su intensa historia de amor. Esta intensa fragancia para hombre presenta c\u00e1lidas notas de coraz\u00f3n de vainilla y vibrantes acordes ambarinos amaderados, con un contraste de notas de pimienta rosa.<\/p>\n\n\n    <a class='product' target='_blank' href='https:\/\/www.primor.eu\/es_es\/armani-emporio-armani-stronger-with-you-intensely-eau-de-parfum-112381.html?#854=66333'>\r\n        <img loading='async' src='https:\/\/cdn2.primor.eu\/media\/catalog\/product\/cache\/8d3aba296f7a18b5251ee30fa5db42b2\/3\/6\/3614272225718_1_27cf.jpg' alt='COMPRAR AHORA'>\r\n            <div class=\"claim\">\r\n                COMPRAR AHORA            <\/div>\r\n        <\/a>\r\n    \n\n\n\n<h3 class=\"wp-block-heading\">Ck One - Colonia Unisex de Calvin Klein<\/h3>\n\n\n\n<p>Esta fragancia unisex c\u00edtrica verde, creada por el maestro perfumista Alberto Morillas, presenta una armon\u00eda estimulante de t\u00e9 verde, papaya y bergamota que refresca. En su coraz\u00f3n, se equilibran notas de nuez moscada, violeta, cardamomo y rosa, mientras que su base se profundiza con \u00e1mbar y almizcle gloriosos, otorgando una cualidad apagada y difusa.<\/p>\n\n\n    <a class='product' target='_blank' href='https:\/\/www.primor.eu\/es_es\/calvin-klein-ck-one-colonia-unisex-111565.html?#854=66333'>\r\n        <img loading='async' src='https:\/\/cdn2.primor.eu\/media\/catalog\/product\/cache\/8d3aba296f7a18b5251ee30fa5db42b2\/4\/A\/4AF00230_1_f22f.jpg' alt='COMPRAR AHORA'>\r\n            <div class=\"claim\">\r\n                COMPRAR AHORA            <\/div>\r\n        <\/a>\r\n    \n\n\n\n<h3 class=\"wp-block-heading\">Born In Roma Uomo Intense Eau de Parfum de Valentino<\/h3>\n\n\n\n<p>El aroma de esta fragancia Born In Roma aumenta la adicci\u00f3n a la colecci\u00f3n. Born In Roma Intense permite a los hombres expresarse con intensidad y experimentar la vida con abundancia y sensualidad. Este ic\u00f3nico d\u00fao desaf\u00eda juguetonamente la rivalidad entre el d\u00eda y la noche y entre lo cl\u00e1sico y la intensidad.<\/p>\n\n\n\n<p>Una nota ambarada de infusi\u00f3n de vainilla bourbon adquiere nuevos poderes estimulantes. Esta vainilla hechizante y envolvente se eleva con notas de jengibre.<\/p>\n\n\n\n<p>Una nuez moscada despertada por un acorde salado levantado por el lavand\u00edn que aporta un coraz\u00f3n vibrante a la fragancia.<\/p>\n\n\n    <a class='product' target='_blank' href='https:\/\/www.primor.eu\/es_es\/valentino-born-in-roma-uomo-intense-eau-de-parfum-112546.html?#854=66330'>\r\n        <img loading='async' src='https:\/\/cdn2.primor.eu\/media\/catalog\/product\/cache\/8d3aba296f7a18b5251ee30fa5db42b2\/3\/6\/3614273790833_1_43f1.jpg' alt='COMPRAR AHORA'>\r\n            <div class=\"claim\">\r\n                COMPRAR AHORA            <\/div>\r\n        <\/a>\r\n    \n\n\n<div class=\"kk-star-ratings kksr-auto kksr-align-center kksr-valign-bottom\"\n    data-payload='{&quot;align&quot;:&quot;center&quot;,&quot;id&quot;:&quot;86282&quot;,&quot;slug&quot;:&quot;default&quot;,&quot;valign&quot;:&quot;bottom&quot;,&quot;ignore&quot;:&quot;&quot;,&quot;reference&quot;:&quot;auto&quot;,&quot;class&quot;:&quot;&quot;,&quot;count&quot;:&quot;2&quot;,&quot;legendonly&quot;:&quot;&quot;,&quot;readonly&quot;:&quot;&quot;,&quot;score&quot;:&quot;4.5&quot;,&quot;starsonly&quot;:&quot;&quot;,&quot;best&quot;:&quot;5&quot;,&quot;gap&quot;:&quot;5&quot;,&quot;greet&quot;:&quot;Valora este art\u00edculo&quot;,&quot;legend&quot;:&quot;4.5\\\/5 - (2 votos)&quot;,&quot;size&quot;:&quot;24&quot;,&quot;title&quot;:&quot;Qu\u00e9 perfumes para hombres se van a llevar este oto\u00f1o&quot;,&quot;width&quot;:&quot;128&quot;,&quot;_legend&quot;:&quot;{score}\\\/{best} - ({count} {votes})&quot;,&quot;font_factor&quot;:&quot;1.25&quot;}'>\n            \n<div class=\"kksr-stars\">\n    \n<div class=\"kksr-stars-inactive\">\n            <div class=\"kksr-star\" data-star=\"1\" style=\"padding-right: 5px\">\n            \n\n<div class=\"kksr-icon\" style=\"width: 24px; height: 24px;\"><\/div>\n        <\/div>\n            <div class=\"kksr-star\" data-star=\"2\" style=\"padding-right: 5px\">\n            \n\n<div class=\"kksr-icon\" style=\"width: 24px; height: 24px;\"><\/div>\n        <\/div>\n            <div class=\"kksr-star\" data-star=\"3\" style=\"padding-right: 5px\">\n            \n\n<div class=\"kksr-icon\" style=\"width: 24px; height: 24px;\"><\/div>\n        <\/div>\n            <div class=\"kksr-star\" data-star=\"4\" style=\"padding-right: 5px\">\n            \n\n<div class=\"kksr-icon\" style=\"width: 24px; height: 24px;\"><\/div>\n        <\/div>\n            <div class=\"kksr-star\" data-star=\"5\" style=\"padding-right: 5px\">\n            \n\n<div class=\"kksr-icon\" style=\"width: 24px; height: 24px;\"><\/div>\n        <\/div>\n    <\/div>\n    \n<div class=\"kksr-stars-active\" style=\"width: 128px;\">\n            <div class=\"kksr-star\" style=\"padding-right: 5px\">\n            \n\n<div class=\"kksr-icon\" style=\"width: 24px; height: 24px;\"><\/div>\n        <\/div>\n            <div class=\"kksr-star\" style=\"padding-right: 5px\">\n            \n\n<div class=\"kksr-icon\" style=\"width: 24px; height: 24px;\"><\/div>\n        <\/div>\n            <div class=\"kksr-star\" style=\"padding-right: 5px\">\n            \n\n<div class=\"kksr-icon\" style=\"width: 24px; height: 24px;\"><\/div>\n        <\/div>\n            <div class=\"kksr-star\" style=\"padding-right: 5px\">\n            \n\n<div class=\"kksr-icon\" style=\"width: 24px; height: 24px;\"><\/div>\n        <\/div>\n            <div class=\"kksr-star\" style=\"padding-right: 5px\">\n            \n\n<div class=\"kksr-icon\" style=\"width: 24px; height: 24px;\"><\/div>\n        <\/div>\n    <\/div>\n<\/div>\n                \n\n<div class=\"kksr-legend\" style=\"font-size: 19.2px;\">\n            4.5\/5 - (2 votos)    <\/div>\n    <\/div>\n","protected":false},"excerpt":{"rendered":"<p>Partimos de la base de que elegir un perfume es algo muy personal que var\u00eda en funci\u00f3n de los gustos y preferencias de la persona que lo lleva. Sin embargo, a la hora de hablar de los mejores perfumes para hombres de oto\u00f1o todos coinciden en algo: suelen caracterizarse por tener aromas m\u00e1s c\u00e1lidos, especiados [&hellip;]<\/p>\n","protected":false},"author":14,"featured_media":116043,"comment_status":"closed","ping_status":"closed","sticky":false,"template":"","format":"standard","meta":{"jnews-multi-image_gallery":[],"jnews_single_post":{"subtitle":"","format":"standard","video":"","gallery":"","source_name":"","source_url":"","via_name":"","via_url":"","override_template":"0","override":[{"template":"1","single_blog_custom":"","parallax":"1","fullscreen":"1","layout":"right-sidebar","sidebar":"home-2","second_sidebar":"default-sidebar","sticky_sidebar":"0","share_position":"float","share_float_style":"share-monocrhome","show_share_counter":"0","show_view_counter":"0","show_featured":"1","show_post_meta":"1","show_post_author":"0","show_post_author_image":"1","show_post_date":"1","post_date_format":"default","post_date_format_custom":"Y\/m\/d","show_post_category":"1","show_post_reading_time":"0","post_reading_time_wpm":"300","show_zoom_button":"0","zoom_button_out_step":"2","zoom_button_in_step":"3","show_post_tag":"0","show_prev_next_post":"0","show_popup_post":"0","number_popup_post":"2","show_author_box":"0","show_post_related":"0","show_inline_post_related":"1"}],"override_image_size":"0","image_override":[{"single_post_thumbnail_size":"no-crop","single_post_gallery_size":"crop-500"}],"trending_post":"0","trending_post_position":"meta","trending_post_label":"Trending","sponsored_post":"0","sponsored_post_label":"Sponsored by","sponsored_post_name":"","sponsored_post_url":"","sponsored_post_logo_enable":"0","sponsored_post_logo":"","sponsored_post_desc":"","disable_ad":"0"},"jnews_primary_category":{"id":"","hide":""},"jnews_social_meta":{"fb_title":"","fb_description":"","fb_image":"","twitter_title":"","twitter_description":"","twitter_image":""},"jnews_override_counter":{"override_view_counter":"0","view_counter_number":"0","override_share_counter":"0","share_counter_number":"0","override_like_counter":"0","like_counter_number":"0","override_dislike_counter":"0","dislike_counter_number":"0"},"footnotes":""},"categories":[33],"tags":[],"class_list":["post-86282","post","type-post","status-publish","format-standard","has-post-thumbnail","hentry","category-perfumes"],"_links":{"self":[{"href":"https:\/\/www.primor.eu\/blog\/wp-json\/wp\/v2\/posts\/86282","targetHints":{"allow":["GET"]}}],"collection":[{"href":"https:\/\/www.primor.eu\/blog\/wp-json\/wp\/v2\/posts"}],"about":[{"href":"https:\/\/www.primor.eu\/blog\/wp-json\/wp\/v2\/types\/post"}],"author":[{"embeddable":true,"href":"https:\/\/www.primor.eu\/blog\/wp-json\/wp\/v2\/users\/14"}],"replies":[{"embeddable":true,"href":"https:\/\/www.primor.eu\/blog\/wp-json\/wp\/v2\/comments?post=86282"}],"version-history":[{"count":3,"href":"https:\/\/www.primor.eu\/blog\/wp-json\/wp\/v2\/posts\/86282\/revisions"}],"predecessor-version":[{"id":132494,"href":"https:\/\/www.primor.eu\/blog\/wp-json\/wp\/v2\/posts\/86282\/revisions\/132494"}],"wp:featuredmedia":[{"embeddable":true,"href":"https:\/\/www.primor.eu\/blog\/wp-json\/wp\/v2\/media\/116043"}],"wp:attachment":[{"href":"https:\/\/www.primor.eu\/blog\/wp-json\/wp\/v2\/media?parent=86282"}],"wp:term":[{"taxonomy":"category","embeddable":true,"href":"https:\/\/www.primor.eu\/blog\/wp-json\/wp\/v2\/categories?post=86282"},{"taxonomy":"post_tag","embeddable":true,"href":"https:\/\/www.primor.eu\/blog\/wp-json\/wp\/v2\/tags?post=86282"}],"curies":[{"name":"wp","href":"https:\/\/api.w.org\/{rel}","templated":true}]}}