{"id":85841,"date":"2025-09-27T15:47:26","date_gmt":"2025-09-27T15:47:26","guid":{"rendered":"https:\/\/blog.primor.eu\/?p=85841"},"modified":"2025-09-27T15:47:27","modified_gmt":"2025-09-27T15:47:27","slug":"arnica-que-es-propiedades","status":"publish","type":"post","link":"https:\/\/www.primor.eu\/blog\/arnica-que-es-propiedades\/","title":{"rendered":"Qu\u00e9 es la \u00e1rnica y cu\u00e1les son sus propiedades seg\u00fan expertos"},"content":{"rendered":"\n<p>Has o\u00eddo hablar de ella, o por lo menos, te suena. La <strong>\u00e1rnica<\/strong> es un ingrediente de <a href=\"https:\/\/www.primor.eu\/es_es\/natural-y-organico\">origen natural<\/a> que cuenta con m\u00faltiples beneficios en el <a href=\"https:\/\/www.primor.eu\/blog\/como-saber-que-tipo-de-piel-tengo\/\">cuidado de la piel<\/a>. Sin embargo, alrededor de ella circulan mitos y una nube de confusiones y advertencias a las que merece la pena prestarles atenci\u00f3n. As\u00ed que, all\u00e1 vamos:<\/p>\n\n\n\n<h2 class=\"wp-block-heading\">\u00bfQu\u00e9 es la \u00e1rnica?<\/h2>\n\n\n\n<p>La <strong>\u00e1rnica<\/strong> es una planta perteneciente al g\u00e9nero \u00c1rnica de la familia Asteraceae. Se caracteriza por sus flores amarillas brillantes y su uso en la medicina tradicional debido a sus <strong>propiedades terap\u00e9uticas<\/strong>. Aunque existen diversas especies de \u00e1rnica, la m\u00e1s com\u00fanmente utilizada con <strong>fines medicinales<\/strong> es la Arnica montana.<\/p>\n\n\n\n<h2 class=\"wp-block-heading\">Beneficios de la \u00e1rnica<\/h2>\n\n\n\n<p>Las flores de \u00e1rnica contienen compuestos <strong>bioactivos<\/strong>, como <strong>flavonoides<\/strong>, aceites esenciales, \u00e1cidos y lactonas sesquiterp\u00e9nicas, que le confieren sus <strong>propiedades beneficiosas<\/strong>. La \u00e1rnica ha sido tradicionalmente utilizada para tratar diversos problemas de salud, y posee propiedades y usos que act\u00faan a modo:<\/p>\n\n\n\n<ol class=\"wp-block-list\">\n<li><strong>Antiinflamatorio<\/strong>. Se utiliza t\u00f3picamente para reducir la inflamaci\u00f3n y el dolor en lesiones leves, contusiones y esguinces.<\/li>\n\n\n\n<li><strong>Analg\u00e9sico<\/strong>. Puede aliviar el dolor muscular y articular.<\/li>\n\n\n\n<li><strong>Cicatrizante<\/strong>. Se cree que ayuda a acelerar la cicatrizaci\u00f3n de heridas y a reducir la formaci\u00f3n de hematomas.<\/li>\n\n\n\n<li><strong>Antibacteriano<\/strong>. Tiene propiedades antibacterianas y se ha utilizado para tratar heridas superficiales.<\/li>\n\n\n\n<li><strong>Tratamiento de la artritis<\/strong>. Algunas personas han usado \u00e1rnica para aliviar los s\u00edntomas de la artritis.<\/li>\n\n\n\n<li><strong>Dolor de la migra\u00f1a.<\/strong> En algunos casos, se ha utilizado para aliviar dolores de cabeza y migra\u00f1as.<\/li>\n\n\n\n<li><strong>Cuidado de la piel<\/strong>. En productos cosm\u00e9ticos y de cuidado de la piel, se ha utilizado para suavizar la piel y reducir la inflamaci\u00f3n.<\/li>\n<\/ol>\n\n\n\n<p><strong>IMPORTANTE<\/strong>: aunque la \u00e1rnica tiene beneficios potenciales, su uso debe ser cauteloso y bajo supervisi\u00f3n adecuada. La planta contiene <strong>compuestos t\u00f3xicos<\/strong>, por lo que su uso interno est\u00e1 desaconsejado. Tambi\u00e9n puede causar reacciones al\u00e9rgicas en algunas personas y su aplicaci\u00f3n t\u00f3pica debe realizarse en \u00e1reas no irritadas o da\u00f1adas.<\/p>\n\n\n\n<h2 class=\"wp-block-heading\">\u00bfC\u00f3mo se toma la \u00e1rnica y para qu\u00e9 sirve?<\/h2>\n\n\n\n<p>Como ya hemos visto, esta planta posee usos medicinales que se ha utilizado tradicionalmente para diversos fines, como aliviar el dolor, reducir la inflamaci\u00f3n y tratar lesiones menores. El uso m\u00e1s com\u00fan de la \u00e1rnica es en <strong>forma de gel<\/strong>, <strong>crema<\/strong> o<strong> aceite t\u00f3pico <\/strong>para aplicar sobre la piel. Sin embargo, en algunas formas diluidas y preparadas adecuadamente, tambi\u00e9n se puede usar internamente con fines <strong>homeop\u00e1ticos<\/strong>.&nbsp;<\/p>\n\n\n\n<ul class=\"wp-block-list\">\n<li><strong>Uso t\u00f3pico<\/strong>. La \u00e1rnica se aplica t\u00edpicamente en forma de gel, crema o aceite t\u00f3pico para aliviar el dolor muscular y articular, as\u00ed como para reducir la hinchaz\u00f3n y los hematomas en lesiones menores, como contusiones y torceduras. Se recomienda aplicar el producto t\u00f3pico en la piel, evitando heridas abiertas o irritaciones. Sigue las instrucciones del producto y evita su uso en piel da\u00f1ada o sensible.<\/li>\n\n\n\n<li><strong>Uso homeop\u00e1tico<\/strong>. La \u00e1rnica tambi\u00e9n se usa en la homeopat\u00eda, una pr\u00e1ctica que utiliza sustancias altamente diluidas para tratar diversos s\u00edntomas. En este caso, la \u00e1rnica se diluye en gran medida y se presenta en forma de gl\u00f3bulos o gotas. Se cree que el uso homeop\u00e1tico dla \u00e1rnica puede ayudar a aliviar el dolor y la inflamaci\u00f3n despu\u00e9s de lesiones o esfuerzos f\u00edsicos.<\/li>\n<\/ul>\n\n\n\n<h2 class=\"wp-block-heading\">Precauciones y advertencias sobre la \u00e1rnica que debes tener en cuenta<\/h2>\n\n\n\n<ul class=\"wp-block-list\">\n<li>La \u00e1rnica no debe aplicarse en la piel rota, heridas abiertas o irritadas, ya que puede causar irritaci\u00f3n adicional.<\/li>\n\n\n\n<li>Evita el contacto con los ojos y la boca al usar productos t\u00f3picos de \u00e1rnica.<\/li>\n\n\n\n<li>No ingieras productos t\u00f3picos de \u00e1rnica, ya que est\u00e1n destinados solo para uso externo.<\/li>\n\n\n\n<li>Siempre sigue las instrucciones del producto y no excedas la dosis recomendada.<\/li>\n\n\n\n<li>Si experimentas cualquier reacci\u00f3n al\u00e9rgica o efecto secundario, suspende su uso y busca atenci\u00f3n m\u00e9dica.<\/li>\n<\/ul>\n\n\n\n<h2 class=\"wp-block-heading\">\u00bfQu\u00e9 contraindicaciones tiene la \u00e1rnica?<\/h2>\n\n\n\n<p>La \u00e1rnica es una planta medicinal que, aunque tiene propiedades beneficiosas, tambi\u00e9n puede tener contraindicaciones y efectos secundarios en ciertas personas. No todo es bueno, por lo que debes tener en cuenta que puede causar:<\/p>\n\n\n\n<ol class=\"wp-block-list\">\n<li><strong>Alergias o sensibilidad.<\/strong> Algunas personas pueden ser al\u00e9rgicas o sensibles al \u00e1rnica. Antes de usar productos de \u00e1rnica, realiza una prueba en una peque\u00f1a \u00e1rea de la piel para verificar si hay alguna reacci\u00f3n al\u00e9rgica.<\/li>\n\n\n\n<li><strong>Piel irritada o da\u00f1ada.<\/strong> No apliques productos de \u00e1rnica en la piel rota, heridas abiertas o irritadas, ya que puede causar mayor irritaci\u00f3n.<\/li>\n\n\n\n<li><strong>Embarazo y lactancia.<\/strong> Se recomienda evitar el uso de productos de \u00e1rnica durante el embarazo y la lactancia, ya que no hay suficiente evidencia cient\u00edfica que respalde su seguridad en estas etapas.<\/li>\n\n\n\n<li><strong>No usar con ni\u00f1os peque\u00f1os.<\/strong> Evita usar productos de \u00e1rnica en beb\u00e9s y ni\u00f1os peque\u00f1os, ya que su piel puede ser m\u00e1s sensible y propensa a reacciones.<\/li>\n\n\n\n<li><strong>Medicamentos<\/strong>. Si est\u00e1s tomando medicamentos anticoagulantes, antiinflamatorios, analg\u00e9sicos u otros tipos de medicamentos, consulta con un profesional de la salud antes de usar productos de \u00e1rnica, ya que podr\u00eda haber interacciones.<\/li>\n\n\n\n<li><strong>Asma y alergias al polen o derivados.<\/strong> Algunas personas con asma o alergias al polen pueden experimentar reacciones al\u00e9rgicas al \u00e1rnica, ya que pertenece a la misma familia que algunas plantas alerg\u00e9nicas.<\/li>\n\n\n\n<li><strong>Intolerancia gastrointestinal<\/strong>. Algunas formas de \u00e1rnica pueden causar molestias gastrointestinales en algunas personas. Si tienes una historia de problemas gastrointestinales, habla con un m\u00e9dico antes de usar productos de \u00e1rnica.<\/li>\n<\/ol>\n\n\n<div class=\"kk-star-ratings kksr-auto kksr-align-center kksr-valign-bottom\"\n    data-payload='{&quot;align&quot;:&quot;center&quot;,&quot;id&quot;:&quot;85841&quot;,&quot;slug&quot;:&quot;default&quot;,&quot;valign&quot;:&quot;bottom&quot;,&quot;ignore&quot;:&quot;&quot;,&quot;reference&quot;:&quot;auto&quot;,&quot;class&quot;:&quot;&quot;,&quot;count&quot;:&quot;66&quot;,&quot;legendonly&quot;:&quot;&quot;,&quot;readonly&quot;:&quot;&quot;,&quot;score&quot;:&quot;3.8&quot;,&quot;starsonly&quot;:&quot;&quot;,&quot;best&quot;:&quot;5&quot;,&quot;gap&quot;:&quot;5&quot;,&quot;greet&quot;:&quot;Valora este art\u00edculo&quot;,&quot;legend&quot;:&quot;3.8\\\/5 - (66 votos)&quot;,&quot;size&quot;:&quot;24&quot;,&quot;title&quot;:&quot;Qu\u00e9 es la \u00e1rnica y cu\u00e1les son sus propiedades seg\u00fan expertos&quot;,&quot;width&quot;:&quot;107.7&quot;,&quot;_legend&quot;:&quot;{score}\\\/{best} - ({count} {votes})&quot;,&quot;font_factor&quot;:&quot;1.25&quot;}'>\n            \n<div class=\"kksr-stars\">\n    \n<div class=\"kksr-stars-inactive\">\n            <div class=\"kksr-star\" data-star=\"1\" style=\"padding-right: 5px\">\n            \n\n<div class=\"kksr-icon\" style=\"width: 24px; height: 24px;\"><\/div>\n        <\/div>\n            <div class=\"kksr-star\" data-star=\"2\" style=\"padding-right: 5px\">\n            \n\n<div class=\"kksr-icon\" style=\"width: 24px; height: 24px;\"><\/div>\n        <\/div>\n            <div class=\"kksr-star\" data-star=\"3\" style=\"padding-right: 5px\">\n            \n\n<div class=\"kksr-icon\" style=\"width: 24px; height: 24px;\"><\/div>\n        <\/div>\n            <div class=\"kksr-star\" data-star=\"4\" style=\"padding-right: 5px\">\n            \n\n<div class=\"kksr-icon\" style=\"width: 24px; height: 24px;\"><\/div>\n        <\/div>\n            <div class=\"kksr-star\" data-star=\"5\" style=\"padding-right: 5px\">\n            \n\n<div class=\"kksr-icon\" style=\"width: 24px; height: 24px;\"><\/div>\n        <\/div>\n    <\/div>\n    \n<div class=\"kksr-stars-active\" style=\"width: 107.7px;\">\n            <div class=\"kksr-star\" style=\"padding-right: 5px\">\n            \n\n<div class=\"kksr-icon\" style=\"width: 24px; height: 24px;\"><\/div>\n        <\/div>\n            <div class=\"kksr-star\" style=\"padding-right: 5px\">\n            \n\n<div class=\"kksr-icon\" style=\"width: 24px; height: 24px;\"><\/div>\n        <\/div>\n            <div class=\"kksr-star\" style=\"padding-right: 5px\">\n            \n\n<div class=\"kksr-icon\" style=\"width: 24px; height: 24px;\"><\/div>\n        <\/div>\n            <div class=\"kksr-star\" style=\"padding-right: 5px\">\n            \n\n<div class=\"kksr-icon\" style=\"width: 24px; height: 24px;\"><\/div>\n        <\/div>\n            <div class=\"kksr-star\" style=\"padding-right: 5px\">\n            \n\n<div class=\"kksr-icon\" style=\"width: 24px; height: 24px;\"><\/div>\n        <\/div>\n    <\/div>\n<\/div>\n                \n\n<div class=\"kksr-legend\" style=\"font-size: 19.2px;\">\n            3.8\/5 - (66 votos)    <\/div>\n    <\/div>\n","protected":false},"excerpt":{"rendered":"<p>Has o\u00eddo hablar de ella, o por lo menos, te suena. La \u00e1rnica es un ingrediente de origen natural que cuenta con m\u00faltiples beneficios en el cuidado de la piel. Sin embargo, alrededor de ella circulan mitos y una nube de confusiones y advertencias a las que merece la pena prestarles atenci\u00f3n. As\u00ed que, all\u00e1 [&hellip;]<\/p>\n","protected":false},"author":14,"featured_media":85842,"comment_status":"closed","ping_status":"closed","sticky":false,"template":"","format":"standard","meta":{"jnews-multi-image_gallery":[],"jnews_single_post":{"subtitle":"","format":"standard","video":"","gallery":"","source_name":"","source_url":"","via_name":"","via_url":"","override_template":"0","override":[{"template":"1","single_blog_custom":"","parallax":"1","fullscreen":"1","layout":"right-sidebar","sidebar":"home-2","second_sidebar":"default-sidebar","sticky_sidebar":"0","share_position":"float","share_float_style":"share-monocrhome","show_share_counter":"0","show_view_counter":"0","show_featured":"1","show_post_meta":"1","show_post_author":"0","show_post_author_image":"1","show_post_date":"1","post_date_format":"default","post_date_format_custom":"Y\/m\/d","show_post_category":"1","show_post_reading_time":"0","post_reading_time_wpm":"300","show_zoom_button":"0","zoom_button_out_step":"2","zoom_button_in_step":"3","show_post_tag":"0","show_prev_next_post":"0","show_popup_post":"0","number_popup_post":"2","show_author_box":"0","show_post_related":"0","show_inline_post_related":"1"}],"override_image_size":"0","image_override":[{"single_post_thumbnail_size":"no-crop","single_post_gallery_size":"crop-500"}],"trending_post":"0","trending_post_position":"meta","trending_post_label":"Trending","sponsored_post":"0","sponsored_post_label":"Sponsored by","sponsored_post_name":"","sponsored_post_url":"","sponsored_post_logo_enable":"0","sponsored_post_logo":"","sponsored_post_desc":"","disable_ad":"0"},"jnews_primary_category":{"id":"","hide":""},"jnews_social_meta":{"fb_title":"","fb_description":"","fb_image":"","twitter_title":"","twitter_description":"","twitter_image":""},"jnews_override_counter":{"override_view_counter":"0","view_counter_number":"0","override_share_counter":"0","share_counter_number":"0","override_like_counter":"0","like_counter_number":"0","override_dislike_counter":"0","dislike_counter_number":"0"},"footnotes":""},"categories":[4769,6321],"tags":[],"class_list":["post-85841","post","type-post","status-publish","format-standard","has-post-thumbnail","hentry","category-aceites","category-banner-home"],"_links":{"self":[{"href":"https:\/\/www.primor.eu\/blog\/wp-json\/wp\/v2\/posts\/85841","targetHints":{"allow":["GET"]}}],"collection":[{"href":"https:\/\/www.primor.eu\/blog\/wp-json\/wp\/v2\/posts"}],"about":[{"href":"https:\/\/www.primor.eu\/blog\/wp-json\/wp\/v2\/types\/post"}],"author":[{"embeddable":true,"href":"https:\/\/www.primor.eu\/blog\/wp-json\/wp\/v2\/users\/14"}],"replies":[{"embeddable":true,"href":"https:\/\/www.primor.eu\/blog\/wp-json\/wp\/v2\/comments?post=85841"}],"version-history":[{"count":5,"href":"https:\/\/www.primor.eu\/blog\/wp-json\/wp\/v2\/posts\/85841\/revisions"}],"predecessor-version":[{"id":132616,"href":"https:\/\/www.primor.eu\/blog\/wp-json\/wp\/v2\/posts\/85841\/revisions\/132616"}],"wp:featuredmedia":[{"embeddable":true,"href":"https:\/\/www.primor.eu\/blog\/wp-json\/wp\/v2\/media\/85842"}],"wp:attachment":[{"href":"https:\/\/www.primor.eu\/blog\/wp-json\/wp\/v2\/media?parent=85841"}],"wp:term":[{"taxonomy":"category","embeddable":true,"href":"https:\/\/www.primor.eu\/blog\/wp-json\/wp\/v2\/categories?post=85841"},{"taxonomy":"post_tag","embeddable":true,"href":"https:\/\/www.primor.eu\/blog\/wp-json\/wp\/v2\/tags?post=85841"}],"curies":[{"name":"wp","href":"https:\/\/api.w.org\/{rel}","templated":true}]}}