{"id":85828,"date":"2023-09-19T02:47:00","date_gmt":"2023-09-19T02:47:00","guid":{"rendered":"https:\/\/blog.primor.eu\/?p=85828"},"modified":"2023-09-25T14:51:17","modified_gmt":"2023-09-25T14:51:17","slug":"acido-succinico","status":"publish","type":"post","link":"https:\/\/www.primor.eu\/blog\/acido-succinico\/","title":{"rendered":"\u00bfPara qu\u00e9 sirve el \u00e1cido succ\u00ednico?"},"content":{"rendered":"\n<p>Hoy en d\u00eda existen m\u00faltiples <strong>activos<\/strong> que pueden ayudarnos en nuestro <strong>cuidado diario de la piel.<\/strong> Sin embargo, cada dermis es un mundo, y cada una de ellas necesita unos productos y activos adecuados frente a unas <strong>carencias espec\u00edficas<\/strong>. En materia de \u00e1cidos, conviene andarse con pies de plomo para no abrasarnos la cara. Hay unos m\u00e1s suaves que otros que resultan igual de eficaces, el <strong>\u00e1cido succ\u00ednico<\/strong> es una excelente opci\u00f3n.&nbsp;<\/p>\n\n\n\n<p>Apto para todo tipo de pieles, este activo exfolia la piel, controla el sebo y, gracias a su poder antioxidante, aporta ese <strong>toque de glow <\/strong>que cualquier piel necesita. Veamos m\u00e1s en detalle todo lo que puede ofrecerte y c\u00f3mo deber\u00edas incluirlo en tu rutina para disfrutar de todos sus enormes beneficios.&nbsp;<\/p>\n\n\n\n<h2 class=\"wp-block-heading\">Qu\u00e9 es el \u00e1cido succ\u00ednico&nbsp;<\/h2>\n\n\n\n<p>El <strong>\u00e1cido succ\u00ednico<\/strong> es una sustancia natural que se encuentra en la ca\u00f1a de az\u00facar y tambi\u00e9n en el \u00e1mbar. Se describe como un tipo de <strong>\u00e1cido<\/strong> que tiene propiedades <strong>limpiadoras de los poros<\/strong>, calma la piel y proporciona hidrataci\u00f3n.&nbsp;<\/p>\n\n\n\n<p>Es especialmente adecuado para personas con <a href=\"https:\/\/www.googleadservices.com\/pagead\/aclk?sa=L&amp;ai=DChcSEwiWq_a8ubGBAxUsBgYAHbozCdQYABAgGgJ3cw&amp;ase=2&amp;gclid=Cj0KCQjwx5qoBhDyARIsAPbMagBaQRm_AmhsSrZMDrTOdNUpTKQvXwd6tBSRFdL0KRkkgReCWK_JhcgaAl1OEALw_wcB&amp;ohost=www.google.com&amp;cid=CAESaeD2bvQum_G_gZgya2ZQMLP7nvpmx_cYbEpFnnPU6YLs1GtnCwc9h0MPmSKW48SoW7sjLMx-95jx6mWFSyoFRvQrKsoiKn8ZCCvX6fMixDGbAasbt7aaZLz015ch_8lw3JDNYwHmaGB1VA&amp;sig=AOD64_1b6ZMqeZ6ANcWxV8WSgXoeWY2rAg&amp;q&amp;nis=4&amp;adurl&amp;ved=2ahUKEwjahfG8ubGBAxVVTKQEHVRHCicQ0Qx6BAgOEAE\" target=\"_blank\" rel=\"noopener\">piel grasa<\/a>, lo que sugiere que puede ayudar a controlar la producci\u00f3n de sebo y mejorar la textura de la piel en personas con este tipo de piel. No obstante, tambi\u00e9n es un gran aliado en el cuidado de las pieles m\u00e1s delicadas.&nbsp;<\/p>\n\n\n\n<h2 class=\"wp-block-heading\">Beneficios del \u00e1cido succ\u00ednico<\/h2>\n\n\n\n<ul class=\"wp-block-list\">\n<li><strong>Propiedades antiinflamatorias y antimicrobianas.<\/strong> Ayuda a inhibir el crecimiento de bacterias responsables de brotes de granos, lo que lo convierte en un excelente ingrediente para tratar imperfecciones, puntos negros y lesiones inflamatorias, combatiendo el acn\u00e9 sin da\u00f1ar la barrera protectora de la piel.<\/li>\n\n\n\n<li><strong>Estimula la renovaci\u00f3n celular.<\/strong> Contribuye a mejorar el funcionamiento de las c\u00e9lulas de la piel, lo que puede ayudar en la regeneraci\u00f3n y renovaci\u00f3n de la misma.<\/li>\n\n\n\n<li><strong>Acci\u00f3n antioxidante.<\/strong> Act\u00faa como un antioxidante poderoso que combate el estr\u00e9s oxidativo en la piel, promoviendo as\u00ed un aspecto rejuvenecido y firme de la piel, manteni\u00e9ndola protegida y con un brillo saludable.<\/li>\n\n\n\n<li><strong>Control de la producci\u00f3n de sebo.<\/strong> Ayuda a controlar la producci\u00f3n excesiva de grasa en la piel, lo que lo hace beneficioso para las personas con piel propensa al acn\u00e9.<\/li>\n\n\n\n<li><strong>Hidrataci\u00f3n.<\/strong> Su estructura es similar a la de los l\u00edpidos naturales de la piel, lo que le permite actuar como un hidratante efectivo, manteniendo la piel bien hidratada.<\/li>\n\n\n\n<li><strong>Adecuado para pieles sensibles y reactivas.<\/strong> El \u00e1cido succ\u00ednico es m\u00e1s suave en comparaci\u00f3n con otros \u00e1cidos, por lo que es apto para personas con piel sensible y reactiva, ya que tiene menos probabilidades de causar irritaci\u00f3n.<\/li>\n<\/ul>\n\n\n\n<h2 class=\"wp-block-heading\">Qu\u00e9 tipo de pieles pueden usar el \u00e1cido succ\u00ednico<\/h2>\n\n\n\n<p>Realmente, todas. Sin embargo, en cada una de ellas act\u00faa de una manera diferente, haciendo que este ingrediente sea \u00fatil para:<\/p>\n\n\n\n<ul class=\"wp-block-list\">\n<li><a href=\"https:\/\/www.primor.eu\/blog\/como-cuidar-la-piel-grasa\/\"><strong>Piel grasa<\/strong><\/a><strong>.<\/strong> Puede ser una excelente opci\u00f3n para personas con piel grasa, ya que ayuda a controlar la producci\u00f3n de grasa y limpiar los poros.<\/li>\n\n\n\n<li><a href=\"https:\/\/www.primor.eu\/es_es\/tratamientos-para-el-acne-parafarmacia\"><strong>Piel propensa al acn\u00e9<\/strong><\/a>, ya que puede ayudar a tratar y prevenir los granos.<\/li>\n\n\n\n<li><a href=\"https:\/\/www.googleadservices.com\/pagead\/aclk?sa=L&amp;ai=DChcSEwjY3viBurGBAxU2i2gJHSS8CyoYABA5GgJ3Zg&amp;ase=2&amp;gclid=Cj0KCQjwx5qoBhDyARIsAPbMagBWhynbtZN66drMoAxgOrfQdtOEqNpCjtUBkMId6tJz-yGP75aH7DoaAr2vEALw_wcB&amp;ohost=www.google.com&amp;cid=CAESaeD2xn521KDCkEboji21O3yX4WgP0APTEDSxji9WxKsHyFOAYTdYXgAuZN_N6jdGYbGeLibcNY8y2wrehzPKTwmx_M62lnnOx-PzbIDVkJb4keqPyKR0sbrM-qIs4fN3gLPHn5B9AUcMjQ&amp;sig=AOD64_0OLSv35bIXJm6NY82QQDtZhNKzdg&amp;q&amp;nis=4&amp;adurl&amp;ved=2ahUKEwiF0PKBurGBAxVGT6QEHdmJC9QQ0Qx6BAgOEAE\" target=\"_blank\" rel=\"noopener\"><strong>Piel sensible<\/strong><\/a>, es m\u00e1s suave que otros tipos de \u00e1cidos, lo que lo hace menos propenso a causar irritaci\u00f3n en personas con este tipo de piel.<\/li>\n\n\n\n<li><a href=\"https:\/\/www.primor.eu\/es_es\/tratamientos-especificos-lujo\"><strong>Problemas de envejecimiento<\/strong><\/a>. El \u00e1cido succ\u00ednico es una opci\u00f3n para tratar l\u00edneas finas y arrugas en personas que desean abordar problemas relacionados con el envejecimiento de la piel.<\/li>\n<\/ul>\n\n\n\n<h2 class=\"wp-block-heading\">Con qu\u00e9 activos puedo combinar el \u00e1cido succ\u00ednico<\/h2>\n\n\n\n<ul class=\"wp-block-list\">\n<li><a href=\"https:\/\/www.primor.eu\/blog\/que-es-el-acido-hialuronico\/\"><strong>\u00c1cido hialur\u00f3nico<\/strong><\/a>. El \u00e1cido hialur\u00f3nico es un excelente humectante que ayuda a mantener la piel hidratada. Combinar el \u00e1cido succ\u00ednico con \u00e1cido hialur\u00f3nico puede proporcionar una hidrataci\u00f3n efectiva mientras se abordan otros problemas de la piel.<\/li>\n\n\n\n<li><a href=\"https:\/\/www.primor.eu\/blog\/acido-salilico-que-es\/\"><strong>\u00c1cido salic\u00edlico<\/strong><\/a>. Si tienes piel propensa al acn\u00e9, combinar el \u00e1cido succ\u00ednico con \u00e1cido salic\u00edlico puede ser beneficioso. El \u00e1cido salic\u00edlico ayuda a exfoliar los poros y a prevenir la formaci\u00f3n de brotes de acn\u00e9, mientras que el \u00e1cido succ\u00ednico puede controlar la producci\u00f3n de grasa y calmar la piel.<\/li>\n\n\n\n<li><a href=\"https:\/\/www.primor.eu\/blog\/niacinamida\/\"><strong>Niacinamida (Vitamina B3).<\/strong><\/a> Conocida por sus beneficios para la piel, que incluyen la reducci\u00f3n de la inflamaci\u00f3n, la mejora de la textura y el tono de la piel, y la reducci\u00f3n de la apariencia de los poros. Combinarla con \u00e1cido succ\u00ednico puede ser \u00fatil para abordar m\u00faltiples preocupaciones.<\/li>\n\n\n\n<li><strong>Retinoides.<\/strong> Los retinoides, como el <a href=\"https:\/\/www.primor.eu\/es_es\/retinol\">retinol<\/a>, son efectivos para reducir l\u00edneas finas y arrugas, as\u00ed como para estimular la renovaci\u00f3n celular. Sin embargo, pueden ser un poco fuertes, por lo que debes usarlos con precauci\u00f3n y seg\u00fan las indicaciones de un dermat\u00f3logo.<\/li>\n\n\n\n<li><strong>Antioxidantes.<\/strong> Los antioxidantes como la vitamina C pueden ayudar a proteger la piel del da\u00f1o causado por los radicales libres y promover la luminosidad de la piel. Puedes utilizar productos con antioxidantes en combinaci\u00f3n con el \u00e1cido succ\u00ednico para un efecto protector adicional.<\/li>\n\n\n\n<li><strong>P\u00e9ptidos.<\/strong> Los p\u00e9ptidos son ingredientes que pueden ayudar a estimular la producci\u00f3n de col\u00e1geno y mejorar la firmeza de la piel. Combinar p\u00e9ptidos con \u00e1cido succ\u00ednico puede ser beneficioso para el cuidado anti-envejecimiento.<\/li>\n<\/ul>\n\n\n<div class=\"kk-star-ratings kksr-auto kksr-align-center kksr-valign-bottom\"\n    data-payload='{&quot;align&quot;:&quot;center&quot;,&quot;id&quot;:&quot;85828&quot;,&quot;slug&quot;:&quot;default&quot;,&quot;valign&quot;:&quot;bottom&quot;,&quot;ignore&quot;:&quot;&quot;,&quot;reference&quot;:&quot;auto&quot;,&quot;class&quot;:&quot;&quot;,&quot;count&quot;:&quot;5&quot;,&quot;legendonly&quot;:&quot;&quot;,&quot;readonly&quot;:&quot;&quot;,&quot;score&quot;:&quot;4.6&quot;,&quot;starsonly&quot;:&quot;&quot;,&quot;best&quot;:&quot;5&quot;,&quot;gap&quot;:&quot;5&quot;,&quot;greet&quot;:&quot;Valora este art\u00edculo&quot;,&quot;legend&quot;:&quot;4.6\\\/5 - (5 votos)&quot;,&quot;size&quot;:&quot;24&quot;,&quot;title&quot;:&quot;\u00bfPara qu\u00e9 sirve el \u00e1cido succ\u00ednico?&quot;,&quot;width&quot;:&quot;130.9&quot;,&quot;_legend&quot;:&quot;{score}\\\/{best} - ({count} {votes})&quot;,&quot;font_factor&quot;:&quot;1.25&quot;}'>\n            \n<div class=\"kksr-stars\">\n    \n<div class=\"kksr-stars-inactive\">\n            <div class=\"kksr-star\" data-star=\"1\" style=\"padding-right: 5px\">\n            \n\n<div class=\"kksr-icon\" style=\"width: 24px; height: 24px;\"><\/div>\n        <\/div>\n            <div class=\"kksr-star\" data-star=\"2\" style=\"padding-right: 5px\">\n            \n\n<div class=\"kksr-icon\" style=\"width: 24px; height: 24px;\"><\/div>\n        <\/div>\n            <div class=\"kksr-star\" data-star=\"3\" style=\"padding-right: 5px\">\n            \n\n<div class=\"kksr-icon\" style=\"width: 24px; height: 24px;\"><\/div>\n        <\/div>\n            <div class=\"kksr-star\" data-star=\"4\" style=\"padding-right: 5px\">\n            \n\n<div class=\"kksr-icon\" style=\"width: 24px; height: 24px;\"><\/div>\n        <\/div>\n            <div class=\"kksr-star\" data-star=\"5\" style=\"padding-right: 5px\">\n            \n\n<div class=\"kksr-icon\" style=\"width: 24px; height: 24px;\"><\/div>\n        <\/div>\n    <\/div>\n    \n<div class=\"kksr-stars-active\" style=\"width: 130.9px;\">\n            <div class=\"kksr-star\" style=\"padding-right: 5px\">\n            \n\n<div class=\"kksr-icon\" style=\"width: 24px; height: 24px;\"><\/div>\n        <\/div>\n            <div class=\"kksr-star\" style=\"padding-right: 5px\">\n            \n\n<div class=\"kksr-icon\" style=\"width: 24px; height: 24px;\"><\/div>\n        <\/div>\n            <div class=\"kksr-star\" style=\"padding-right: 5px\">\n            \n\n<div class=\"kksr-icon\" style=\"width: 24px; height: 24px;\"><\/div>\n        <\/div>\n            <div class=\"kksr-star\" style=\"padding-right: 5px\">\n            \n\n<div class=\"kksr-icon\" style=\"width: 24px; height: 24px;\"><\/div>\n        <\/div>\n            <div class=\"kksr-star\" style=\"padding-right: 5px\">\n            \n\n<div class=\"kksr-icon\" style=\"width: 24px; height: 24px;\"><\/div>\n        <\/div>\n    <\/div>\n<\/div>\n                \n\n<div class=\"kksr-legend\" style=\"font-size: 19.2px;\">\n            4.6\/5 - (5 votos)    <\/div>\n    <\/div>\n","protected":false},"excerpt":{"rendered":"<p>Hoy en d\u00eda existen m\u00faltiples activos que pueden ayudarnos en nuestro cuidado diario de la piel. Sin embargo, cada dermis es un mundo, y cada una de ellas necesita unos productos y activos adecuados frente a unas carencias espec\u00edficas. En materia de \u00e1cidos, conviene andarse con pies de plomo para no abrasarnos la cara. Hay [&hellip;]<\/p>\n","protected":false},"author":14,"featured_media":85830,"comment_status":"closed","ping_status":"closed","sticky":false,"template":"","format":"standard","meta":{"jnews-multi-image_gallery":[],"jnews_single_post":{"subtitle":"","format":"standard","video":"","gallery":"","source_name":"","source_url":"","via_name":"","via_url":"","override_template":"0","override":[{"template":"1","single_blog_custom":"","parallax":"1","fullscreen":"1","layout":"right-sidebar","sidebar":"home-2","second_sidebar":"default-sidebar","sticky_sidebar":"0","share_position":"float","share_float_style":"share-monocrhome","show_share_counter":"0","show_view_counter":"0","show_featured":"1","show_post_meta":"1","show_post_author":"0","show_post_author_image":"1","show_post_date":"1","post_date_format":"default","post_date_format_custom":"Y\/m\/d","show_post_category":"1","show_post_reading_time":"0","post_reading_time_wpm":"300","show_zoom_button":"0","zoom_button_out_step":"2","zoom_button_in_step":"3","show_post_tag":"0","show_prev_next_post":"0","show_popup_post":"0","number_popup_post":"2","show_author_box":"0","show_post_related":"0","show_inline_post_related":"1"}],"override_image_size":"0","image_override":[{"single_post_thumbnail_size":"no-crop","single_post_gallery_size":"crop-500"}],"trending_post":"0","trending_post_position":"meta","trending_post_label":"Trending","sponsored_post":"0","sponsored_post_label":"Sponsored by","sponsored_post_name":"","sponsored_post_url":"","sponsored_post_logo_enable":"0","sponsored_post_logo":"","sponsored_post_desc":"","disable_ad":"0"},"jnews_primary_category":{"id":"","hide":""},"jnews_social_meta":{"fb_title":"","fb_description":"","fb_image":"","twitter_title":"","twitter_description":"","twitter_image":""},"jnews_override_counter":{"override_view_counter":"0","view_counter_number":"0","override_share_counter":"0","share_counter_number":"0","override_like_counter":"0","like_counter_number":"0","override_dislike_counter":"0","dislike_counter_number":"0"},"footnotes":""},"categories":[4950],"tags":[],"class_list":["post-85828","post","type-post","status-publish","format-standard","has-post-thumbnail","hentry","category-principios-activos"],"_links":{"self":[{"href":"https:\/\/www.primor.eu\/blog\/wp-json\/wp\/v2\/posts\/85828","targetHints":{"allow":["GET"]}}],"collection":[{"href":"https:\/\/www.primor.eu\/blog\/wp-json\/wp\/v2\/posts"}],"about":[{"href":"https:\/\/www.primor.eu\/blog\/wp-json\/wp\/v2\/types\/post"}],"author":[{"embeddable":true,"href":"https:\/\/www.primor.eu\/blog\/wp-json\/wp\/v2\/users\/14"}],"replies":[{"embeddable":true,"href":"https:\/\/www.primor.eu\/blog\/wp-json\/wp\/v2\/comments?post=85828"}],"version-history":[{"count":1,"href":"https:\/\/www.primor.eu\/blog\/wp-json\/wp\/v2\/posts\/85828\/revisions"}],"predecessor-version":[{"id":85831,"href":"https:\/\/www.primor.eu\/blog\/wp-json\/wp\/v2\/posts\/85828\/revisions\/85831"}],"wp:featuredmedia":[{"embeddable":true,"href":"https:\/\/www.primor.eu\/blog\/wp-json\/wp\/v2\/media\/85830"}],"wp:attachment":[{"href":"https:\/\/www.primor.eu\/blog\/wp-json\/wp\/v2\/media?parent=85828"}],"wp:term":[{"taxonomy":"category","embeddable":true,"href":"https:\/\/www.primor.eu\/blog\/wp-json\/wp\/v2\/categories?post=85828"},{"taxonomy":"post_tag","embeddable":true,"href":"https:\/\/www.primor.eu\/blog\/wp-json\/wp\/v2\/tags?post=85828"}],"curies":[{"name":"wp","href":"https:\/\/api.w.org\/{rel}","templated":true}]}}