{"id":84935,"date":"2025-09-10T15:12:27","date_gmt":"2025-09-10T15:12:27","guid":{"rendered":"https:\/\/blog.primor.eu\/?p=84935"},"modified":"2025-09-10T15:13:02","modified_gmt":"2025-09-10T15:13:02","slug":"como-aplicar-un-serum","status":"publish","type":"post","link":"https:\/\/www.primor.eu\/blog\/como-aplicar-un-serum\/","title":{"rendered":"C\u00f3mo aplicar un s\u00e9rum facial correctamente para lucir una piel radiante seg\u00fan expertos"},"content":{"rendered":"\n<p>Tenlo claro: <strong>c\u00f3mo aplicar un s\u00e9rum correctamente<\/strong> es importante para obtener los mejores resultados. Los <strong>s\u00e9rums<\/strong> son productos concentrados dise\u00f1ados para tratar problemas espec\u00edficos de la piel, como la hidrataci\u00f3n, las arrugas, la luminosidad, entre otros. Te contamos el paso a paso de los expertos para presumir de los mejores resultados.&nbsp;<\/p>\n\n\n\n<h2 class=\"wp-block-heading\">C\u00f3mo aplicar el s\u00e9rum facial correctamente<\/h2>\n\n\n\n<p>Es muy simple, tan solo tienes que seguir los siguientes pasos:<\/p>\n\n\n\n<ol class=\"wp-block-list\">\n<li><strong><a href=\"https:\/\/www.primor.eu\/es_es\/limpieza-facial\" data-type=\"link\" data-id=\"https:\/\/www.primor.eu\/es_es\/limpieza-facial\">Limpieza<\/a>. <\/strong>Comienza con una piel limpia y tonificada. Lava tu rostro con un <a href=\"https:\/\/www.primor.eu\/es_es\/limpiadores-faciales\" data-type=\"link\" data-id=\"https:\/\/www.primor.eu\/es_es\/limpiadores-faciales\">limpiador<\/a> suave y aplica un t\u00f3nico para equilibrar el pH de la piel.<\/li>\n\n\n\n<li><strong><a href=\"https:\/\/www.primor.eu\/es_es\/exfoliantes-faciales\" data-type=\"link\" data-id=\"https:\/\/www.primor.eu\/es_es\/exfoliantes-faciales\">Exfoliaci\u00f3n<\/a><\/strong> (si fuera necesario). Si usas un s\u00e9rum con ingredientes activos como \u00e1cidos exfoliantes, como el <a href=\"https:\/\/www.primor.eu\/es_es\/acido-glicolico\" data-type=\"link\" data-id=\"https:\/\/www.primor.eu\/es_es\/acido-glicolico\">\u00e1cido glic\u00f3lico<\/a> o el <a href=\"https:\/\/www.primor.eu\/blog\/acido-salilico-que-es\/\" data-type=\"post\" data-id=\"66693\">\u00e1cido salic\u00edlico<\/a>, aseg\u00farate de exfoliar tu piel antes de aplicar el s\u00e9rum. Esto ayudar\u00e1 a que los ingredientes penetren mejor.<\/li>\n\n\n\n<li>Usa solo <strong>cuatro o cinco gotas<\/strong> para todo el rostro, cuello y escote. La textura de estos productos es muy ligera y cunde mucho.&nbsp;<\/li>\n\n\n\n<li><strong>Extiende el <a href=\"https:\/\/www.primor.eu\/es_es\/serums\" data-type=\"link\" data-id=\"https:\/\/www.primor.eu\/es_es\/serums\">s\u00e9rum<\/a><\/strong> con la punta de los dedos y golpea la piel suavemente con las yemas una vez que has extendido el producto por toda la piel.<\/li>\n\n\n\n<li>Algunos expertos aconsejan aplicar los s\u00e9rums sobre la <strong>cara humedecida<\/strong> para facilitar la absorci\u00f3n del producto.<\/li>\n\n\n\n<li><strong>Espera<\/strong> para que se absorba completamente antes de aplicar otros productos como la <a href=\"https:\/\/www.primor.eu\/es_es\/cremas-hidratantes-faciales\" data-type=\"link\" data-id=\"https:\/\/www.primor.eu\/es_es\/cremas-hidratantes-faciales\">crema hidratante<\/a> o el <a href=\"https:\/\/www.primor.eu\/es_es\/proteccion-solar\" data-type=\"link\" data-id=\"https:\/\/www.primor.eu\/es_es\/proteccion-solar\">protector solar<\/a>.&nbsp;<\/li>\n<\/ol>\n\n\n\n<h2 class=\"wp-block-heading\">\u00bfPara qu\u00e9 sirve el s\u00e9rum?<\/h2>\n\n\n\n<p>El <strong>s\u00e9rum<\/strong> es un producto de cuidado de la piel altamente concentrado y ligero que se utiliza para brindar <strong>beneficios<\/strong> espec\u00edficos a la piel, que pueden ir desde seborreguladores hasta antiedad. Los <a href=\"https:\/\/www.primor.eu\/blog\/mejores-serums-faciales-primor\/\">mejores s\u00e9rums<\/a> se formulan con ingredientes activos en una concentraci\u00f3n mucho mayor que la mayor\u00eda de las cremas hidratantes tradicionales y est\u00e1n dise\u00f1ados para abordar problemas espec\u00edficos de la piel y proporcionar resultados visibles. Algunos de sus beneficios m\u00e1s comunes son:<\/p>\n\n\n\n<ul class=\"wp-block-list\">\n<li><a href=\"https:\/\/www.primor.eu\/blog\/serums-hidratantes\/\"><strong>Hidrataci\u00f3n<\/strong><\/a> profunda y duradera.<\/li>\n\n\n\n<li><a href=\"https:\/\/www.primor.eu\/blog\/mejores-serums-antiarrugas\/\"><strong>Rejuvenecimiento<\/strong><\/a>. Los s\u00e9rums con ingredientes como el \u00e1cido hialur\u00f3nico, la vitamina C y los p\u00e9ptidos pueden ayudar a reducir la apariencia de arrugas, l\u00edneas finas y signos de envejecimiento.<\/li>\n\n\n\n<li><a href=\"https:\/\/www.primor.eu\/blog\/serum-iluminadores\/\"><strong>Iluminaci\u00f3n<\/strong><\/a><strong> y aclarado<\/strong>. Los s\u00e9rums con ingredientes como la vitamina C y los extractos naturales pueden ayudar a mejorar la luminosidad de la piel y reducir la apariencia de manchas oscuras y decoloraciones.<\/li>\n\n\n\n<li><strong>Firmeza y elasticidad<\/strong>. Contienen ingredientes que ayudan a mejorar la firmeza y elasticidad de la piel, como el col\u00e1geno y los p\u00e9ptidos.<\/li>\n\n\n\n<li><strong>Control del <\/strong><a href=\"https:\/\/www.primor.eu\/blog\/serums-con-acido-salicilico\/\"><strong>acn\u00e9<\/strong><\/a>. Los s\u00e9rums con \u00e1cido salic\u00edlico, niacinamida u otros ingredientes pueden ayudar a controlar el exceso de grasa y reducir los brotes de acn\u00e9<\/li>\n\n\n\n<li><a href=\"https:\/\/www.primor.eu\/blog\/serum-pieles-sensibles\/\"><strong>Tratamiento de la piel sensible<\/strong><\/a>. Hay s\u00e9rums dise\u00f1ados espec\u00edficamente para pieles sensibles, que pueden ayudar a calmar la irritaci\u00f3n y la inflamaci\u00f3n.<\/li>\n\n\n\n<li><strong>Reducci\u00f3n de poros<\/strong>. Algunos s\u00e9rums contienen ingredientes que pueden ayudar a reducir la apariencia de poros dilatados.<\/li>\n<\/ul>\n\n\n\n<h2 class=\"wp-block-heading\">Qu\u00e9 tipos de s\u00e9rums hay y c\u00f3mo elegirlos<\/h2>\n\n\n\n<p>Hay tantos tipos como necesidades de piel. Aqu\u00ed te dejamos algunos de los tipos de s\u00e9rums faciales m\u00e1s comunes:<\/p>\n\n\n\n<ul class=\"wp-block-list\">\n<li><strong><a href=\"https:\/\/www.primor.eu\/blog\/mejores-serums-hidratantes\/\" data-type=\"post\" data-id=\"66614\">S\u00e9rums hidratantes<\/a>. <\/strong>Sus f\u00f3rmulas nutren la piel en profundidad logrando que se mantenga suave y flexible. Suelen contener ingredientes como el \u00c1cido Hialur\u00f3nico, el Aceite de Jojoba, el Aceite de Arg\u00e1n y extractos vegetales.<\/li>\n\n\n\n<li><strong><a href=\"https:\/\/www.primor.eu\/blog\/mejores-serums-antiarrugas\/\" data-type=\"link\" data-id=\"https:\/\/www.primor.eu\/blog\/mejores-serums-antiarrugas\/\">S\u00e9rums antiedad<\/a>. <\/strong>Sus poderosas f\u00f3rmulas antioxidantes estimulan la producci\u00f3n de col\u00e1geno y elastina. Nos ayudan a reducir la apariencia de las l\u00edneas finas y arrugas logrando un rostro visiblemente m\u00e1s fresco.<\/li>\n\n\n\n<li><strong>S\u00e9rums reparadores.<\/strong> Sus f\u00f3rmulas est\u00e1n dise\u00f1adas para potenciar la actividad celular mientras dormimos.&nbsp;<\/li>\n\n\n\n<li><strong>S\u00e9rums remodeladores.<\/strong> Son capaces de rellenar las arrugas y redefinir el \u00f3valo facial para lucir un efecto lifting.<\/li>\n\n\n\n<li><strong>S\u00e9rums reafirmantes.<\/strong> Combaten la p\u00e9rdida de firmeza y rejuvenecen la tez. Los expertos recomiendan su uso en pieles maduras.<\/li>\n\n\n\n<li><strong>S\u00e9rums antimanchas.<\/strong> Combaten las irregularidades en la pigmentaci\u00f3n de la dermis.<\/li>\n\n\n\n<li><strong>S\u00e9rums iluminadores.<\/strong> Iluminan el cutis y nos ayudan a reducir la apariencia de las manchas oscuras. Contienen ingredientes como la Vitamina C, el \u00c1cido K\u00f3jico y extractos de plantas.<\/li>\n\n\n\n<li><strong>S\u00e9rums para el acn\u00e9.<\/strong> Ayudan a controlar el exceso de sebo y reducen la apariencia de los poros. Sus f\u00f3rmulas con ingredientes como el \u00c1cido Salic\u00edlico reducen la apariencia de las manchas y ayudan a afinar la textura de la piel.<\/li>\n<\/ul>\n\n\n\n<h2 class=\"wp-block-heading\">\u00bfCu\u00e1ntas veces hay que ponerse s\u00e9rum en la cara?<\/h2>\n\n\n\n<p>El <strong>s\u00e9rum facial <\/strong>puede aplicarse<strong> dos veces al d\u00eda<\/strong>, una por la <strong>ma\u00f1ana<\/strong> y otra por la<strong> noche<\/strong> sobre el rostro y el cuello. Eso s\u00ed, no todos los tipos de s\u00e9rum pueden aplicarse a la misma hora. Algunos como el Retinol deben aplicarse siempre de noche y aplicar crema solar a la ma\u00f1ana siguiente debido a su alta reactividad a la luz solar.<\/p>\n\n\n\n<h2 class=\"wp-block-heading\">\u00bfCu\u00e1nto tiempo se deja el s\u00e9rum en la cara?<\/h2>\n\n\n\n<p>Depende. Despu\u00e9s de aplicar el s\u00e9rum en la cara, es recomendable <strong>esperar<\/strong> para permitir que se absorba adecuadamente antes de aplicar otros productos. En general, se sugiere esperar alrededor de <strong>1 a 2 minutos<\/strong> antes de continuar con la aplicaci\u00f3n de tu crema hidratante y protector solar. Esto le dar\u00e1 al s\u00e9rum suficiente tiempo para penetrar en la piel y comenzar a trabajar en sus beneficios.<\/p>\n\n\n\n<h2 class=\"wp-block-heading\">\u00bfQu\u00e9 pasa si uso s\u00e9rum todos los d\u00edas?<\/h2>\n\n\n\n<p>Nada malo. Es m\u00e1s, usar un buen s\u00e9rum a diario puede ser <strong>beneficioso<\/strong> para la salud y apariencia de tu piel, siempre y cuando el s\u00e9rum est\u00e9 formulado adecuadamente para tu tipo de piel y necesidades, ya que tu piel se ver\u00e1 mucho m\u00e1s <strong>hidratada, joven, el\u00e1stica y luminosa.<\/strong><\/p>\n\n\n\n<h2 class=\"wp-block-heading\">Los mejores s\u00e9rums est\u00e1n en Primor<\/h2>\n\n\n        <product-table class=\"pr-slider\">\r\n            <product-headers class=\"grid-table-rows\">\r\n                <div>Foto<\/div>\r\n                <div>Producto<\/div>\r\n                <div>Marca<\/div>\r\n                <div>Valoraciones<\/div>\r\n                <div>Precio<\/div>\r\n            <\/product-headers>\r\n\r\n            <product-list>\r\n                                    <a href=\"https:\/\/www.primor.eu\/es_es\/eucerin-anti-pigment-dual-serum-antimanchas-60861.html\" class=\"product-item grid-table-rows\" target=\"_blank\">\r\n                        <div>\r\n                            <img decoding=\"async\" class=\"product-img\" width=\"80px\" height=\"80px\" src=\"https:\/\/www.primor.eu\/blog\/wp-content\/uploads\/2024\/08\/EUC_SalesVisuals_AntiPigment_DualSerum_Asset_1___Product_1_sin_ml_9f3f.png\" alt=\"Eucerin Anti-Pigment Dual Serum Antimanchas\">\r\n                        <\/div>\r\n\r\n                        <!-- Contenido de producto  -->\r\n                        <div>\r\n                            <div class=\"product-position\">\r\n                                #1 Top Ventas                            <\/div>\r\n\r\n                            <h2>\r\n                                Eucerin Anti-Pigment Dual Serum Antimanchas                            <\/h2>\r\n                        <\/div>\r\n\r\n                        <!-- Imagen y\/o nombre de la marca -->\r\n                        <div>\r\n                                                            <img decoding=\"async\" width=\"70\" src=\"https:\/\/www.primor.eu\/blog\/wp-content\/uploads\/2023\/08\/Eucerin_logo.svg_1.png\" alt=\"84289\">\r\n                                                    <\/div>\r\n\r\n                        <!-- Puntuaci\u00f3n del producto  -->\r\n                        <div class=\"rating\">\r\n                                                            <div class=\"rate\" style=\"--p:96;\"><\/div>\r\n                                <b>4.8\/5<\/b>\r\n                                <div class=\"rate-stars\">\r\n                                                                            <div\r\n                                            class=\"rate-star  \">\r\n                                        <\/div>\r\n                                                                            <div\r\n                                            class=\"rate-star  \">\r\n                                        <\/div>\r\n                                                                            <div\r\n                                            class=\"rate-star  \">\r\n                                        <\/div>\r\n                                                                            <div\r\n                                            class=\"rate-star  \">\r\n                                        <\/div>\r\n                                                                            <div\r\n                                            class=\"rate-star  \">\r\n                                        <\/div>\r\n                                                                    <\/div>\r\n                                                    <\/div>\r\n\r\n                        <!-- Bot\u00f3n de producto  -->\r\n                        <div>\r\n                            <span class=\"price-claim\">\r\n                                VER PRECIO                            <\/span>\r\n                        <\/div>\r\n                    <\/a>\r\n                                    <a href=\"https:\/\/www.primor.eu\/es_es\/sisley-hydra-global-serum-facial-hidratante-antiedad-14973.html\" class=\"product-item grid-table-rows\" target=\"_blank\">\r\n                        <div>\r\n                            <img decoding=\"async\" class=\"product-img\" width=\"80px\" height=\"80px\" src=\"https:\/\/www.primor.eu\/blog\/wp-content\/uploads\/2024\/08\/0TF15009_1_0c38.jpg\" alt=\"Sisley Hydra Global S\u00e9rum facial hidratante antiedad\">\r\n                        <\/div>\r\n\r\n                        <!-- Contenido de producto  -->\r\n                        <div>\r\n                            <div class=\"product-position\">\r\n                                #2                            <\/div>\r\n\r\n                            <h2>\r\n                                Sisley Hydra Global S\u00e9rum facial hidratante antiedad                            <\/h2>\r\n                        <\/div>\r\n\r\n                        <!-- Imagen y\/o nombre de la marca -->\r\n                        <div>\r\n                                                            <img decoding=\"async\" width=\"70\" src=\"https:\/\/www.primor.eu\/blog\/wp-content\/uploads\/2023\/08\/sisley.png\" alt=\"84888\">\r\n                                                    <\/div>\r\n\r\n                        <!-- Puntuaci\u00f3n del producto  -->\r\n                        <div class=\"rating\">\r\n                                                            <p>No hay valoraciones disponibles<\/p>\r\n                                                    <\/div>\r\n\r\n                        <!-- Bot\u00f3n de producto  -->\r\n                        <div>\r\n                            <span class=\"price-claim\">\r\n                                VER PRECIO                            <\/span>\r\n                        <\/div>\r\n                    <\/a>\r\n                                    <a href=\"https:\/\/www.primor.eu\/es_es\/sesderma-samay-crema-antienvejecimiento-18427.html\" class=\"product-item grid-table-rows\" target=\"_blank\">\r\n                        <div>\r\n                            <img decoding=\"async\" class=\"product-img\" width=\"80px\" height=\"80px\" src=\"https:\/\/www.primor.eu\/blog\/wp-content\/uploads\/2023\/09\/6XS11764_1_590e.jpg\" alt=\"Sesderma Samay Crema antienvejecimiento\">\r\n                        <\/div>\r\n\r\n                        <!-- Contenido de producto  -->\r\n                        <div>\r\n                            <div class=\"product-position\">\r\n                                #3                            <\/div>\r\n\r\n                            <h2>\r\n                                Sesderma Samay Crema antienvejecimiento                            <\/h2>\r\n                        <\/div>\r\n\r\n                        <!-- Imagen y\/o nombre de la marca -->\r\n                        <div>\r\n                                                            <img decoding=\"async\" width=\"70\" src=\"https:\/\/www.primor.eu\/blog\/wp-content\/uploads\/2023\/08\/sesderma.jpg\" alt=\"84454\">\r\n                                                    <\/div>\r\n\r\n                        <!-- Puntuaci\u00f3n del producto  -->\r\n                        <div class=\"rating\">\r\n                                                            <div class=\"rate\" style=\"--p:98;\"><\/div>\r\n                                <b>4.9\/5<\/b>\r\n                                <div class=\"rate-stars\">\r\n                                                                            <div\r\n                                            class=\"rate-star  \">\r\n                                        <\/div>\r\n                                                                            <div\r\n                                            class=\"rate-star  \">\r\n                                        <\/div>\r\n                                                                            <div\r\n                                            class=\"rate-star  \">\r\n                                        <\/div>\r\n                                                                            <div\r\n                                            class=\"rate-star  \">\r\n                                        <\/div>\r\n                                                                            <div\r\n                                            class=\"rate-star  \">\r\n                                        <\/div>\r\n                                                                    <\/div>\r\n                                                    <\/div>\r\n\r\n                        <!-- Bot\u00f3n de producto  -->\r\n                        <div>\r\n                            <span class=\"price-claim\">\r\n                                VER PRECIO                            <\/span>\r\n                        <\/div>\r\n                    <\/a>\r\n                            <\/product-list>\r\n        <\/product-table>\r\n\r\n        \n\n\n\n<h3 class=\"wp-block-heading\">Anti-Pigment Dual Serum Antimanchas de Eucerin<\/h3>\n\n\n\n<p>Eucerin ha creado un s\u00e9rum despigmentante de doble acci\u00f3n con un nuevo recipiente monoc\u00e1mara que combina thiamidol y \u00e1cido hialur\u00f3nico para ofrecer los siguientes beneficios:<\/p>\n\n\n\n<p>1. Reduce las manchas hasta un 75 % (primeros resultados visibles en 2 semanas con un uso habitual).<\/p>\n\n\n\n<p>2. Renueva el aspecto de la piel.<\/p>\n\n\n\n<p>3. Consigue una piel uniforme y radiante.<\/p>\n\n\n\n<p>4. Reduce las ojeras.<\/p>\n\n\n\n<p>5. Es apta para todo tipo de pieles.<\/p>\n\n\n    <a class='product' target='_blank' href='https:\/\/www.primor.eu\/es_es\/eucerin-anti-pigment-dual-serum-antimanchas-60861.html'>\r\n        <img loading='async' src='https:\/\/cdn2.primor.eu\/media\/catalog\/product\/cache\/8d3aba296f7a18b5251ee30fa5db42b2\/E\/U\/EUC_SalesVisuals_AntiPigment_DualSerum_Asset_1___Product_1_sin_ml_09b2.png' alt='COMPRAR AHORA'>\r\n            <div class=\"claim\">\r\n                COMPRAR AHORA            <\/div>\r\n        <\/a>\r\n    \n\n\n\n<h3 class=\"wp-block-heading\">Hydra Global S\u00e9rum facial hidratante antiedad de Sisley<\/h3>\n\n\n\n<p>Este s\u00e9rum \u00fanico potencia la hidrataci\u00f3n de la piel con ingredientes activos de origen natural, actuando en las 3 fases clave del ciclo del agua: - Aumenta las reservas de agua con levadura de Agave Azul y semillas de Algarroba. - Promueve la circulaci\u00f3n del agua en la epidermis mediante el extracto de Pensamiento Silvestre. - Retiene el agua en el coraz\u00f3n de la piel con el extracto de Iris y Edelweiss.<\/p>\n\n\n    <a class='product' target='_blank' href='https:\/\/www.primor.eu\/es_es\/sisley-hydra-global-serum-facial-hidratante-antiedad-14973.html'>\r\n        <img loading='async' src='https:\/\/cdn2.primor.eu\/media\/catalog\/product\/cache\/8d3aba296f7a18b5251ee30fa5db42b2\/0\/T\/0TF15009_1_0c38.jpg' alt='COMPRAR AHORA'>\r\n            <div class=\"claim\">\r\n                COMPRAR AHORA            <\/div>\r\n        <\/a>\r\n    \n\n\n\n<h3 class=\"wp-block-heading\">Samay Crema antienvejecimiento de Sesderma<\/h3>\n\n\n\n<p>Crema nutritiva antiarrugas para pieles sensibles, formulada con activos que calman e hidratan la piel, creando una acci\u00f3n barrera que protege tu piel cada d\u00eda.<\/p>\n\n\n    <a class='product' target='_blank' href='https:\/\/www.primor.eu\/es_es\/sesderma-samay-crema-antienvejecimiento-18427.html'>\r\n        <img loading='async' src='https:\/\/cdn2.primor.eu\/media\/catalog\/product\/cache\/8d3aba296f7a18b5251ee30fa5db42b2\/8\/4\/8429979446954_379f.jpg' alt='COMPRAR AHORA'>\r\n            <div class=\"claim\">\r\n                COMPRAR AHORA            <\/div>\r\n        <\/a>\r\n    \n\n\n\n<h3 class=\"wp-block-heading\">Skin Active Vitamina C Crema Serum Iluminador Antimanchas de Garnier<\/h3>\n\n\n\n<p>Dise\u00f1ada para todo tipo de pieles y dermatol\u00f3gicamente probada, la Skin Active Vitamina C Crema Serum Iluminadora Antimanchas de Garnier es un producto vers\u00e1til que se adapta a tus necesidades. Su textura ligera se absorbe f\u00e1cilmente, dejando tu piel suave y sin sensaci\u00f3n grasosa.<\/p>\n\n\n    <a class='product' target='_blank' href='https:\/\/www.primor.eu\/es_es\/garnier-skin-active-vitamina-c-crema-serum-iluminador-antimanchas-17739.html'>\r\n        <img loading='async' src='https:\/\/cdn2.primor.eu\/media\/catalog\/product\/cache\/8d3aba296f7a18b5251ee30fa5db42b2\/0\/T\/0TF21866_1_ca7f.jpg' alt='COMPRAR AHORA'>\r\n            <div class=\"claim\">\r\n                COMPRAR AHORA            <\/div>\r\n        <\/a>\r\n    \n\n\n<div class=\"kk-star-ratings kksr-auto kksr-align-center kksr-valign-bottom\"\n    data-payload='{&quot;align&quot;:&quot;center&quot;,&quot;id&quot;:&quot;84935&quot;,&quot;slug&quot;:&quot;default&quot;,&quot;valign&quot;:&quot;bottom&quot;,&quot;ignore&quot;:&quot;&quot;,&quot;reference&quot;:&quot;auto&quot;,&quot;class&quot;:&quot;&quot;,&quot;count&quot;:&quot;0&quot;,&quot;legendonly&quot;:&quot;&quot;,&quot;readonly&quot;:&quot;&quot;,&quot;score&quot;:&quot;0&quot;,&quot;starsonly&quot;:&quot;&quot;,&quot;best&quot;:&quot;5&quot;,&quot;gap&quot;:&quot;5&quot;,&quot;greet&quot;:&quot;Valora este art\u00edculo&quot;,&quot;legend&quot;:&quot;0\\\/5 - (0 votos)&quot;,&quot;size&quot;:&quot;24&quot;,&quot;title&quot;:&quot;C\u00f3mo aplicar un s\u00e9rum facial correctamente para lucir una piel radiante seg\u00fan expertos&quot;,&quot;width&quot;:&quot;0&quot;,&quot;_legend&quot;:&quot;{score}\\\/{best} - ({count} {votes})&quot;,&quot;font_factor&quot;:&quot;1.25&quot;}'>\n            \n<div class=\"kksr-stars\">\n    \n<div class=\"kksr-stars-inactive\">\n            <div class=\"kksr-star\" data-star=\"1\" style=\"padding-right: 5px\">\n            \n\n<div class=\"kksr-icon\" style=\"width: 24px; height: 24px;\"><\/div>\n        <\/div>\n            <div class=\"kksr-star\" data-star=\"2\" style=\"padding-right: 5px\">\n            \n\n<div class=\"kksr-icon\" style=\"width: 24px; height: 24px;\"><\/div>\n        <\/div>\n            <div class=\"kksr-star\" data-star=\"3\" style=\"padding-right: 5px\">\n            \n\n<div class=\"kksr-icon\" style=\"width: 24px; height: 24px;\"><\/div>\n        <\/div>\n            <div class=\"kksr-star\" data-star=\"4\" style=\"padding-right: 5px\">\n            \n\n<div class=\"kksr-icon\" style=\"width: 24px; height: 24px;\"><\/div>\n        <\/div>\n            <div class=\"kksr-star\" data-star=\"5\" style=\"padding-right: 5px\">\n            \n\n<div class=\"kksr-icon\" style=\"width: 24px; height: 24px;\"><\/div>\n        <\/div>\n    <\/div>\n    \n<div class=\"kksr-stars-active\" style=\"width: 0px;\">\n            <div class=\"kksr-star\" style=\"padding-right: 5px\">\n            \n\n<div class=\"kksr-icon\" style=\"width: 24px; height: 24px;\"><\/div>\n        <\/div>\n            <div class=\"kksr-star\" style=\"padding-right: 5px\">\n            \n\n<div class=\"kksr-icon\" style=\"width: 24px; height: 24px;\"><\/div>\n        <\/div>\n            <div class=\"kksr-star\" style=\"padding-right: 5px\">\n            \n\n<div class=\"kksr-icon\" style=\"width: 24px; height: 24px;\"><\/div>\n        <\/div>\n            <div class=\"kksr-star\" style=\"padding-right: 5px\">\n            \n\n<div class=\"kksr-icon\" style=\"width: 24px; height: 24px;\"><\/div>\n        <\/div>\n            <div class=\"kksr-star\" style=\"padding-right: 5px\">\n            \n\n<div class=\"kksr-icon\" style=\"width: 24px; height: 24px;\"><\/div>\n        <\/div>\n    <\/div>\n<\/div>\n                \n\n<div class=\"kksr-legend\" style=\"font-size: 19.2px;\">\n            <span class=\"kksr-muted\">Valora este art\u00edculo<\/span>\n    <\/div>\n    <\/div>\n","protected":false},"excerpt":{"rendered":"<p>Tenlo claro: c\u00f3mo aplicar un s\u00e9rum correctamente es importante para obtener los mejores resultados. Los s\u00e9rums son productos concentrados dise\u00f1ados para tratar problemas espec\u00edficos de la piel, como la hidrataci\u00f3n, las arrugas, la luminosidad, entre otros. Te contamos el paso a paso de los expertos para presumir de los mejores resultados.&nbsp; C\u00f3mo aplicar el s\u00e9rum [&hellip;]<\/p>\n","protected":false},"author":14,"featured_media":84937,"comment_status":"closed","ping_status":"closed","sticky":false,"template":"","format":"standard","meta":{"jnews-multi-image_gallery":[],"jnews_single_post":{"subtitle":"","format":"standard","video":"","gallery":"","source_name":"","source_url":"","via_name":"","via_url":"","override_template":"0","override":[{"template":"1","single_blog_custom":"","parallax":"1","fullscreen":"1","layout":"right-sidebar","sidebar":"home-2","second_sidebar":"default-sidebar","sticky_sidebar":"0","share_position":"float","share_float_style":"share-monocrhome","show_share_counter":"1","show_view_counter":"1","show_featured":"1","show_post_meta":"1","show_post_author":"0","show_post_author_image":"1","show_post_date":"1","post_date_format":"default","post_date_format_custom":"Y\/m\/d","show_post_category":"1","show_post_reading_time":"0","post_reading_time_wpm":"300","show_zoom_button":"0","zoom_button_out_step":"2","zoom_button_in_step":"3","show_post_tag":"0","show_prev_next_post":"1","show_popup_post":"1","number_popup_post":"2","show_author_box":"0","show_post_related":"0","show_inline_post_related":"0"}],"override_image_size":"0","image_override":[{"single_post_thumbnail_size":"crop-500","single_post_gallery_size":"crop-500"}],"trending_post":"0","trending_post_position":"meta","trending_post_label":"Trending","sponsored_post":"0","sponsored_post_label":"Sponsored by","sponsored_post_name":"","sponsored_post_url":"","sponsored_post_logo_enable":"0","sponsored_post_logo":"","sponsored_post_desc":"","disable_ad":"0"},"jnews_primary_category":{"id":"","hide":""},"jnews_social_meta":{"fb_title":"","fb_description":"","fb_image":"","twitter_title":"","twitter_description":"","twitter_image":""},"jnews_override_counter":{"override_view_counter":"0","view_counter_number":"0","override_share_counter":"0","share_counter_number":"0","override_like_counter":"0","like_counter_number":"0","override_dislike_counter":"0","dislike_counter_number":"0"},"footnotes":""},"categories":[29],"tags":[],"class_list":["post-84935","post","type-post","status-publish","format-standard","has-post-thumbnail","hentry","category-cosmetica"],"_links":{"self":[{"href":"https:\/\/www.primor.eu\/blog\/wp-json\/wp\/v2\/posts\/84935","targetHints":{"allow":["GET"]}}],"collection":[{"href":"https:\/\/www.primor.eu\/blog\/wp-json\/wp\/v2\/posts"}],"about":[{"href":"https:\/\/www.primor.eu\/blog\/wp-json\/wp\/v2\/types\/post"}],"author":[{"embeddable":true,"href":"https:\/\/www.primor.eu\/blog\/wp-json\/wp\/v2\/users\/14"}],"replies":[{"embeddable":true,"href":"https:\/\/www.primor.eu\/blog\/wp-json\/wp\/v2\/comments?post=84935"}],"version-history":[{"count":5,"href":"https:\/\/www.primor.eu\/blog\/wp-json\/wp\/v2\/posts\/84935\/revisions"}],"predecessor-version":[{"id":131863,"href":"https:\/\/www.primor.eu\/blog\/wp-json\/wp\/v2\/posts\/84935\/revisions\/131863"}],"wp:featuredmedia":[{"embeddable":true,"href":"https:\/\/www.primor.eu\/blog\/wp-json\/wp\/v2\/media\/84937"}],"wp:attachment":[{"href":"https:\/\/www.primor.eu\/blog\/wp-json\/wp\/v2\/media?parent=84935"}],"wp:term":[{"taxonomy":"category","embeddable":true,"href":"https:\/\/www.primor.eu\/blog\/wp-json\/wp\/v2\/categories?post=84935"},{"taxonomy":"post_tag","embeddable":true,"href":"https:\/\/www.primor.eu\/blog\/wp-json\/wp\/v2\/tags?post=84935"}],"curies":[{"name":"wp","href":"https:\/\/api.w.org\/{rel}","templated":true}]}}