{"id":83518,"date":"2023-11-29T12:21:30","date_gmt":"2023-11-29T12:21:30","guid":{"rendered":"https:\/\/blog.primor.eu\/?p=83518"},"modified":"2025-06-30T10:48:13","modified_gmt":"2025-06-30T10:48:13","slug":"como-saber-si-me-voy-a-quedar-calvo","status":"publish","type":"post","link":"https:\/\/www.primor.eu\/blog\/como-saber-si-me-voy-a-quedar-calvo\/","title":{"rendered":"C\u00f3mo saber si me voy a quedar calvo"},"content":{"rendered":"\n<p><strong>\u201cC\u00f3mo saber si me voy a quedar calvo\u201d <\/strong>es una de las frases m\u00e1s buscadas en Google, pero tranquilidad, porque hoy tenemos todas las respuestas a tus preguntas. La <a href=\"https:\/\/www.primor.eu\/es_es\/tratamientos-capilares-parafarmacia\">calvicie<\/a> no tiene soluci\u00f3n, al menos, no una sin intervenci\u00f3n. No obstante, su aparici\u00f3n se puede retrasar y tambi\u00e9n predecir.&nbsp;<\/p>\n\n\n\n<h2 class=\"wp-block-heading\">\u00bfC\u00f3mo puedo saber si me voy a quedar calvo?<\/h2>\n\n\n\n<p>La p\u00e9rdida de cabello, o <strong>alopecia<\/strong>, puede ser una preocupaci\u00f3n para muchos hombres. Sin embargo, predecir con certeza si te quedar\u00e1s calvo no es siempre posible, ya que la p\u00e9rdida de cabello puede ser influenciada por una combinaci\u00f3n de factores gen\u00e9ticos, hormonales, de salud y de estilo de vida. Aqu\u00ed hay algunos aspectos a considerar:<\/p>\n\n\n\n<h3 class=\"wp-block-heading\"><strong>1. Gen\u00e9tica<\/strong><\/h3>\n\n\n\n<p>Es un aspecto que juega un papel importante en la p\u00e9rdida de cabello. Si tienes antecedentes familiares de calvicie, es posible que tengas un mayor riesgo de experimentarla t\u00fa mismo.<\/p>\n\n\n\n<h3 class=\"wp-block-heading\"><strong>2. Patr\u00f3n de p\u00e9rdida de cabello<\/strong><\/h3>\n\n\n\n<p>La calvicie puede manifestarse de diferentes formas, como entradas en las sienes, una l\u00ednea de cabello que retrocede, adelgazamiento en la coronilla o p\u00e9rdida generalizada. Observar el patr\u00f3n de p\u00e9rdida de cabello en familiares cercanos puede proporcionarte una idea general.<\/p>\n\n\n\n<h3 class=\"wp-block-heading\"><strong>3. Edad<\/strong><\/h3>\n\n\n\n<p>La edad tambi\u00e9n es un factor a considerar. Algunas personas comienzan a experimentar p\u00e9rdida de cabello en la adolescencia o en sus veinte a\u00f1os, mientras que otras pueden retener su cabello hasta edades m\u00e1s avanzadas.<\/p>\n\n\n\n<h3 class=\"wp-block-heading\"><strong>4. Cambios hormonales<\/strong><\/h3>\n\n\n\n<p>Eso es, los cambios hormonales no se dan solo en las mujeres. Los hombres tienden a experimentar una forma com\u00fan de p\u00e9rdida de cabello llamada alopecia androgen\u00e9tica, que est\u00e1 relacionada con hormonas masculinas.<\/p>\n\n\n\n<h3 class=\"wp-block-heading\"><strong>5. Condiciones m\u00e9dicas<\/strong><\/h3>\n\n\n\n<p>Como el hipotiroidismo o ciertas enfermedades autoinmunes que pueden causar la p\u00e9rdida de cabello. Si est\u00e1s experimentando una p\u00e9rdida repentina o anormal de cabello, es importante consultar a un m\u00e9dico.<\/p>\n\n\n\n<h3 class=\"wp-block-heading\"><strong>6. Estilo de vida y salud<\/strong><\/h3>\n\n\n\n<p>Factores como el estr\u00e9s, la dieta, la falta de nutrientes esenciales, la mala circulaci\u00f3n sangu\u00ednea y el uso de productos capilares agresivos pueden influir en la salud del cabello.<\/p>\n\n\n\n<h2 class=\"wp-block-heading\">Tratamientos antica\u00edda para evitar quedarte calvo<\/h2>\n\n\n\n<p>Si est\u00e1s preocupado, lo mejor es acudir a un <strong>especialista<\/strong> que examine tu caso y te diga cu\u00e1l es el mejor camino a escoger. No obstante, si quieres probar antes alg\u00fan truco, estos son los que mejor funcionan:<\/p>\n\n\n\n<ol class=\"wp-block-list\">\n<li><strong>Cuidado del cuero cabelludo<\/strong>. Mant\u00e9n tu cuero cabelludo limpio y saludable. Lava regularmente tu cabello con un <a href=\"https:\/\/www.primor.eu\/blog\/mejores-champus-sin-sulfatos\/\">champ\u00fa suave<\/a> y evita la acumulaci\u00f3n de productos en el cuero cabelludo.<\/li>\n\n\n\n<li><strong>Alimentaci\u00f3n equilibrada. <\/strong>Una dieta rica en nutrientes esenciales, como vitaminas, minerales y prote\u00ednas, puede favorecer la salud del cabello. Consume alimentos como frutas, verduras, prote\u00ednas magras y grasas saludables.<\/li>\n\n\n\n<li><strong>Hidrataci\u00f3n<\/strong>. Beber suficiente agua es importante para mantener la hidrataci\u00f3n del cuero cabelludo y el cabello.<\/li>\n\n\n\n<li><strong>Evita el estr\u00e9s<\/strong>. Es muy f\u00e1cil decirlo, lo sabemos, pero el estr\u00e9s excesivo puede contribuir a la p\u00e9rdida de cabello. Practica t\u00e9cnicas de manejo del estr\u00e9s, como el yoga, la meditaci\u00f3n y el ejercicio regular.<\/li>\n\n\n\n<li><strong>Cuida tu salud hormonal<\/strong>. Consulta a un m\u00e9dico si notas cambios inusuales en tu salud hormonal.<\/li>\n\n\n\n<li><strong>Evita tratamientos agresivos, <\/strong>como alisados permanentes y decoloraciones frecuentes, ya que pueden debilitar los fol\u00edculos capilares.<\/li>\n\n\n\n<li><strong>Protege tu cabello del sol<\/strong>. La exposici\u00f3n prolongada al sol puede da\u00f1ar el cabello. Usa sombreros o productos capilares con protecci\u00f3n solar cuando est\u00e9s al aire libre.<\/li>\n\n\n\n<li><strong>Evita el uso excesivo de calor<\/strong>. El uso frecuente de secadores, planchas y rizadores puede da\u00f1ar el cabello. Utiliza estos dispositivos con moderaci\u00f3n y usa productos de protecci\u00f3n t\u00e9rmica.<\/li>\n\n\n\n<li><strong>Tratamientos m\u00e9dicos y t\u00f3picos<\/strong>. En algunos casos, se pueden considerar tratamientos m\u00e9dicos como el minoxidil o el finasteride bajo la supervisi\u00f3n de un profesional de la salud. Estos tratamientos pueden ayudar a frenar la p\u00e9rdida de cabello en ciertos individuos.<\/li>\n<\/ol>\n\n\n\n<figure class=\"wp-block-image size-large\"><img decoding=\"async\" width=\"1024\" height=\"683\" src=\"https:\/\/www.primor.eu\/blog\/wp-content\/uploads\/2023\/08\/Como-saber-si-me-voy-a-quedar-calvo-1024x683.jpg\" alt=\"C\u00f3mo saber si me voy a quedar calvo\" class=\"wp-image-83653\" srcset=\"https:\/\/www.primor.eu\/blog\/wp-content\/uploads\/2023\/08\/Como-saber-si-me-voy-a-quedar-calvo-1024x683.jpg 1024w, https:\/\/www.primor.eu\/blog\/wp-content\/uploads\/2023\/08\/Como-saber-si-me-voy-a-quedar-calvo-300x200.jpg 300w, https:\/\/www.primor.eu\/blog\/wp-content\/uploads\/2023\/08\/Como-saber-si-me-voy-a-quedar-calvo-768x512.jpg 768w, https:\/\/www.primor.eu\/blog\/wp-content\/uploads\/2023\/08\/Como-saber-si-me-voy-a-quedar-calvo-750x500.jpg 750w, https:\/\/www.primor.eu\/blog\/wp-content\/uploads\/2023\/08\/Como-saber-si-me-voy-a-quedar-calvo-1140x760.jpg 1140w, https:\/\/www.primor.eu\/blog\/wp-content\/uploads\/2023\/08\/Como-saber-si-me-voy-a-quedar-calvo.jpg 1200w\" sizes=\"(max-width: 1024px) 100vw, 1024px\" \/><\/figure>\n\n\n\n<h2 class=\"wp-block-heading\">\u00bfQu\u00e9 hacer cuando te empiezas a quedar calvo?&nbsp;<\/h2>\n\n\n\n<p>Recuerda que la decisi\u00f3n sobre c\u00f3mo abordar la p\u00e9rdida de cabello <strong>depende de ti<\/strong>. Aceptar que la p\u00e9rdida de cabello es una posibilidad natural y normal en la vida de muchas personas tambi\u00e9n es un paso importante hacia la confianza y la autoaceptaci\u00f3n. No obstante, si te preocupa o acompleja, esto es todo lo que puedes hacer:<\/p>\n\n\n\n<ol class=\"wp-block-list\">\n<li><strong>Consulta a un profesional de la salud capilar.<\/strong> Es lo m\u00e1s importante y lo primero de todo. Un dermat\u00f3logo especializado en salud capilar o un profesional m\u00e9dico pueden evaluar la causa y el grado de tu p\u00e9rdida de cabello. Te brindar\u00e1n orientaci\u00f3n sobre las opciones disponibles y te ayudar\u00e1n a entender si la p\u00e9rdida de cabello es causada por factores gen\u00e9ticos, hormonales o de salud.<\/li>\n\n\n\n<li><strong>Opciones m\u00e9dicas<\/strong>. Si la p\u00e9rdida de cabello es significativa, un profesional de la salud podr\u00eda recomendar tratamientos m\u00e9dicos como minoxidil o finasteride, que pueden ayudar a frenar la p\u00e9rdida de cabello en algunos casos.<\/li>\n\n\n\n<li><strong>Tratamientos t\u00f3picos<\/strong>. Tambi\u00e9n hay tratamientos t\u00f3picos disponibles, como lociones y champ\u00fas, que contienen ingredientes dise\u00f1ados para mejorar la salud del cuero cabelludo y <a href=\"https:\/\/www.primor.eu\/es_es\/champus-anticaida\">estimular el crecimiento del cabello<\/a>.<\/li>\n\n\n\n<li><strong>Microinjertos de cabello<\/strong>. La cirug\u00eda de trasplante capilar, como la t\u00e9cnica de microinjertos de cabello, puede ser una opci\u00f3n para algunas personas. Esta t\u00e9cnica implica tomar cabello de \u00e1reas donantes y trasplantarlo a las \u00e1reas afectadas.<\/li>\n\n\n\n<li><strong>Pelucas y pr\u00f3tesis capilares<\/strong>. Si prefieres una soluci\u00f3n temporal para cubrir la p\u00e9rdida de cabello, las pelucas y las pr\u00f3tesis capilares son opciones que pueden proporcionar una apariencia natural.<\/li>\n\n\n\n<li><strong>Estilo de peinado. <\/strong>Un corte de cabello adecuado y un estilo de peinado estrat\u00e9gico pueden ayudar a disimular la p\u00e9rdida de cabello y a crear la ilusi\u00f3n de plenitud.<\/li>\n<\/ol>\n\n\n\n<h2 class=\"wp-block-heading\">\u00bfC\u00f3mo empieza la calvicie en hombres?&nbsp;<\/h2>\n\n\n\n<p>La calvicie en hombres, tambi\u00e9n conocida como <strong>alopecia androgen\u00e9tica<\/strong> o <strong>calvicie de patr\u00f3n masculino<\/strong>, es un tipo com\u00fan de p\u00e9rdida de cabello que tiende a desarrollarse de manera predecible en patrones espec\u00edficos. Generalmente, la calvicie en hombres comienza con adelgazamiento del cabello en ciertas \u00e1reas y evoluciona gradualmente con el tiempo. Explicado por expertos, estos ser\u00edan los pasos:<\/p>\n\n\n\n<ol class=\"wp-block-list\">\n<li><strong>Adelgazamiento en las sienes<\/strong>. Puede notarse que la l\u00ednea del cabello retrocede levemente, creando lo que se llama \"entradas\".<\/li>\n\n\n\n<li><strong>Retroceso de la l\u00ednea del cabello<\/strong>. Con el tiempo, la l\u00ednea del cabello puede seguir retrocediendo, creando una forma de \"M\".<\/li>\n\n\n\n<li><strong>Alopecia en la coronilla<\/strong>. A medida que avanza la calvicie, es com\u00fan que se observe adelgazamiento en la coronilla (la parte superior de la cabeza).<\/li>\n\n\n\n<li><strong>Uni\u00f3n de las \u00e1reas de adelgazamiento<\/strong>. Con el tiempo, las \u00e1reas de adelgazamiento en las sienes y la coronilla pueden unirse, creando una zona m\u00e1s grande de p\u00e9rdida de cabello.<\/li>\n\n\n\n<li><strong>Formaci\u00f3n de una isla de cabello<\/strong>. A medida que la calvicie progresa, puede quedar una \"isla\" de cabello m\u00e1s denso en la parte posterior del cuero cabelludo.<\/li>\n\n\n\n<li><strong>Avance hacia la parte posterior. <\/strong>En las etapas avanzadas, la calvicie puede extenderse hacia la parte posterior de la cabeza, dejando una franja de cabello m\u00e1s densa a lo largo de los lados.<\/li>\n\n\n\n<li><strong>Posible calvicie total<\/strong>, En algunos casos, la calvicie de patr\u00f3n masculino puede progresar hasta la p\u00e9rdida completa de cabello.<\/li>\n<\/ol>\n\n\n\n<h2 class=\"wp-block-heading\">Productos antica\u00edda para prevenir la calvicie<\/h2>\n\n\n\n<h3 class=\"wp-block-heading\">Champ\u00fa Antica\u00edda de Pilexil<\/h3>\n\n\n\n<p>Es la soluci\u00f3n ideal para quienes desean frenar la ca\u00edda del cabello. Es apto para todo tipo de cabellos y su f\u00f3rmula ha sido testada dermatol\u00f3gicamente.\u00a0<\/p>\n\n\n    <a class='product' target='_blank' href='https:\/\/www.primor.eu\/es_es\/pilexil-champu-anticaida-105899.html?#854=66342'>\r\n        <img loading='async' src='https:\/\/cdn2.primor.eu\/media\/catalog\/product\/cache\/8d3aba296f7a18b5251ee30fa5db42b2\/8\/4\/8430340061768_1_60a8.png' alt='COMPRAR AHORA'>\r\n            <div class=\"claim\">\r\n                COMPRAR AHORA            <\/div>\r\n        <\/a>\r\n    \n\n\n\n<h3 class=\"wp-block-heading\">Serum Antica\u00edda con Quinina y Edelweiss de Klorane<\/h3>\n\n\n\n<p>Un s\u00e9rum sin aclarado con complejo \u00fanico Quinina + Edelweiss BIO que frena la ca\u00edda del pelo mientras estimula el crecimiento y regula los ciclos del cabello. Eficacia antica\u00edda probada a partir de 1 mes de uso.<\/p>\n\n\n    <a class='product' target='_blank' href='https:\/\/www.primor.eu\/es_es\/klorane-serum-anticaida-con-quinina-y-edelweiss-10109.html'>\r\n        <img loading='async' src='https:\/\/cdn2.primor.eu\/media\/catalog\/product\/cache\/8d3aba296f7a18b5251ee30fa5db42b2\/3\/2\/3282770149432_KLORANE_SERUM_ANTICAIDA_9121.jpg' alt='COMPRAR AHORA'>\r\n            <div class=\"claim\">\r\n                COMPRAR AHORA            <\/div>\r\n        <\/a>\r\n    \n\n\n\n<h3 class=\"wp-block-heading\">Ampollas Anti-Ca\u00edda de Nuggela &amp; Sul\u00e9<\/h3>\n\n\n\n<p>Un tratamiento antica\u00edda con acci\u00f3n epigen\u00e9tica para fortalecer el fol\u00edculo piloso y activar su regeneraci\u00f3n.Estas ampollas contienen una alta concentraci\u00f3n de principios activos para frenar la ca\u00edda del cabello y activar la regeneraci\u00f3n.<\/p>\n\n\n    <a class='product' target='_blank' href='https:\/\/www.primor.eu\/es_es\/nuggela-sule-ampolla-anti-caida-105906.html?#846=66202'>\r\n        <img loading='async' src='https:\/\/cdn2.primor.eu\/media\/catalog\/product\/cache\/8d3aba296f7a18b5251ee30fa5db42b2\/8\/4\/8437014761542_bdab.jpg' alt='COMPRAR AHORA'>\r\n            <div class=\"claim\">\r\n                COMPRAR AHORA            <\/div>\r\n        <\/a>\r\n    \n\n\n\n<h3 class=\"wp-block-heading\">Anaphase Champ\u00fa Estimulante Antica\u00edda de Ducray<\/h3>\n\n\n\n<p>Este champ\u00fa antica\u00edda en formato crema es perfecto para tratar el cabello debilitado y con tendencia a la ca\u00edda. Su f\u00f3rmula innovadora aporta volumen, vigor y fuerza al pelo.\u00a0<\/p>\n\n\n    <a class='product' target='_blank' href='https:\/\/www.primor.eu\/es_es\/ducray-anaphase-champu-estimulante-anticaida-107308.html?#863=66994'>\r\n        <img loading='async' src='https:\/\/cdn2.primor.eu\/media\/catalog\/product\/cache\/8d3aba296f7a18b5251ee30fa5db42b2\/i\/m\/img_6XS08044_1_9641.jpg' alt='COMPRAR AHORA'>\r\n            <div class=\"claim\">\r\n                COMPRAR AHORA            <\/div>\r\n        <\/a>\r\n    \n\n\n\n<h3 class=\"wp-block-heading\">Triphasic Champ\u00fa Antica\u00edda con Aceites Esenciales Estimulantes de Rene Furterer<\/h3>\n\n\n\n<p>Un champ\u00fa antica\u00edda que fortalece el cabello, frena la ca\u00edda del cabello y promueve el crecimiento. Reduce la ca\u00edda del cabello en un 52% sin da\u00f1ar el cuero cabelludo y hace que el cabello sea m\u00e1s resistente, suave y brillante. No contiene sulfatos ni siliconas.<\/p>\n\n\n    <a class='product' target='_blank' href='https:\/\/www.primor.eu\/es_es\/rene-furterer-triphasic-champu-anticaida-con-aceites-esenciales-estimulantes-105920.html?#863=66994'>\r\n        <img loading='async' src='https:\/\/cdn2.primor.eu\/media\/catalog\/product\/cache\/8d3aba296f7a18b5251ee30fa5db42b2\/E\/A\/EAN_3282770389982_RF_TRIPHASIC_CHAMPU_200_ML_3ab6.jpg' alt='COMPRAR AHORA'>\r\n            <div class=\"claim\">\r\n                COMPRAR AHORA            <\/div>\r\n        <\/a>\r\n    \n\n\n\n<h3 class=\"wp-block-heading\">Lambdapil Champ\u00fa Antica\u00edda Pack de ISDIN<\/h3>\n\n\n\n<p>Previene y frena la ca\u00edda del cabello, activa la microcirculaci\u00f3n de los fol\u00edculos y estimula el crecimiento capilar gracias a su combinaci\u00f3n de activos y vitaminas como la biotina y el zinc.<\/p>\n\n\n       \r\n        \n\n\n\n<h3 class=\"wp-block-heading\">Dercos Technique Champ\u00fa Estimulante Energy+ de Vichy<\/h3>\n\n\n\n<p>Un champ\u00fa estimulante para todo tipo de cabellos, enriquecido con la mol\u00e9cula antica\u00edda Aminexil para ayudar a combatir la ca\u00edda del cabello. Refuerza la fibra capilar en un 47%, aporta un extra de volumen y densidad y detoxifica el cabello desde la ra\u00edz hasta las puntas.<\/p>\n\n\n    <a class='product' target='_blank' href='https:\/\/www.primor.eu\/es_es\/vichy-dercos-technique-champu-estimulante-energy-105884.html?#854=66337'>\r\n        <img loading='async' src='https:\/\/cdn2.primor.eu\/media\/catalog\/product\/cache\/8d3aba296f7a18b5251ee30fa5db42b2\/3\/3\/3337871311292_0c2a.jpg' alt='COMPRAR AHORA'>\r\n            <div class=\"claim\">\r\n                COMPRAR AHORA            <\/div>\r\n        <\/a>\r\n    \n\n\n<div class=\"kk-star-ratings kksr-auto kksr-align-center kksr-valign-bottom\"\n    data-payload='{&quot;align&quot;:&quot;center&quot;,&quot;id&quot;:&quot;83518&quot;,&quot;slug&quot;:&quot;default&quot;,&quot;valign&quot;:&quot;bottom&quot;,&quot;ignore&quot;:&quot;&quot;,&quot;reference&quot;:&quot;auto&quot;,&quot;class&quot;:&quot;&quot;,&quot;count&quot;:&quot;0&quot;,&quot;legendonly&quot;:&quot;&quot;,&quot;readonly&quot;:&quot;&quot;,&quot;score&quot;:&quot;0&quot;,&quot;starsonly&quot;:&quot;&quot;,&quot;best&quot;:&quot;5&quot;,&quot;gap&quot;:&quot;5&quot;,&quot;greet&quot;:&quot;Valora este art\u00edculo&quot;,&quot;legend&quot;:&quot;0\\\/5 - (0 votos)&quot;,&quot;size&quot;:&quot;24&quot;,&quot;title&quot;:&quot;C\u00f3mo saber si me voy a quedar calvo&quot;,&quot;width&quot;:&quot;0&quot;,&quot;_legend&quot;:&quot;{score}\\\/{best} - ({count} {votes})&quot;,&quot;font_factor&quot;:&quot;1.25&quot;}'>\n            \n<div class=\"kksr-stars\">\n    \n<div class=\"kksr-stars-inactive\">\n            <div class=\"kksr-star\" data-star=\"1\" style=\"padding-right: 5px\">\n            \n\n<div class=\"kksr-icon\" style=\"width: 24px; height: 24px;\"><\/div>\n        <\/div>\n            <div class=\"kksr-star\" data-star=\"2\" style=\"padding-right: 5px\">\n            \n\n<div class=\"kksr-icon\" style=\"width: 24px; height: 24px;\"><\/div>\n        <\/div>\n            <div class=\"kksr-star\" data-star=\"3\" style=\"padding-right: 5px\">\n            \n\n<div class=\"kksr-icon\" style=\"width: 24px; height: 24px;\"><\/div>\n        <\/div>\n            <div class=\"kksr-star\" data-star=\"4\" style=\"padding-right: 5px\">\n            \n\n<div class=\"kksr-icon\" style=\"width: 24px; height: 24px;\"><\/div>\n        <\/div>\n            <div class=\"kksr-star\" data-star=\"5\" style=\"padding-right: 5px\">\n            \n\n<div class=\"kksr-icon\" style=\"width: 24px; height: 24px;\"><\/div>\n        <\/div>\n    <\/div>\n    \n<div class=\"kksr-stars-active\" style=\"width: 0px;\">\n            <div class=\"kksr-star\" style=\"padding-right: 5px\">\n            \n\n<div class=\"kksr-icon\" style=\"width: 24px; height: 24px;\"><\/div>\n        <\/div>\n            <div class=\"kksr-star\" style=\"padding-right: 5px\">\n            \n\n<div class=\"kksr-icon\" style=\"width: 24px; height: 24px;\"><\/div>\n        <\/div>\n            <div class=\"kksr-star\" style=\"padding-right: 5px\">\n            \n\n<div class=\"kksr-icon\" style=\"width: 24px; height: 24px;\"><\/div>\n        <\/div>\n            <div class=\"kksr-star\" style=\"padding-right: 5px\">\n            \n\n<div class=\"kksr-icon\" style=\"width: 24px; height: 24px;\"><\/div>\n        <\/div>\n            <div class=\"kksr-star\" style=\"padding-right: 5px\">\n            \n\n<div class=\"kksr-icon\" style=\"width: 24px; height: 24px;\"><\/div>\n        <\/div>\n    <\/div>\n<\/div>\n                \n\n<div class=\"kksr-legend\" style=\"font-size: 19.2px;\">\n            <span class=\"kksr-muted\">Valora este art\u00edculo<\/span>\n    <\/div>\n    <\/div>\n","protected":false},"excerpt":{"rendered":"<p>\u201cC\u00f3mo saber si me voy a quedar calvo\u201d es una de las frases m\u00e1s buscadas en Google, pero tranquilidad, porque hoy tenemos todas las respuestas a tus preguntas. La calvicie no tiene soluci\u00f3n, al menos, no una sin intervenci\u00f3n. No obstante, su aparici\u00f3n se puede retrasar y tambi\u00e9n predecir.&nbsp; \u00bfC\u00f3mo puedo saber si me voy [&hellip;]<\/p>\n","protected":false},"author":14,"featured_media":91751,"comment_status":"closed","ping_status":"closed","sticky":false,"template":"","format":"standard","meta":{"jnews-multi-image_gallery":[],"jnews_single_post":{"subtitle":"","format":"standard","video":"","gallery":"","source_name":"","source_url":"","via_name":"","via_url":"","override_template":"0","override":[{"template":"1","single_blog_custom":"","parallax":"1","fullscreen":"1","layout":"right-sidebar","sidebar":"home-2","second_sidebar":"default-sidebar","sticky_sidebar":"0","share_position":"float","share_float_style":"share-monocrhome","show_share_counter":"1","show_view_counter":"1","show_featured":"1","show_post_meta":"1","show_post_author":"0","show_post_author_image":"1","show_post_date":"1","post_date_format":"default","post_date_format_custom":"Y\/m\/d","show_post_category":"1","show_post_reading_time":"0","post_reading_time_wpm":"300","show_zoom_button":"0","zoom_button_out_step":"2","zoom_button_in_step":"3","show_post_tag":"0","show_prev_next_post":"1","show_popup_post":"1","number_popup_post":"2","show_author_box":"0","show_post_related":"0","show_inline_post_related":"0"}],"override_image_size":"0","image_override":[{"single_post_thumbnail_size":"crop-500","single_post_gallery_size":"crop-500"}],"trending_post":"0","trending_post_position":"meta","trending_post_label":"Trending","sponsored_post":"0","sponsored_post_label":"Sponsored by","sponsored_post_name":"","sponsored_post_url":"","sponsored_post_logo_enable":"0","sponsored_post_logo":"","sponsored_post_desc":"","disable_ad":"0"},"jnews_primary_category":{"id":"","hide":""},"jnews_social_meta":{"fb_title":"","fb_description":"","fb_image":"","twitter_title":"","twitter_description":"","twitter_image":""},"jnews_override_counter":{"override_view_counter":"0","view_counter_number":"0","override_share_counter":"0","share_counter_number":"0","override_like_counter":"0","like_counter_number":"0","override_dislike_counter":"0","dislike_counter_number":"0"},"footnotes":""},"categories":[35],"tags":[],"class_list":["post-83518","post","type-post","status-publish","format-standard","has-post-thumbnail","hentry","category-cabello"],"_links":{"self":[{"href":"https:\/\/www.primor.eu\/blog\/wp-json\/wp\/v2\/posts\/83518","targetHints":{"allow":["GET"]}}],"collection":[{"href":"https:\/\/www.primor.eu\/blog\/wp-json\/wp\/v2\/posts"}],"about":[{"href":"https:\/\/www.primor.eu\/blog\/wp-json\/wp\/v2\/types\/post"}],"author":[{"embeddable":true,"href":"https:\/\/www.primor.eu\/blog\/wp-json\/wp\/v2\/users\/14"}],"replies":[{"embeddable":true,"href":"https:\/\/www.primor.eu\/blog\/wp-json\/wp\/v2\/comments?post=83518"}],"version-history":[{"count":5,"href":"https:\/\/www.primor.eu\/blog\/wp-json\/wp\/v2\/posts\/83518\/revisions"}],"predecessor-version":[{"id":127943,"href":"https:\/\/www.primor.eu\/blog\/wp-json\/wp\/v2\/posts\/83518\/revisions\/127943"}],"wp:featuredmedia":[{"embeddable":true,"href":"https:\/\/www.primor.eu\/blog\/wp-json\/wp\/v2\/media\/91751"}],"wp:attachment":[{"href":"https:\/\/www.primor.eu\/blog\/wp-json\/wp\/v2\/media?parent=83518"}],"wp:term":[{"taxonomy":"category","embeddable":true,"href":"https:\/\/www.primor.eu\/blog\/wp-json\/wp\/v2\/categories?post=83518"},{"taxonomy":"post_tag","embeddable":true,"href":"https:\/\/www.primor.eu\/blog\/wp-json\/wp\/v2\/tags?post=83518"}],"curies":[{"name":"wp","href":"https:\/\/api.w.org\/{rel}","templated":true}]}}