{"id":83430,"date":"2023-08-17T10:00:00","date_gmt":"2023-08-17T10:00:00","guid":{"rendered":"https:\/\/blog.primor.eu\/?p=83430"},"modified":"2025-06-30T10:47:00","modified_gmt":"2025-06-30T10:47:00","slug":"unas-verano-esmaltes-semipermanentes-gel-iq","status":"publish","type":"post","link":"https:\/\/www.primor.eu\/blog\/unas-verano-esmaltes-semipermanentes-gel-iq\/","title":{"rendered":"Este verano con Gel iQ no recordar\u00e1s\u00a0la fecha en que te hiciste la manipedi"},"content":{"rendered":"\n<p>\u00bfCu\u00e1ntas veces has dejado de hacerte la manipedi en verano porqu\u00e9 se te estropea muy r\u00e1pido con el sol, la playa o la piscina? M\u00e1s de las que te gustar\u00eda, \u00bfverdad?<\/p>\n\n\n\n<p>Por eso, queremos compartirte <strong>nuestro secreto para que puedas tener las u\u00f1as ideales todo el verano<\/strong>. Hablamos de nuestro sistema de <strong>esmaltado semipermanente Gel iQ<\/strong> de larga duraci\u00f3n, con un acabado brillante y profesional. \u00bfLo mejor de todo?<\/p>\n\n\n\n<p>No hace falta que vayas a ning\u00fan sal\u00f3n, puedes hacerte la manipedi t\u00fa mismx desde casa.\u00a0Es muy sencillo. <\/p>\n\n\n\n<p>Pero, \u00bfqu\u00e9 necesitas exactamente para tener las u\u00f1as <em>ready<\/em> todo el verano?<\/p>\n\n\n\n<p>Para hacerte la manipedi desde tu casa o desde cualquier lugar mientras est\u00e1s de vacaciones, tan s\u00f3lo necesitas el<strong>\u00a0kit de iniciaci\u00f3n <\/strong>equipado con:<\/p>\n\n\n\n<ul class=\"wp-block-list\">\n<li>Pre-Cleanser<\/li>\n\n\n\n<li>Base Coat<\/li>\n\n\n\n<li>Top Coat<\/li>\n\n\n\n<li>High Shine Cleanser<\/li>\n\n\n\n<li>1 lima de u\u00f1as<\/li>\n\n\n\n<li>1 palito de naranjo<\/li>\n\n\n\n<li>1 l\u00e1mpara LED\/UV de 12 w<\/li>\n<\/ul>\n\n\n<div class=\"wp-block-image\">\n<figure class=\"aligncenter size-large\"><img decoding=\"async\" width=\"981\" height=\"1024\" src=\"https:\/\/www.primor.eu\/blog\/wp-content\/uploads\/2023\/08\/DSC_1088-981x1024.jpg\" alt=\"\" class=\"wp-image-83434\" srcset=\"https:\/\/www.primor.eu\/blog\/wp-content\/uploads\/2023\/08\/DSC_1088-981x1024.jpg 981w, https:\/\/www.primor.eu\/blog\/wp-content\/uploads\/2023\/08\/DSC_1088-287x300.jpg 287w, https:\/\/www.primor.eu\/blog\/wp-content\/uploads\/2023\/08\/DSC_1088-768x802.jpg 768w, https:\/\/www.primor.eu\/blog\/wp-content\/uploads\/2023\/08\/DSC_1088-1471x1536.jpg 1471w, https:\/\/www.primor.eu\/blog\/wp-content\/uploads\/2023\/08\/DSC_1088-1962x2048.jpg 1962w, https:\/\/www.primor.eu\/blog\/wp-content\/uploads\/2023\/08\/DSC_1088-750x783.jpg 750w, https:\/\/www.primor.eu\/blog\/wp-content\/uploads\/2023\/08\/DSC_1088-1140x1190.jpg 1140w\" sizes=\"(max-width: 981px) 100vw, 981px\" \/><\/figure>\n<\/div>\n\n\n<p>Lleva todo lo que necesitas para lucir unas u\u00f1as de esc\u00e1ndalo durante mucho tiempo.<\/p>\n\n\n\n<p>S\u00f3lo queda elegir esmalte (se vende por separado). Pero todo pensado. De esta forma podr\u00e1s escoger entre los <strong>m\u00e1s de 36 tonos<\/strong> los que m\u00e1s te gusten para llevarlos una larga temporada en verano o combinarlos entre s\u00ed. El <em>match<\/em> perfecto para que tus u\u00f1as resistan mucho tiempo esta estaci\u00f3n.<\/p>\n\n\n\n<p>Adem\u00e1s, <strong>hemos mejorado la f\u00f3rmula de los esmaltes con ingredientes m\u00e1s respetuosos con las u\u00f1as y la piel <\/strong>basados en minimizar el riesgo de alergias e irritaciones cut\u00e1neas al estar <strong>libres de HEMA y Di-HEMA. <\/strong>Dichos ingredientes potencian el riesgo de sensibilizaci\u00f3n (alergias) por un uso indebido. Por ello, la Uni\u00f3n Europea ha restringido su uso desde 2020 \u00fanicamente a profesionales del sector.<\/p>\n\n\n\n<p>As\u00ed que, recuerda cuando compres tus esmaltes semipermanentes, fijarte siempre que no incluyan estos ingredientes, como <strong>Gel iQ<\/strong>.<\/p>\n\n\n\n<p>Y, para que luzcas tus u\u00f1as ideales, aqu\u00ed va un <em>tip <\/em>que va a ayudarte en el proceso:&nbsp;<\/p>\n\n\n<div class=\"wp-block-image\">\n<figure class=\"aligncenter size-large\"><img decoding=\"async\" width=\"1024\" height=\"945\" src=\"https:\/\/www.primor.eu\/blog\/wp-content\/uploads\/2023\/08\/DSC_0241-1024x945.jpg\" alt=\"\" class=\"wp-image-83437\" srcset=\"https:\/\/www.primor.eu\/blog\/wp-content\/uploads\/2023\/08\/DSC_0241-1024x945.jpg 1024w, https:\/\/www.primor.eu\/blog\/wp-content\/uploads\/2023\/08\/DSC_0241-300x277.jpg 300w, https:\/\/www.primor.eu\/blog\/wp-content\/uploads\/2023\/08\/DSC_0241-768x709.jpg 768w, https:\/\/www.primor.eu\/blog\/wp-content\/uploads\/2023\/08\/DSC_0241-1536x1418.jpg 1536w, https:\/\/www.primor.eu\/blog\/wp-content\/uploads\/2023\/08\/DSC_0241-2048x1890.jpg 2048w, https:\/\/www.primor.eu\/blog\/wp-content\/uploads\/2023\/08\/DSC_0241-750x692.jpg 750w, https:\/\/www.primor.eu\/blog\/wp-content\/uploads\/2023\/08\/DSC_0241-1140x1052.jpg 1140w\" sizes=\"(max-width: 1024px) 100vw, 1024px\" \/><\/figure>\n<\/div>\n\n\n<p>Te recomendamos hacer primero todo el esmaltado de los dedos me\u00f1ique, anular, coraz\u00f3n e \u00edndice y una vez acabado, repetir el mismo proceso con los dedos pulgares de ambas manos.<\/p>\n\n\n\n<p>Pero, \u00bfy c\u00f3mo se retira?<\/p>\n\n\n\n<p>Muy sencillo, con la ayuda de los <strong>quitaesmaltes Gel iQ Remover M\u00e9todo 1 o M\u00e9todo 2. <\/strong>Puedes escoger el que m\u00e1s te guste. \u00a1Mira qu\u00e9 f\u00e1cil es!<\/p>\n\n\n\n<p>Es decir:<\/p>\n\n\n\n<ul class=\"wp-block-list\">\n<li>M\u00e9todo 1 Gel iQ Remover Oil es <strong>un aceite que permite retirar cuidadosamente el esmalte semipermanente formulado a base de aceites vegetales<\/strong> que reaccionan al ponerse en contacto con agua caliente y con el esmalte que tienes en la u\u00f1a. Esta reacci\u00f3n hace posible que el esmalte se despegue de la u\u00f1a f\u00e1cilmente. Un m\u00e9todo delicado con tus u\u00f1as y cut\u00edculas sin acetona.<\/li>\n<\/ul>\n\n\n\n<ul class=\"wp-block-list\">\n<li>M\u00e9todo 2 Gel iQ Remover es una <strong>f\u00f3rmula que contiene acetona<\/strong>. Muy efectivo junto con las <strong>bandas Gel iQ Removal Wraps Foil<\/strong>, ya que consiguen un <em>match <\/em>muy efectivo para retirar el esmalte semipermanente. Es el m\u00e9todo m\u00e1s tradicional.<\/li>\n<\/ul>\n\n\n\n<p>En ambos m\u00e9todos, puedes <strong>ayudarte con un empujapieles o con un palito de naranjo<\/strong> para retirar el producto.<\/p>\n\n\n<div class=\"wp-block-image\">\n<figure class=\"aligncenter size-large\"><img decoding=\"async\" width=\"1024\" height=\"683\" src=\"https:\/\/www.primor.eu\/blog\/wp-content\/uploads\/2023\/08\/DSC_0396-1024x683.jpg\" alt=\"\" class=\"wp-image-83438\" srcset=\"https:\/\/www.primor.eu\/blog\/wp-content\/uploads\/2023\/08\/DSC_0396-1024x683.jpg 1024w, https:\/\/www.primor.eu\/blog\/wp-content\/uploads\/2023\/08\/DSC_0396-300x200.jpg 300w, https:\/\/www.primor.eu\/blog\/wp-content\/uploads\/2023\/08\/DSC_0396-768x512.jpg 768w, https:\/\/www.primor.eu\/blog\/wp-content\/uploads\/2023\/08\/DSC_0396-1536x1024.jpg 1536w, https:\/\/www.primor.eu\/blog\/wp-content\/uploads\/2023\/08\/DSC_0396-2048x1365.jpg 2048w, https:\/\/www.primor.eu\/blog\/wp-content\/uploads\/2023\/08\/DSC_0396-750x500.jpg 750w, https:\/\/www.primor.eu\/blog\/wp-content\/uploads\/2023\/08\/DSC_0396-1140x760.jpg 1140w\" sizes=\"(max-width: 1024px) 100vw, 1024px\" \/><\/figure>\n<\/div>\n\n\n<p>Con estos esmaltes podr\u00e1s hacer muchas combinaciones y dise\u00f1os para lucir tus u\u00f1as durante tus vacaciones. Si necesitas inspiraci\u00f3n para hacer un dise\u00f1o bonito a tus u\u00f1as, <a href=\"https:\/\/www.primor.eu\/es_es\/depend-gel-iq\">haz clic en este enlace<\/a>, te encantar\u00e1.<\/p>\n\n\n\n<p>Este verano, disfruta de tu manipedi con Gel iQ.<\/p>\n\n\n<div class=\"kk-star-ratings kksr-auto kksr-align-center kksr-valign-bottom\"\n    data-payload='{&quot;align&quot;:&quot;center&quot;,&quot;id&quot;:&quot;83430&quot;,&quot;slug&quot;:&quot;default&quot;,&quot;valign&quot;:&quot;bottom&quot;,&quot;ignore&quot;:&quot;&quot;,&quot;reference&quot;:&quot;auto&quot;,&quot;class&quot;:&quot;&quot;,&quot;count&quot;:&quot;0&quot;,&quot;legendonly&quot;:&quot;&quot;,&quot;readonly&quot;:&quot;&quot;,&quot;score&quot;:&quot;0&quot;,&quot;starsonly&quot;:&quot;&quot;,&quot;best&quot;:&quot;5&quot;,&quot;gap&quot;:&quot;5&quot;,&quot;greet&quot;:&quot;Valora este art\u00edculo&quot;,&quot;legend&quot;:&quot;0\\\/5 - (0 votos)&quot;,&quot;size&quot;:&quot;24&quot;,&quot;title&quot;:&quot;Este verano con Gel iQ no recordar\u00e1s\u00a0la fecha en que te hiciste la manipedi&quot;,&quot;width&quot;:&quot;0&quot;,&quot;_legend&quot;:&quot;{score}\\\/{best} - ({count} {votes})&quot;,&quot;font_factor&quot;:&quot;1.25&quot;}'>\n            \n<div class=\"kksr-stars\">\n    \n<div class=\"kksr-stars-inactive\">\n            <div class=\"kksr-star\" data-star=\"1\" style=\"padding-right: 5px\">\n            \n\n<div class=\"kksr-icon\" style=\"width: 24px; height: 24px;\"><\/div>\n        <\/div>\n            <div class=\"kksr-star\" data-star=\"2\" style=\"padding-right: 5px\">\n            \n\n<div class=\"kksr-icon\" style=\"width: 24px; height: 24px;\"><\/div>\n        <\/div>\n            <div class=\"kksr-star\" data-star=\"3\" style=\"padding-right: 5px\">\n            \n\n<div class=\"kksr-icon\" style=\"width: 24px; height: 24px;\"><\/div>\n        <\/div>\n            <div class=\"kksr-star\" data-star=\"4\" style=\"padding-right: 5px\">\n            \n\n<div class=\"kksr-icon\" style=\"width: 24px; height: 24px;\"><\/div>\n        <\/div>\n            <div class=\"kksr-star\" data-star=\"5\" style=\"padding-right: 5px\">\n            \n\n<div class=\"kksr-icon\" style=\"width: 24px; height: 24px;\"><\/div>\n        <\/div>\n    <\/div>\n    \n<div class=\"kksr-stars-active\" style=\"width: 0px;\">\n            <div class=\"kksr-star\" style=\"padding-right: 5px\">\n            \n\n<div class=\"kksr-icon\" style=\"width: 24px; height: 24px;\"><\/div>\n        <\/div>\n            <div class=\"kksr-star\" style=\"padding-right: 5px\">\n            \n\n<div class=\"kksr-icon\" style=\"width: 24px; height: 24px;\"><\/div>\n        <\/div>\n            <div class=\"kksr-star\" style=\"padding-right: 5px\">\n            \n\n<div class=\"kksr-icon\" style=\"width: 24px; height: 24px;\"><\/div>\n        <\/div>\n            <div class=\"kksr-star\" style=\"padding-right: 5px\">\n            \n\n<div class=\"kksr-icon\" style=\"width: 24px; height: 24px;\"><\/div>\n        <\/div>\n            <div class=\"kksr-star\" style=\"padding-right: 5px\">\n            \n\n<div class=\"kksr-icon\" style=\"width: 24px; height: 24px;\"><\/div>\n        <\/div>\n    <\/div>\n<\/div>\n                \n\n<div class=\"kksr-legend\" style=\"font-size: 19.2px;\">\n            <span class=\"kksr-muted\">Valora este art\u00edculo<\/span>\n    <\/div>\n    <\/div>\n","protected":false},"excerpt":{"rendered":"<p>\u00bfCu\u00e1ntas veces has dejado de hacerte la manipedi en verano porqu\u00e9 se te estropea muy r\u00e1pido con el sol, la playa o la piscina? M\u00e1s de las que te gustar\u00eda, \u00bfverdad? Por eso, queremos compartirte nuestro secreto para que puedas tener las u\u00f1as ideales todo el verano. Hablamos de nuestro sistema de esmaltado semipermanente Gel [&hellip;]<\/p>\n","protected":false},"author":17,"featured_media":83443,"comment_status":"closed","ping_status":"closed","sticky":false,"template":"","format":"standard","meta":{"jnews-multi-image_gallery":[],"jnews_single_post":{"subtitle":"","format":"standard","video":"","gallery":"","source_name":"","source_url":"","via_name":"","via_url":"","override_template":"0","override":[{"template":"1","single_blog_custom":"","parallax":"1","fullscreen":"1","layout":"right-sidebar","sidebar":"home-2","second_sidebar":"default-sidebar","sticky_sidebar":"0","share_position":"float","share_float_style":"share-monocrhome","show_share_counter":"1","show_view_counter":"1","show_featured":"1","show_post_meta":"1","show_post_author":"0","show_post_author_image":"1","show_post_date":"1","post_date_format":"default","post_date_format_custom":"Y\/m\/d","show_post_category":"1","show_post_reading_time":"0","post_reading_time_wpm":"300","show_zoom_button":"0","zoom_button_out_step":"2","zoom_button_in_step":"3","show_post_tag":"0","show_prev_next_post":"1","show_popup_post":"1","number_popup_post":"2","show_author_box":"0","show_post_related":"0","show_inline_post_related":"0"}],"override_image_size":"0","image_override":[{"single_post_thumbnail_size":"crop-500","single_post_gallery_size":"crop-500"}],"trending_post":"0","trending_post_position":"meta","trending_post_label":"Trending","sponsored_post":"0","sponsored_post_label":"Sponsored by","sponsored_post_name":"","sponsored_post_url":"","sponsored_post_logo_enable":"0","sponsored_post_logo":"","sponsored_post_desc":"","disable_ad":"0"},"jnews_primary_category":{"id":"","hide":""},"jnews_social_meta":{"fb_title":"","fb_description":"","fb_image":"","twitter_title":"","twitter_description":"","twitter_image":""},"jnews_override_counter":{"override_view_counter":"0","view_counter_number":"0","override_share_counter":"0","share_counter_number":"0","override_like_counter":"0","like_counter_number":"0","override_dislike_counter":"0","dislike_counter_number":"0"},"footnotes":""},"categories":[41],"tags":[],"class_list":["post-83430","post","type-post","status-publish","format-standard","has-post-thumbnail","hentry","category-maquillaje"],"_links":{"self":[{"href":"https:\/\/www.primor.eu\/blog\/wp-json\/wp\/v2\/posts\/83430","targetHints":{"allow":["GET"]}}],"collection":[{"href":"https:\/\/www.primor.eu\/blog\/wp-json\/wp\/v2\/posts"}],"about":[{"href":"https:\/\/www.primor.eu\/blog\/wp-json\/wp\/v2\/types\/post"}],"author":[{"embeddable":true,"href":"https:\/\/www.primor.eu\/blog\/wp-json\/wp\/v2\/users\/17"}],"replies":[{"embeddable":true,"href":"https:\/\/www.primor.eu\/blog\/wp-json\/wp\/v2\/comments?post=83430"}],"version-history":[{"count":5,"href":"https:\/\/www.primor.eu\/blog\/wp-json\/wp\/v2\/posts\/83430\/revisions"}],"predecessor-version":[{"id":83976,"href":"https:\/\/www.primor.eu\/blog\/wp-json\/wp\/v2\/posts\/83430\/revisions\/83976"}],"wp:featuredmedia":[{"embeddable":true,"href":"https:\/\/www.primor.eu\/blog\/wp-json\/wp\/v2\/media\/83443"}],"wp:attachment":[{"href":"https:\/\/www.primor.eu\/blog\/wp-json\/wp\/v2\/media?parent=83430"}],"wp:term":[{"taxonomy":"category","embeddable":true,"href":"https:\/\/www.primor.eu\/blog\/wp-json\/wp\/v2\/categories?post=83430"},{"taxonomy":"post_tag","embeddable":true,"href":"https:\/\/www.primor.eu\/blog\/wp-json\/wp\/v2\/tags?post=83430"}],"curies":[{"name":"wp","href":"https:\/\/api.w.org\/{rel}","templated":true}]}}