{"id":831,"date":"2025-11-13T13:56:19","date_gmt":"2025-11-13T13:56:19","guid":{"rendered":"http:\/\/blog.primor.eu:\/?p=831"},"modified":"2026-01-29T08:58:38","modified_gmt":"2026-01-29T08:58:38","slug":"black-friday-primor","status":"publish","type":"post","link":"https:\/\/www.primor.eu\/blog\/black-friday-primor\/","title":{"rendered":"Black Friday 2026 en Primor: todo lo que necesitar saber"},"content":{"rendered":"\n<p>\u00a1Las ofertas m\u00e1s importantes del a\u00f1o est\u00e1n a la vuelta de la esquina! Ha comenzado oficialmente la cuenta atr\u00e1s para el tan esperado <strong>Viernes Negro<\/strong> y el momento para prepararnos es ahora. Este a\u00f1o queremos ayudarte a sacarle el m\u00e1ximo partido a las <a href=\"https:\/\/www.primor.eu\/es_es\/black-friday\"><strong>ofertas de Black Friday en Primor<\/strong><\/a>, as\u00ed que hemos preparado una gu\u00eda con todo lo que necesitas saber para no dejar escapar ning\u00fan chollo.<\/p>\n\n\n\n<h2 class=\"wp-block-heading\">\u00bfC\u00f3mo celebramos Black Friday en Perfumer\u00edas Primor?<\/h2>\n\n\n\n<p>\u00a1Por todo lo alto! El <strong>Black Friday 2026 de Perfumer\u00edas Primor<\/strong> viene cargado de sorpresas irresistibles, ofertas exclusivas y descuentos que no te puedes perder. Anota en tu calendario el pr\u00f3ximo 29 de noviembre para celebrar el Viernes Negro con los mejores chollos del Black Friday en Primor.&nbsp;<\/p>\n\n\n\n<h2 class=\"wp-block-heading\">\u00bfCu\u00e1ndo empiezan las ofertas de Black Friday 2026 en Primor?<\/h2>\n\n\n\n<p>Las <strong>ofertas de Black Friday 2026<\/strong> arrancar\u00e1n durante el pr\u00f3ximo noviembre. Los descuentos m\u00e1s jugosos suelen reservarse para el <strong>29 de noviembre<\/strong>, que es el d\u00eda en el que se celebra oficialmente el Black Friday. Sin embargo, cada vez son m\u00e1s las marcas y comercios que alargan estas ofertas especiales <a href=\"https:\/\/www.primor.eu\/blog\/contando-las-horas-para-el-black-friday\/\" data-type=\"link\" data-id=\"https:\/\/www.primor.eu\/blog\/contando-las-horas-para-el-black-friday\/\">prolong\u00e1ndolas durante toda una semana<\/a> e incluso durante todo el <strong>mes<\/strong>. As\u00ed que para no perderte ninguna de las sorpresas que Primor tiene preparadas, no te olvides de echarle un ojo a las redes sociales y suscribirte a la newsletter.&nbsp;<\/p>\n\n\n\n<h2 class=\"wp-block-heading\">\u00bfQu\u00e9 comprar en el Black Friday 2026 en Primor?<\/h2>\n\n\n\n<p>En <strong>Perfumer\u00edas Primor<\/strong> nos gusta celebrar el <strong>Black Friday<\/strong> por todo lo alto con descuentos de esc\u00e1ndalo y un sinf\u00edn de ofertas. Y para ayudarte a conseguir los mejores chollos, aqu\u00ed tienes una lista con <strong>los mejores productos para comprar en el Black Friday 2026 de Primor:<\/strong><\/p>\n\n\n\n<ul class=\"wp-block-list\">\n<li><a href=\"https:\/\/www.primor.eu\/es_es\/perfumes\"><strong>Perfumes<\/strong><\/a> para mujer y hombre.&nbsp;<\/li>\n\n\n\n<li><a href=\"https:\/\/www.primor.eu\/es_es\/cofres-y-estuches-de-perfumes\"><strong>Estuches de perfumes<\/strong><\/a> para mujer y hombre.<\/li>\n\n\n\n<li><a href=\"https:\/\/www.primor.eu\/es_es\/maquillaje-de-lujo\"><strong>Maquillaje<\/strong> <strong>de alta gama<\/strong><\/a>.&nbsp;<\/li>\n\n\n\n<li><a href=\"https:\/\/www.primor.eu\/es_es\/cosmetica-de-lujo\"><strong>Cosm\u00e9ticos de alta gama<\/strong><\/a>.&nbsp;<\/li>\n\n\n\n<li><a href=\"https:\/\/www.primor.eu\/es_es\/cosmetica\"><strong>Cosm\u00e9tica low cost<\/strong><\/a><strong>.<\/strong><\/li>\n\n\n\n<li><a href=\"https:\/\/www.primor.eu\/es_es\/cosmetica-coreana\"><strong>Cosm\u00e9tica coreana<\/strong><\/a><strong>.<\/strong><\/li>\n\n\n\n<li><a href=\"https:\/\/www.primor.eu\/es_es\/cabello\"><strong>Tratamientos capilares<\/strong><\/a>.<\/li>\n\n\n\n<li>Productos de <a href=\"https:\/\/www.primor.eu\/es_es\/parafarmacia\"><strong>parafarmacia<\/strong><\/a>.<\/li>\n\n\n\n<li><a href=\"https:\/\/www.primor.eu\/es_es\/cosmetica-para-hombre\"><strong>Cosm\u00e9ticos para hombre<\/strong><\/a>.&nbsp;<\/li>\n\n\n\n<li><a href=\"https:\/\/www.primor.eu\/es_es\/corporales\"><strong>Tratamientos corporales<\/strong><\/a>.<\/li>\n\n\n\n<li><a href=\"https:\/\/www.primor.eu\/es_es\/juguetes-sexuales\"><strong>Juguetes er\u00f3ticos<\/strong><\/a>.&nbsp;<\/li>\n\n\n\n<li>Aprovecha para adelantar tus <a href=\"https:\/\/www.primor.eu\/es_es\/navidad\"><strong>regalos de Navidad<\/strong><\/a>.<\/li>\n<\/ul>\n\n\n\n<h2 class=\"wp-block-heading\">C\u00f3mo conseguir los mejores descuentos de Black Friday<\/h2>\n\n\n\n<p>Conseguir los mejores descuentos del Black Friday 2026 no es solo cuesti\u00f3n de suerte. Aqu\u00ed te dejamos algunos trucos de experto con los que conseguir <strong>los mejores descuentos en perfumes, maquillaje y cosm\u00e9tica del Black Friday en Primor:<\/strong><\/p>\n\n\n\n<ul class=\"wp-block-list\">\n<li><strong>Ten claras tus prioridades. <\/strong>Durante el Black Friday abundan las ofertas en un sinf\u00edn de productos que nos pueden incitar a perder de vista nuestro objetivo.<\/li>\n\n\n\n<li><strong>Utiliza tu lista de deseos o carrito para prepararte.<\/strong> Este paso es fundamental para tener a mano tus imprescindibles y conseguirlos todos al mejor precio.<\/li>\n\n\n\n<li><strong>Guarda enlaces y referencias importantes. <\/strong>Toda precauci\u00f3n es poca y si buscas hacerte con un producto s\u00ed o s\u00ed, no hay nada como tenerlo bien localizado para evitar que se nos escape.&nbsp;<\/li>\n\n\n\n<li><strong>Prioriza siempre lo primero que se pueda agotar.<\/strong> Todos sabemos que hay marcas y productos top ventas que vuelan durante todo el a\u00f1o y mucho m\u00e1s durante Black Friday.<\/li>\n\n\n\n<li><strong>Suscr\u00edbete a nuestra newsletter para enterarte de todas las ofertas.<\/strong> Conseguir\u00e1s los mejores chollos y estar\u00e1s al d\u00eda de los descuentos m\u00e1s jugosos.&nbsp;<\/li>\n<\/ul>\n\n\n\n<h2 class=\"wp-block-heading\">Algunos de los productos que querr\u00e1s tener en tu cesta para Black Friday<\/h2>\n\n\n        <product-table class=\"pr-slider\">\r\n            <product-headers class=\"grid-table-rows\">\r\n                <div>Foto<\/div>\r\n                <div>Producto<\/div>\r\n                <div>Marca<\/div>\r\n                <div>Valoraciones<\/div>\r\n                <div>Precio<\/div>\r\n            <\/product-headers>\r\n\r\n            <product-list>\r\n                                    <a href=\"https:\/\/www.primor.eu\/es_es\/estee-lauder-serum-antiedad-advanced-night-repair-serum-106279.html?#854=66330\" class=\"product-item grid-table-rows\" target=\"_blank\">\r\n                        <div>\r\n                            <img decoding=\"async\" class=\"product-img\" width=\"80px\" height=\"80px\" src=\"https:\/\/cdn2.primor.eu\/media\/catalog\/product\/cache\/8d3aba296f7a18b5251ee30fa5db42b2\/0\/T\/0TF18833_1_ca29.jpg\" alt=\"Serum Antiedad Advanced Night Repair Serum\">\r\n                        <\/div>\r\n\r\n                        <!-- Contenido de producto  -->\r\n                        <div>\r\n                            <div class=\"product-position\">\r\n                                #1 Top Ventas                            <\/div>\r\n\r\n                            <h2>\r\n                                Serum Antiedad Advanced Night Repair Serum                            <\/h2>\r\n                        <\/div>\r\n\r\n                        <!-- Imagen y\/o nombre de la marca -->\r\n                        <div>\r\n                                                            <img decoding=\"async\" width=\"70\" src=\"https:\/\/www.primor.eu\/media\/catalog\/category\/Estee_Lauder.png\" alt=\"Est\u00e9e Lauder\">\r\n                                                    <\/div>\r\n\r\n                        <!-- Puntuaci\u00f3n del producto  -->\r\n                        <div class=\"rating\">\r\n                                                            <div class=\"rate\" style=\"--p:96;\"><\/div>\r\n                                <b>4.8\/5<\/b>\r\n                                <div class=\"rate-stars\">\r\n                                                                            <div\r\n                                            class=\"rate-star  \">\r\n                                        <\/div>\r\n                                                                            <div\r\n                                            class=\"rate-star  \">\r\n                                        <\/div>\r\n                                                                            <div\r\n                                            class=\"rate-star  \">\r\n                                        <\/div>\r\n                                                                            <div\r\n                                            class=\"rate-star  \">\r\n                                        <\/div>\r\n                                                                            <div\r\n                                            class=\"rate-star  \">\r\n                                        <\/div>\r\n                                                                    <\/div>\r\n                                                    <\/div>\r\n\r\n                        <!-- Bot\u00f3n de producto  -->\r\n                        <div>\r\n                            <span class=\"price-claim\">\r\n                                VER PRECIO                            <\/span>\r\n                        <\/div>\r\n                    <\/a>\r\n                                    <a href=\"https:\/\/www.primor.eu\/es_es\/armani-my-way-giorgio-armani-perfume-de-mujer-111882.html?#863=67055\" class=\"product-item grid-table-rows\" target=\"_blank\">\r\n                        <div>\r\n                            <img decoding=\"async\" class=\"product-img\" width=\"80px\" height=\"80px\" src=\"https:\/\/cdn2.primor.eu\/media\/catalog\/product\/cache\/8d3aba296f7a18b5251ee30fa5db42b2\/4\/A\/4AF06733_1_cebb.jpg\" alt=\"My Way Giorgio Armani Perfume de Mujer\">\r\n                        <\/div>\r\n\r\n                        <!-- Contenido de producto  -->\r\n                        <div>\r\n                            <div class=\"product-position\">\r\n                                #2                            <\/div>\r\n\r\n                            <h2>\r\n                                My Way Giorgio Armani Perfume de Mujer                            <\/h2>\r\n                        <\/div>\r\n\r\n                        <!-- Imagen y\/o nombre de la marca -->\r\n                        <div>\r\n                                                            <img decoding=\"async\" width=\"70\" src=\"https:\/\/www.primor.eu\/media\/catalog\/category\/giorgio-armani.png\" alt=\"Armani\">\r\n                                                    <\/div>\r\n\r\n                        <!-- Puntuaci\u00f3n del producto  -->\r\n                        <div class=\"rating\">\r\n                                                            <div class=\"rate\" style=\"--p:96;\"><\/div>\r\n                                <b>4.8\/5<\/b>\r\n                                <div class=\"rate-stars\">\r\n                                                                            <div\r\n                                            class=\"rate-star  \">\r\n                                        <\/div>\r\n                                                                            <div\r\n                                            class=\"rate-star  \">\r\n                                        <\/div>\r\n                                                                            <div\r\n                                            class=\"rate-star  \">\r\n                                        <\/div>\r\n                                                                            <div\r\n                                            class=\"rate-star  \">\r\n                                        <\/div>\r\n                                                                            <div\r\n                                            class=\"rate-star  \">\r\n                                        <\/div>\r\n                                                                    <\/div>\r\n                                                    <\/div>\r\n\r\n                        <!-- Bot\u00f3n de producto  -->\r\n                        <div>\r\n                            <span class=\"price-claim\">\r\n                                VER PRECIO                            <\/span>\r\n                        <\/div>\r\n                    <\/a>\r\n                                    <a href=\"https:\/\/www.primor.eu\/es_es\/sisley-sisleya-l-integral-tratamiento-antiedad-integral-ojos-y-labios-15226.html\" class=\"product-item grid-table-rows\" target=\"_blank\">\r\n                        <div>\r\n                            <img decoding=\"async\" class=\"product-img\" width=\"80px\" height=\"80px\" src=\"https:\/\/cdn2.primor.eu\/media\/catalog\/product\/cache\/8d3aba296f7a18b5251ee30fa5db42b2\/0\/T\/0TF13663_1_dd0d.jpg\" alt=\"Sisle\u00ffa L Integral Tratamiento Antiedad Integral Ojos y Labios\">\r\n                        <\/div>\r\n\r\n                        <!-- Contenido de producto  -->\r\n                        <div>\r\n                            <div class=\"product-position\">\r\n                                #3                            <\/div>\r\n\r\n                            <h2>\r\n                                Sisle\u00ffa L Integral Tratamiento Antiedad Integral Ojos y Labios                            <\/h2>\r\n                        <\/div>\r\n\r\n                        <!-- Imagen y\/o nombre de la marca -->\r\n                        <div>\r\n                                                            <img decoding=\"async\" width=\"70\" src=\"https:\/\/www.primor.eu\/media\/catalog\/category\/sisley.png\" alt=\"\">\r\n                                                    <\/div>\r\n\r\n                        <!-- Puntuaci\u00f3n del producto  -->\r\n                        <div class=\"rating\">\r\n                                                            <div class=\"rate\" style=\"--p:98;\"><\/div>\r\n                                <b>4.9\/5<\/b>\r\n                                <div class=\"rate-stars\">\r\n                                                                            <div\r\n                                            class=\"rate-star  \">\r\n                                        <\/div>\r\n                                                                            <div\r\n                                            class=\"rate-star  \">\r\n                                        <\/div>\r\n                                                                            <div\r\n                                            class=\"rate-star  \">\r\n                                        <\/div>\r\n                                                                            <div\r\n                                            class=\"rate-star  \">\r\n                                        <\/div>\r\n                                                                            <div\r\n                                            class=\"rate-star  \">\r\n                                        <\/div>\r\n                                                                    <\/div>\r\n                                                    <\/div>\r\n\r\n                        <!-- Bot\u00f3n de producto  -->\r\n                        <div>\r\n                            <span class=\"price-claim\">\r\n                                VER PRECIO                            <\/span>\r\n                        <\/div>\r\n                    <\/a>\r\n                                    <a href=\"https:\/\/www.primor.eu\/es_es\/valentino-born-in-roma-uomo-intense-eau-de-parfum-112546.html?#854=66330\" class=\"product-item grid-table-rows\" target=\"_blank\">\r\n                        <div>\r\n                            <img decoding=\"async\" class=\"product-img\" width=\"80px\" height=\"80px\" src=\"https:\/\/cdn2.primor.eu\/media\/catalog\/product\/cache\/8d3aba296f7a18b5251ee30fa5db42b2\/3\/6\/3614273790833_1_43f1.jpg\" alt=\"Born In Roma Uomo Intense Eau de Parfum\">\r\n                        <\/div>\r\n\r\n                        <!-- Contenido de producto  -->\r\n                        <div>\r\n                            <div class=\"product-position\">\r\n                                #4                            <\/div>\r\n\r\n                            <h2>\r\n                                Born In Roma Uomo Intense Eau de Parfum                            <\/h2>\r\n                        <\/div>\r\n\r\n                        <!-- Imagen y\/o nombre de la marca -->\r\n                        <div>\r\n                                                            <img decoding=\"async\" width=\"70\" src=\"https:\/\/www.primor.eu\/media\/catalog\/category\/Valentino-200x29px.png\" alt=\"Valentino\">\r\n                                                    <\/div>\r\n\r\n                        <!-- Puntuaci\u00f3n del producto  -->\r\n                        <div class=\"rating\">\r\n                                                            <div class=\"rate\" style=\"--p:94;\"><\/div>\r\n                                <b>4.7\/5<\/b>\r\n                                <div class=\"rate-stars\">\r\n                                                                            <div\r\n                                            class=\"rate-star  \">\r\n                                        <\/div>\r\n                                                                            <div\r\n                                            class=\"rate-star  \">\r\n                                        <\/div>\r\n                                                                            <div\r\n                                            class=\"rate-star  \">\r\n                                        <\/div>\r\n                                                                            <div\r\n                                            class=\"rate-star  \">\r\n                                        <\/div>\r\n                                                                            <div\r\n                                            class=\"rate-star  \">\r\n                                        <\/div>\r\n                                                                    <\/div>\r\n                                                    <\/div>\r\n\r\n                        <!-- Bot\u00f3n de producto  -->\r\n                        <div>\r\n                            <span class=\"price-claim\">\r\n                                VER PRECIO                            <\/span>\r\n                        <\/div>\r\n                    <\/a>\r\n                                    <a href=\"https:\/\/www.primor.eu\/es_es\/clarins-contorno-de-ojos-double-serum-16968.html\" class=\"product-item grid-table-rows\" target=\"_blank\">\r\n                        <div>\r\n                            <img decoding=\"async\" class=\"product-img\" width=\"80px\" height=\"80px\" src=\"https:\/\/cdn2.primor.eu\/media\/catalog\/product\/cache\/8d3aba296f7a18b5251ee30fa5db42b2\/0\/T\/0TF20410_1_1ee0.jpg\" alt=\"Contorno de Ojos Double Serum\">\r\n                        <\/div>\r\n\r\n                        <!-- Contenido de producto  -->\r\n                        <div>\r\n                            <div class=\"product-position\">\r\n                                #5                            <\/div>\r\n\r\n                            <h2>\r\n                                Contorno de Ojos Double Serum                            <\/h2>\r\n                        <\/div>\r\n\r\n                        <!-- Imagen y\/o nombre de la marca -->\r\n                        <div>\r\n                                                            <img decoding=\"async\" width=\"70\" src=\"https:\/\/www.primor.eu\/media\/catalog\/category\/clarins.png\" alt=\"\">\r\n                                                    <\/div>\r\n\r\n                        <!-- Puntuaci\u00f3n del producto  -->\r\n                        <div class=\"rating\">\r\n                                                            <div class=\"rate\" style=\"--p:96;\"><\/div>\r\n                                <b>4.8\/5<\/b>\r\n                                <div class=\"rate-stars\">\r\n                                                                            <div\r\n                                            class=\"rate-star  \">\r\n                                        <\/div>\r\n                                                                            <div\r\n                                            class=\"rate-star  \">\r\n                                        <\/div>\r\n                                                                            <div\r\n                                            class=\"rate-star  \">\r\n                                        <\/div>\r\n                                                                            <div\r\n                                            class=\"rate-star  \">\r\n                                        <\/div>\r\n                                                                            <div\r\n                                            class=\"rate-star  \">\r\n                                        <\/div>\r\n                                                                    <\/div>\r\n                                                    <\/div>\r\n\r\n                        <!-- Bot\u00f3n de producto  -->\r\n                        <div>\r\n                            <span class=\"price-claim\">\r\n                                VER PRECIO                            <\/span>\r\n                        <\/div>\r\n                    <\/a>\r\n                            <\/product-list>\r\n        <\/product-table>\r\n\r\n        \n\n\n\n<h3 class=\"wp-block-heading\">Advanced Night Repair S\u00e9rum de Est\u00e9e Lauder<\/h3>\n\n\n\n<p>Este s\u00e9rum de <strong>Est\u00e9e Lauder<\/strong> trabaja mientras duermes, fomentando la producci\u00f3n natural de col\u00e1geno y elastina al mismo tiempo que potencia las c\u00e9lulas sanas de la piel para un resultado firme, saludable y sin arrugas. Una f\u00f3rmula enriquecida con <strong>\u00e1cido hialur\u00f3nico<\/strong> que retiene la hidrataci\u00f3n de la piel hasta 72 horas para un rostro m\u00e1s radiante y joven.<\/p>\n\n\n    <a class='product' target='_blank' href='https:\/\/www.primor.eu\/es_es\/estee-lauder-serum-antiedad-advanced-night-repair-serum-106279.html?#854=66330'>\r\n        <img loading='async' src='https:\/\/cdn2.primor.eu\/media\/catalog\/product\/cache\/8d3aba296f7a18b5251ee30fa5db42b2\/0\/T\/0TF18833_1_ca29.jpg' alt='COMPRAR AHORA'>\r\n            <div class=\"claim\">\r\n                COMPRAR AHORA            <\/div>\r\n        <\/a>\r\n    \n\n\n\n<h3 class=\"wp-block-heading\">My Way Giorgio Armani Perfume de Mujer de Armani<\/h3>\n\n\n\n<p><strong>My Way<\/strong> abre con notas frescas y c\u00edtricas de aceite de bergamota de Calabria, mezcladas con el chispeante azahar en aceite de naranja amarga de Egipto. Un nuevo coraz\u00f3n intenso, nacido del contraste entre las notas solares, cremosas y aterciopeladas del absoluto de coraz\u00f3n de nardo de la India.<\/p>\n\n\n    <a class='product' target='_blank' href='https:\/\/www.primor.eu\/es_es\/armani-my-way-giorgio-armani-perfume-de-mujer-111882.html?#863=67055'>\r\n        <img loading='async' src='https:\/\/cdn2.primor.eu\/media\/catalog\/product\/cache\/8d3aba296f7a18b5251ee30fa5db42b2\/4\/A\/4AF06733_1_cebb.jpg' alt='COMPRAR AHORA'>\r\n            <div class=\"claim\">\r\n                COMPRAR AHORA            <\/div>\r\n        <\/a>\r\n    \n\n\n\n<h3 class=\"wp-block-heading\">Sisle\u00ffa L'Integral Tratamiento Antiedad Integral Ojos y Labios de Sisley<\/h3>\n\n\n\n<p>Con elementos fundamentales como el extracto de Acacia de Constantinopla para potenciar la producci\u00f3n de energ\u00eda, el extracto de Lindera para resincronizar biorritmos cut\u00e1neos y el complejo proteico de Soja y Levadura para proteger los tel\u00f3meros, este tratamiento proporciona una respuesta completa.<\/p>\n\n\n\n<p>Adem\u00e1s, se combina con activos especializados en arrugas y firmeza, como el extracto pept\u00eddico de Soja, la Adenosina, el Acetato de Vitamina E y el extracto de semillas de Avena, para actuar de manera espec\u00edfica en el contorno de ojos y labios.<\/p>\n\n\n    <a class='product' target='_blank' href='https:\/\/www.primor.eu\/es_es\/sisley-sisleya-l-integral-tratamiento-antiedad-integral-ojos-y-labios-15226.html'>\r\n        <img loading='async' src='https:\/\/cdn2.primor.eu\/media\/catalog\/product\/cache\/8d3aba296f7a18b5251ee30fa5db42b2\/0\/T\/0TF13663_1_dd0d.jpg' alt='COMPRAR AHORA'>\r\n            <div class=\"claim\">\r\n                COMPRAR AHORA            <\/div>\r\n        <\/a>\r\n    \n\n\n\n<h3 class=\"wp-block-heading\">Born In Roma Uomo Intense Eau de Parfum de Valentino<\/h3>\n\n\n\n<p><strong>Born In Roma Intense<\/strong> es un destacado homenaje a Roma y sus atardeceres, celebrando una noche en la ciudad eterna. El aroma de esta fragancia Born In Roma aumenta la adicci\u00f3n a la colecci\u00f3n. Born In Roma Intense permite a los hombres expresarse con intensidad y experimentar la vida con abundancia y sensualidad.<\/p>\n\n\n    <a class='product' target='_blank' href='https:\/\/www.primor.eu\/es_es\/valentino-born-in-roma-uomo-intense-eau-de-parfum-112546.html?#854=66330'>\r\n        <img loading='async' src='https:\/\/cdn2.primor.eu\/media\/catalog\/product\/cache\/8d3aba296f7a18b5251ee30fa5db42b2\/3\/6\/3614273790833_1_43f1.jpg' alt='COMPRAR AHORA'>\r\n            <div class=\"claim\">\r\n                COMPRAR AHORA            <\/div>\r\n        <\/a>\r\n    \n\n\n\n<h3 class=\"wp-block-heading\">Double Serum de Clarins<\/h3>\n\n\n\n<p>El nuevo <strong>Double Serum<\/strong> tiene el poder de cambiar el futuro de la piel, gracias a sus d\u00faos reforzados \"planta-mol\u00e9cula\" que act\u00faan sobre el envejecimiento cronol\u00f3gico de la piel y a su innovadora tecnolog\u00eda de Defensa epi-envejecimiento que ayuda a neutralizar el 100% del envejecimiento causado por el estilo de vida.<\/p>\n\n\n    <a class='product' target='_blank' href='https:\/\/www.primor.eu\/es_es\/clarins-contorno-de-ojos-double-serum-16968.html'>\r\n        <img loading='async' src='https:\/\/cdn2.primor.eu\/media\/catalog\/product\/cache\/8d3aba296f7a18b5251ee30fa5db42b2\/0\/T\/0TF20410_1_1ee0.jpg' alt='COMPRAR AHORA'>\r\n            <div class=\"claim\">\r\n                COMPRAR AHORA            <\/div>\r\n        <\/a>\r\n    \n\n\n\n<h3 class=\"wp-block-heading\">Terracotta Light Polvos Bronceadores Efecto Buena Cara de Guerlain<\/h3>\n\n\n\n<p>Los polvos de Guerlain Terracotta Light ofrecen un efecto de buena cara inigualable, realzando el aspecto saludable de tu piel. Su f\u00f3rmula natural y ligera contiene una mezcla \u00fanica de tonos dorados que se fusionan perfectamente con tu piel.<\/p>\n\n\n    <a class='product' target='_blank' href='https:\/\/www.primor.eu\/es_es\/guerlain-terracotta-light-polvos-bronceadores-efecto-buena-cara-108888.html?#803=43244'>\r\n        <img loading='async' src='https:\/\/cdn2.primor.eu\/media\/catalog\/product\/cache\/8d3aba296f7a18b5251ee30fa5db42b2\/0\/M\/0MR21778_1_7099.jpg' alt='COMPRAR AHORA'>\r\n            <div class=\"claim\">\r\n                COMPRAR AHORA            <\/div>\r\n        <\/a>\r\n    \n\n\n\n<h3 class=\"wp-block-heading\">This is Her! Eau de Parfum de Zadig &amp; Voltaire<\/h3>\n\n\n\n<p>Este perfume de mujer distingue a quien lo lleva, haci\u00e9ndola sentir \u00fanica y especial. <strong>This Is Her de Zadig &amp; Voltaire<\/strong> despliega un aroma cargado de fuerza, elegancia e intensidad. This Is Her de Zadig &amp; Voltaire despliega un aroma cargado de fuerza, elegancia e intensidad. <\/p>\n\n\n    <a class='product' target='_blank' href='https:\/\/www.primor.eu\/es_es\/zadig-voltaire-this-is-her-eau-de-parfum-111728.html?#854=66334'>\r\n        <img loading='async' src='https:\/\/cdn2.primor.eu\/media\/catalog\/product\/cache\/8d3aba296f7a18b5251ee30fa5db42b2\/3\/4\/3423474891658_1_0fd6.jpg' alt='COMPRAR AHORA'>\r\n            <div class=\"claim\">\r\n                COMPRAR AHORA            <\/div>\r\n        <\/a>\r\n    \n\n\n\n<h3 class=\"wp-block-heading\">Contorno de Ojos Benefiance Wrinkle Smoothing Eye Cream de Shiseido<\/h3>\n\n\n\n<p>Experimenta la innovaci\u00f3n de <strong>Shiseido <\/strong>con nuestro destacado Contorno de Ojos Benefiance Wrinkle Smoothing Eye Cream, dise\u00f1ado para brindarte una soluci\u00f3n efectiva contra las arrugas visibles alrededor de los ojos.<\/p>\n\n\n    <a class='product' target='_blank' href='https:\/\/www.primor.eu\/es_es\/shiseido-contorno-de-ojos-benefiance-wrinkle-smoothing-eye-cream-88637.html'>\r\n        <img loading='async' src='https:\/\/cdn2.primor.eu\/media\/catalog\/product\/cache\/8d3aba296f7a18b5251ee30fa5db42b2\/7\/6\/768614208570_c30f.jpg' alt='COMPRAR AHORA'>\r\n            <div class=\"claim\">\r\n                COMPRAR AHORA            <\/div>\r\n        <\/a>\r\n    \n\n\n\n<h3 class=\"wp-block-heading\">Y Eau de Parfum Hombre Yves Saint Laurent<\/h3>\n\n\n\n<p><strong>Y Le Parfum<\/strong>, la nueva interpretaci\u00f3n de la emblem\u00e1tica franquicia Y, es una fragancia amaderada y limpia de larga duraci\u00f3n que celebra la autorrealizaci\u00f3n. Esta versi\u00f3n, m\u00e1s intensa y poderosa que nunca, fusiona la vibrante lavanda francesa con la fuerza del cedro estadounidense.<\/p>\n\n\n    <a class='product' target='_blank' href='https:\/\/www.primor.eu\/es_es\/yves-saint-laurent-y-eau-de-parfum-hombre-112376.html?#854=66337'>\r\n        <img loading='async' src='https:\/\/cdn2.primor.eu\/media\/catalog\/product\/cache\/8d3aba296f7a18b5251ee30fa5db42b2\/4\/A\/4AM02831_1_580a.jpg' alt='COMPRAR AHORA'>\r\n            <div class=\"claim\">\r\n                COMPRAR AHORA            <\/div>\r\n        <\/a>\r\n    \n\n\n\n<h3 class=\"wp-block-heading\">Lip Oil Balm B\u00e1lsamo Labial de Clarins<\/h3>\n\n\n\n<p>Este b\u00e1lsamo labial cuenta con una f\u00f3rmula que incluye un 96% de ingredientes de origen natural, destacando aceites vegetales altamente efectivos. El b\u00e1lsamo labial de <strong>CLARINS <\/strong>contiene Aceite de Rosa de Mosqueta para un confort nutritivo, Aceite de Jojoba que proporciona una nutrici\u00f3n profunda.<\/p>\n\n\n    <a class='product' target='_blank' href='https:\/\/www.primor.eu\/es_es\/clarins-lip-oil-balm-balsamo-labial-108748.html?#803=58268'>\r\n        <img loading='async' src='https:\/\/cdn2.primor.eu\/media\/catalog\/product\/cache\/8d3aba296f7a18b5251ee30fa5db42b2\/3\/6\/3666057237126_1_88ab.jpg' alt='COMPRAR AHORA'>\r\n            <div class=\"claim\">\r\n                COMPRAR AHORA            <\/div>\r\n        <\/a>\r\n    \n\n\n\n<h3 class=\"wp-block-heading\">R\u00e9nergie H.C.F. Triple Serum de L\u00e2ncome<\/h3>\n\n\n\n<p><strong>LANC\u00d4ME <\/strong>R\u00e9nergie H.C.F. Triple Serum es un serum antiedad que marca el inicio de una nueva era en tratamientos antienvejecimiento. Este serum antiedad de Lanc\u00f4me combina tres activos potentes en una sola dosis: \u00c1cido Hialur\u00f3nico, Vitamina C + Niacinamida y \u00c1cido Fer\u00falico. <\/p>\n\n\n    <a class='product' target='_blank' href='https:\/\/www.primor.eu\/es_es\/lancome-renergie-h-c-f-triple-serum-ojos-contorno-de-ojos-de-alta-eficacia-anti-edad-96236.html'>\r\n        <img loading='async' src='https:\/\/cdn2.primor.eu\/media\/catalog\/product\/cache\/8d3aba296f7a18b5251ee30fa5db42b2\/3\/6\/3614274170207_1_bce6.jpg' alt='COMPRAR AHORA'>\r\n            <div class=\"claim\">\r\n                COMPRAR AHORA            <\/div>\r\n        <\/a>\r\n    \n\n\n\n<h3 class=\"wp-block-heading\">Visible Difference Crema Hidratante de Elizabeth Arden<\/h3>\n\n\n\n<p>Especialmente creada para pieles mixtas y secas, aporta a la piel la hidrataci\u00f3n necesaria para el d\u00eda a d\u00eda, a la vez que crea sobre la dermis una barrera protectora para impedir la p\u00e9rdida de dicha hidrataci\u00f3n y mantener la humedad necesaria para un aspecto radiante y una disminuci\u00f3n de las l\u00edneas de sequedad.<\/p>\n\n\n    <a class='product' target='_blank' href='https:\/\/www.primor.eu\/es_es\/elizabeth-arden-visible-difference-crema-hidratante-14254.html'>\r\n        <img loading='async' src='https:\/\/cdn2.primor.eu\/media\/catalog\/product\/cache\/8d3aba296f7a18b5251ee30fa5db42b2\/0\/T\/0TF00206_1_26d2.jpg' alt='COMPRAR AHORA'>\r\n            <div class=\"claim\">\r\n                COMPRAR AHORA            <\/div>\r\n        <\/a>\r\n    \n\n\n\n<h3 class=\"wp-block-heading\">Almost Lipstick Barra de Labios de Clinique<\/h3>\n\n\n\n<p>Eleva tu look con un toque de color ligero y natural que realza la belleza de tus labios.&nbsp;<strong>Almost Lipstick de Clinique&nbsp;<\/strong>se funde a la perfecci\u00f3n, adapt\u00e1ndose a tu tono natural para ofrecerte un acabado brillante y \u00fanico. Disponible en dos tonos ic\u00f3nicos,&nbsp;<strong>Black Honey y Pink Honey<\/strong>, este cl\u00e1sico combina la versatilidad de un b\u00e1lsamo con el encanto de un labial.<\/p>\n\n\n    <a class='product' target='_blank' href='https:\/\/www.primor.eu\/es_es\/clinique-almost-lipstick-barra-de-labios-120462.html?#803=77657'>\r\n        <img loading='async' src='https:\/\/cdn2.primor.eu\/media\/catalog\/product\/cache\/8d3aba296f7a18b5251ee30fa5db42b2\/3\/7\/3728228_1_bf29.jpg' alt='COMPRAR AHORA'>\r\n            <div class=\"claim\">\r\n                COMPRAR AHORA            <\/div>\r\n        <\/a>\r\n    \n\n\n\n<h3 class=\"wp-block-heading\">Acidic Bonding Concentrate Tratamiento Capilar Intensivo de Redken<\/h3>\n\n\n\n<p>Es apto para todo tipo de cabellos, siendo especialmente indicado para cabellos con da\u00f1os severos. Su f\u00f3rmula \u00e1cida ayuda a equilibrar el pH del cabello y fortalece los enlaces internos, mejorando la resistencia y acondicionamiento del cabello. El uso del tratamiento intensivo REDKEN Acidic Bonding Concentrate proporciona un cabello dos veces m\u00e1s fuerte y un 90% m\u00e1s acondicionado.<\/p>\n\n\n    <a class='product' target='_blank' href='https:\/\/www.primor.eu\/es_es\/redken-acidic-bonding-concentrate-tratamiento-intensivo-105552.html?#854=66544'>\r\n        <img loading='async' src='https:\/\/cdn2.primor.eu\/media\/catalog\/product\/cache\/8d3aba296f7a18b5251ee30fa5db42b2\/3\/4\/3474637248666_b383.jpg' alt='COMPRAR AHORA'>\r\n            <div class=\"claim\">\r\n                COMPRAR AHORA            <\/div>\r\n        <\/a>\r\n    \n\n\n<div class=\"kk-star-ratings kksr-auto kksr-align-center kksr-valign-bottom\"\n    data-payload='{&quot;align&quot;:&quot;center&quot;,&quot;id&quot;:&quot;831&quot;,&quot;slug&quot;:&quot;default&quot;,&quot;valign&quot;:&quot;bottom&quot;,&quot;ignore&quot;:&quot;&quot;,&quot;reference&quot;:&quot;auto&quot;,&quot;class&quot;:&quot;&quot;,&quot;count&quot;:&quot;4&quot;,&quot;legendonly&quot;:&quot;&quot;,&quot;readonly&quot;:&quot;&quot;,&quot;score&quot;:&quot;4&quot;,&quot;starsonly&quot;:&quot;&quot;,&quot;best&quot;:&quot;5&quot;,&quot;gap&quot;:&quot;5&quot;,&quot;greet&quot;:&quot;Valora este art\u00edculo&quot;,&quot;legend&quot;:&quot;4\\\/5 - (4 votos)&quot;,&quot;size&quot;:&quot;24&quot;,&quot;title&quot;:&quot;Black Friday 2026 en Primor: todo lo que necesitar saber&quot;,&quot;width&quot;:&quot;113.5&quot;,&quot;_legend&quot;:&quot;{score}\\\/{best} - ({count} {votes})&quot;,&quot;font_factor&quot;:&quot;1.25&quot;}'>\n            \n<div class=\"kksr-stars\">\n    \n<div class=\"kksr-stars-inactive\">\n            <div class=\"kksr-star\" data-star=\"1\" style=\"padding-right: 5px\">\n            \n\n<div class=\"kksr-icon\" style=\"width: 24px; height: 24px;\"><\/div>\n        <\/div>\n            <div class=\"kksr-star\" data-star=\"2\" style=\"padding-right: 5px\">\n            \n\n<div class=\"kksr-icon\" style=\"width: 24px; height: 24px;\"><\/div>\n        <\/div>\n            <div class=\"kksr-star\" data-star=\"3\" style=\"padding-right: 5px\">\n            \n\n<div class=\"kksr-icon\" style=\"width: 24px; height: 24px;\"><\/div>\n        <\/div>\n            <div class=\"kksr-star\" data-star=\"4\" style=\"padding-right: 5px\">\n            \n\n<div class=\"kksr-icon\" style=\"width: 24px; height: 24px;\"><\/div>\n        <\/div>\n            <div class=\"kksr-star\" data-star=\"5\" style=\"padding-right: 5px\">\n            \n\n<div class=\"kksr-icon\" style=\"width: 24px; height: 24px;\"><\/div>\n        <\/div>\n    <\/div>\n    \n<div class=\"kksr-stars-active\" style=\"width: 113.5px;\">\n            <div class=\"kksr-star\" style=\"padding-right: 5px\">\n            \n\n<div class=\"kksr-icon\" style=\"width: 24px; height: 24px;\"><\/div>\n        <\/div>\n            <div class=\"kksr-star\" style=\"padding-right: 5px\">\n            \n\n<div class=\"kksr-icon\" style=\"width: 24px; height: 24px;\"><\/div>\n        <\/div>\n            <div class=\"kksr-star\" style=\"padding-right: 5px\">\n            \n\n<div class=\"kksr-icon\" style=\"width: 24px; height: 24px;\"><\/div>\n        <\/div>\n            <div class=\"kksr-star\" style=\"padding-right: 5px\">\n            \n\n<div class=\"kksr-icon\" style=\"width: 24px; height: 24px;\"><\/div>\n        <\/div>\n            <div class=\"kksr-star\" style=\"padding-right: 5px\">\n            \n\n<div class=\"kksr-icon\" style=\"width: 24px; height: 24px;\"><\/div>\n        <\/div>\n    <\/div>\n<\/div>\n                \n\n<div class=\"kksr-legend\" style=\"font-size: 19.2px;\">\n            4\/5 - (4 votos)    <\/div>\n    <\/div>\n","protected":false},"excerpt":{"rendered":"<p>\u00a1Las ofertas m\u00e1s importantes del a\u00f1o est\u00e1n a la vuelta de la esquina! Ha comenzado oficialmente la cuenta atr\u00e1s para el tan esperado Viernes Negro y el momento para prepararnos es ahora. Este a\u00f1o queremos ayudarte a sacarle el m\u00e1ximo partido a las ofertas de Black Friday en Primor, as\u00ed que hemos preparado una gu\u00eda [&hellip;]<\/p>\n","protected":false},"author":14,"featured_media":115044,"comment_status":"open","ping_status":"open","sticky":false,"template":"","format":"standard","meta":{"jnews-multi-image_gallery":[],"jnews_single_post":{"subtitle":"","format":"standard","video":"","gallery":"","source_name":"","source_url":"","via_name":"","via_url":"","override_template":"0","override":[{"template":"1","single_blog_custom":"","parallax":"1","fullscreen":"1","layout":"right-sidebar","sidebar":"home-2","second_sidebar":"default-sidebar","sticky_sidebar":"0","share_position":"float","share_float_style":"share-monocrhome","show_share_counter":"0","show_view_counter":"0","show_featured":"1","show_post_meta":"1","show_post_author":"0","show_post_author_image":"1","show_post_date":"1","post_date_format":"default","post_date_format_custom":"Y\/m\/d","show_post_category":"1","show_post_reading_time":"0","post_reading_time_wpm":"300","show_zoom_button":"0","zoom_button_out_step":"2","zoom_button_in_step":"3","show_post_tag":"0","show_prev_next_post":"0","show_popup_post":"0","number_popup_post":"2","show_author_box":"0","show_post_related":"0","show_inline_post_related":"1"}],"override_image_size":"0","image_override":[{"single_post_thumbnail_size":"no-crop","single_post_gallery_size":"crop-500"}],"trending_post":"0","trending_post_position":"meta","trending_post_label":"Trending","sponsored_post":"0","sponsored_post_label":"Sponsored by","sponsored_post_name":"","sponsored_post_url":"","sponsored_post_logo_enable":"0","sponsored_post_logo":"","sponsored_post_desc":"","disable_ad":"0"},"jnews_primary_category":{"id":"","hide":""},"jnews_social_meta":{"fb_title":"","fb_description":"","fb_image":"","twitter_title":"","twitter_description":"","twitter_image":""},"jnews_override_counter":{"override_view_counter":"0","view_counter_number":"0","override_share_counter":"0","share_counter_number":"0","override_like_counter":"0","like_counter_number":"0","override_dislike_counter":"0","dislike_counter_number":"0"},"footnotes":""},"categories":[6323],"tags":[],"class_list":["post-831","post","type-post","status-publish","format-standard","has-post-thumbnail","hentry","category-black-friday"],"_links":{"self":[{"href":"https:\/\/www.primor.eu\/blog\/wp-json\/wp\/v2\/posts\/831","targetHints":{"allow":["GET"]}}],"collection":[{"href":"https:\/\/www.primor.eu\/blog\/wp-json\/wp\/v2\/posts"}],"about":[{"href":"https:\/\/www.primor.eu\/blog\/wp-json\/wp\/v2\/types\/post"}],"author":[{"embeddable":true,"href":"https:\/\/www.primor.eu\/blog\/wp-json\/wp\/v2\/users\/14"}],"replies":[{"embeddable":true,"href":"https:\/\/www.primor.eu\/blog\/wp-json\/wp\/v2\/comments?post=831"}],"version-history":[{"count":44,"href":"https:\/\/www.primor.eu\/blog\/wp-json\/wp\/v2\/posts\/831\/revisions"}],"predecessor-version":[{"id":138371,"href":"https:\/\/www.primor.eu\/blog\/wp-json\/wp\/v2\/posts\/831\/revisions\/138371"}],"wp:featuredmedia":[{"embeddable":true,"href":"https:\/\/www.primor.eu\/blog\/wp-json\/wp\/v2\/media\/115044"}],"wp:attachment":[{"href":"https:\/\/www.primor.eu\/blog\/wp-json\/wp\/v2\/media?parent=831"}],"wp:term":[{"taxonomy":"category","embeddable":true,"href":"https:\/\/www.primor.eu\/blog\/wp-json\/wp\/v2\/categories?post=831"},{"taxonomy":"post_tag","embeddable":true,"href":"https:\/\/www.primor.eu\/blog\/wp-json\/wp\/v2\/tags?post=831"}],"curies":[{"name":"wp","href":"https:\/\/api.w.org\/{rel}","templated":true}]}}