{"id":7953,"date":"2019-04-29T11:02:51","date_gmt":"2019-04-29T09:02:51","guid":{"rendered":"http:\/\/blog.primor.eu:\/?p=7953"},"modified":"2024-05-15T08:13:00","modified_gmt":"2024-05-15T08:13:00","slug":"evento-presentacion-labiales-krash-kosmetics-en-barcelona","status":"publish","type":"post","link":"https:\/\/www.primor.eu\/blog\/evento-presentacion-labiales-krash-kosmetics-en-barcelona\/","title":{"rendered":"Evento presentaci\u00f3n labiales Krash Kosmetics en Barcelona"},"content":{"rendered":"<p><strong>\u00a1Buenos lunes primores!<\/strong><\/p>\n<p>El lanzamiento de la colecci\u00f3n de labiales <strong>Mile High Club Liquid Lipsticks <a href=\"https:\/\/www.primor.eu\/es_es\/krash-kosmetics\">Krash Kosmetics<\/a><\/strong> \u00a1ha sido todo un \u00e9xito! \u00a0Viendo la acogida que tuvieron los <a href=\"https:\/\/www.primor.eu\/es_es\/krash-kosmetics-iluminadores\"><strong>iluminadores Krash Kosmetics<\/strong><\/a> sab\u00edamos que sus labiales tambi\u00e9n iban a arrasar \u263a\ufe0f ??<\/p>\n<p><a href=\"http:\/\/blog.primor.eu\/wp-content\/uploads\/2024\/04\/photo_2019-04-29_10-36-32.jpg\" target=\"_blank\" rel=\"noopener\"><img decoding=\"async\" class=\"aligncenter wp-image-7954\" src=\"http:\/\/blog.primor.eu\/wp-content\/uploads\/2024\/04\/photo_2019-04-29_10-36-32.jpg\" alt=\"\" width=\"650\" height=\"650\" \/><\/a><\/p>\n<p>Aprovechando la celebraci\u00f3n de Sant Jordi, el d\u00eda 23 de Abril organizamos una presentaci\u00f3n informal de los <strong>Mile High Club Liquid Lipsticks <a href=\"https:\/\/www.primor.eu\/es_es\/krash-kosmetics\">Krash Kosmetics<\/a><\/strong> en la tienda Primor Pelayo en Barcelona ?<\/p>\n<p><a href=\"http:\/\/blog.primor.eu\/wp-content\/uploads\/2024\/04\/photo_2019-04-29_10-36-34.jpg\" target=\"_blank\" rel=\"noopener\"><img decoding=\"async\" class=\"aligncenter wp-image-7955\" src=\"http:\/\/blog.primor.eu\/wp-content\/uploads\/2024\/04\/photo_2019-04-29_10-36-34.jpg\" alt=\"\" width=\"650\" height=\"650\" \/><\/a><br \/>\n\u00c1lvaro Kruse nos dio una masterclass para sacarle el m\u00e1ximo partido a los <strong>labiales <a href=\"https:\/\/www.primor.eu\/es_es\/krash-kosmetics\">Krash Kosmetics<\/a><\/strong> y aprovechando la ocasi\u00f3n tambi\u00e9n hablamos de los divinos <a href=\"https:\/\/www.primor.eu\/es_es\/krash-kosmetics-the-klow-iluminador-kadiz-36123.html\">The Klow Iluminador Karmen<\/a>, <a href=\"https:\/\/www.primor.eu\/krash-kosmetics\/47649-the-klow-iluminador-kandy.html\">The Klow Iluminador Kandy<\/a> y <a href=\"https:\/\/www.primor.eu\/krash-kosmetics\/47648-the-klow-iluminador-kadiz.html\">The Klow Iluminador Kadiz<\/a> \u2728<\/p>\n<p><a href=\"http:\/\/blog.primor.eu\/wp-content\/uploads\/2024\/04\/photo_2019-04-29_10-36-35.jpg\" target=\"_blank\" rel=\"noopener\"><img decoding=\"async\" class=\"aligncenter wp-image-7956\" src=\"http:\/\/blog.primor.eu\/wp-content\/uploads\/2024\/04\/photo_2019-04-29_10-36-35.jpg\" alt=\"\" width=\"650\" height=\"650\" \/><\/a><\/p>\n<p>\u00a1Pasamos una ma\u00f1ana estupenda! Como siempre, aprendimos y nos re\u00edmos un mont\u00f3n con <a href=\"https:\/\/www.instagram.com\/alvarokruse\/?hl=es\" target=\"_blank\" rel=\"noopener\"><strong>\u00c1lvaro Kruse<\/strong><\/a>. Muchas gracias a todos los que nos acompa\u00f1asteis en tienda ese d\u00eda ?<\/p>\n<p><a href=\"http:\/\/blog.primor.eu\/wp-content\/uploads\/2024\/04\/photo_2019-04-29_10-36-36.jpg\" target=\"_blank\" rel=\"noopener\"><img decoding=\"async\" class=\"aligncenter wp-image-7957\" src=\"http:\/\/blog.primor.eu\/wp-content\/uploads\/2024\/04\/photo_2019-04-29_10-36-36.jpg\" alt=\"\" width=\"650\" height=\"650\" \/><\/a><\/p>\n<h3 style=\"text-align: center;\">\u00a1Nos vemos en el pr\u00f3ximo evento primoroso!<\/h3>\n\n\n<div class=\"kk-star-ratings kksr-auto kksr-align-center kksr-valign-bottom\"\n    data-payload='{&quot;align&quot;:&quot;center&quot;,&quot;id&quot;:&quot;7953&quot;,&quot;slug&quot;:&quot;default&quot;,&quot;valign&quot;:&quot;bottom&quot;,&quot;ignore&quot;:&quot;&quot;,&quot;reference&quot;:&quot;auto&quot;,&quot;class&quot;:&quot;&quot;,&quot;count&quot;:&quot;0&quot;,&quot;legendonly&quot;:&quot;&quot;,&quot;readonly&quot;:&quot;&quot;,&quot;score&quot;:&quot;0&quot;,&quot;starsonly&quot;:&quot;&quot;,&quot;best&quot;:&quot;5&quot;,&quot;gap&quot;:&quot;5&quot;,&quot;greet&quot;:&quot;Valora este art\u00edculo&quot;,&quot;legend&quot;:&quot;0\\\/5 - (0 votos)&quot;,&quot;size&quot;:&quot;24&quot;,&quot;title&quot;:&quot;Evento presentaci\u00f3n labiales Krash Kosmetics en Barcelona&quot;,&quot;width&quot;:&quot;0&quot;,&quot;_legend&quot;:&quot;{score}\\\/{best} - ({count} {votes})&quot;,&quot;font_factor&quot;:&quot;1.25&quot;}'>\n            \n<div class=\"kksr-stars\">\n    \n<div class=\"kksr-stars-inactive\">\n            <div class=\"kksr-star\" data-star=\"1\" style=\"padding-right: 5px\">\n            \n\n<div class=\"kksr-icon\" style=\"width: 24px; height: 24px;\"><\/div>\n        <\/div>\n            <div class=\"kksr-star\" data-star=\"2\" style=\"padding-right: 5px\">\n            \n\n<div class=\"kksr-icon\" style=\"width: 24px; height: 24px;\"><\/div>\n        <\/div>\n            <div class=\"kksr-star\" data-star=\"3\" style=\"padding-right: 5px\">\n            \n\n<div class=\"kksr-icon\" style=\"width: 24px; height: 24px;\"><\/div>\n        <\/div>\n            <div class=\"kksr-star\" data-star=\"4\" style=\"padding-right: 5px\">\n            \n\n<div class=\"kksr-icon\" style=\"width: 24px; height: 24px;\"><\/div>\n        <\/div>\n            <div class=\"kksr-star\" data-star=\"5\" style=\"padding-right: 5px\">\n            \n\n<div class=\"kksr-icon\" style=\"width: 24px; height: 24px;\"><\/div>\n        <\/div>\n    <\/div>\n    \n<div class=\"kksr-stars-active\" style=\"width: 0px;\">\n            <div class=\"kksr-star\" style=\"padding-right: 5px\">\n            \n\n<div class=\"kksr-icon\" style=\"width: 24px; height: 24px;\"><\/div>\n        <\/div>\n            <div class=\"kksr-star\" style=\"padding-right: 5px\">\n            \n\n<div class=\"kksr-icon\" style=\"width: 24px; height: 24px;\"><\/div>\n        <\/div>\n            <div class=\"kksr-star\" style=\"padding-right: 5px\">\n            \n\n<div class=\"kksr-icon\" style=\"width: 24px; height: 24px;\"><\/div>\n        <\/div>\n            <div class=\"kksr-star\" style=\"padding-right: 5px\">\n            \n\n<div class=\"kksr-icon\" style=\"width: 24px; height: 24px;\"><\/div>\n        <\/div>\n            <div class=\"kksr-star\" style=\"padding-right: 5px\">\n            \n\n<div class=\"kksr-icon\" style=\"width: 24px; height: 24px;\"><\/div>\n        <\/div>\n    <\/div>\n<\/div>\n                \n\n<div class=\"kksr-legend\" style=\"font-size: 19.2px;\">\n            <span class=\"kksr-muted\">Valora este art\u00edculo<\/span>\n    <\/div>\n    <\/div>\n","protected":false},"excerpt":{"rendered":"<p>\u00a1Buenos lunes primores! El lanzamiento de la colecci\u00f3n de labiales Mile High Club Liquid Lipsticks Krash Kosmetics \u00a1ha sido todo un \u00e9xito! \u00a0Viendo la acogida que tuvieron los iluminadores Krash Kosmetics sab\u00edamos que sus labiales tambi\u00e9n iban a arrasar \u263a\ufe0f ?? Aprovechando la celebraci\u00f3n de Sant Jordi, el d\u00eda 23 de Abril organizamos una presentaci\u00f3n [&hellip;]<\/p>\n","protected":false},"author":4,"featured_media":58402,"comment_status":"open","ping_status":"open","sticky":false,"template":"","format":"standard","meta":{"jnews-multi-image_gallery":[],"jnews_single_post":{"subtitle":"","format":"standard","video":"","gallery":"","source_name":"","source_url":"","via_name":"","via_url":"","override_template":"0","override":[{"template":"1","single_blog_custom":"","parallax":"1","fullscreen":"1","layout":"right-sidebar","sidebar":"home-2","second_sidebar":"default-sidebar","sticky_sidebar":"0","share_position":"float","share_float_style":"share-monocrhome","show_share_counter":"0","show_view_counter":"0","show_featured":"1","show_post_meta":"1","show_post_author":"0","show_post_author_image":"1","show_post_date":"1","post_date_format":"default","post_date_format_custom":"Y\/m\/d","show_post_category":"1","show_post_reading_time":"0","post_reading_time_wpm":"300","show_zoom_button":"0","zoom_button_out_step":"2","zoom_button_in_step":"3","show_post_tag":"0","show_prev_next_post":"0","show_popup_post":"0","number_popup_post":"2","show_author_box":"0","show_post_related":"0","show_inline_post_related":"1"}],"override_image_size":"0","image_override":[{"single_post_thumbnail_size":"no-crop","single_post_gallery_size":"crop-500"}],"trending_post":"0","trending_post_position":"meta","trending_post_label":"Trending","sponsored_post":"0","sponsored_post_label":"Sponsored by","sponsored_post_name":"","sponsored_post_url":"","sponsored_post_logo_enable":"0","sponsored_post_logo":"","sponsored_post_desc":"","disable_ad":"0"},"jnews_primary_category":{"id":"","hide":""},"jnews_social_meta":{"fb_title":"","fb_description":"","fb_image":"","twitter_title":"","twitter_description":"","twitter_image":""},"jnews_override_counter":{"override_view_counter":"0","view_counter_number":"0","override_share_counter":"0","share_counter_number":"0","override_like_counter":"0","like_counter_number":"0","override_dislike_counter":"0","dislike_counter_number":"0"},"footnotes":""},"categories":[34],"tags":[],"class_list":["post-7953","post","type-post","status-publish","format-standard","has-post-thumbnail","hentry","category-eventos"],"_links":{"self":[{"href":"https:\/\/www.primor.eu\/blog\/wp-json\/wp\/v2\/posts\/7953","targetHints":{"allow":["GET"]}}],"collection":[{"href":"https:\/\/www.primor.eu\/blog\/wp-json\/wp\/v2\/posts"}],"about":[{"href":"https:\/\/www.primor.eu\/blog\/wp-json\/wp\/v2\/types\/post"}],"author":[{"embeddable":true,"href":"https:\/\/www.primor.eu\/blog\/wp-json\/wp\/v2\/users\/4"}],"replies":[{"embeddable":true,"href":"https:\/\/www.primor.eu\/blog\/wp-json\/wp\/v2\/comments?post=7953"}],"version-history":[{"count":4,"href":"https:\/\/www.primor.eu\/blog\/wp-json\/wp\/v2\/posts\/7953\/revisions"}],"predecessor-version":[{"id":104240,"href":"https:\/\/www.primor.eu\/blog\/wp-json\/wp\/v2\/posts\/7953\/revisions\/104240"}],"wp:featuredmedia":[{"embeddable":true,"href":"https:\/\/www.primor.eu\/blog\/wp-json\/wp\/v2\/media\/58402"}],"wp:attachment":[{"href":"https:\/\/www.primor.eu\/blog\/wp-json\/wp\/v2\/media?parent=7953"}],"wp:term":[{"taxonomy":"category","embeddable":true,"href":"https:\/\/www.primor.eu\/blog\/wp-json\/wp\/v2\/categories?post=7953"},{"taxonomy":"post_tag","embeddable":true,"href":"https:\/\/www.primor.eu\/blog\/wp-json\/wp\/v2\/tags?post=7953"}],"curies":[{"name":"wp","href":"https:\/\/api.w.org\/{rel}","templated":true}]}}