{"id":784,"date":"2014-12-02T14:20:56","date_gmt":"2014-12-02T13:20:56","guid":{"rendered":"http:\/\/blog.primor.eu:\/?p=784"},"modified":"2025-12-17T08:38:30","modified_gmt":"2025-12-17T08:38:30","slug":"perfumes-de-hombre-para-navidad","status":"publish","type":"post","link":"https:\/\/www.primor.eu\/blog\/perfumes-de-hombre-para-navidad\/","title":{"rendered":"Perfumes de hombre para Navidad"},"content":{"rendered":"<p style=\"text-align: justify;\">\u00a1<strong>Hola primores<\/strong>!<\/p>\n<p style=\"text-align: justify;\">Hace unos d\u00edas, si record\u00e1is, hab\u00edamos publicado un post con algunas <strong>sugerencias<\/strong> de\u00a0<strong><a href=\"http:\/\/blog.primor.eu\/perfumes-mujer-navidad\/\" target=\"_blank\" rel=\"noopener\">perfumes de mujer para Navidad<\/a><\/strong>. Y os hab\u00edamos prometido tambi\u00e9n hacerlo con <strong>perfumes de hombre para Navidad<\/strong>.<\/p>\n<p style=\"text-align: justify;\">As\u00ed que... \u00a1aqu\u00ed lo ten\u00e9is! \ud83d\ude42 <strong>Tres sugerencias de fragancias masculinas<\/strong> que adem\u00e1s podr\u00e9is encontrar en <strong>Perfumer\u00edas Primor<\/strong> en formato estuche, \u00a1perfecto para regalar!<\/p>\n<h3 style=\"text-align: center;\">Valentino Uomo Set de Valentino<\/h3>\n<p><img decoding=\"async\" class=\"aligncenter size-full wp-image-827\" src=\"http:\/\/blog.primor.eu\/wp-content\/uploads\/2024\/11\/foto-01.jpg\" alt=\"uomo valentino primor\" width=\"500\" height=\"300\" \/><\/p>\n<p style=\"text-align: justify;\"><strong>Valentino Uomo<\/strong>, la fragancia m\u00e1s reciente de la casa Valentino, ha sido lanzada este a\u00f1o\u00a02014 y\u00a0\u00a0pertenece a la <strong>familia olfativa de Cuero<\/strong>.<\/p>\n<p style=\"text-align: justify;\">Esta fragancia de Valentino es<strong> elegante, sofisticada y cambiante a lo largo de las horas<\/strong>, al igual que el hombre Valentino. Si bien las notas de salida son de bergamota y mirto, luego podr\u00e1s apreciar notas de caf\u00e9, chocolate, avellana, cuero o cedro.<\/p>\n<p style=\"text-align: justify;\">El joven<strong> actor Louis Garrel<\/strong> ha sido el encargado de <strong>protagonizar el spot<\/strong> de lanzamiento de Valentino Uomo que se desarrolla en Roma, la ciudad eterna.<\/p>\n<p><iframe src=\"\/\/www.youtube.com\/embed\/uGkAgowEDJI\" width=\"560\" height=\"315\" frameborder=\"0\" allowfullscreen=\"allowfullscreen\"><\/iframe><\/p>\n<p style=\"text-align: justify;\">Valentino Uomo se presenta en un <strong>envase que nos recuerda a las antiguas botellas y copas donde se serv\u00eda el cognac<\/strong>. El envase est\u00e1 tallado con prismas y tiene una placa central dorada con el nombre de la marca.<\/p>\n<p style=\"text-align: justify;\">El <strong>estuche de Valentino Uomo contiene<\/strong>: EDT Valentino Uomo 100ml y Aftershave de la fragancia 100ml.<\/p>\n<p style=\"text-align: justify;\">-&gt;<a href=\"http:\/\/www.primor.eu\/valentino\/32375-valentino-uomo-set.html\">Comprar Set Valentino Uomo<\/a><\/p>\n<h3 style=\"text-align: center;\">Nuit D\u00b4Issey Set<\/h3>\n<p><img decoding=\"async\" class=\"aligncenter size-full wp-image-828\" src=\"http:\/\/blog.primor.eu\/wp-content\/uploads\/2024\/11\/foto-02.jpg\" alt=\"nuit d\u00b4issey primor\" width=\"500\" height=\"300\" \/><\/p>\n<p style=\"text-align: justify;\"><strong>Nuit D\u00b4Issey<\/strong> es la fragancia m\u00e1s reciente de la <strong>casa Issey Miyake<\/strong>, lanzada este a\u00f1o y de tipo<strong> especiada amaderada<\/strong>.<\/p>\n<p style=\"text-align: justify;\">Esta fragancia de Issey es una <strong>fragancia misteriosa, con fuerza, sofisticada, con magnetismo y seductora<\/strong>. Nuit D\u00b4Issey quiere transmitir la fuerza de la noche, \u00a0el magnetismo de la luna y <strong>potenciar el atractivo natural de cada hombre<\/strong>.<\/p>\n<p style=\"text-align: justify;\">Las notas de salida de Nuit D\u00b4Issey son de bergamota y toronja, luego le siguen notas de especias, pimienta negra, vetiver, tonka, pachul\u00ed o incienso.<\/p>\n<p style=\"text-align: justify;\">El envase de Nuit D\u00b4Issey no podr\u00eda ser de otra forma... Negro luminoso, como la noche con el brillo de la luna.<\/p>\n<p style=\"text-align: justify;\">El <strong>set de Nuit D\u00b4Issey contiene<\/strong>: Nuit D\u00b4Issey EDT 125ml, Gel de Ducha 75ml y After Shave Balm 50ml.<\/p>\n<p>-&gt;<a href=\"http:\/\/www.primor.eu\/issey-miyake\/32451-nuit-d-issey-set.html\">Comprar Nuit D\u00b4Iseey Set<\/a><\/p>\n<p>&nbsp;<\/p>\n<h3 style=\"text-align: center;\">Le Male de Jean Paul Gaultier Estuche<\/h3>\n<p><img decoding=\"async\" class=\"aligncenter size-full wp-image-829\" src=\"http:\/\/blog.primor.eu\/wp-content\/uploads\/2024\/11\/foto-03.jpg\" alt=\"la male jean paul gaultier primor\" width=\"500\" height=\"300\" \/><\/p>\n<p style=\"text-align: justify;\"><strong>Le Male de Jean Paul Gaultier,<\/strong> una <strong>fragancia cl\u00e1sica<\/strong> de la casa que fue creada en 1995 por Francis Kurkdjian y que pertenece a la <strong>familia olfativa<\/strong> <strong>Foug\u00e8re<\/strong>.<\/p>\n<p style=\"text-align: justify;\"><strong>Le Male es la visi\u00f3n de Gaultier de la sensualidad masculina<\/strong>: por un lado tenemos la viralidad, la fuerza y el valor del hombre que trabaja en el mar, y que inspira el dise\u00f1o del envase; por otro lado las notas de vainilla y jazm\u00edn aportan el toque dulce y sensible. \u00a1Toda una historia detr\u00e1s de una fragancia!<\/p>\n<p style=\"text-align: justify;\">En el<strong> \u00faltimo spot de Jean Paul Gaultier de Le Male y Le Classique<\/strong>,\u00a0lanzado en septiembre de 2014, Jean Paul Gaultier nos muestra\u00a0de otra forma el deseo que inspiran sus fragancias. Los protagonistas siguen siendo un guapo marinero\u00a0con camiseta a rayas\u00a0y una mujer sexy enfundada en un cors\u00e9, con la canci\u00f3n de \"Costa Diva\" de fondo:<\/p>\n<p><iframe src=\"\/\/www.youtube.com\/embed\/301DzKfsIqY\" width=\"560\" height=\"315\" frameborder=\"0\" allowfullscreen=\"allowfullscreen\"><\/iframe><\/p>\n<p>El <strong>Estuche La Male de Jean Paul Gaultier contiene<\/strong>: Le Male EDT 125ml y Shower Gel 75ml.<\/p>\n<p>-&gt;<a href=\"http:\/\/www.primor.eu\/jean-paul-gaultier\/32595-le-male-estuche.html\">Comprar Estuche La Male de Jean Paul Gaultier<\/a><\/p>\n<p>Esperamos que os hayan gustado nuestras sugerencias de perfumes de hombre para Navidad.\u00a0En <strong>www.primor.eu<\/strong> encontrar\u00e9is <strong>miles de ideas de regalos de Navidad y al mejor precio<\/strong> \ud83d\ude42<\/p>\n<h3 style=\"text-align: center;\">\u00a1Felices compras primores!<\/h3>\n<p>&nbsp;<\/p>\n\n\n<div class=\"kk-star-ratings kksr-auto kksr-align-center kksr-valign-bottom\"\n    data-payload='{&quot;align&quot;:&quot;center&quot;,&quot;id&quot;:&quot;784&quot;,&quot;slug&quot;:&quot;default&quot;,&quot;valign&quot;:&quot;bottom&quot;,&quot;ignore&quot;:&quot;&quot;,&quot;reference&quot;:&quot;auto&quot;,&quot;class&quot;:&quot;&quot;,&quot;count&quot;:&quot;0&quot;,&quot;legendonly&quot;:&quot;&quot;,&quot;readonly&quot;:&quot;&quot;,&quot;score&quot;:&quot;0&quot;,&quot;starsonly&quot;:&quot;&quot;,&quot;best&quot;:&quot;5&quot;,&quot;gap&quot;:&quot;5&quot;,&quot;greet&quot;:&quot;Valora este art\u00edculo&quot;,&quot;legend&quot;:&quot;0\\\/5 - (0 votos)&quot;,&quot;size&quot;:&quot;24&quot;,&quot;title&quot;:&quot;Perfumes de hombre para Navidad&quot;,&quot;width&quot;:&quot;0&quot;,&quot;_legend&quot;:&quot;{score}\\\/{best} - ({count} {votes})&quot;,&quot;font_factor&quot;:&quot;1.25&quot;}'>\n            \n<div class=\"kksr-stars\">\n    \n<div class=\"kksr-stars-inactive\">\n            <div class=\"kksr-star\" data-star=\"1\" style=\"padding-right: 5px\">\n            \n\n<div class=\"kksr-icon\" style=\"width: 24px; height: 24px;\"><\/div>\n        <\/div>\n            <div class=\"kksr-star\" data-star=\"2\" style=\"padding-right: 5px\">\n            \n\n<div class=\"kksr-icon\" style=\"width: 24px; height: 24px;\"><\/div>\n        <\/div>\n            <div class=\"kksr-star\" data-star=\"3\" style=\"padding-right: 5px\">\n            \n\n<div class=\"kksr-icon\" style=\"width: 24px; height: 24px;\"><\/div>\n        <\/div>\n            <div class=\"kksr-star\" data-star=\"4\" style=\"padding-right: 5px\">\n            \n\n<div class=\"kksr-icon\" style=\"width: 24px; height: 24px;\"><\/div>\n        <\/div>\n            <div class=\"kksr-star\" data-star=\"5\" style=\"padding-right: 5px\">\n            \n\n<div class=\"kksr-icon\" style=\"width: 24px; height: 24px;\"><\/div>\n        <\/div>\n    <\/div>\n    \n<div class=\"kksr-stars-active\" style=\"width: 0px;\">\n            <div class=\"kksr-star\" style=\"padding-right: 5px\">\n            \n\n<div class=\"kksr-icon\" style=\"width: 24px; height: 24px;\"><\/div>\n        <\/div>\n            <div class=\"kksr-star\" style=\"padding-right: 5px\">\n            \n\n<div class=\"kksr-icon\" style=\"width: 24px; height: 24px;\"><\/div>\n        <\/div>\n            <div class=\"kksr-star\" style=\"padding-right: 5px\">\n            \n\n<div class=\"kksr-icon\" style=\"width: 24px; height: 24px;\"><\/div>\n        <\/div>\n            <div class=\"kksr-star\" style=\"padding-right: 5px\">\n            \n\n<div class=\"kksr-icon\" style=\"width: 24px; height: 24px;\"><\/div>\n        <\/div>\n            <div class=\"kksr-star\" style=\"padding-right: 5px\">\n            \n\n<div class=\"kksr-icon\" style=\"width: 24px; height: 24px;\"><\/div>\n        <\/div>\n    <\/div>\n<\/div>\n                \n\n<div class=\"kksr-legend\" style=\"font-size: 19.2px;\">\n            <span class=\"kksr-muted\">Valora este art\u00edculo<\/span>\n    <\/div>\n    <\/div>\n","protected":false},"excerpt":{"rendered":"<p>\u00a1Hola primores! Hace unos d\u00edas, si record\u00e1is, hab\u00edamos publicado un post con algunas sugerencias de\u00a0perfumes de mujer para Navidad. Y os hab\u00edamos prometido tambi\u00e9n hacerlo con perfumes de hombre para Navidad. As\u00ed que&#8230; \u00a1aqu\u00ed lo ten\u00e9is! \ud83d\ude42 Tres sugerencias de fragancias masculinas que adem\u00e1s podr\u00e9is encontrar en Perfumer\u00edas Primor en formato estuche, \u00a1perfecto para regalar! [&hellip;]<\/p>\n","protected":false},"author":4,"featured_media":136357,"comment_status":"open","ping_status":"open","sticky":false,"template":"","format":"standard","meta":{"jnews-multi-image_gallery":[],"jnews_single_post":{"format":"standard"},"jnews_primary_category":[],"jnews_social_meta":[],"jnews_override_counter":[],"footnotes":""},"categories":[24],"tags":[],"class_list":["post-784","post","type-post","status-publish","format-standard","has-post-thumbnail","hentry","category-perfumes-de-hombre"],"_links":{"self":[{"href":"https:\/\/www.primor.eu\/blog\/wp-json\/wp\/v2\/posts\/784","targetHints":{"allow":["GET"]}}],"collection":[{"href":"https:\/\/www.primor.eu\/blog\/wp-json\/wp\/v2\/posts"}],"about":[{"href":"https:\/\/www.primor.eu\/blog\/wp-json\/wp\/v2\/types\/post"}],"author":[{"embeddable":true,"href":"https:\/\/www.primor.eu\/blog\/wp-json\/wp\/v2\/users\/4"}],"replies":[{"embeddable":true,"href":"https:\/\/www.primor.eu\/blog\/wp-json\/wp\/v2\/comments?post=784"}],"version-history":[{"count":1,"href":"https:\/\/www.primor.eu\/blog\/wp-json\/wp\/v2\/posts\/784\/revisions"}],"predecessor-version":[{"id":136358,"href":"https:\/\/www.primor.eu\/blog\/wp-json\/wp\/v2\/posts\/784\/revisions\/136358"}],"wp:featuredmedia":[{"embeddable":true,"href":"https:\/\/www.primor.eu\/blog\/wp-json\/wp\/v2\/media\/136357"}],"wp:attachment":[{"href":"https:\/\/www.primor.eu\/blog\/wp-json\/wp\/v2\/media?parent=784"}],"wp:term":[{"taxonomy":"category","embeddable":true,"href":"https:\/\/www.primor.eu\/blog\/wp-json\/wp\/v2\/categories?post=784"},{"taxonomy":"post_tag","embeddable":true,"href":"https:\/\/www.primor.eu\/blog\/wp-json\/wp\/v2\/tags?post=784"}],"curies":[{"name":"wp","href":"https:\/\/api.w.org\/{rel}","templated":true}]}}