{"id":778,"date":"2014-11-14T23:14:07","date_gmt":"2014-11-14T23:14:07","guid":{"rendered":"http:\/\/blog.primor.eu:\/?p=778"},"modified":"2025-11-05T09:06:58","modified_gmt":"2025-11-05T09:06:58","slug":"white-sunday-primor","status":"publish","type":"post","link":"https:\/\/www.primor.eu\/blog\/white-sunday-primor\/","title":{"rendered":"White Sunday Primor"},"content":{"rendered":"<p>Posiblemente te preguntar\u00e1s: \"<strong>\u00bfQu\u00e9 es esto del White Sunday?<\/strong>\" Quiz\u00e1 hayas o\u00eddo hablar del <strong>Black Friday<\/strong>, el famoso \"Viernes Negro\" de Estados Unidos. Desde la d\u00e9cada de los '60s, en Estados Unidos el Black Friday (viernes\u00a0siguiente al d\u00eda de Acci\u00f3n de Gracias)\u00a0es el d\u00eda que marca el <strong>inicio de las compras de Navidad<\/strong> y se estila hacer grandes <strong>descuentos<\/strong> en las principales cadenas comerciales.<\/p>\n<p>Ya sabes que en Perfumer\u00edas Primor siempre estamos deseando daros <strong>m\u00e1s descuentos y ventajas<\/strong> para que pod\u00e1is disfrutar de \"grandes marcas a peque\u00f1os precios\", tal como reza nuestro slogan.<\/p>\n<p>As\u00ed es que, a\u00fan a sabiendas de que el Black Friday no es una tradici\u00f3n muy extendida en Espa\u00f1a, desde el 2013 nos hemos sumado a la idea de Black Friday aprovechando ese viernes\u00a0(y su fin de semana) para daros a\u00fan m\u00e1s descuentos de los que habitualmente tenemos.<\/p>\n<p>El a\u00f1o pasado, el Black Friday en Primor fue un \u00e9xito rotundo. Os gust\u00f3 tanto que decidimos que lo har\u00edamos nuevamente los a\u00f1os siguientes. Este a\u00f1o, la fecha comenz\u00f3 a acercarse y en una reuni\u00f3n de equipo surgi\u00f3 la idea de darle un giro al tema para poder daros m\u00e1s ventajas: \u00bfpor qu\u00e9 no comenzar antes con las compras navide\u00f1as? \u00bfPor qu\u00e9 no adelantar un poco y hacerlo a nuestra manera? As\u00ed naci\u00f3 el White Sunday, que acaba de comenzar y estar\u00e1 online hasta el domingo 16\/11\/2014 a las 23.59 GMT +1 (hora Madrid).<\/p>\n<p>\u00bfQu\u00e9 tenemos de especial?<\/p>\n<ul>\n<li>Env\u00edo GRATIS en Pen\u00ednsula para compras desde 10\u20ac<\/li>\n<li>3x2 en las marcas:\n<ul>\n<li>Amie<br \/>\nAstor<br \/>\nAstra<br \/>\nBatiste<br \/>\nBeauty Formulas<br \/>\nBeauty Friends<br \/>\nBell<br \/>\nBourjois<br \/>\nByphasse<br \/>\nCasa de los Aromas<br \/>\nCatrice<br \/>\nChina Glaze<br \/>\nDelia<br \/>\nDemak Up<br \/>\nDr Organic<br \/>\nEcotools<br \/>\nEssence<br \/>\nEssie<br \/>\nEtude House<br \/>\nEylure<br \/>\nFarmona<br \/>\nFlor de Mayo<br \/>\nGellack<br \/>\nGio de Giovanni<br \/>\nI Charming Korea<br \/>\nIt's skin<br \/>\nKiss<br \/>\nL'Oreal Color<br \/>\nLA Colors<br \/>\nLioele<br \/>\nMacadamia<br \/>\nMaderas de Oriente<br \/>\nMarkwins<br \/>\nMasglo<br \/>\nMax Factor<br \/>\nMaybelline<br \/>\nMilani<br \/>\nMiss Magic<br \/>\nMO<br \/>\nMakeup Revolution (MUR)<br \/>\nNature Republic<br \/>\nNyx<br \/>\nOPI<br \/>\nOut of the Blue<br \/>\nPierre Rene<br \/>\nPink Duck<br \/>\nRARE<br \/>\nReal Techniques<br \/>\nRimmel<br \/>\nSkin79<br \/>\nSkinfood<br \/>\nSleek<br \/>\nStar Nature<br \/>\nTa\u00ef&amp;J\u00f4n<br \/>\nTeeez<br \/>\nTonyMoly<br \/>\nUBU<br \/>\nValquer<br \/>\nVerona<br \/>\nWangbii<br \/>\nWet N Wild<\/li>\n<\/ul>\n<\/li>\n<\/ul>\n<p>Entra a la web, navega y descubre todas las ventajas que te est\u00e1n esperando! Aprovecha para hacerte con\u00a0todos los productos que ans\u00edas, esos que tienes en tu wishlist desde hace meses y que nunca te decides a comprar: \u00a1ahora es tu momento! \ud83d\ude42<\/p>\n<p>\u00a1Gracias por elegirnos!<\/p>\n<blockquote>\n<p style=\"text-align: center;\"><a href=\"http:\/\/www.primor.eu\"><span style=\"color: #ff0000;\"><strong>&gt;&gt; IR A LA TIENDA &gt;&gt;<\/strong><\/span><\/a><\/p>\n<\/blockquote>\n\n\n<div class=\"kk-star-ratings kksr-auto kksr-align-center kksr-valign-bottom\"\n    data-payload='{&quot;align&quot;:&quot;center&quot;,&quot;id&quot;:&quot;778&quot;,&quot;slug&quot;:&quot;default&quot;,&quot;valign&quot;:&quot;bottom&quot;,&quot;ignore&quot;:&quot;&quot;,&quot;reference&quot;:&quot;auto&quot;,&quot;class&quot;:&quot;&quot;,&quot;count&quot;:&quot;0&quot;,&quot;legendonly&quot;:&quot;&quot;,&quot;readonly&quot;:&quot;&quot;,&quot;score&quot;:&quot;0&quot;,&quot;starsonly&quot;:&quot;&quot;,&quot;best&quot;:&quot;5&quot;,&quot;gap&quot;:&quot;5&quot;,&quot;greet&quot;:&quot;Valora este art\u00edculo&quot;,&quot;legend&quot;:&quot;0\\\/5 - (0 votos)&quot;,&quot;size&quot;:&quot;24&quot;,&quot;title&quot;:&quot;White Sunday Primor&quot;,&quot;width&quot;:&quot;0&quot;,&quot;_legend&quot;:&quot;{score}\\\/{best} - ({count} {votes})&quot;,&quot;font_factor&quot;:&quot;1.25&quot;}'>\n            \n<div class=\"kksr-stars\">\n    \n<div class=\"kksr-stars-inactive\">\n            <div class=\"kksr-star\" data-star=\"1\" style=\"padding-right: 5px\">\n            \n\n<div class=\"kksr-icon\" style=\"width: 24px; height: 24px;\"><\/div>\n        <\/div>\n            <div class=\"kksr-star\" data-star=\"2\" style=\"padding-right: 5px\">\n            \n\n<div class=\"kksr-icon\" style=\"width: 24px; height: 24px;\"><\/div>\n        <\/div>\n            <div class=\"kksr-star\" data-star=\"3\" style=\"padding-right: 5px\">\n            \n\n<div class=\"kksr-icon\" style=\"width: 24px; height: 24px;\"><\/div>\n        <\/div>\n            <div class=\"kksr-star\" data-star=\"4\" style=\"padding-right: 5px\">\n            \n\n<div class=\"kksr-icon\" style=\"width: 24px; height: 24px;\"><\/div>\n        <\/div>\n            <div class=\"kksr-star\" data-star=\"5\" style=\"padding-right: 5px\">\n            \n\n<div class=\"kksr-icon\" style=\"width: 24px; height: 24px;\"><\/div>\n        <\/div>\n    <\/div>\n    \n<div class=\"kksr-stars-active\" style=\"width: 0px;\">\n            <div class=\"kksr-star\" style=\"padding-right: 5px\">\n            \n\n<div class=\"kksr-icon\" style=\"width: 24px; height: 24px;\"><\/div>\n        <\/div>\n            <div class=\"kksr-star\" style=\"padding-right: 5px\">\n            \n\n<div class=\"kksr-icon\" style=\"width: 24px; height: 24px;\"><\/div>\n        <\/div>\n            <div class=\"kksr-star\" style=\"padding-right: 5px\">\n            \n\n<div class=\"kksr-icon\" style=\"width: 24px; height: 24px;\"><\/div>\n        <\/div>\n            <div class=\"kksr-star\" style=\"padding-right: 5px\">\n            \n\n<div class=\"kksr-icon\" style=\"width: 24px; height: 24px;\"><\/div>\n        <\/div>\n            <div class=\"kksr-star\" style=\"padding-right: 5px\">\n            \n\n<div class=\"kksr-icon\" style=\"width: 24px; height: 24px;\"><\/div>\n        <\/div>\n    <\/div>\n<\/div>\n                \n\n<div class=\"kksr-legend\" style=\"font-size: 19.2px;\">\n            <span class=\"kksr-muted\">Valora este art\u00edculo<\/span>\n    <\/div>\n    <\/div>\n","protected":false},"excerpt":{"rendered":"<p>Posiblemente te preguntar\u00e1s: \u00ab\u00bfQu\u00e9 es esto del White Sunday?\u00bb Quiz\u00e1 hayas o\u00eddo hablar del Black Friday, el famoso \u00abViernes Negro\u00bb de Estados Unidos. Desde la d\u00e9cada de los &#8217;60s, en Estados Unidos el Black Friday (viernes\u00a0siguiente al d\u00eda de Acci\u00f3n de Gracias)\u00a0es el d\u00eda que marca el inicio de las compras de Navidad y se [&hellip;]<\/p>\n","protected":false},"author":4,"featured_media":54259,"comment_status":"open","ping_status":"open","sticky":false,"template":"","format":"standard","meta":{"jnews-multi-image_gallery":[],"jnews_single_post":[],"jnews_primary_category":[],"jnews_social_meta":[],"jnews_override_counter":[],"footnotes":""},"categories":[342],"tags":[],"class_list":["post-778","post","type-post","status-publish","format-standard","has-post-thumbnail","hentry","category-primor"],"_links":{"self":[{"href":"https:\/\/www.primor.eu\/blog\/wp-json\/wp\/v2\/posts\/778","targetHints":{"allow":["GET"]}}],"collection":[{"href":"https:\/\/www.primor.eu\/blog\/wp-json\/wp\/v2\/posts"}],"about":[{"href":"https:\/\/www.primor.eu\/blog\/wp-json\/wp\/v2\/types\/post"}],"author":[{"embeddable":true,"href":"https:\/\/www.primor.eu\/blog\/wp-json\/wp\/v2\/users\/4"}],"replies":[{"embeddable":true,"href":"https:\/\/www.primor.eu\/blog\/wp-json\/wp\/v2\/comments?post=778"}],"version-history":[{"count":1,"href":"https:\/\/www.primor.eu\/blog\/wp-json\/wp\/v2\/posts\/778\/revisions"}],"predecessor-version":[{"id":86031,"href":"https:\/\/www.primor.eu\/blog\/wp-json\/wp\/v2\/posts\/778\/revisions\/86031"}],"wp:featuredmedia":[{"embeddable":true,"href":"https:\/\/www.primor.eu\/blog\/wp-json\/wp\/v2\/media\/54259"}],"wp:attachment":[{"href":"https:\/\/www.primor.eu\/blog\/wp-json\/wp\/v2\/media?parent=778"}],"wp:term":[{"taxonomy":"category","embeddable":true,"href":"https:\/\/www.primor.eu\/blog\/wp-json\/wp\/v2\/categories?post=778"},{"taxonomy":"post_tag","embeddable":true,"href":"https:\/\/www.primor.eu\/blog\/wp-json\/wp\/v2\/tags?post=778"}],"curies":[{"name":"wp","href":"https:\/\/api.w.org\/{rel}","templated":true}]}}