{"id":7195,"date":"2019-01-25T20:26:19","date_gmt":"2019-01-25T18:26:19","guid":{"rendered":"http:\/\/blog.primor.eu:\/?p=7195"},"modified":"2024-05-15T08:15:53","modified_gmt":"2024-05-15T08:15:53","slug":"evento-w7-con-ratolina-en-primor-cc-la-gavia","status":"publish","type":"post","link":"https:\/\/www.primor.eu\/blog\/evento-w7-con-ratolina-en-primor-cc-la-gavia\/","title":{"rendered":"Evento W7 con Ratolina en Primor CC La Gavia ??"},"content":{"rendered":"<p>\u00a1Hola primores!<\/p>\n<p>Estamos seguros de que muchos de vosotros seguisteis el directo, pero para los m\u00e1s despistados, os contamos que arrancamos el a\u00f1o de eventos con un plato fuerte: <a href=\"https:\/\/www.youtube.com\/channel\/UC9aIZ5jINUMvqBRUULmFu4g\" target=\"_blank\" rel=\"noopener\"><strong>Ratolina<\/strong><\/a> y <a href=\"https:\/\/www.primor.eu\/es_es\/w7\"><strong>W7<\/strong><\/a> en la tienda <strong>Primor de CC La Gavia en Madrid<\/strong>\u00a0?<\/p>\n<p><a href=\"http:\/\/blog.primor.eu\/wp-content\/uploads\/2024\/01\/photo_2019-01-25_12-04-34.jpg\" target=\"_blank\" rel=\"noopener\"><img decoding=\"async\" class=\"wp-image-7197 aligncenter\" src=\"http:\/\/blog.primor.eu\/wp-content\/uploads\/2024\/01\/photo_2019-01-25_12-04-34.jpg\" alt=\"\" width=\"700\" height=\"700\" \/><\/a><\/p>\n<p>El <strong>efecto Ratolina<\/strong> es siempre <strong>enorme<\/strong>, pero el pasado 12 de enero en la<strong> Gavia<\/strong>, <strong>\u00a1fue a\u00fan mayor!<\/strong> Cientos de personas haciendo cola horas antes de que comenzara el evento, incluso algunas nos comentaban que llevaban all\u00ed desde las 11 de la ma\u00f1ana ?\u00a0Y como se suele decir, una imagen vale m\u00e1s que mil palabras, as\u00ed que aqu\u00ed pod\u00e9is ver una parte de toda la gente que hab\u00eda cuando comenzamos.<\/p>\n<p><a href=\"http:\/\/blog.primor.eu\/wp-content\/uploads\/2024\/01\/photo_2019-01-25_12-04-23.jpg\" target=\"_blank\" rel=\"noopener\"><img decoding=\"async\" class=\"aligncenter wp-image-7196\" src=\"http:\/\/blog.primor.eu\/wp-content\/uploads\/2024\/01\/photo_2019-01-25_12-04-23.jpg\" alt=\"\" width=\"700\" height=\"700\" \/><\/a><\/p>\n<p>W7 ya hab\u00eda avisado que las 100 primeras personas se llevar\u00edan un regalito, pero lo que no sab\u00edamos era que dentro de esas bolsas, \u00a1hab\u00eda un s\u00faper regalo!<\/p>\n<p>\u2764\ufe0f <a href=\"https:\/\/www.primor.eu\/es_es\/w7-romanced-paleta-de-sombras-36208.html\">Paleta de sombras Romanced W7<\/a><\/p>\n<p>\u2764\ufe0f <a href=\"https:\/\/www.primor.eu\/es_es\/w7-glowcomotion-iluminador-en-polvo-35866.html\">Iluminador Glowcomotion w7<\/a><\/p>\n<p>\u2764\ufe0f <a href=\"https:\/\/www.primor.eu\/es_es\/w7-mega-matte-lips-labial-liquido-49429.html\">Labial l\u00edquido Mega Matte Lips W7<\/a><\/p>\n<p><a href=\"http:\/\/blog.primor.eu\/wp-content\/uploads\/2024\/01\/photo_2019-01-25_12-04-32.jpg\" target=\"_blank\" rel=\"noopener\"><img decoding=\"async\" class=\"aligncenter wp-image-7198\" src=\"http:\/\/blog.primor.eu\/wp-content\/uploads\/2024\/01\/photo_2019-01-25_12-04-32.jpg\" alt=\"\" width=\"700\" height=\"700\" \/><\/a><\/p>\n<p>Y durante m\u00e1s de 4 horas cientos de personas achucharon a Marta, hablaron con ella, se rieron, le hicieron consultas, se hicieron selfies... Grupos de amigo@s, madres e hijas, ni\u00f1os peque\u00f1os, \u00a1y hasta un perrete se acerc\u00f3 a conocer a Marta!<\/p>\n<p><a href=\"http:\/\/blog.primor.eu\/wp-content\/uploads\/2024\/01\/photo_2019-01-25_12-04-36.jpg\" target=\"_blank\" rel=\"noopener\"><img decoding=\"async\" class=\"aligncenter wp-image-7199\" src=\"http:\/\/blog.primor.eu\/wp-content\/uploads\/2024\/01\/photo_2019-01-25_12-04-36.jpg\" alt=\"\" width=\"700\" height=\"700\" \/><\/a><\/p>\n<p><a href=\"http:\/\/blog.primor.eu\/wp-content\/uploads\/2024\/01\/photo_2019-01-25_12-04-25-2.jpg\" target=\"_blank\" rel=\"noopener\"><img decoding=\"async\" class=\"alignleft wp-image-7201\" src=\"http:\/\/blog.primor.eu\/wp-content\/uploads\/2024\/01\/photo_2019-01-25_12-04-25-2.jpg\" alt=\"\" width=\"345\" height=\"460\" \/><\/a><\/p>\n<p><a href=\"http:\/\/blog.primor.eu\/wp-content\/uploads\/2024\/01\/photo_2019-01-25_12-04-29.jpg\" target=\"_blank\" rel=\"noopener\"><img decoding=\"async\" class=\"alignright wp-image-7202\" src=\"http:\/\/blog.primor.eu\/wp-content\/uploads\/2024\/01\/photo_2019-01-25_12-04-29.jpg\" alt=\"\" width=\"345\" height=\"460\" \/><\/a><\/p>\n<p><a href=\"http:\/\/blog.primor.eu\/wp-content\/uploads\/2024\/01\/photo_2019-01-25_12-04-41.jpg\" target=\"_blank\" rel=\"noopener\"><img decoding=\"async\" class=\"wp-image-7200 aligncenter\" src=\"http:\/\/blog.primor.eu\/wp-content\/uploads\/2024\/01\/photo_2019-01-25_12-04-41.jpg\" alt=\"\" width=\"700\" height=\"700\" \/><\/a><\/p>\n<p><a href=\"http:\/\/blog.primor.eu\/wp-content\/uploads\/2024\/01\/photo_2019-01-25_12-04-31.jpg\" target=\"_blank\" rel=\"noopener\"><img decoding=\"async\" class=\"alignleft wp-image-7203\" src=\"http:\/\/blog.primor.eu\/wp-content\/uploads\/2024\/01\/photo_2019-01-25_12-04-31.jpg\" alt=\"\" width=\"345\" height=\"345\" \/><\/a><a href=\"http:\/\/blog.primor.eu\/wp-content\/uploads\/2024\/01\/photo_2019-01-25_12-04-37-2.jpg\" target=\"_blank\" rel=\"noopener\"><img decoding=\"async\" class=\"alignright wp-image-7204\" src=\"http:\/\/blog.primor.eu\/wp-content\/uploads\/2024\/01\/photo_2019-01-25_12-04-37-2.jpg\" alt=\"\" width=\"345\" height=\"345\" \/><\/a><\/p>\n<p>Lo mejor de todo es ver el buen ambiente entre la gente, las risas en la cola, ver c\u00f3mo se compart\u00edan los nervios cuando se acercaba el momento de saludar, las nuevas amistades que surg\u00edan durante la espera... Ya lo decimos siempre: \u00a1nuestros primores son los mejores!\u00a0\u2764\ufe0f<\/p>\n<p>Y como suele decirse... Esto s\u00f3lo acaba de empezar\u00a0?<\/p>\n<h3 style=\"text-align: center;\">\u00a1Nos vemos en el pr\u00f3ximo evento!<\/h3>\n\n\n<div class=\"kk-star-ratings kksr-auto kksr-align-center kksr-valign-bottom\"\n    data-payload='{&quot;align&quot;:&quot;center&quot;,&quot;id&quot;:&quot;7195&quot;,&quot;slug&quot;:&quot;default&quot;,&quot;valign&quot;:&quot;bottom&quot;,&quot;ignore&quot;:&quot;&quot;,&quot;reference&quot;:&quot;auto&quot;,&quot;class&quot;:&quot;&quot;,&quot;count&quot;:&quot;0&quot;,&quot;legendonly&quot;:&quot;&quot;,&quot;readonly&quot;:&quot;&quot;,&quot;score&quot;:&quot;0&quot;,&quot;starsonly&quot;:&quot;&quot;,&quot;best&quot;:&quot;5&quot;,&quot;gap&quot;:&quot;5&quot;,&quot;greet&quot;:&quot;Valora este art\u00edculo&quot;,&quot;legend&quot;:&quot;0\\\/5 - (0 votos)&quot;,&quot;size&quot;:&quot;24&quot;,&quot;title&quot;:&quot;Evento W7 con Ratolina en Primor CC La Gavia ??&quot;,&quot;width&quot;:&quot;0&quot;,&quot;_legend&quot;:&quot;{score}\\\/{best} - ({count} {votes})&quot;,&quot;font_factor&quot;:&quot;1.25&quot;}'>\n            \n<div class=\"kksr-stars\">\n    \n<div class=\"kksr-stars-inactive\">\n            <div class=\"kksr-star\" data-star=\"1\" style=\"padding-right: 5px\">\n            \n\n<div class=\"kksr-icon\" style=\"width: 24px; height: 24px;\"><\/div>\n        <\/div>\n            <div class=\"kksr-star\" data-star=\"2\" style=\"padding-right: 5px\">\n            \n\n<div class=\"kksr-icon\" style=\"width: 24px; height: 24px;\"><\/div>\n        <\/div>\n            <div class=\"kksr-star\" data-star=\"3\" style=\"padding-right: 5px\">\n            \n\n<div class=\"kksr-icon\" style=\"width: 24px; height: 24px;\"><\/div>\n        <\/div>\n            <div class=\"kksr-star\" data-star=\"4\" style=\"padding-right: 5px\">\n            \n\n<div class=\"kksr-icon\" style=\"width: 24px; height: 24px;\"><\/div>\n        <\/div>\n            <div class=\"kksr-star\" data-star=\"5\" style=\"padding-right: 5px\">\n            \n\n<div class=\"kksr-icon\" style=\"width: 24px; height: 24px;\"><\/div>\n        <\/div>\n    <\/div>\n    \n<div class=\"kksr-stars-active\" style=\"width: 0px;\">\n            <div class=\"kksr-star\" style=\"padding-right: 5px\">\n            \n\n<div class=\"kksr-icon\" style=\"width: 24px; height: 24px;\"><\/div>\n        <\/div>\n            <div class=\"kksr-star\" style=\"padding-right: 5px\">\n            \n\n<div class=\"kksr-icon\" style=\"width: 24px; height: 24px;\"><\/div>\n        <\/div>\n            <div class=\"kksr-star\" style=\"padding-right: 5px\">\n            \n\n<div class=\"kksr-icon\" style=\"width: 24px; height: 24px;\"><\/div>\n        <\/div>\n            <div class=\"kksr-star\" style=\"padding-right: 5px\">\n            \n\n<div class=\"kksr-icon\" style=\"width: 24px; height: 24px;\"><\/div>\n        <\/div>\n            <div class=\"kksr-star\" style=\"padding-right: 5px\">\n            \n\n<div class=\"kksr-icon\" style=\"width: 24px; height: 24px;\"><\/div>\n        <\/div>\n    <\/div>\n<\/div>\n                \n\n<div class=\"kksr-legend\" style=\"font-size: 19.2px;\">\n            <span class=\"kksr-muted\">Valora este art\u00edculo<\/span>\n    <\/div>\n    <\/div>\n","protected":false},"excerpt":{"rendered":"<p>\u00a1Hola primores! Estamos seguros de que muchos de vosotros seguisteis el directo, pero para los m\u00e1s despistados, os contamos que arrancamos el a\u00f1o de eventos con un plato fuerte: Ratolina y W7 en la tienda Primor de CC La Gavia en Madrid\u00a0? El efecto Ratolina es siempre enorme, pero el pasado 12 de enero en [&hellip;]<\/p>\n","protected":false},"author":4,"featured_media":61094,"comment_status":"open","ping_status":"open","sticky":false,"template":"","format":"standard","meta":{"jnews-multi-image_gallery":[],"jnews_single_post":{"subtitle":"","format":"standard","video":"","gallery":"","source_name":"","source_url":"","via_name":"","via_url":"","override_template":"0","override":[{"template":"1","single_blog_custom":"","parallax":"1","fullscreen":"1","layout":"right-sidebar","sidebar":"home-2","second_sidebar":"default-sidebar","sticky_sidebar":"0","share_position":"float","share_float_style":"share-monocrhome","show_share_counter":"0","show_view_counter":"0","show_featured":"1","show_post_meta":"1","show_post_author":"0","show_post_author_image":"1","show_post_date":"1","post_date_format":"default","post_date_format_custom":"Y\/m\/d","show_post_category":"1","show_post_reading_time":"0","post_reading_time_wpm":"300","show_zoom_button":"0","zoom_button_out_step":"2","zoom_button_in_step":"3","show_post_tag":"0","show_prev_next_post":"0","show_popup_post":"0","number_popup_post":"2","show_author_box":"0","show_post_related":"0","show_inline_post_related":"1"}],"override_image_size":"0","image_override":[{"single_post_thumbnail_size":"no-crop","single_post_gallery_size":"crop-500"}],"trending_post":"0","trending_post_position":"meta","trending_post_label":"Trending","sponsored_post":"0","sponsored_post_label":"Sponsored by","sponsored_post_name":"","sponsored_post_url":"","sponsored_post_logo_enable":"0","sponsored_post_logo":"","sponsored_post_desc":"","disable_ad":"0"},"jnews_primary_category":{"id":"","hide":""},"jnews_social_meta":{"fb_title":"","fb_description":"","fb_image":"","twitter_title":"","twitter_description":"","twitter_image":""},"jnews_override_counter":{"override_view_counter":"0","view_counter_number":"0","override_share_counter":"0","share_counter_number":"0","override_like_counter":"0","like_counter_number":"0","override_dislike_counter":"0","dislike_counter_number":"0"},"footnotes":""},"categories":[34],"tags":[],"class_list":["post-7195","post","type-post","status-publish","format-standard","has-post-thumbnail","hentry","category-eventos"],"_links":{"self":[{"href":"https:\/\/www.primor.eu\/blog\/wp-json\/wp\/v2\/posts\/7195","targetHints":{"allow":["GET"]}}],"collection":[{"href":"https:\/\/www.primor.eu\/blog\/wp-json\/wp\/v2\/posts"}],"about":[{"href":"https:\/\/www.primor.eu\/blog\/wp-json\/wp\/v2\/types\/post"}],"author":[{"embeddable":true,"href":"https:\/\/www.primor.eu\/blog\/wp-json\/wp\/v2\/users\/4"}],"replies":[{"embeddable":true,"href":"https:\/\/www.primor.eu\/blog\/wp-json\/wp\/v2\/comments?post=7195"}],"version-history":[{"count":4,"href":"https:\/\/www.primor.eu\/blog\/wp-json\/wp\/v2\/posts\/7195\/revisions"}],"predecessor-version":[{"id":104245,"href":"https:\/\/www.primor.eu\/blog\/wp-json\/wp\/v2\/posts\/7195\/revisions\/104245"}],"wp:featuredmedia":[{"embeddable":true,"href":"https:\/\/www.primor.eu\/blog\/wp-json\/wp\/v2\/media\/61094"}],"wp:attachment":[{"href":"https:\/\/www.primor.eu\/blog\/wp-json\/wp\/v2\/media?parent=7195"}],"wp:term":[{"taxonomy":"category","embeddable":true,"href":"https:\/\/www.primor.eu\/blog\/wp-json\/wp\/v2\/categories?post=7195"},{"taxonomy":"post_tag","embeddable":true,"href":"https:\/\/www.primor.eu\/blog\/wp-json\/wp\/v2\/tags?post=7195"}],"curies":[{"name":"wp","href":"https:\/\/api.w.org\/{rel}","templated":true}]}}