{"id":70685,"date":"2025-05-16T09:16:08","date_gmt":"2025-05-16T09:16:08","guid":{"rendered":"https:\/\/blog.primor.eu\/?p=70685"},"modified":"2026-01-29T08:52:48","modified_gmt":"2026-01-29T08:52:48","slug":"cabello-debil-mejores-complejos-vitaminicos-para-cabello-reviva","status":"publish","type":"post","link":"https:\/\/www.primor.eu\/blog\/cabello-debil-mejores-complejos-vitaminicos-para-cabello-reviva\/","title":{"rendered":"Los 11 mejores complejos vitam\u00ednicos para el pelo de 2026"},"content":{"rendered":"\n<p>El <strong><a href=\"https:\/\/www.primor.eu\/es_es\/cabello\">pelo<\/a> <\/strong>es una de las partes m\u00e1s importantes de nuestro f\u00edsico y es que todo cambia cuando no se encuentra en buen estado. Son muchos factores los que le afectan directamente, desde externos como puede ser la contaminaci\u00f3n, hasta internos como<strong> el estr\u00e9s <\/strong>o la alimentaci\u00f3n. Por eso los <strong>complejos vitam\u00ednicos para el pelo<\/strong> son una gran ayuda.<\/p>\n\n\n\n<p>Si est\u00e1s pensando en c\u00f3mo <strong>fortalecer y cuidar <\/strong>tu cabello d\u00eda tras d\u00eda, hay un gran truco al alcance de todo el mundo: los complejos vitam\u00ednicos para pelo. Basta uno al d\u00eda para conseguir un cabello digno de anuncio, es decir, mucho <strong>m\u00e1s fuerte, brillante<\/strong> y con apenas<a href=\"https:\/\/www.primor.eu\/blog\/mitos-verdades-caida-pelo\/?srsltid=AfmBOopB9N2J9QHFp1RnAXTrdYlzDqvcHMMUnarXv8j4pmqjTr-0NT7J\" data-type=\"link\" data-id=\"https:\/\/www.primor.eu\/blog\/mitos-verdades-caida-pelo\/?srsltid=AfmBOopB9N2J9QHFp1RnAXTrdYlzDqvcHMMUnarXv8j4pmqjTr-0NT7J\"> ca\u00edda <\/a>para lucir as\u00ed mucho m\u00e1s segura de ti misma y con un pelazo para hacerte todos tus <strong><a href=\"https:\/\/www.primor.eu\/es_es\/productos-de-peinado\">peinados<\/a> <\/strong>favoritos.<\/p>\n\n\n\n<h2 class=\"wp-block-heading\">Los mejores complejos vitam\u00ednicos para pelo de Perfumer\u00edas Primor<\/h2>\n\n\n        <product-table class=\"pr-slider\">\r\n            <product-headers class=\"grid-table-rows\">\r\n                <div>Foto<\/div>\r\n                <div>Producto<\/div>\r\n                <div>Marca<\/div>\r\n                <div>Valoraciones<\/div>\r\n                <div>Precio<\/div>\r\n            <\/product-headers>\r\n\r\n            <product-list>\r\n                                    <a href=\"https:\/\/www.primor.eu\/es_es\/vittalissima-biotina-capsulas-cabello-4747.html\" class=\"product-item grid-table-rows\" target=\"_blank\">\r\n                        <div>\r\n                            <img decoding=\"async\" class=\"product-img\" width=\"80px\" height=\"80px\" src=\"https:\/\/cdn2.primor.eu\/media\/catalog\/product\/cache\/8d3aba296f7a18b5251ee30fa5db42b2\/6\/X\/6XS07904_1_033d.jpg\" alt=\"Biotina C\u00e1psulas Cabello\">\r\n                        <\/div>\r\n\r\n                        <!-- Contenido de producto  -->\r\n                        <div>\r\n                            <div class=\"product-position\">\r\n                                #1 Top Ventas                            <\/div>\r\n\r\n                            <h2>\r\n                                Biotina C\u00e1psulas Cabello                            <\/h2>\r\n                        <\/div>\r\n\r\n                        <!-- Imagen y\/o nombre de la marca -->\r\n                        <div>\r\n                                                            <img decoding=\"async\" width=\"70\" src=\"https:\/\/www.primor.eu\/media\/catalog\/category\/Vittal_ssima.jpg\" alt=\"\">\r\n                                                    <\/div>\r\n\r\n                        <!-- Puntuaci\u00f3n del producto  -->\r\n                        <div class=\"rating\">\r\n                                                            <div class=\"rate\" style=\"--p:86;\"><\/div>\r\n                                <b>4.3\/5<\/b>\r\n                                <div class=\"rate-stars\">\r\n                                                                            <div\r\n                                            class=\"rate-star  \">\r\n                                        <\/div>\r\n                                                                            <div\r\n                                            class=\"rate-star  \">\r\n                                        <\/div>\r\n                                                                            <div\r\n                                            class=\"rate-star  \">\r\n                                        <\/div>\r\n                                                                            <div\r\n                                            class=\"rate-star  \">\r\n                                        <\/div>\r\n                                                                            <div\r\n                                            class=\"rate-star  \">\r\n                                        <\/div>\r\n                                                                    <\/div>\r\n                                                    <\/div>\r\n\r\n                        <!-- Bot\u00f3n de producto  -->\r\n                        <div>\r\n                            <span class=\"price-claim\">\r\n                                VER PRECIO                            <\/span>\r\n                        <\/div>\r\n                    <\/a>\r\n                                    <a href=\"https:\/\/www.primor.eu\/es_es\/multicentrum-multicentrum-multivitaminico-y-multimineral-104799.html?#863=70700\" class=\"product-item grid-table-rows\" target=\"_blank\">\r\n                        <div>\r\n                            <img decoding=\"async\" class=\"product-img\" width=\"80px\" height=\"80px\" src=\"https:\/\/cdn2.primor.eu\/media\/catalog\/product\/cache\/8d3aba296f7a18b5251ee30fa5db42b2\/6\/X\/6XS03778_1_0ac4.jpg\" alt=\"Multicentrum Multivitam\u00ednico y Multimineral\">\r\n                        <\/div>\r\n\r\n                        <!-- Contenido de producto  -->\r\n                        <div>\r\n                            <div class=\"product-position\">\r\n                                #2                            <\/div>\r\n\r\n                            <h2>\r\n                                Multicentrum Multivitam\u00ednico y Multimineral                            <\/h2>\r\n                        <\/div>\r\n\r\n                        <!-- Imagen y\/o nombre de la marca -->\r\n                        <div>\r\n                                                            <img decoding=\"async\" width=\"70\" src=\"https:\/\/www.primor.eu\/media\/catalog\/category\/multicentrum_Personalizado_.jpg\" alt=\"Multicentrum\">\r\n                                                    <\/div>\r\n\r\n                        <!-- Puntuaci\u00f3n del producto  -->\r\n                        <div class=\"rating\">\r\n                                                            <div class=\"rate\" style=\"--p:96;\"><\/div>\r\n                                <b>4.8\/5<\/b>\r\n                                <div class=\"rate-stars\">\r\n                                                                            <div\r\n                                            class=\"rate-star  \">\r\n                                        <\/div>\r\n                                                                            <div\r\n                                            class=\"rate-star  \">\r\n                                        <\/div>\r\n                                                                            <div\r\n                                            class=\"rate-star  \">\r\n                                        <\/div>\r\n                                                                            <div\r\n                                            class=\"rate-star  \">\r\n                                        <\/div>\r\n                                                                            <div\r\n                                            class=\"rate-star  \">\r\n                                        <\/div>\r\n                                                                    <\/div>\r\n                                                    <\/div>\r\n\r\n                        <!-- Bot\u00f3n de producto  -->\r\n                        <div>\r\n                            <span class=\"price-claim\">\r\n                                VER PRECIO                            <\/span>\r\n                        <\/div>\r\n                    <\/a>\r\n                                    <a href=\"https:\/\/www.primor.eu\/es_es\/weider-beauty-gummies-5540.html\" class=\"product-item grid-table-rows\" target=\"_blank\">\r\n                        <div>\r\n                            <img decoding=\"async\" class=\"product-img\" width=\"80px\" height=\"80px\" src=\"https:\/\/cdn2.primor.eu\/media\/catalog\/product\/cache\/8d3aba296f7a18b5251ee30fa5db42b2\/6\/X\/6XS14327_1_8085.jpg\" alt=\"Beauty Gummies\">\r\n                        <\/div>\r\n\r\n                        <!-- Contenido de producto  -->\r\n                        <div>\r\n                            <div class=\"product-position\">\r\n                                #3                            <\/div>\r\n\r\n                            <h2>\r\n                                Beauty Gummies                            <\/h2>\r\n                        <\/div>\r\n\r\n                        <!-- Imagen y\/o nombre de la marca -->\r\n                        <div>\r\n                                                            <img decoding=\"async\" width=\"70\" src=\"https:\/\/www.primor.eu\/media\/catalog\/category\/Weider.jpg\" alt=\"\">\r\n                                                    <\/div>\r\n\r\n                        <!-- Puntuaci\u00f3n del producto  -->\r\n                        <div class=\"rating\">\r\n                                                            <div class=\"rate\" style=\"--p:94;\"><\/div>\r\n                                <b>4.7\/5<\/b>\r\n                                <div class=\"rate-stars\">\r\n                                                                            <div\r\n                                            class=\"rate-star  \">\r\n                                        <\/div>\r\n                                                                            <div\r\n                                            class=\"rate-star  \">\r\n                                        <\/div>\r\n                                                                            <div\r\n                                            class=\"rate-star  \">\r\n                                        <\/div>\r\n                                                                            <div\r\n                                            class=\"rate-star  \">\r\n                                        <\/div>\r\n                                                                            <div\r\n                                            class=\"rate-star  \">\r\n                                        <\/div>\r\n                                                                    <\/div>\r\n                                                    <\/div>\r\n\r\n                        <!-- Bot\u00f3n de producto  -->\r\n                        <div>\r\n                            <span class=\"price-claim\">\r\n                                VER PRECIO                            <\/span>\r\n                        <\/div>\r\n                    <\/a>\r\n                                    <a href=\"https:\/\/www.primor.eu\/es_es\/pilopeptan-capsulas-4723.html\" class=\"product-item grid-table-rows\" target=\"_blank\">\r\n                        <div>\r\n                            <img decoding=\"async\" class=\"product-img\" width=\"80px\" height=\"80px\" src=\"https:\/\/cdn2.primor.eu\/media\/catalog\/product\/cache\/8d3aba296f7a18b5251ee30fa5db42b2\/6\/X\/6XS05356_1_0084.jpg\" alt=\"C\u00e1psulas\">\r\n                        <\/div>\r\n\r\n                        <!-- Contenido de producto  -->\r\n                        <div>\r\n                            <div class=\"product-position\">\r\n                                #4                            <\/div>\r\n\r\n                            <h2>\r\n                                C\u00e1psulas                            <\/h2>\r\n                        <\/div>\r\n\r\n                        <!-- Imagen y\/o nombre de la marca -->\r\n                        <div>\r\n                                                            <img decoding=\"async\" width=\"70\" src=\"https:\/\/www.primor.eu\/media\/catalog\/category\/87.jpg\" alt=\"\">\r\n                                                    <\/div>\r\n\r\n                        <!-- Puntuaci\u00f3n del producto  -->\r\n                        <div class=\"rating\">\r\n                                                            <div class=\"rate\" style=\"--p:94;\"><\/div>\r\n                                <b>4.7\/5<\/b>\r\n                                <div class=\"rate-stars\">\r\n                                                                            <div\r\n                                            class=\"rate-star  \">\r\n                                        <\/div>\r\n                                                                            <div\r\n                                            class=\"rate-star  \">\r\n                                        <\/div>\r\n                                                                            <div\r\n                                            class=\"rate-star  \">\r\n                                        <\/div>\r\n                                                                            <div\r\n                                            class=\"rate-star  \">\r\n                                        <\/div>\r\n                                                                            <div\r\n                                            class=\"rate-star  \">\r\n                                        <\/div>\r\n                                                                    <\/div>\r\n                                                    <\/div>\r\n\r\n                        <!-- Bot\u00f3n de producto  -->\r\n                        <div>\r\n                            <span class=\"price-claim\">\r\n                                VER PRECIO                            <\/span>\r\n                        <\/div>\r\n                    <\/a>\r\n                                    <a href=\"https:\/\/www.primor.eu\/es_es\/nature-s-bounty-zinc-maxima-potencia-comprimidos-86241.html\" class=\"product-item grid-table-rows\" target=\"_blank\">\r\n                        <div>\r\n                            <img decoding=\"async\" class=\"product-img\" width=\"80px\" height=\"80px\" src=\"https:\/\/cdn2.primor.eu\/media\/catalog\/product\/cache\/8d3aba296f7a18b5251ee30fa5db42b2\/C\/a\/Captura58585_fa0f.PNG\" alt=\"Zinc M\u00e1xima Potencia Comprimidos\">\r\n                        <\/div>\r\n\r\n                        <!-- Contenido de producto  -->\r\n                        <div>\r\n                            <div class=\"product-position\">\r\n                                #5                            <\/div>\r\n\r\n                            <h2>\r\n                                Zinc M\u00e1xima Potencia Comprimidos                            <\/h2>\r\n                        <\/div>\r\n\r\n                        <!-- Imagen y\/o nombre de la marca -->\r\n                        <div>\r\n                                                            <img decoding=\"async\" width=\"70\" src=\"https:\/\/www.primor.eu\/media\/catalog\/category\/Nature_s-Bounty.jpg\" alt=\"\">\r\n                                                    <\/div>\r\n\r\n                        <!-- Puntuaci\u00f3n del producto  -->\r\n                        <div class=\"rating\">\r\n                                                            <div class=\"rate\" style=\"--p:100;\"><\/div>\r\n                                <b>5\/5<\/b>\r\n                                <div class=\"rate-stars\">\r\n                                                                            <div\r\n                                            class=\"rate-star  \">\r\n                                        <\/div>\r\n                                                                            <div\r\n                                            class=\"rate-star  \">\r\n                                        <\/div>\r\n                                                                            <div\r\n                                            class=\"rate-star  \">\r\n                                        <\/div>\r\n                                                                            <div\r\n                                            class=\"rate-star  \">\r\n                                        <\/div>\r\n                                                                            <div\r\n                                            class=\"rate-star  \">\r\n                                        <\/div>\r\n                                                                    <\/div>\r\n                                                    <\/div>\r\n\r\n                        <!-- Bot\u00f3n de producto  -->\r\n                        <div>\r\n                            <span class=\"price-claim\">\r\n                                VER PRECIO                            <\/span>\r\n                        <\/div>\r\n                    <\/a>\r\n                            <\/product-list>\r\n        <\/product-table>\r\n\r\n        \n\n\n\n<h3 class=\"wp-block-heading has-text-align-left\">Biotina C\u00e1psulas Cabello de Vittal\u00edssima<\/h3>\n\n\n\n<p>Indicado para cabellos fr\u00e1giles y debilitados. Consigue un pelo fuerte y vivo con las c\u00e1psulas de Biotina de Vittal\u00edssima. Es un complemento alimenticio elaborado a base de biotina. Una vitamina que contribuye al mantenimiento del cabello, la piel y las mucosas en condiciones normales, y de L-cistina, un amino\u00e1cido que forma parte de la estructura del cabello. Tan solo se debe tomar una c\u00e1psula en el desayuno.<\/p>\n\n\n    <a class='product' target='_blank' href='https:\/\/www.primor.eu\/es_es\/vittalissima-biotina-capsulas-cabello-4747.html'>\r\n        <img loading='async' src='https:\/\/cdn2.primor.eu\/media\/catalog\/product\/cache\/8d3aba296f7a18b5251ee30fa5db42b2\/6\/X\/6XS07904_1_033d.jpg' alt='COMPRAR AHORA'>\r\n            <div class=\"claim\">\r\n                COMPRAR AHORA            <\/div>\r\n        <\/a>\r\n    \n\n\n\n<h3 class=\"wp-block-heading has-text-align-left\">Multivitam\u00ednico y Multimineral de Multicentrum<\/h3>\n\n\n\n<p>Es un complemento alimenticio que contiene vitaminas esenciales, importantes minerales, oligoelementos y lute\u00edna que te ayudan a sentirse al 100%. Una f\u00f3rmula que tambi\u00e9n act\u00faa sobre el sistema inmunitario, la salud de la piel y el estr\u00e9s ambiental.<\/p>\n\n\n    <a class='product' target='_blank' href='https:\/\/www.primor.eu\/es_es\/multicentrum-multicentrum-multivitaminico-y-multimineral-104799.html?#863=70700'>\r\n        <img loading='async' src='https:\/\/cdn2.primor.eu\/media\/catalog\/product\/cache\/8d3aba296f7a18b5251ee30fa5db42b2\/6\/X\/6XS03778_1_0ac4.jpg' alt='COMPRAR AHORA'>\r\n            <div class=\"claim\">\r\n                COMPRAR AHORA            <\/div>\r\n        <\/a>\r\n    \n\n\n\n<h3 class=\"wp-block-heading has-text-align-left\">Beauty Gummies de Weider<\/h3>\n\n\n\n<p>Si tu objetivo es el cuidado de la piel, el pelo y las u\u00f1as, pero ello te supone mucho esfuerzo, las Beauty Gummies de Weider son todo lo que necesitas. En tan solo 2 caramelos de goma tienes todo lo que necesitas para fortalecer tu cabello y u\u00f1as, y cuidar tu piel de la manera m\u00e1s c\u00f3moda y deliciosa. Con biotina, zinc y col\u00e1geno, entre otros.<\/p>\n\n\n    <a class='product' target='_blank' href='https:\/\/www.primor.eu\/es_es\/weider-beauty-gummies-5540.html'>\r\n        <img loading='async' src='https:\/\/cdn2.primor.eu\/media\/catalog\/product\/cache\/8d3aba296f7a18b5251ee30fa5db42b2\/6\/X\/6XS14327_1_8085.jpg' alt='COMPRAR AHORA'>\r\n            <div class=\"claim\">\r\n                COMPRAR AHORA            <\/div>\r\n        <\/a>\r\n    \n\n\n\n<h3 class=\"wp-block-heading has-text-align-left\">C\u00e1psulas de Pilopeptan<\/h3>\n\n\n\n<p>Pilopeptan C\u00e1psulas es un complemento alimenticio rico en vitaminas y amino\u00e1cidos que fortalece el crecimiento de cabello y u\u00f1as. Aporta al organismo los componentes necesarios (vitaminas, amino\u00e1cidos azufrados, minerales) para frenar la ca\u00edda del cabello y estimular su crecimiento.<\/p>\n\n\n    <a class='product' target='_blank' href='https:\/\/www.primor.eu\/es_es\/pilopeptan-capsulas-4723.html'>\r\n        <img loading='async' src='https:\/\/cdn2.primor.eu\/media\/catalog\/product\/cache\/8d3aba296f7a18b5251ee30fa5db42b2\/6\/X\/6XS05356_1_0084.jpg' alt='COMPRAR AHORA'>\r\n            <div class=\"claim\">\r\n                COMPRAR AHORA            <\/div>\r\n        <\/a>\r\n    \n\n\n\n<h3 class=\"wp-block-heading has-text-align-left\">Zinc M\u00e1xima Potencia Comprimidos de Nature's Bounty<\/h3>\n\n\n\n<p>El complemento alimenticio&nbsp;<strong>Zinc 25 mg M\u00e1xima Potencia de Nature\u2019s Bounty es un complemento con alto contenido en zinc, un nutriente clave pa<\/strong>ra una dieta equilibrada. Contribuye a muchas de las funciones esenciales del cuerpo, tales como inmunidad, visi\u00f3n, cabello, piel y u\u00f1as, as\u00ed como a la protecci\u00f3n contra el estr\u00e9s oxidativo.<\/p>\n\n\n    <a class='product' target='_blank' href='https:\/\/www.primor.eu\/es_es\/nature-s-bounty-zinc-maxima-potencia-comprimidos-86241.html'>\r\n        <img loading='async' src='https:\/\/cdn2.primor.eu\/media\/catalog\/product\/cache\/8d3aba296f7a18b5251ee30fa5db42b2\/C\/a\/Captura58585_fa0f.PNG' alt='COMPRAR AHORA'>\r\n            <div class=\"claim\">\r\n                COMPRAR AHORA            <\/div>\r\n        <\/a>\r\n    \n\n\n\n<h3 class=\"wp-block-heading\">Gummies Cabello y U\u00f1as de Kneipp<\/h3>\n\n\n\n<p>Contribuye a un cabello fuerte y con brillo, y a unas u\u00f1as fuertes. Con Biotina, Vitamina B3, Vitamina E, Cobre, Zinc, Selenio, L-ciste\u00edna y Bamb\u00fa.<br>La Biotina y el Selenio contribuyen a mantener el cabello en buenas condiciones.<br>El Zinc y el Selenio contribuye a mantener las u\u00f1as en buenas condiciones.<br>La L-ciste\u00edna ayuda a la resistencia de las fibras del cabello.Sin sabores artificiales, sin edulcorantes, vegetariana, sin gluten, sin lactosa.<\/p>\n\n\n    <a class='product' target='_blank' href='https:\/\/www.primor.eu\/es_es\/kneipp-gummies-cabello-y-unas-104897.html?#846=66228'>\r\n        <img loading='async' src='https:\/\/cdn2.primor.eu\/media\/catalog\/product\/cache\/8d3aba296f7a18b5251ee30fa5db42b2\/4\/0\/4008233172309_13bf.jpg' alt='COMPRAR AHORA'>\r\n            <div class=\"claim\">\r\n                COMPRAR AHORA            <\/div>\r\n        <\/a>\r\n    \n\n\n\n<h3 class=\"wp-block-heading\">Vitamina Capilar Aceite de Arg\u00e1n Tratamiento de Ellips<\/h3>\n\n\n\n<p>Para el cuidado del cabello da\u00f1ado.<\/p>\n\n\n\n<p>Con Aceite De Jojoba Para hidratar y acondicionar el cabello penetrando en su cut\u00edcula externa.<\/p>\n\n\n\n<p>Puede reparar los da\u00f1os causados por el calor y el peinado.<\/p>\n\n\n    <a class='product' target='_blank' href='https:\/\/www.primor.eu\/es_es\/ellips-vitamina-capilar-aceite-de-argan-tratamiento-57130.html'>\r\n        <img loading='async' src='https:\/\/cdn2.primor.eu\/media\/catalog\/product\/cache\/8d3aba296f7a18b5251ee30fa5db42b2\/2\/C\/2CN00947_1_33f3.jpg' alt='COMPRAR AHORA'>\r\n            <div class=\"claim\">\r\n                COMPRAR AHORA            <\/div>\r\n        <\/a>\r\n    \n\n\n\n<h3 class=\"wp-block-heading\">Gummies Complemento Alimenticio para Cabello, Piel y U\u00f1as de The Doctor<\/h3>\n\n\n\n<p>Contiene biotina, zinc y selenio, nutrientes esenciales que favorecen el crecimiento y fortalecimiento capilar, adem\u00e1s de brindar energ\u00eda y vitalidad. El zinc apoya el funcionamiento del sistema inmunol\u00f3gico, mientras que el selenio y el zinc ayudan a la salud de la gl\u00e1ndula tiroides y protegen las c\u00e9lulas del estr\u00e9s oxidativo. La cola de caballo, rica en silicio, es clave para el cuidado del cabello, la piel y las u\u00f1as.<\/p>\n\n\n    <a class='product' target='_blank' href='https:\/\/www.primor.eu\/es_es\/the-doctor-complemento-alimenticio-para-cabello-piel-y-unas-120671.html'>\r\n        <img loading='async' src='https:\/\/cdn2.primor.eu\/media\/catalog\/product\/cache\/8d3aba296f7a18b5251ee30fa5db42b2\/5\/9\/5901845506830_97b0.jpg' alt='COMPRAR AHORA'>\r\n            <div class=\"claim\">\r\n                COMPRAR AHORA            <\/div>\r\n        <\/a>\r\n    \n\n\n\n<h3 class=\"wp-block-heading\">Col\u00e1geno Plus de B.Green<\/h3>\n\n\n\n<p>Es un complemento alimenticio a base de col\u00e1geno, membrana de huevo, \u00e1cido hialur\u00f3nico, magnesio y vitamina C. Regenera las articulaciones, es un analg\u00e9sico y antiinflamatorio natural. Mejora la flexibilidad articular, fortalece y recupera articulaciones, reduce dolores articulares, previene las lesiones articulares. Mejora de la movilidad en general. Revitaliza el aspecto del cabello, la piel y las u\u00f1as.<\/p>\n\n\n    <a class='product' target='_blank' href='https:\/\/www.primor.eu\/es_es\/b-green-colageno-plus-4619.html'>\r\n        <img loading='async' src='https:\/\/cdn2.primor.eu\/media\/catalog\/product\/cache\/8d3aba296f7a18b5251ee30fa5db42b2\/E\/A\/EAN_8436046982123_Col__geno_plus_bcf1.png' alt='COMPRAR AHORA'>\r\n            <div class=\"claim\">\r\n                COMPRAR AHORA            <\/div>\r\n        <\/a>\r\n    \n\n\n\n<h3 class=\"wp-block-heading\">Iraltone Forte Melatonina C\u00e1psulas de Cantabria Labs<\/h3>\n\n\n\n<p>Suplemento capilar fortificante dise\u00f1ado para controlar los factores que desencadenan la ca\u00edda reaccional del cabello, presenta una f\u00f3rmula integral enriquecida con vitaminas y oligoelementos de alta calidad. Entre sus destacados ingredientes:<\/p>\n\n\n\n<p><strong>Vitamina B6:<\/strong>&nbsp;esencial para la s\u00edntesis normal de ciste\u00edna, un amino\u00e1cido clave en la composici\u00f3n de la queratina presente en el cabello y las u\u00f1as.<\/p>\n\n\n\n<p><strong>Zinc:<\/strong>&nbsp;contribuye al mantenimiento normal del cabello.<\/p>\n\n\n\n<p><strong>Cobre:<\/strong>&nbsp;favorece la pigmentaci\u00f3n normal del cabello y protege las c\u00e9lulas contra el da\u00f1o oxidativo.<\/p>\n\n\n\n<p><strong>Melatonina:<\/strong>&nbsp;ayuda a reducir el tiempo necesario para conciliar el sue\u00f1o.<\/p>\n\n\n\n<p><strong>Safrr'Activ Tecnology:<\/strong>&nbsp;una innovadora tecnolog\u00eda rica en compuestos activos con propiedades antioxidantes y eliminadoras de radicales libres, que colabora en la disminuci\u00f3n del estr\u00e9s capilar.<br><\/p>\n\n\n    <a class='product' target='_blank' href='https:\/\/www.primor.eu\/es_es\/cantabria-labs-iraltone-forte-melatonina-capsulas-93272.html'>\r\n        <img loading='async' src='https:\/\/cdn2.primor.eu\/media\/catalog\/product\/cache\/8d3aba296f7a18b5251ee30fa5db42b2\/M\/A\/MAIN_e421.jpg' alt='COMPRAR AHORA'>\r\n            <div class=\"claim\">\r\n                COMPRAR AHORA            <\/div>\r\n        <\/a>\r\n    \n\n\n\n<h3 class=\"wp-block-heading\">Suplemento Alimenticio Multivitam\u00ednico para Mujeres de Onevit<\/h3>\n\n\n\n<p>Complemento alimenticio indicado para mujeres, formulado con 13 vitaminas y 11 minerales.<\/p>\n\n\n\n<p>Aporta m\u00faltiples beneficios:<\/p>\n\n\n\n<p>- Agilidad Mental: El hierro, yodo y zinc contribuyen a la funci\u00f3n cognitiva normal.<\/p>\n\n\n\n<p>- Vitalidad: Las vitaminas B2, B3, B5, B6, B12 y el magnesio ayudan a disminuir el cansancio y la fatiga.<\/p>\n\n\n\n<p>- Sistema Inmunitario: El cobre, selenio y las vitaminas A, C y D contribuyen al funcionamiento normal del sistema inmunitario.<\/p>\n\n\n\n<p>- Pelo y u\u00f1as: La biotina contribuye al mantenimiento del cabello en condiciones normales. El selenio y zinc contribuyen al mantenimiento de las u\u00f1as.<\/p>\n\n\n\n<p>- Sin gluten. Sin lactosa.<\/p>\n\n\n    <a class='product' target='_blank' href='https:\/\/www.primor.eu\/es_es\/onevit-suplemento-alimenticio-multivitaminico-para-mujeres-4849.html'>\r\n        <img loading='async' src='https:\/\/cdn2.primor.eu\/media\/catalog\/product\/cache\/8d3aba296f7a18b5251ee30fa5db42b2\/o\/n\/onevit_mujer_highres_7d81.png' alt='COMPRAR AHORA'>\r\n            <div class=\"claim\">\r\n                COMPRAR AHORA            <\/div>\r\n        <\/a>\r\n    \n\n\n<div class=\"kk-star-ratings kksr-auto kksr-align-center kksr-valign-bottom\"\n    data-payload='{&quot;align&quot;:&quot;center&quot;,&quot;id&quot;:&quot;70685&quot;,&quot;slug&quot;:&quot;default&quot;,&quot;valign&quot;:&quot;bottom&quot;,&quot;ignore&quot;:&quot;&quot;,&quot;reference&quot;:&quot;auto&quot;,&quot;class&quot;:&quot;&quot;,&quot;count&quot;:&quot;43&quot;,&quot;legendonly&quot;:&quot;&quot;,&quot;readonly&quot;:&quot;&quot;,&quot;score&quot;:&quot;3.8&quot;,&quot;starsonly&quot;:&quot;&quot;,&quot;best&quot;:&quot;5&quot;,&quot;gap&quot;:&quot;5&quot;,&quot;greet&quot;:&quot;Valora este art\u00edculo&quot;,&quot;legend&quot;:&quot;3.8\\\/5 - (43 votos)&quot;,&quot;size&quot;:&quot;24&quot;,&quot;title&quot;:&quot;Los 11 mejores complejos vitam\u00ednicos para el pelo de 2026&quot;,&quot;width&quot;:&quot;107.7&quot;,&quot;_legend&quot;:&quot;{score}\\\/{best} - ({count} {votes})&quot;,&quot;font_factor&quot;:&quot;1.25&quot;}'>\n            \n<div class=\"kksr-stars\">\n    \n<div class=\"kksr-stars-inactive\">\n            <div class=\"kksr-star\" data-star=\"1\" style=\"padding-right: 5px\">\n            \n\n<div class=\"kksr-icon\" style=\"width: 24px; height: 24px;\"><\/div>\n        <\/div>\n            <div class=\"kksr-star\" data-star=\"2\" style=\"padding-right: 5px\">\n            \n\n<div class=\"kksr-icon\" style=\"width: 24px; height: 24px;\"><\/div>\n        <\/div>\n            <div class=\"kksr-star\" data-star=\"3\" style=\"padding-right: 5px\">\n            \n\n<div class=\"kksr-icon\" style=\"width: 24px; height: 24px;\"><\/div>\n        <\/div>\n            <div class=\"kksr-star\" data-star=\"4\" style=\"padding-right: 5px\">\n            \n\n<div class=\"kksr-icon\" style=\"width: 24px; height: 24px;\"><\/div>\n        <\/div>\n            <div class=\"kksr-star\" data-star=\"5\" style=\"padding-right: 5px\">\n            \n\n<div class=\"kksr-icon\" style=\"width: 24px; height: 24px;\"><\/div>\n        <\/div>\n    <\/div>\n    \n<div class=\"kksr-stars-active\" style=\"width: 107.7px;\">\n            <div class=\"kksr-star\" style=\"padding-right: 5px\">\n            \n\n<div class=\"kksr-icon\" style=\"width: 24px; height: 24px;\"><\/div>\n        <\/div>\n            <div class=\"kksr-star\" style=\"padding-right: 5px\">\n            \n\n<div class=\"kksr-icon\" style=\"width: 24px; height: 24px;\"><\/div>\n        <\/div>\n            <div class=\"kksr-star\" style=\"padding-right: 5px\">\n            \n\n<div class=\"kksr-icon\" style=\"width: 24px; height: 24px;\"><\/div>\n        <\/div>\n            <div class=\"kksr-star\" style=\"padding-right: 5px\">\n            \n\n<div class=\"kksr-icon\" style=\"width: 24px; height: 24px;\"><\/div>\n        <\/div>\n            <div class=\"kksr-star\" style=\"padding-right: 5px\">\n            \n\n<div class=\"kksr-icon\" style=\"width: 24px; height: 24px;\"><\/div>\n        <\/div>\n    <\/div>\n<\/div>\n                \n\n<div class=\"kksr-legend\" style=\"font-size: 19.2px;\">\n            3.8\/5 - (43 votos)    <\/div>\n    <\/div>\n","protected":false},"excerpt":{"rendered":"<p>El pelo es una de las partes m\u00e1s importantes de nuestro f\u00edsico y es que todo cambia cuando no se encuentra en buen estado. Son muchos factores los que le afectan directamente, desde externos como puede ser la contaminaci\u00f3n, hasta internos como el estr\u00e9s o la alimentaci\u00f3n. Por eso los complejos vitam\u00ednicos para el pelo [&hellip;]<\/p>\n","protected":false},"author":14,"featured_media":124318,"comment_status":"open","ping_status":"open","sticky":false,"template":"","format":"standard","meta":{"jnews-multi-image_gallery":[],"jnews_single_post":{"subtitle":"","format":"standard","video":"","gallery":"","source_name":"","source_url":"","via_name":"","via_url":"","override_template":"0","override":[{"template":"1","single_blog_custom":"","parallax":"1","fullscreen":"1","layout":"right-sidebar","sidebar":"home-2","second_sidebar":"default-sidebar","sticky_sidebar":"0","share_position":"float","share_float_style":"share-monocrhome","show_share_counter":"1","show_view_counter":"1","show_featured":"1","show_post_meta":"1","show_post_author":"0","show_post_author_image":"1","show_post_date":"1","post_date_format":"default","post_date_format_custom":"Y\/m\/d","show_post_category":"1","show_post_reading_time":"0","post_reading_time_wpm":"300","show_zoom_button":"0","zoom_button_out_step":"2","zoom_button_in_step":"3","show_post_tag":"0","show_prev_next_post":"1","show_popup_post":"1","number_popup_post":"2","show_author_box":"0","show_post_related":"0","show_inline_post_related":"0"}],"override_image_size":"0","image_override":[{"single_post_thumbnail_size":"crop-500","single_post_gallery_size":"crop-500"}],"trending_post":"0","trending_post_position":"meta","trending_post_label":"Trending","sponsored_post":"0","sponsored_post_label":"Sponsored by","sponsored_post_name":"","sponsored_post_url":"","sponsored_post_logo_enable":"0","sponsored_post_logo":"","sponsored_post_desc":"","disable_ad":"0"},"jnews_primary_category":{"id":"","hide":""},"jnews_social_meta":{"fb_title":"","fb_description":"","fb_image":"","twitter_title":"","twitter_description":"","twitter_image":""},"jnews_override_counter":{"override_view_counter":"0","view_counter_number":"0","override_share_counter":"0","share_counter_number":"0","override_like_counter":"0","like_counter_number":"0","override_dislike_counter":"0","dislike_counter_number":"0"},"footnotes":""},"categories":[36,35],"tags":[],"class_list":["post-70685","post","type-post","status-publish","format-standard","has-post-thumbnail","hentry","category-consejos-belleza","category-cabello"],"_links":{"self":[{"href":"https:\/\/www.primor.eu\/blog\/wp-json\/wp\/v2\/posts\/70685","targetHints":{"allow":["GET"]}}],"collection":[{"href":"https:\/\/www.primor.eu\/blog\/wp-json\/wp\/v2\/posts"}],"about":[{"href":"https:\/\/www.primor.eu\/blog\/wp-json\/wp\/v2\/types\/post"}],"author":[{"embeddable":true,"href":"https:\/\/www.primor.eu\/blog\/wp-json\/wp\/v2\/users\/14"}],"replies":[{"embeddable":true,"href":"https:\/\/www.primor.eu\/blog\/wp-json\/wp\/v2\/comments?post=70685"}],"version-history":[{"count":23,"href":"https:\/\/www.primor.eu\/blog\/wp-json\/wp\/v2\/posts\/70685\/revisions"}],"predecessor-version":[{"id":138178,"href":"https:\/\/www.primor.eu\/blog\/wp-json\/wp\/v2\/posts\/70685\/revisions\/138178"}],"wp:featuredmedia":[{"embeddable":true,"href":"https:\/\/www.primor.eu\/blog\/wp-json\/wp\/v2\/media\/124318"}],"wp:attachment":[{"href":"https:\/\/www.primor.eu\/blog\/wp-json\/wp\/v2\/media?parent=70685"}],"wp:term":[{"taxonomy":"category","embeddable":true,"href":"https:\/\/www.primor.eu\/blog\/wp-json\/wp\/v2\/categories?post=70685"},{"taxonomy":"post_tag","embeddable":true,"href":"https:\/\/www.primor.eu\/blog\/wp-json\/wp\/v2\/tags?post=70685"}],"curies":[{"name":"wp","href":"https:\/\/api.w.org\/{rel}","templated":true}]}}