{"id":7052,"date":"2018-12-21T11:49:58","date_gmt":"2018-12-21T09:49:58","guid":{"rendered":"http:\/\/blog.primor.eu:\/?p=7052"},"modified":"2024-05-15T08:15:11","modified_gmt":"2024-05-15T08:15:11","slug":"evento-vivienne-sabo-en-madrid-con-porporaporpita","status":"publish","type":"post","link":"https:\/\/www.primor.eu\/blog\/evento-vivienne-sabo-en-madrid-con-porporaporpita\/","title":{"rendered":"Evento Vivienne Sab\u00f3 en Madrid con Porporaporpita"},"content":{"rendered":"<p><strong>\u00a1Hola primores!<\/strong><\/p>\n<p>Los que nos segu\u00eds de cerca sab\u00e9is \u00a1que no paramos! Cada poco tenemos un <strong>evento primoroso<\/strong> en un rinc\u00f3n diferente de Espa\u00f1a, para daros a conocer marcas, nuevas l\u00edneas de productos o llevaros a vuestr@s influencers favoritos para que los pod\u00e1is conocer de cerca\u00a0?<\/p>\n<p>Hace unos d\u00edas estuvimos con <a href=\"https:\/\/www.youtube.com\/channel\/UC-DT0zfeVZ7IMtIHu-vV7xg\" target=\"_blank\" rel=\"noopener\"><strong>Porporaporpita<\/strong><\/a> en la tienda <strong>Primor<\/strong> de Calle Orense de Madrid con\u00a0<a href=\"https:\/\/www.primor.eu\/es_es\/vivienne-sabo\"><strong>Vivienne Sab\u00f3<\/strong><\/a>. Como ya sab\u00e9is, <strong>Vivienne Sab\u00f3<\/strong> es una marca de maquillaje que a trav\u00e9s de sus productos busca trasladarnos al Par\u00eds m\u00e1s glamouroso, elegante y femenino.<\/p>\n<p><a href=\"http:\/\/blog.primor.eu\/wp-content\/uploads\/2024\/12\/photo_2018-12-21_09-17-35.jpg\" target=\"_blank\" rel=\"noopener\"><img decoding=\"async\" class=\"aligncenter wp-image-7054\" src=\"http:\/\/blog.primor.eu\/wp-content\/uploads\/2024\/12\/photo_2018-12-21_09-17-35.jpg\" alt=\"\" width=\"550\" height=\"734\" \/><\/a><a href=\"http:\/\/blog.primor.eu\/wp-content\/uploads\/2024\/12\/photo_2018-12-21_09-18-01.jpg\" target=\"_blank\" rel=\"noopener\"><img decoding=\"async\" class=\"aligncenter wp-image-7053\" src=\"http:\/\/blog.primor.eu\/wp-content\/uploads\/2024\/12\/photo_2018-12-21_09-18-01.jpg\" alt=\"\" width=\"550\" height=\"550\" \/><\/a><\/p>\n<p>Las primeras personas que pasaron por <strong>Primor a conocer a Porporaporpita<\/strong> se llevaron un neceser de regalo con productos Vivienne Sab\u00f3 y durante esta tarde hab\u00eda regalo de un\u00a0Charbon Eye-liner Wateproof Vivienne Sab\u00f3 por compra de productos de la marca\u00a0?<br \/>\nComo imaginar\u00e9is, todos los primores que nos visitaron acabaron pecando con cositas de Vivienne Sab\u00f3\u00a0\u263a\ufe0f<\/p>\n<p><a href=\"http:\/\/blog.primor.eu\/wp-content\/uploads\/2024\/12\/photo_2018-12-21_09-17-58.jpg\" target=\"_blank\" rel=\"noopener\"><img decoding=\"async\" class=\"alignleft wp-image-7055\" src=\"http:\/\/blog.primor.eu\/wp-content\/uploads\/2024\/12\/photo_2018-12-21_09-17-58.jpg\" alt=\"\" width=\"340\" height=\"340\" \/><\/a> <a href=\"http:\/\/blog.primor.eu\/wp-content\/uploads\/2024\/12\/photo_2018-12-21_09-18-05.jpg\" target=\"_blank\" rel=\"noopener\"><img decoding=\"async\" class=\"alignright wp-image-7056\" src=\"http:\/\/blog.primor.eu\/wp-content\/uploads\/2024\/12\/photo_2018-12-21_09-18-05.jpg\" alt=\"\" width=\"340\" height=\"340\" \/><\/a> <a href=\"http:\/\/blog.primor.eu\/wp-content\/uploads\/2024\/12\/photo_2018-12-21_09-18-07.jpg\" target=\"_blank\" rel=\"noopener\"><img decoding=\"async\" class=\"alignleft wp-image-7057\" src=\"http:\/\/blog.primor.eu\/wp-content\/uploads\/2024\/12\/photo_2018-12-21_09-18-07.jpg\" alt=\"\" width=\"340\" height=\"340\" \/><\/a> <a href=\"http:\/\/blog.primor.eu\/wp-content\/uploads\/2024\/12\/photo_2018-12-21_09-18-10.jpg\" target=\"_blank\" rel=\"noopener\"><img decoding=\"async\" class=\"alignright wp-image-7058\" src=\"http:\/\/blog.primor.eu\/wp-content\/uploads\/2024\/12\/photo_2018-12-21_09-18-10.jpg\" alt=\"\" width=\"340\" height=\"340\" \/><\/a> <a href=\"http:\/\/blog.primor.eu\/wp-content\/uploads\/2024\/12\/photo_2018-12-21_09-18-13.jpg\" target=\"_blank\" rel=\"noopener\"><img decoding=\"async\" class=\"aligncenter wp-image-7059\" src=\"http:\/\/blog.primor.eu\/wp-content\/uploads\/2024\/12\/photo_2018-12-21_09-18-13.jpg\" alt=\"\" width=\"550\" height=\"550\" \/><\/a><\/p>\n<p>Y para cerrar el post, \u00bfquer\u00e9is saber cu\u00e1les son los <strong>recomendados Vivienne Sab\u00f3 por Porporaporpita<\/strong>? Aqu\u00ed os los dejamos:<\/p>\n<p>\u2764\ufe0f <a href=\"https:\/\/www.primor.eu\/es_es\/vivienne-sabo-cabaret-premiere-mascara-de-pesta-as-47437.html\">Cabaret Premier M\u00e1scara de Pesta\u00f1as Vivienne Sab\u00f3<\/a>.<\/p>\n<p>\u2764\ufe0f Ton Constance Base de Maquillaje <a href=\"http:\/\/Ton Constance Base de Maquillaje Vivienne Sab\u00f3\" data-wplink-url-error=\"true\">Vivienne Sab\u00f3<\/a>.<\/p>\n<p>\u2764\ufe0f Id\u00e9al Sublim\u00e9 Polvos Compactos Anti Imperfecciones <a href=\"https:\/\/www.primor.eu\/es_es\/vivienne-sabo\">Vivienne Sab\u00f3<\/a>.<\/p>\n<h3 style=\"text-align: center;\">\u00a1Nos vemos en el pr\u00f3ximo evento primor!<\/h3>\n\n\n<div class=\"kk-star-ratings kksr-auto kksr-align-center kksr-valign-bottom\"\n    data-payload='{&quot;align&quot;:&quot;center&quot;,&quot;id&quot;:&quot;7052&quot;,&quot;slug&quot;:&quot;default&quot;,&quot;valign&quot;:&quot;bottom&quot;,&quot;ignore&quot;:&quot;&quot;,&quot;reference&quot;:&quot;auto&quot;,&quot;class&quot;:&quot;&quot;,&quot;count&quot;:&quot;0&quot;,&quot;legendonly&quot;:&quot;&quot;,&quot;readonly&quot;:&quot;&quot;,&quot;score&quot;:&quot;0&quot;,&quot;starsonly&quot;:&quot;&quot;,&quot;best&quot;:&quot;5&quot;,&quot;gap&quot;:&quot;5&quot;,&quot;greet&quot;:&quot;Valora este art\u00edculo&quot;,&quot;legend&quot;:&quot;0\\\/5 - (0 votos)&quot;,&quot;size&quot;:&quot;24&quot;,&quot;title&quot;:&quot;Evento Vivienne Sab\u00f3 en Madrid con Porporaporpita&quot;,&quot;width&quot;:&quot;0&quot;,&quot;_legend&quot;:&quot;{score}\\\/{best} - ({count} {votes})&quot;,&quot;font_factor&quot;:&quot;1.25&quot;}'>\n            \n<div class=\"kksr-stars\">\n    \n<div class=\"kksr-stars-inactive\">\n            <div class=\"kksr-star\" data-star=\"1\" style=\"padding-right: 5px\">\n            \n\n<div class=\"kksr-icon\" style=\"width: 24px; height: 24px;\"><\/div>\n        <\/div>\n            <div class=\"kksr-star\" data-star=\"2\" style=\"padding-right: 5px\">\n            \n\n<div class=\"kksr-icon\" style=\"width: 24px; height: 24px;\"><\/div>\n        <\/div>\n            <div class=\"kksr-star\" data-star=\"3\" style=\"padding-right: 5px\">\n            \n\n<div class=\"kksr-icon\" style=\"width: 24px; height: 24px;\"><\/div>\n        <\/div>\n            <div class=\"kksr-star\" data-star=\"4\" style=\"padding-right: 5px\">\n            \n\n<div class=\"kksr-icon\" style=\"width: 24px; height: 24px;\"><\/div>\n        <\/div>\n            <div class=\"kksr-star\" data-star=\"5\" style=\"padding-right: 5px\">\n            \n\n<div class=\"kksr-icon\" style=\"width: 24px; height: 24px;\"><\/div>\n        <\/div>\n    <\/div>\n    \n<div class=\"kksr-stars-active\" style=\"width: 0px;\">\n            <div class=\"kksr-star\" style=\"padding-right: 5px\">\n            \n\n<div class=\"kksr-icon\" style=\"width: 24px; height: 24px;\"><\/div>\n        <\/div>\n            <div class=\"kksr-star\" style=\"padding-right: 5px\">\n            \n\n<div class=\"kksr-icon\" style=\"width: 24px; height: 24px;\"><\/div>\n        <\/div>\n            <div class=\"kksr-star\" style=\"padding-right: 5px\">\n            \n\n<div class=\"kksr-icon\" style=\"width: 24px; height: 24px;\"><\/div>\n        <\/div>\n            <div class=\"kksr-star\" style=\"padding-right: 5px\">\n            \n\n<div class=\"kksr-icon\" style=\"width: 24px; height: 24px;\"><\/div>\n        <\/div>\n            <div class=\"kksr-star\" style=\"padding-right: 5px\">\n            \n\n<div class=\"kksr-icon\" style=\"width: 24px; height: 24px;\"><\/div>\n        <\/div>\n    <\/div>\n<\/div>\n                \n\n<div class=\"kksr-legend\" style=\"font-size: 19.2px;\">\n            <span class=\"kksr-muted\">Valora este art\u00edculo<\/span>\n    <\/div>\n    <\/div>\n","protected":false},"excerpt":{"rendered":"<p>\u00a1Hola primores! Los que nos segu\u00eds de cerca sab\u00e9is \u00a1que no paramos! Cada poco tenemos un evento primoroso en un rinc\u00f3n diferente de Espa\u00f1a, para daros a conocer marcas, nuevas l\u00edneas de productos o llevaros a vuestr@s influencers favoritos para que los pod\u00e1is conocer de cerca\u00a0? Hace unos d\u00edas estuvimos con Porporaporpita en la tienda [&hellip;]<\/p>\n","protected":false},"author":4,"featured_media":59670,"comment_status":"open","ping_status":"open","sticky":false,"template":"","format":"standard","meta":{"jnews-multi-image_gallery":[],"jnews_single_post":{"subtitle":"","format":"standard","video":"","gallery":"","source_name":"","source_url":"","via_name":"","via_url":"","override_template":"0","override":[{"template":"1","single_blog_custom":"","parallax":"1","fullscreen":"1","layout":"right-sidebar","sidebar":"home-2","second_sidebar":"default-sidebar","sticky_sidebar":"0","share_position":"float","share_float_style":"share-monocrhome","show_share_counter":"0","show_view_counter":"0","show_featured":"1","show_post_meta":"1","show_post_author":"0","show_post_author_image":"1","show_post_date":"1","post_date_format":"default","post_date_format_custom":"Y\/m\/d","show_post_category":"1","show_post_reading_time":"0","post_reading_time_wpm":"300","show_zoom_button":"0","zoom_button_out_step":"2","zoom_button_in_step":"3","show_post_tag":"0","show_prev_next_post":"0","show_popup_post":"0","number_popup_post":"2","show_author_box":"0","show_post_related":"0","show_inline_post_related":"1"}],"override_image_size":"0","image_override":[{"single_post_thumbnail_size":"no-crop","single_post_gallery_size":"crop-500"}],"trending_post":"0","trending_post_position":"meta","trending_post_label":"Trending","sponsored_post":"0","sponsored_post_label":"Sponsored by","sponsored_post_name":"","sponsored_post_url":"","sponsored_post_logo_enable":"0","sponsored_post_logo":"","sponsored_post_desc":"","disable_ad":"0"},"jnews_primary_category":{"id":"","hide":""},"jnews_social_meta":{"fb_title":"","fb_description":"","fb_image":"","twitter_title":"","twitter_description":"","twitter_image":""},"jnews_override_counter":{"override_view_counter":"0","view_counter_number":"0","override_share_counter":"0","share_counter_number":"0","override_like_counter":"0","like_counter_number":"0","override_dislike_counter":"0","dislike_counter_number":"0"},"footnotes":""},"categories":[34],"tags":[],"class_list":["post-7052","post","type-post","status-publish","format-standard","has-post-thumbnail","hentry","category-eventos"],"_links":{"self":[{"href":"https:\/\/www.primor.eu\/blog\/wp-json\/wp\/v2\/posts\/7052","targetHints":{"allow":["GET"]}}],"collection":[{"href":"https:\/\/www.primor.eu\/blog\/wp-json\/wp\/v2\/posts"}],"about":[{"href":"https:\/\/www.primor.eu\/blog\/wp-json\/wp\/v2\/types\/post"}],"author":[{"embeddable":true,"href":"https:\/\/www.primor.eu\/blog\/wp-json\/wp\/v2\/users\/4"}],"replies":[{"embeddable":true,"href":"https:\/\/www.primor.eu\/blog\/wp-json\/wp\/v2\/comments?post=7052"}],"version-history":[{"count":4,"href":"https:\/\/www.primor.eu\/blog\/wp-json\/wp\/v2\/posts\/7052\/revisions"}],"predecessor-version":[{"id":104244,"href":"https:\/\/www.primor.eu\/blog\/wp-json\/wp\/v2\/posts\/7052\/revisions\/104244"}],"wp:featuredmedia":[{"embeddable":true,"href":"https:\/\/www.primor.eu\/blog\/wp-json\/wp\/v2\/media\/59670"}],"wp:attachment":[{"href":"https:\/\/www.primor.eu\/blog\/wp-json\/wp\/v2\/media?parent=7052"}],"wp:term":[{"taxonomy":"category","embeddable":true,"href":"https:\/\/www.primor.eu\/blog\/wp-json\/wp\/v2\/categories?post=7052"},{"taxonomy":"post_tag","embeddable":true,"href":"https:\/\/www.primor.eu\/blog\/wp-json\/wp\/v2\/tags?post=7052"}],"curies":[{"name":"wp","href":"https:\/\/api.w.org\/{rel}","templated":true}]}}